{"id":100515,"date":"2024-05-21T10:47:18","date_gmt":"2024-05-21T09:47:18","guid":{"rendered":"https:\/\/www.fondazionepirelli.org\/uncategorized\/misurare-e-fare-cultura\/"},"modified":"2024-05-27T09:34:04","modified_gmt":"2024-05-27T08:34:04","slug":"measuring-as-a-form-of-culture","status":"publish","type":"post","link":"https:\/\/www.fondazionepirelli.org\/en\/corporate-culture\/measuring-as-a-form-of-culture\/","title":{"rendered":"Measuring as a form of culture"},"content":{"rendered":"<p><em>An original book just published tells the story of measurement as a creative act that generates growth<\/em><\/p>\n<p><em><strong>\u00a0<\/strong><\/em><\/p>\n<p>Measuring to learn more. To grow, or rather to be able to develop. To learn more precisely about the world around us. And measurement as a discipline that lays the foundations for imagination. Measuring not only as an act of engineering or statistics, but as a profound act of culture (a form of production even). These concepts are explored in <em>Kat\u00e0 M\u00e9tron, Il libro della misura (Kat\u00e0 M\u00e9tron<\/em>, <em>the book of measuring<\/em>), edited by Riccardo Varvelli. A literary and technical experiment, this is a book to read fully and a tool to aid thinking.<\/p>\n<p>The brainchild of Enrico Loccioni (who, in addition to the company that bears his name, has also set up a publisher and has a specific and notable vision of business), <em>Kat\u00e0 M\u00e9tron<\/em> was born from humans\u2019 experience of business and curiosity. And from the very first pages, it is clear that this is a particular editorial \u201cproduct\u201d. It is not a historical essay, as is explained, a scientific text or a children&#8217;s book (even though it has a bright yellow hardcover and features illustrations), and nor is it a design volume. Rather, it&#8217;s \u201call these things together\u201d. Its particularity begins with the title \u2013 <em>kat\u00e0 m\u00e9tron<\/em> in ancient Greek means \u201caccording to the right measure\u201d. The idea behind the book is to provide an account of measurement and measuring as parts \u201cof the history and development of man\u201d. Measuring, therefore, to understand, improve, overcome limits and innovate. These are actions that, on closer inspection, form the basis of any self-respecting company.<\/p>\n<p>Varvelli is not the only one whose work involves measuring and measure \u2013 there are also engineers, designers, data scientists, philosophers and trainers. Each is intent on offering their point of view, an expression of measuring in everyday life. On top of this (under the supervision of Corraini Edizioni), there are also illustrations by Harriet Russell. Designed as an educational book for a master&#8217;s degree on measure, the book then became a connected object, combining teaching with play, art with engineering, design with philosophy, matter with the network.<\/p>\n<p>Through a series of codes, readers can also enter the digital world of the book, which becomes a constantly evolving collection of tailor-made content.<\/p>\n<p>A simple book only in appearance, <em>Kat\u00e0 M\u00e9tron<\/em> should be read carefully and with curiosity, in the knowledge that what you have before you is a product that is the result of a community, of an endeavour of knowledge that Loccioni himself is quick to outline, setting the tone for everything and providing, on closer inspection, the perfect definition of a well-rounded business: \u201cA community of work that gathers around a project, rather than along the production line; an organisation in which there are no leaders, hierarchies, divisions, but multidisciplinary teams working to find the right solution; a place where people, collaborators and non-employees, hold the greatest value, stakeholders in the work who invest their years of study in a job they help to develop\u201d.<\/p><p><strong><em>Kat\u00e0 M\u00e9tron.<\/em><\/strong><strong> Il libro della misura (<em>Kat\u00e0 M\u00e9tron. <\/em><\/strong><strong><em>The Book of Measurement)<\/em><\/strong><\/p>\n<p>Riccardo Varvelli (ed.)<\/p>\n<p>Desiderio Editore, 2023<\/p>\n","protected":false},"excerpt":{"rendered":"<p>An original book just published tells the story of measurement as a creative act that generates growth \u00a0 Measuring to learn more. To grow, or rather to be able to develop. To learn more precisely about the world around us. And measurement as a discipline that lays the foundations for imagination. Measuring not only as [&hellip;]<\/p>\n","protected":false},"author":1,"featured_media":100469,"comment_status":"open","ping_status":"open","sticky":false,"template":"","format":"standard","meta":{"footnotes":""},"categories":[67,56],"tags":[],"class_list":["post-100515","post","type-post","status-publish","format-standard","has-post-thumbnail","hentry","category-book-reviews","category-corporate-culture"],"acf":[],"yoast_head":"<!-- This site is optimized with the Yoast SEO plugin v25.0 - https:\/\/yoast.com\/wordpress\/plugins\/seo\/ -->\n<title>Measuring as a form of culture - Fondazione Pirelli<\/title>\n<meta name=\"robots\" content=\"index, follow, max-snippet:-1, max-image-preview:large, max-video-preview:-1\" \/>\n<link rel=\"canonical\" href=\"https:\/\/www.fondazionepirelli.org\/en\/corporate-culture\/measuring-as-a-form-of-culture\/\" \/>\n<meta property=\"og:locale\" content=\"en_US\" \/>\n<meta property=\"og:type\" content=\"article\" \/>\n<meta property=\"og:title\" content=\"Measuring as a form of culture - Fondazione Pirelli\" \/>\n<meta property=\"og:description\" content=\"An original book just published tells the story of measurement as a creative act that generates growth \u00a0 Measuring to learn more. To grow, or rather to be able to develop. To learn more precisely about the world around us. And measurement as a discipline that lays the foundations for imagination. Measuring not only as [&hellip;]\" \/>\n<meta property=\"og:url\" content=\"https:\/\/www.fondazionepirelli.org\/en\/corporate-culture\/measuring-as-a-form-of-culture\/\" \/>\n<meta property=\"og:site_name\" content=\"Fondazione Pirelli\" \/>\n<meta property=\"article:published_time\" content=\"2024-05-21T09:47:18+00:00\" \/>\n<meta property=\"article:modified_time\" content=\"2024-05-27T08:34:04+00:00\" \/>\n<meta property=\"og:image\" content=\"https:\/\/wpsite-assets.fondazionepirelli.org\/wp-content\/uploads\/2024\/05\/21080520\/IMG_0066.jpeg\" \/>\n\t<meta property=\"og:image:width\" content=\"1000\" \/>\n\t<meta property=\"og:image:height\" content=\"1408\" \/>\n\t<meta property=\"og:image:type\" content=\"image\/jpeg\" \/>\n<meta name=\"author\" content=\"fondadmin\" \/>\n<meta name=\"twitter:card\" content=\"summary_large_image\" \/>\n<meta name=\"twitter:label1\" content=\"Written by\" \/>\n\t<meta name=\"twitter:data1\" content=\"fondadmin\" \/>\n\t<meta name=\"twitter:label2\" content=\"Est. reading time\" \/>\n\t<meta name=\"twitter:data2\" content=\"3 minutes\" \/>\n<script type=\"application\/ld+json\" class=\"yoast-schema-graph\">{\"@context\":\"https:\/\/schema.org\",\"@graph\":[{\"@type\":\"WebPage\",\"@id\":\"https:\/\/www.fondazionepirelli.org\/en\/corporate-culture\/measuring-as-a-form-of-culture\/\",\"url\":\"https:\/\/www.fondazionepirelli.org\/en\/corporate-culture\/measuring-as-a-form-of-culture\/\",\"name\":\"Measuring as a form of culture - Fondazione Pirelli\",\"isPartOf\":{\"@id\":\"https:\/\/www.fondazionepirelli.org\/it\/#website\"},\"primaryImageOfPage\":{\"@id\":\"https:\/\/www.fondazionepirelli.org\/en\/corporate-culture\/measuring-as-a-form-of-culture\/#primaryimage\"},\"image\":{\"@id\":\"https:\/\/www.fondazionepirelli.org\/en\/corporate-culture\/measuring-as-a-form-of-culture\/#primaryimage\"},\"thumbnailUrl\":\"https:\/\/wpsite-assets.fondazionepirelli.org\/wp-content\/uploads\/2024\/05\/21080520\/IMG_0066.jpeg\",\"datePublished\":\"2024-05-21T09:47:18+00:00\",\"dateModified\":\"2024-05-27T08:34:04+00:00\",\"author\":{\"@id\":\"https:\/\/www.fondazionepirelli.org\/it\/#\/schema\/person\/f47d097000832c4a6e54538c791fdf25\"},\"breadcrumb\":{\"@id\":\"https:\/\/www.fondazionepirelli.org\/en\/corporate-culture\/measuring-as-a-form-of-culture\/#breadcrumb\"},\"inLanguage\":\"en-US\",\"potentialAction\":[{\"@type\":\"ReadAction\",\"target\":[\"https:\/\/www.fondazionepirelli.org\/en\/corporate-culture\/measuring-as-a-form-of-culture\/\"]}]},{\"@type\":\"ImageObject\",\"inLanguage\":\"en-US\",\"@id\":\"https:\/\/www.fondazionepirelli.org\/en\/corporate-culture\/measuring-as-a-form-of-culture\/#primaryimage\",\"url\":\"https:\/\/wpsite-assets.fondazionepirelli.org\/wp-content\/uploads\/2024\/05\/21080520\/IMG_0066.jpeg\",\"contentUrl\":\"https:\/\/wpsite-assets.fondazionepirelli.org\/wp-content\/uploads\/2024\/05\/21080520\/IMG_0066.jpeg\",\"width\":1000,\"height\":1408},{\"@type\":\"BreadcrumbList\",\"@id\":\"https:\/\/www.fondazionepirelli.org\/en\/corporate-culture\/measuring-as-a-form-of-culture\/#breadcrumb\",\"itemListElement\":[{\"@type\":\"ListItem\",\"position\":1,\"name\":\"Home\",\"item\":\"https:\/\/www.fondazionepirelli.org\/en\/\"},{\"@type\":\"ListItem\",\"position\":2,\"name\":\"Measuring as a form of culture\"}]},{\"@type\":\"WebSite\",\"@id\":\"https:\/\/www.fondazionepirelli.org\/it\/#website\",\"url\":\"https:\/\/www.fondazionepirelli.org\/it\/\",\"name\":\"Fondazione Pirelli\",\"description\":\"\",\"potentialAction\":[{\"@type\":\"SearchAction\",\"target\":{\"@type\":\"EntryPoint\",\"urlTemplate\":\"https:\/\/www.fondazionepirelli.org\/it\/?s={search_term_string}\"},\"query-input\":{\"@type\":\"PropertyValueSpecification\",\"valueRequired\":true,\"valueName\":\"search_term_string\"}}],\"inLanguage\":\"en-US\"},{\"@type\":\"Person\",\"@id\":\"https:\/\/www.fondazionepirelli.org\/it\/#\/schema\/person\/f47d097000832c4a6e54538c791fdf25\",\"name\":\"fondadmin\",\"image\":{\"@type\":\"ImageObject\",\"inLanguage\":\"en-US\",\"@id\":\"https:\/\/www.fondazionepirelli.org\/it\/#\/schema\/person\/image\/\",\"url\":\"https:\/\/secure.gravatar.com\/avatar\/e69498a9175ca244966e51e53c88712c024fcebe41f9a05f75657f1bb25e489b?s=96&d=mm&r=g\",\"contentUrl\":\"https:\/\/secure.gravatar.com\/avatar\/e69498a9175ca244966e51e53c88712c024fcebe41f9a05f75657f1bb25e489b?s=96&d=mm&r=g\",\"caption\":\"fondadmin\"},\"url\":\"https:\/\/www.fondazionepirelli.org\/en\/author\/fondadmin\/\"}]}<\/script>\n<!-- \/ Yoast SEO plugin. -->","yoast_head_json":{"title":"Measuring as a form of culture - Fondazione Pirelli","robots":{"index":"index","follow":"follow","max-snippet":"max-snippet:-1","max-image-preview":"max-image-preview:large","max-video-preview":"max-video-preview:-1"},"canonical":"https:\/\/www.fondazionepirelli.org\/en\/corporate-culture\/measuring-as-a-form-of-culture\/","og_locale":"en_US","og_type":"article","og_title":"Measuring as a form of culture - Fondazione Pirelli","og_description":"An original book just published tells the story of measurement as a creative act that generates growth \u00a0 Measuring to learn more. To grow, or rather to be able to develop. To learn more precisely about the world around us. And measurement as a discipline that lays the foundations for imagination. Measuring not only as [&hellip;]","og_url":"https:\/\/www.fondazionepirelli.org\/en\/corporate-culture\/measuring-as-a-form-of-culture\/","og_site_name":"Fondazione Pirelli","article_published_time":"2024-05-21T09:47:18+00:00","article_modified_time":"2024-05-27T08:34:04+00:00","og_image":[{"width":1000,"height":1408,"url":"https:\/\/wpsite-assets.fondazionepirelli.org\/wp-content\/uploads\/2024\/05\/21080520\/IMG_0066.jpeg","type":"image\/jpeg"}],"author":"fondadmin","twitter_card":"summary_large_image","twitter_misc":{"Written by":"fondadmin","Est. reading time":"3 minutes"},"schema":{"@context":"https:\/\/schema.org","@graph":[{"@type":"WebPage","@id":"https:\/\/www.fondazionepirelli.org\/en\/corporate-culture\/measuring-as-a-form-of-culture\/","url":"https:\/\/www.fondazionepirelli.org\/en\/corporate-culture\/measuring-as-a-form-of-culture\/","name":"Measuring as a form of culture - Fondazione Pirelli","isPartOf":{"@id":"https:\/\/www.fondazionepirelli.org\/it\/#website"},"primaryImageOfPage":{"@id":"https:\/\/www.fondazionepirelli.org\/en\/corporate-culture\/measuring-as-a-form-of-culture\/#primaryimage"},"image":{"@id":"https:\/\/www.fondazionepirelli.org\/en\/corporate-culture\/measuring-as-a-form-of-culture\/#primaryimage"},"thumbnailUrl":"https:\/\/wpsite-assets.fondazionepirelli.org\/wp-content\/uploads\/2024\/05\/21080520\/IMG_0066.jpeg","datePublished":"2024-05-21T09:47:18+00:00","dateModified":"2024-05-27T08:34:04+00:00","author":{"@id":"https:\/\/www.fondazionepirelli.org\/it\/#\/schema\/person\/f47d097000832c4a6e54538c791fdf25"},"breadcrumb":{"@id":"https:\/\/www.fondazionepirelli.org\/en\/corporate-culture\/measuring-as-a-form-of-culture\/#breadcrumb"},"inLanguage":"en-US","potentialAction":[{"@type":"ReadAction","target":["https:\/\/www.fondazionepirelli.org\/en\/corporate-culture\/measuring-as-a-form-of-culture\/"]}]},{"@type":"ImageObject","inLanguage":"en-US","@id":"https:\/\/www.fondazionepirelli.org\/en\/corporate-culture\/measuring-as-a-form-of-culture\/#primaryimage","url":"https:\/\/wpsite-assets.fondazionepirelli.org\/wp-content\/uploads\/2024\/05\/21080520\/IMG_0066.jpeg","contentUrl":"https:\/\/wpsite-assets.fondazionepirelli.org\/wp-content\/uploads\/2024\/05\/21080520\/IMG_0066.jpeg","width":1000,"height":1408},{"@type":"BreadcrumbList","@id":"https:\/\/www.fondazionepirelli.org\/en\/corporate-culture\/measuring-as-a-form-of-culture\/#breadcrumb","itemListElement":[{"@type":"ListItem","position":1,"name":"Home","item":"https:\/\/www.fondazionepirelli.org\/en\/"},{"@type":"ListItem","position":2,"name":"Measuring as a form of culture"}]},{"@type":"WebSite","@id":"https:\/\/www.fondazionepirelli.org\/it\/#website","url":"https:\/\/www.fondazionepirelli.org\/it\/","name":"Fondazione Pirelli","description":"","potentialAction":[{"@type":"SearchAction","target":{"@type":"EntryPoint","urlTemplate":"https:\/\/www.fondazionepirelli.org\/it\/?s={search_term_string}"},"query-input":{"@type":"PropertyValueSpecification","valueRequired":true,"valueName":"search_term_string"}}],"inLanguage":"en-US"},{"@type":"Person","@id":"https:\/\/www.fondazionepirelli.org\/it\/#\/schema\/person\/f47d097000832c4a6e54538c791fdf25","name":"fondadmin","image":{"@type":"ImageObject","inLanguage":"en-US","@id":"https:\/\/www.fondazionepirelli.org\/it\/#\/schema\/person\/image\/","url":"https:\/\/secure.gravatar.com\/avatar\/e69498a9175ca244966e51e53c88712c024fcebe41f9a05f75657f1bb25e489b?s=96&d=mm&r=g","contentUrl":"https:\/\/secure.gravatar.com\/avatar\/e69498a9175ca244966e51e53c88712c024fcebe41f9a05f75657f1bb25e489b?s=96&d=mm&r=g","caption":"fondadmin"},"url":"https:\/\/www.fondazionepirelli.org\/en\/author\/fondadmin\/"}]}},"_links":{"self":[{"href":"https:\/\/www.fondazionepirelli.org\/en\/wp-json\/wp\/v2\/posts\/100515\/"}],"collection":[{"href":"https:\/\/www.fondazionepirelli.org\/en\/wp-json\/wp\/v2\/posts\/"}],"about":[{"href":"https:\/\/www.fondazionepirelli.org\/en\/wp-json\/wp\/v2\/types\/post\/"}],"author":[{"embeddable":true,"href":"https:\/\/www.fondazionepirelli.org\/en\/wp-json\/wp\/v2\/users\/1\/"}],"replies":[{"embeddable":true,"href":"https:\/\/www.fondazionepirelli.org\/en\/wp-json\/wp\/v2\/comments\/?post=100515"}],"version-history":[{"count":1,"href":"https:\/\/www.fondazionepirelli.org\/en\/wp-json\/wp\/v2\/posts\/100515\/revisions\/"}],"predecessor-version":[{"id":100516,"href":"https:\/\/www.fondazionepirelli.org\/en\/wp-json\/wp\/v2\/posts\/100515\/revisions\/100516\/"}],"wp:featuredmedia":[{"embeddable":true,"href":"https:\/\/www.fondazionepirelli.org\/en\/wp-json\/wp\/v2\/media\/100469\/"}],"wp:attachment":[{"href":"https:\/\/www.fondazionepirelli.org\/en\/wp-json\/wp\/v2\/media\/?parent=100515"}],"wp:term":[{"taxonomy":"category","embeddable":true,"href":"https:\/\/www.fondazionepirelli.org\/en\/wp-json\/wp\/v2\/categories\/?post=100515"},{"taxonomy":"post_tag","embeddable":true,"href":"https:\/\/www.fondazionepirelli.org\/en\/wp-json\/wp\/v2\/tags\/?post=100515"}],"curies":[{"name":"wp","href":"https:\/\/api.w.org\/{rel}","templated":true}]}}