{"id":99483,"date":"2024-02-13T09:51:59","date_gmt":"2024-02-13T08:51:59","guid":{"rendered":"https:\/\/www.fondazionepirelli.org\/uncategorized\/riparlare-di-umanesimo-ricerca-e-cultura-per-dare-senso-critico-allintelligenza-artificiale\/"},"modified":"2024-02-23T17:14:44","modified_gmt":"2024-02-23T16:14:44","slug":"talking-again-about-humanism-research-and-culture-to-lend-critical-meaning-to-artificial-intelligence","status":"publish","type":"post","link":"https:\/\/www.fondazionepirelli.org\/en\/corporate-culture\/talking-again-about-humanism-research-and-culture-to-lend-critical-meaning-to-artificial-intelligence\/","title":{"rendered":"Talking again about humanism, research and culture, to lend critical meaning to Artificial Intelligence"},"content":{"rendered":"<p>\u201cWe need a <strong>deepened and regenerated humanism<\/strong> if we also want to rehumanise and regenerate our countries, our continents and our planet,\u201d writes <strong>Edgar Morin<\/strong> in the pages of his latest book, <em>Encore un moment&#8230;,<\/em> published in Italy by Raffaello Cortina (as <em>Ancora un momento<\/em>), a collection of \u201cpersonal, political, sociological, philosophical and literary texts\u201d written by one of Europe\u2019s most long-lived minds, still lucid, open-minded and creative nonetheless.<\/p>\n<p>\u201cImplanting humanism in artificial intelligence,\u201d argues Cardinal <strong>Gianfranco Ravasi<\/strong> (<em>la Repubblica,<\/em> 9 February), explaining that \u201cthe radical difference is perhaps not in reason, in which artificial intelligence may be more sophisticated than man, but in humanism, that is, in conscience, in feeling, in passion, in tenderness,\u201d following the \u201canthropological\u201d calls of <strong>Pope Francis<\/strong> concerning ethics and the sense of responsibility that must also inspire those who work in the world of science and technology.<\/p>\n<p>This is the key word to reflect on, therefore\u00a0\u2013 <strong>humanism\u00a0<\/strong>\u2013 in times when the extraordinary and controversial developments of generative artificial intelligence pose questions of meaning and perspective to all of us in the various fields involved: science and knowledge in general, politics, information and training, the economy and work, the very forms of civil coexistence that we have developed over time. Humanism as a vision of the world with the human person at its centre, with the complex of relationships between freedom and responsibility, rights and duties. (Morin\u2019s call extends to a necessary rereading and reaffirmation of the \u201ctrinity of <em>libert\u00e9, \u00e9galit\u00e9, fraternit\u00e9<\/em> that becomes our rule of personal and social life and not the mask that covers an increase in servitude, inequality and selfishness\u201d.)<\/p>\n<p>Humanism as a cross between a sense of beauty and scientific rigour. Humanism, again, as a profound awareness of the complexity of being human, including a gaze into the abyss of the \u201cheart of darkness\u201d and as awareness \u201cof the starry heavens above me and the moral law within me\u201d according to the evergreen lesson of <strong>Immanuel Kant<\/strong>.<\/p>\n<p>Morin, who has \u201ccomplexity\u201d as the key word in his philosophical lexicon (note Massimiliano Panerari in <em>La Stampa<\/em>, 10 February) recalls the writings of <strong>Michel Eyquem de Montaigne<\/strong> and reminds us, specifically, that \u201chis character as father of humanism lies in the foundation of <strong>sceptical rationality<\/strong>,\u201d insisting on the need to expand critical thinking skills to address the questions posed by an unrestrained and overwhelming modernity, with artificial intelligence among them.<\/p>\n<p>Reflecting on Elon Musk\u2019s announcement that Neuralink has implanted a microchip in a patient\u2019s brain, Cardinal Ravasi recalls that \u201cthe classical tradition distinguishes between brain and mind, while the physicalist vision now dominates, reducing everything to neurons and synapses and considering the brain as an extraordinary computer.\u201d He therefore asks: \u201cAnd what about the self, conscience, freedom, aesthetics, the will, the soul?\u201d<\/p>\n<p>The answer can also be found in the words of a man of technology and business such as <strong>Steve Jobs<\/strong>, who Ravasi quotes to recall his attention to the \u201cneed for a union of science and humanism\u201d, according to the lesson of his model, Leonardo da Vinci, \u201cbecause,\u201d said Jobs, \u201conly through this union can we bring a song out of the heart.\u201d Ravasi makes the following comment: \u201cBeyond the somewhat populist image, Jobs states something which is true: technology proceeds in a binary fashion\u00a0\u2013 take the case of Oppenheimer\u00a0\u2013 but humanity must be present: humanism.\u201d<\/p>\n<p>From profound reflections to news of entrepreneurial initiatives: ARtGlass, of the Capitale Cultura group, with an office in Monza and another in the USA, makes high-tech products in the world of augmented reality and says it is looking for graduates in the humanities (artists, historians, archaeologists) to work with engineers and sophisticated technologists to create \u201cinteractive experiences\u201d in the tourism and knowledge sectors (<em>Corriere della Sera<\/em>, 11 February): \u201cStarting from our technological platform, based on five patents,\u201d explains Antonio Scuderi, one of the founders of ARtGlass, \u201cwe have created a language that promotes culture through the tool of technology.\u201d \u201cPolytechnic culture\u201d, we might add, as an original synthesis of scientific knowledge and humanistic knowledge, multidisciplinary algorithm writing.<\/p>\n<p>Precisely because artificial intelligence is radically changing knowledge and work, mechanisms of social relationship, tools for political and social orientation, it is essential to ask ourselves how and why all this is already happening, how to attempt to govern the processes, how to make good use of their advantages and react to the consequences that do not meet with our approval, to the \u201cnegative externalities\u201d.<\/p>\n<p>It is a question that calls upon <strong>ethics<\/strong>, the <strong>value system<\/strong>, the basic judgements for directing the tools at our disposal. It makes profound sense, now, that the president of the Italian Commission for Artificial Intelligence for Information is a theologian of great wisdom, like <strong>Father Benanti<\/strong>, a technology expert, the only Italian member of the United Nations High-level Advisory Body on Artificial Intelligence and advisor to Pope Francis on technological ethics issues. In the same way, it is particularly valuable that excellent jurists such as Giusella Finocchiaro, professor at the University of Bologna and founder and partner of DigitalMediaLaws (a boutique law firm specialising in new technology law) reflect on national and EU regulations attempting to govern phenomena of complex international regulation in the pages of <em>Intelligenza artificiale.<\/em> <em>Quali regole?<\/em> (Artificial Intelligence: what rules?) for the Il Mulino publishing house.<\/p>\n<p>Ethics, critical culture and law are at the forefront, looking for a road, arduous though it may be, that allows science, tech research and business activity to move forward competitively with respect to other more relaxed areas of the world, without neglecting the sphere of rights and of the interests of the social classes and people for whom developments in technology and markets pose the greatest difficulties or in any case disadvantages.<\/p>\n<p>This is why it is essential to reflect deeply on humanism, on <strong>freedom and responsibility<\/strong>, development, quality of life and thus critical freedom of thought. It means humanism modelled on Galileo, as humanist scientist, or indeed as Steve Jobs would have it, on Leonardo and his intelligence of the heart. Such an intelligence is anything but artificial. If anything, it\u2019s profoundly human.<\/p><p><em>(Photo Getty Images)<\/em><\/p>\n","protected":false},"excerpt":{"rendered":"<p>\u201cWe need a deepened and regenerated humanism if we also want to rehumanise and regenerate our countries, our continents and our planet,\u201d writes Edgar Morin in the pages of his latest book, Encore un moment&#8230;, published in Italy by Raffaello Cortina (as Ancora un momento), a collection of \u201cpersonal, political, sociological, philosophical and literary texts\u201d [&hellip;]<\/p>\n","protected":false},"author":1,"featured_media":99396,"comment_status":"open","ping_status":"open","sticky":false,"template":"","format":"standard","meta":{"footnotes":""},"categories":[55,56],"tags":[],"class_list":["post-99483","post","type-post","status-publish","format-standard","has-post-thumbnail","hentry","category-blog","category-corporate-culture"],"acf":[],"yoast_head":"<!-- This site is optimized with the Yoast SEO plugin v25.0 - https:\/\/yoast.com\/wordpress\/plugins\/seo\/ -->\n<title>Talking again about humanism, research and culture, to lend critical meaning to Artificial Intelligence - Fondazione Pirelli<\/title>\n<meta name=\"robots\" content=\"index, follow, max-snippet:-1, max-image-preview:large, max-video-preview:-1\" \/>\n<link rel=\"canonical\" href=\"https:\/\/www.fondazionepirelli.org\/en\/corporate-culture\/talking-again-about-humanism-research-and-culture-to-lend-critical-meaning-to-artificial-intelligence\/\" \/>\n<meta property=\"og:locale\" content=\"en_US\" \/>\n<meta property=\"og:type\" content=\"article\" \/>\n<meta property=\"og:title\" content=\"Talking again about humanism, research and culture, to lend critical meaning to Artificial Intelligence - Fondazione Pirelli\" \/>\n<meta property=\"og:description\" content=\"\u201cWe need a deepened and regenerated humanism if we also want to rehumanise and regenerate our countries, our continents and our planet,\u201d writes Edgar Morin in the pages of his latest book, Encore un moment&#8230;, published in Italy by Raffaello Cortina (as Ancora un momento), a collection of \u201cpersonal, political, sociological, philosophical and literary texts\u201d [&hellip;]\" \/>\n<meta property=\"og:url\" content=\"https:\/\/www.fondazionepirelli.org\/en\/corporate-culture\/talking-again-about-humanism-research-and-culture-to-lend-critical-meaning-to-artificial-intelligence\/\" \/>\n<meta property=\"og:site_name\" content=\"Fondazione Pirelli\" \/>\n<meta property=\"article:published_time\" content=\"2024-02-13T08:51:59+00:00\" \/>\n<meta property=\"article:modified_time\" content=\"2024-02-23T16:14:44+00:00\" \/>\n<meta property=\"og:image\" content=\"https:\/\/wpsite-assets.fondazionepirelli.org\/wp-content\/uploads\/2024\/02\/13095116\/GettyImages-1206649586.jpg\" \/>\n\t<meta property=\"og:image:width\" content=\"2560\" \/>\n\t<meta property=\"og:image:height\" content=\"1920\" \/>\n\t<meta property=\"og:image:type\" content=\"image\/jpeg\" \/>\n<meta name=\"author\" content=\"fondadmin\" \/>\n<meta name=\"twitter:card\" content=\"summary_large_image\" \/>\n<meta name=\"twitter:label1\" content=\"Written by\" \/>\n\t<meta name=\"twitter:data1\" content=\"fondadmin\" \/>\n\t<meta name=\"twitter:label2\" content=\"Est. reading time\" \/>\n\t<meta name=\"twitter:data2\" content=\"5 minutes\" \/>\n<script type=\"application\/ld+json\" class=\"yoast-schema-graph\">{\"@context\":\"https:\/\/schema.org\",\"@graph\":[{\"@type\":\"WebPage\",\"@id\":\"https:\/\/www.fondazionepirelli.org\/en\/corporate-culture\/talking-again-about-humanism-research-and-culture-to-lend-critical-meaning-to-artificial-intelligence\/\",\"url\":\"https:\/\/www.fondazionepirelli.org\/en\/corporate-culture\/talking-again-about-humanism-research-and-culture-to-lend-critical-meaning-to-artificial-intelligence\/\",\"name\":\"Talking again about humanism, research and culture, to lend critical meaning to Artificial Intelligence - Fondazione Pirelli\",\"isPartOf\":{\"@id\":\"https:\/\/www.fondazionepirelli.org\/it\/#website\"},\"primaryImageOfPage\":{\"@id\":\"https:\/\/www.fondazionepirelli.org\/en\/corporate-culture\/talking-again-about-humanism-research-and-culture-to-lend-critical-meaning-to-artificial-intelligence\/#primaryimage\"},\"image\":{\"@id\":\"https:\/\/www.fondazionepirelli.org\/en\/corporate-culture\/talking-again-about-humanism-research-and-culture-to-lend-critical-meaning-to-artificial-intelligence\/#primaryimage\"},\"thumbnailUrl\":\"https:\/\/wpsite-assets.fondazionepirelli.org\/wp-content\/uploads\/2024\/02\/13095116\/GettyImages-1206649586.jpg\",\"datePublished\":\"2024-02-13T08:51:59+00:00\",\"dateModified\":\"2024-02-23T16:14:44+00:00\",\"author\":{\"@id\":\"https:\/\/www.fondazionepirelli.org\/it\/#\/schema\/person\/f47d097000832c4a6e54538c791fdf25\"},\"breadcrumb\":{\"@id\":\"https:\/\/www.fondazionepirelli.org\/en\/corporate-culture\/talking-again-about-humanism-research-and-culture-to-lend-critical-meaning-to-artificial-intelligence\/#breadcrumb\"},\"inLanguage\":\"en-US\",\"potentialAction\":[{\"@type\":\"ReadAction\",\"target\":[\"https:\/\/www.fondazionepirelli.org\/en\/corporate-culture\/talking-again-about-humanism-research-and-culture-to-lend-critical-meaning-to-artificial-intelligence\/\"]}]},{\"@type\":\"ImageObject\",\"inLanguage\":\"en-US\",\"@id\":\"https:\/\/www.fondazionepirelli.org\/en\/corporate-culture\/talking-again-about-humanism-research-and-culture-to-lend-critical-meaning-to-artificial-intelligence\/#primaryimage\",\"url\":\"https:\/\/wpsite-assets.fondazionepirelli.org\/wp-content\/uploads\/2024\/02\/13095116\/GettyImages-1206649586.jpg\",\"contentUrl\":\"https:\/\/wpsite-assets.fondazionepirelli.org\/wp-content\/uploads\/2024\/02\/13095116\/GettyImages-1206649586.jpg\",\"width\":2560,\"height\":1920,\"caption\":\"Virtual mind series. Human head integrated with CPU components on the subject of artificial intelligence, modern technologies and computer science.\"},{\"@type\":\"BreadcrumbList\",\"@id\":\"https:\/\/www.fondazionepirelli.org\/en\/corporate-culture\/talking-again-about-humanism-research-and-culture-to-lend-critical-meaning-to-artificial-intelligence\/#breadcrumb\",\"itemListElement\":[{\"@type\":\"ListItem\",\"position\":1,\"name\":\"Home\",\"item\":\"https:\/\/www.fondazionepirelli.org\/en\/\"},{\"@type\":\"ListItem\",\"position\":2,\"name\":\"Talking again about humanism, research and culture, to lend critical meaning to Artificial Intelligence\"}]},{\"@type\":\"WebSite\",\"@id\":\"https:\/\/www.fondazionepirelli.org\/it\/#website\",\"url\":\"https:\/\/www.fondazionepirelli.org\/it\/\",\"name\":\"Fondazione Pirelli\",\"description\":\"\",\"potentialAction\":[{\"@type\":\"SearchAction\",\"target\":{\"@type\":\"EntryPoint\",\"urlTemplate\":\"https:\/\/www.fondazionepirelli.org\/it\/?s={search_term_string}\"},\"query-input\":{\"@type\":\"PropertyValueSpecification\",\"valueRequired\":true,\"valueName\":\"search_term_string\"}}],\"inLanguage\":\"en-US\"},{\"@type\":\"Person\",\"@id\":\"https:\/\/www.fondazionepirelli.org\/it\/#\/schema\/person\/f47d097000832c4a6e54538c791fdf25\",\"name\":\"fondadmin\",\"image\":{\"@type\":\"ImageObject\",\"inLanguage\":\"en-US\",\"@id\":\"https:\/\/www.fondazionepirelli.org\/it\/#\/schema\/person\/image\/\",\"url\":\"https:\/\/secure.gravatar.com\/avatar\/e69498a9175ca244966e51e53c88712c024fcebe41f9a05f75657f1bb25e489b?s=96&d=mm&r=g\",\"contentUrl\":\"https:\/\/secure.gravatar.com\/avatar\/e69498a9175ca244966e51e53c88712c024fcebe41f9a05f75657f1bb25e489b?s=96&d=mm&r=g\",\"caption\":\"fondadmin\"},\"url\":\"https:\/\/www.fondazionepirelli.org\/en\/author\/fondadmin\/\"}]}<\/script>\n<!-- \/ Yoast SEO plugin. -->","yoast_head_json":{"title":"Talking again about humanism, research and culture, to lend critical meaning to Artificial Intelligence - Fondazione Pirelli","robots":{"index":"index","follow":"follow","max-snippet":"max-snippet:-1","max-image-preview":"max-image-preview:large","max-video-preview":"max-video-preview:-1"},"canonical":"https:\/\/www.fondazionepirelli.org\/en\/corporate-culture\/talking-again-about-humanism-research-and-culture-to-lend-critical-meaning-to-artificial-intelligence\/","og_locale":"en_US","og_type":"article","og_title":"Talking again about humanism, research and culture, to lend critical meaning to Artificial Intelligence - Fondazione Pirelli","og_description":"\u201cWe need a deepened and regenerated humanism if we also want to rehumanise and regenerate our countries, our continents and our planet,\u201d writes Edgar Morin in the pages of his latest book, Encore un moment&#8230;, published in Italy by Raffaello Cortina (as Ancora un momento), a collection of \u201cpersonal, political, sociological, philosophical and literary texts\u201d [&hellip;]","og_url":"https:\/\/www.fondazionepirelli.org\/en\/corporate-culture\/talking-again-about-humanism-research-and-culture-to-lend-critical-meaning-to-artificial-intelligence\/","og_site_name":"Fondazione Pirelli","article_published_time":"2024-02-13T08:51:59+00:00","article_modified_time":"2024-02-23T16:14:44+00:00","og_image":[{"width":2560,"height":1920,"url":"https:\/\/wpsite-assets.fondazionepirelli.org\/wp-content\/uploads\/2024\/02\/13095116\/GettyImages-1206649586.jpg","type":"image\/jpeg"}],"author":"fondadmin","twitter_card":"summary_large_image","twitter_misc":{"Written by":"fondadmin","Est. reading time":"5 minutes"},"schema":{"@context":"https:\/\/schema.org","@graph":[{"@type":"WebPage","@id":"https:\/\/www.fondazionepirelli.org\/en\/corporate-culture\/talking-again-about-humanism-research-and-culture-to-lend-critical-meaning-to-artificial-intelligence\/","url":"https:\/\/www.fondazionepirelli.org\/en\/corporate-culture\/talking-again-about-humanism-research-and-culture-to-lend-critical-meaning-to-artificial-intelligence\/","name":"Talking again about humanism, research and culture, to lend critical meaning to Artificial Intelligence - Fondazione Pirelli","isPartOf":{"@id":"https:\/\/www.fondazionepirelli.org\/it\/#website"},"primaryImageOfPage":{"@id":"https:\/\/www.fondazionepirelli.org\/en\/corporate-culture\/talking-again-about-humanism-research-and-culture-to-lend-critical-meaning-to-artificial-intelligence\/#primaryimage"},"image":{"@id":"https:\/\/www.fondazionepirelli.org\/en\/corporate-culture\/talking-again-about-humanism-research-and-culture-to-lend-critical-meaning-to-artificial-intelligence\/#primaryimage"},"thumbnailUrl":"https:\/\/wpsite-assets.fondazionepirelli.org\/wp-content\/uploads\/2024\/02\/13095116\/GettyImages-1206649586.jpg","datePublished":"2024-02-13T08:51:59+00:00","dateModified":"2024-02-23T16:14:44+00:00","author":{"@id":"https:\/\/www.fondazionepirelli.org\/it\/#\/schema\/person\/f47d097000832c4a6e54538c791fdf25"},"breadcrumb":{"@id":"https:\/\/www.fondazionepirelli.org\/en\/corporate-culture\/talking-again-about-humanism-research-and-culture-to-lend-critical-meaning-to-artificial-intelligence\/#breadcrumb"},"inLanguage":"en-US","potentialAction":[{"@type":"ReadAction","target":["https:\/\/www.fondazionepirelli.org\/en\/corporate-culture\/talking-again-about-humanism-research-and-culture-to-lend-critical-meaning-to-artificial-intelligence\/"]}]},{"@type":"ImageObject","inLanguage":"en-US","@id":"https:\/\/www.fondazionepirelli.org\/en\/corporate-culture\/talking-again-about-humanism-research-and-culture-to-lend-critical-meaning-to-artificial-intelligence\/#primaryimage","url":"https:\/\/wpsite-assets.fondazionepirelli.org\/wp-content\/uploads\/2024\/02\/13095116\/GettyImages-1206649586.jpg","contentUrl":"https:\/\/wpsite-assets.fondazionepirelli.org\/wp-content\/uploads\/2024\/02\/13095116\/GettyImages-1206649586.jpg","width":2560,"height":1920,"caption":"Virtual mind series. Human head integrated with CPU components on the subject of artificial intelligence, modern technologies and computer science."},{"@type":"BreadcrumbList","@id":"https:\/\/www.fondazionepirelli.org\/en\/corporate-culture\/talking-again-about-humanism-research-and-culture-to-lend-critical-meaning-to-artificial-intelligence\/#breadcrumb","itemListElement":[{"@type":"ListItem","position":1,"name":"Home","item":"https:\/\/www.fondazionepirelli.org\/en\/"},{"@type":"ListItem","position":2,"name":"Talking again about humanism, research and culture, to lend critical meaning to Artificial Intelligence"}]},{"@type":"WebSite","@id":"https:\/\/www.fondazionepirelli.org\/it\/#website","url":"https:\/\/www.fondazionepirelli.org\/it\/","name":"Fondazione Pirelli","description":"","potentialAction":[{"@type":"SearchAction","target":{"@type":"EntryPoint","urlTemplate":"https:\/\/www.fondazionepirelli.org\/it\/?s={search_term_string}"},"query-input":{"@type":"PropertyValueSpecification","valueRequired":true,"valueName":"search_term_string"}}],"inLanguage":"en-US"},{"@type":"Person","@id":"https:\/\/www.fondazionepirelli.org\/it\/#\/schema\/person\/f47d097000832c4a6e54538c791fdf25","name":"fondadmin","image":{"@type":"ImageObject","inLanguage":"en-US","@id":"https:\/\/www.fondazionepirelli.org\/it\/#\/schema\/person\/image\/","url":"https:\/\/secure.gravatar.com\/avatar\/e69498a9175ca244966e51e53c88712c024fcebe41f9a05f75657f1bb25e489b?s=96&d=mm&r=g","contentUrl":"https:\/\/secure.gravatar.com\/avatar\/e69498a9175ca244966e51e53c88712c024fcebe41f9a05f75657f1bb25e489b?s=96&d=mm&r=g","caption":"fondadmin"},"url":"https:\/\/www.fondazionepirelli.org\/en\/author\/fondadmin\/"}]}},"_links":{"self":[{"href":"https:\/\/www.fondazionepirelli.org\/en\/wp-json\/wp\/v2\/posts\/99483\/"}],"collection":[{"href":"https:\/\/www.fondazionepirelli.org\/en\/wp-json\/wp\/v2\/posts\/"}],"about":[{"href":"https:\/\/www.fondazionepirelli.org\/en\/wp-json\/wp\/v2\/types\/post\/"}],"author":[{"embeddable":true,"href":"https:\/\/www.fondazionepirelli.org\/en\/wp-json\/wp\/v2\/users\/1\/"}],"replies":[{"embeddable":true,"href":"https:\/\/www.fondazionepirelli.org\/en\/wp-json\/wp\/v2\/comments\/?post=99483"}],"version-history":[{"count":3,"href":"https:\/\/www.fondazionepirelli.org\/en\/wp-json\/wp\/v2\/posts\/99483\/revisions\/"}],"predecessor-version":[{"id":99488,"href":"https:\/\/www.fondazionepirelli.org\/en\/wp-json\/wp\/v2\/posts\/99483\/revisions\/99488\/"}],"wp:featuredmedia":[{"embeddable":true,"href":"https:\/\/www.fondazionepirelli.org\/en\/wp-json\/wp\/v2\/media\/99396\/"}],"wp:attachment":[{"href":"https:\/\/www.fondazionepirelli.org\/en\/wp-json\/wp\/v2\/media\/?parent=99483"}],"wp:term":[{"taxonomy":"category","embeddable":true,"href":"https:\/\/www.fondazionepirelli.org\/en\/wp-json\/wp\/v2\/categories\/?post=99483"},{"taxonomy":"post_tag","embeddable":true,"href":"https:\/\/www.fondazionepirelli.org\/en\/wp-json\/wp\/v2\/tags\/?post=99483"}],"curies":[{"name":"wp","href":"https:\/\/api.w.org\/{rel}","templated":true}]}}