{"id":100180,"date":"2024-04-16T13:17:05","date_gmt":"2024-04-16T12:17:05","guid":{"rendered":"https:\/\/www.fondazionepirelli.org\/?p=100180"},"modified":"2024-04-22T14:35:47","modified_gmt":"2024-04-22T13:35:47","slug":"passare-la-mano-nellimpresa","status":"publish","type":"post","link":"https:\/\/www.fondazionepirelli.org\/it\/cultura-dimpresa\/passare-la-mano-nellimpresa\/","title":{"rendered":"Passare la mano nell\u2019impresa"},"content":{"rendered":"<p><em>Il passaggio generazionale nelle aziende visto dal lato delle emozioni<\/em><\/p>\n<p><strong>\u00a0<\/strong><\/p>\n<p>Pensare, creare e gestire un\u2019impresa \u00e8 anche questione di umanit\u00e0. E di emozioni. Lo sanno bene molti imprenditori e molti manager. E lo sa bene anche chi deve, ad un certo punto del suo cammino d\u2019impresa, affrontare il passaggio generazionale. Gestibile emozioni e conti, pu\u00f2 diventare allora un ulteriore esercizio in cui provare la propria cultura del produrre. E\u2019 proprio attorno alla questione del passaggio generazionale che scatta quando viene a mancare il fondatore dell\u2019impresa, che si esercitano Mariano De Vincenzo e Rossella Torretta con il loro intervento \u201cEmozioni e passaggio generazionale nelle piccole e medie imprese\u201d.<\/p>\n<p>L\u2019indagine prende le mosse da un caso particolare (e reale) per arrivare ad un inquadramento pi\u00f9 generale del tema. Un intervento per favorire il passaggio generazionale all\u2019interno di una piccola-media impresa \u2013 spiegano i due autori &#8211; diventa spunto per poter affrontare il passaggio generazionale anche dal punto di vista delle emozioni, cosa non del tutto scontata quando si parla di produzione, dimensione organizzativa, budget, problemi gestionali, procedure.<\/p>\n<p>Ma cosa \u00e8 accaduto? Alla morte del fondatore gli eredi si erano bloccati in una sorta di paralisi gestionale in cui il primogenito si era assunto il ruolo dell\u2019erede designato per primogenitura mantenendo la struttura organizzata verticisticamente dal padre-fondatore e chiedendo di fatto ai consulenti di farlo accettare in quel ruolo dai fratelli e dai dipendenti tutti, delegando cos\u00ec a terzi la propria autorizzazione a occupare quel posto. Da questa situazione, De Vincenzo e Torretta desumono un profilo pi\u00f9 generale.<\/p>\n<p>Il vocabolo fondamentale \u00e8 \u201ctempo\u201d. La morte di un fondatore pone il problema del tempo nel processo dell\u2019elaborazione della trasmissione e della acquisizione dell\u2019eredit\u00e0 e la sua trasformazione \u00e8 parte imprescindibile nel passaggio. \u00c8 indispensabile tempo per fare i conti con la perdita del padre-fondatore e, con lui, lasciare andare idealizzazioni di s\u00e9 e incontrare la realt\u00e0. Mantenere inalterata una organizzazione spostando un uomo al posto di un altro si rivela essere solo una strategia introdotta per non affrontare il dolore e il cambiamento. Un percorso culturale e umano prima che gestionale e manageriale. Che non pu\u00f2 essere seguito senza aiuti esperti. Riuscire a vedere la strada giusta, ripensare all\u2019organizzazione e alla collocazione di chi segue in azienda, sono passaggi che non possono essere automatici e veloci.<\/p>\n<p>Per descrivere tutto questo, De Vincenzo e Torretta analizzano prima le caratteristiche delle due entit\u00e0 principali in gioco (famiglia e impresa), per passare poi ad approfondire aspetti particolari come la sofferenza, la storia stessa dell\u2019impresa posta a caso studio, gli \u201cattori\u201d coinvolti, la figura particolare del fondatore, il nodo del passaggio di generazione e quindi dell\u2019eredit\u00e0 e infine il percorso intrapreso per affrontarla e gestirla.<\/p>\n<p>L\u2019intervento di Mariano De Vincenzo e Rossella Torretta non \u00e8 per nulla cosa facile da leggere, ma \u00e8 importante leggerla.<\/p><p><a href=\"https:\/\/wpsite-assets.fondazionepirelli.org\/wp-content\/uploads\/2024\/04\/16075855\/RP_2024_1_722_ita-2024-04-13-09_56_10.pdf\"><strong>Emozioni e passaggio generazionale nelle piccole e medie imprese<\/strong><\/a><\/p>\n<p>Mariano De Vincenzo, Rossella Torretta<\/p>\n<p>Ricerca Psicoanalitica, Anno XXXV, n. 1, 2024<\/p>","protected":false},"excerpt":{"rendered":"<p>Il passaggio generazionale nelle aziende visto dal lato delle emozioni \u00a0 Pensare, creare e gestire un\u2019impresa \u00e8 anche questione di umanit\u00e0. E di emozioni. Lo sanno bene molti imprenditori e molti manager. E lo sa bene anche chi deve, ad un certo punto del suo cammino d\u2019impresa, affrontare il passaggio generazionale. Gestibile emozioni e conti, [&hellip;]<\/p>\n","protected":false},"author":1,"featured_media":0,"comment_status":"open","ping_status":"open","sticky":false,"template":"","format":"standard","meta":{"footnotes":""},"categories":[54,52],"tags":[],"class_list":["post-100180","post","type-post","status-publish","format-standard","hentry","category-approfondimenti","category-cultura-dimpresa"],"acf":[],"yoast_head":"<!-- This site is optimized with the Yoast SEO plugin v25.0 - https:\/\/yoast.com\/wordpress\/plugins\/seo\/ -->\n<title>Passare la mano nell\u2019impresa - Fondazione Pirelli<\/title>\n<meta name=\"robots\" content=\"index, follow, max-snippet:-1, max-image-preview:large, max-video-preview:-1\" \/>\n<link rel=\"canonical\" href=\"https:\/\/www.fondazionepirelli.org\/it\/cultura-dimpresa\/passare-la-mano-nellimpresa\/\" \/>\n<meta property=\"og:locale\" content=\"it_IT\" \/>\n<meta property=\"og:type\" content=\"article\" \/>\n<meta property=\"og:title\" content=\"Passare la mano nell\u2019impresa - Fondazione Pirelli\" \/>\n<meta property=\"og:description\" content=\"Il passaggio generazionale nelle aziende visto dal lato delle emozioni \u00a0 Pensare, creare e gestire un\u2019impresa \u00e8 anche questione di umanit\u00e0. E di emozioni. Lo sanno bene molti imprenditori e molti manager. E lo sa bene anche chi deve, ad un certo punto del suo cammino d\u2019impresa, affrontare il passaggio generazionale. Gestibile emozioni e conti, [&hellip;]\" \/>\n<meta property=\"og:url\" content=\"https:\/\/127.0.0.1\/it\/cultura-dimpresa\/passare-la-mano-nellimpresa\/\" \/>\n<meta property=\"og:site_name\" content=\"Fondazione Pirelli\" \/>\n<meta property=\"article:published_time\" content=\"2024-04-16T12:17:05+00:00\" \/>\n<meta property=\"article:modified_time\" content=\"2024-04-22T13:35:47+00:00\" \/>\n<meta name=\"author\" content=\"fondadmin\" \/>\n<meta name=\"twitter:card\" content=\"summary_large_image\" \/>\n<meta name=\"twitter:label1\" content=\"Scritto da\" \/>\n\t<meta name=\"twitter:data1\" content=\"fondadmin\" \/>\n\t<meta name=\"twitter:label2\" content=\"Tempo di lettura stimato\" \/>\n\t<meta name=\"twitter:data2\" content=\"2 minuti\" \/>\n<script type=\"application\/ld+json\" class=\"yoast-schema-graph\">{\"@context\":\"https:\/\/schema.org\",\"@graph\":[{\"@type\":\"WebPage\",\"@id\":\"https:\/\/127.0.0.1\/it\/cultura-dimpresa\/passare-la-mano-nellimpresa\/\",\"url\":\"https:\/\/127.0.0.1\/it\/cultura-dimpresa\/passare-la-mano-nellimpresa\/\",\"name\":\"Passare la mano nell\u2019impresa - Fondazione Pirelli\",\"isPartOf\":{\"@id\":\"https:\/\/www.fondazionepirelli.org\/it\/#website\"},\"datePublished\":\"2024-04-16T12:17:05+00:00\",\"dateModified\":\"2024-04-22T13:35:47+00:00\",\"author\":{\"@id\":\"https:\/\/www.fondazionepirelli.org\/it\/#\/schema\/person\/f47d097000832c4a6e54538c791fdf25\"},\"breadcrumb\":{\"@id\":\"https:\/\/127.0.0.1\/it\/cultura-dimpresa\/passare-la-mano-nellimpresa\/#breadcrumb\"},\"inLanguage\":\"it-IT\",\"potentialAction\":[{\"@type\":\"ReadAction\",\"target\":[\"https:\/\/127.0.0.1\/it\/cultura-dimpresa\/passare-la-mano-nellimpresa\/\"]}]},{\"@type\":\"BreadcrumbList\",\"@id\":\"https:\/\/127.0.0.1\/it\/cultura-dimpresa\/passare-la-mano-nellimpresa\/#breadcrumb\",\"itemListElement\":[{\"@type\":\"ListItem\",\"position\":1,\"name\":\"Home\",\"item\":\"https:\/\/www.fondazionepirelli.org\/it\/\"},{\"@type\":\"ListItem\",\"position\":2,\"name\":\"Passare la mano nell\u2019impresa\"}]},{\"@type\":\"WebSite\",\"@id\":\"https:\/\/www.fondazionepirelli.org\/it\/#website\",\"url\":\"https:\/\/www.fondazionepirelli.org\/it\/\",\"name\":\"Fondazione Pirelli\",\"description\":\"\",\"potentialAction\":[{\"@type\":\"SearchAction\",\"target\":{\"@type\":\"EntryPoint\",\"urlTemplate\":\"https:\/\/www.fondazionepirelli.org\/it\/?s={search_term_string}\"},\"query-input\":{\"@type\":\"PropertyValueSpecification\",\"valueRequired\":true,\"valueName\":\"search_term_string\"}}],\"inLanguage\":\"it-IT\"},{\"@type\":\"Person\",\"@id\":\"https:\/\/www.fondazionepirelli.org\/it\/#\/schema\/person\/f47d097000832c4a6e54538c791fdf25\",\"name\":\"fondadmin\",\"image\":{\"@type\":\"ImageObject\",\"inLanguage\":\"it-IT\",\"@id\":\"https:\/\/www.fondazionepirelli.org\/it\/#\/schema\/person\/image\/\",\"url\":\"https:\/\/secure.gravatar.com\/avatar\/e69498a9175ca244966e51e53c88712c024fcebe41f9a05f75657f1bb25e489b?s=96&d=mm&r=g\",\"contentUrl\":\"https:\/\/secure.gravatar.com\/avatar\/e69498a9175ca244966e51e53c88712c024fcebe41f9a05f75657f1bb25e489b?s=96&d=mm&r=g\",\"caption\":\"fondadmin\"},\"url\":\"https:\/\/www.fondazionepirelli.org\/it\/author\/fondadmin\/\"}]}<\/script>\n<!-- \/ Yoast SEO plugin. -->","yoast_head_json":{"title":"Passare la mano nell\u2019impresa - Fondazione Pirelli","robots":{"index":"index","follow":"follow","max-snippet":"max-snippet:-1","max-image-preview":"max-image-preview:large","max-video-preview":"max-video-preview:-1"},"canonical":"https:\/\/www.fondazionepirelli.org\/it\/cultura-dimpresa\/passare-la-mano-nellimpresa\/","og_locale":"it_IT","og_type":"article","og_title":"Passare la mano nell\u2019impresa - Fondazione Pirelli","og_description":"Il passaggio generazionale nelle aziende visto dal lato delle emozioni \u00a0 Pensare, creare e gestire un\u2019impresa \u00e8 anche questione di umanit\u00e0. E di emozioni. Lo sanno bene molti imprenditori e molti manager. E lo sa bene anche chi deve, ad un certo punto del suo cammino d\u2019impresa, affrontare il passaggio generazionale. Gestibile emozioni e conti, [&hellip;]","og_url":"https:\/\/127.0.0.1\/it\/cultura-dimpresa\/passare-la-mano-nellimpresa\/","og_site_name":"Fondazione Pirelli","article_published_time":"2024-04-16T12:17:05+00:00","article_modified_time":"2024-04-22T13:35:47+00:00","author":"fondadmin","twitter_card":"summary_large_image","twitter_misc":{"Scritto da":"fondadmin","Tempo di lettura stimato":"2 minuti"},"schema":{"@context":"https:\/\/schema.org","@graph":[{"@type":"WebPage","@id":"https:\/\/127.0.0.1\/it\/cultura-dimpresa\/passare-la-mano-nellimpresa\/","url":"https:\/\/127.0.0.1\/it\/cultura-dimpresa\/passare-la-mano-nellimpresa\/","name":"Passare la mano nell\u2019impresa - Fondazione Pirelli","isPartOf":{"@id":"https:\/\/www.fondazionepirelli.org\/it\/#website"},"datePublished":"2024-04-16T12:17:05+00:00","dateModified":"2024-04-22T13:35:47+00:00","author":{"@id":"https:\/\/www.fondazionepirelli.org\/it\/#\/schema\/person\/f47d097000832c4a6e54538c791fdf25"},"breadcrumb":{"@id":"https:\/\/127.0.0.1\/it\/cultura-dimpresa\/passare-la-mano-nellimpresa\/#breadcrumb"},"inLanguage":"it-IT","potentialAction":[{"@type":"ReadAction","target":["https:\/\/127.0.0.1\/it\/cultura-dimpresa\/passare-la-mano-nellimpresa\/"]}]},{"@type":"BreadcrumbList","@id":"https:\/\/127.0.0.1\/it\/cultura-dimpresa\/passare-la-mano-nellimpresa\/#breadcrumb","itemListElement":[{"@type":"ListItem","position":1,"name":"Home","item":"https:\/\/www.fondazionepirelli.org\/it\/"},{"@type":"ListItem","position":2,"name":"Passare la mano nell\u2019impresa"}]},{"@type":"WebSite","@id":"https:\/\/www.fondazionepirelli.org\/it\/#website","url":"https:\/\/www.fondazionepirelli.org\/it\/","name":"Fondazione Pirelli","description":"","potentialAction":[{"@type":"SearchAction","target":{"@type":"EntryPoint","urlTemplate":"https:\/\/www.fondazionepirelli.org\/it\/?s={search_term_string}"},"query-input":{"@type":"PropertyValueSpecification","valueRequired":true,"valueName":"search_term_string"}}],"inLanguage":"it-IT"},{"@type":"Person","@id":"https:\/\/www.fondazionepirelli.org\/it\/#\/schema\/person\/f47d097000832c4a6e54538c791fdf25","name":"fondadmin","image":{"@type":"ImageObject","inLanguage":"it-IT","@id":"https:\/\/www.fondazionepirelli.org\/it\/#\/schema\/person\/image\/","url":"https:\/\/secure.gravatar.com\/avatar\/e69498a9175ca244966e51e53c88712c024fcebe41f9a05f75657f1bb25e489b?s=96&d=mm&r=g","contentUrl":"https:\/\/secure.gravatar.com\/avatar\/e69498a9175ca244966e51e53c88712c024fcebe41f9a05f75657f1bb25e489b?s=96&d=mm&r=g","caption":"fondadmin"},"url":"https:\/\/www.fondazionepirelli.org\/it\/author\/fondadmin\/"}]}},"_links":{"self":[{"href":"https:\/\/www.fondazionepirelli.org\/it\/wp-json\/wp\/v2\/posts\/100180\/"}],"collection":[{"href":"https:\/\/www.fondazionepirelli.org\/it\/wp-json\/wp\/v2\/posts\/"}],"about":[{"href":"https:\/\/www.fondazionepirelli.org\/it\/wp-json\/wp\/v2\/types\/post\/"}],"author":[{"embeddable":true,"href":"https:\/\/www.fondazionepirelli.org\/it\/wp-json\/wp\/v2\/users\/1\/"}],"replies":[{"embeddable":true,"href":"https:\/\/www.fondazionepirelli.org\/it\/wp-json\/wp\/v2\/comments\/?post=100180"}],"version-history":[{"count":1,"href":"https:\/\/www.fondazionepirelli.org\/it\/wp-json\/wp\/v2\/posts\/100180\/revisions\/"}],"predecessor-version":[{"id":100183,"href":"https:\/\/www.fondazionepirelli.org\/it\/wp-json\/wp\/v2\/posts\/100180\/revisions\/100183\/"}],"wp:attachment":[{"href":"https:\/\/www.fondazionepirelli.org\/it\/wp-json\/wp\/v2\/media\/?parent=100180"}],"wp:term":[{"taxonomy":"category","embeddable":true,"href":"https:\/\/www.fondazionepirelli.org\/it\/wp-json\/wp\/v2\/categories\/?post=100180"},{"taxonomy":"post_tag","embeddable":true,"href":"https:\/\/www.fondazionepirelli.org\/it\/wp-json\/wp\/v2\/tags\/?post=100180"}],"curies":[{"name":"wp","href":"https:\/\/api.w.org\/{rel}","templated":true}]}}