{"id":100213,"date":"2024-04-23T09:01:12","date_gmt":"2024-04-23T08:01:12","guid":{"rendered":"https:\/\/www.fondazionepirelli.org\/?p=100213"},"modified":"2024-04-23T09:01:12","modified_gmt":"2024-04-23T08:01:12","slug":"milano-tra-successi-della-design-week-e-migliori-equilibri-sociali-da-rilanciare","status":"publish","type":"post","link":"https:\/\/www.fondazionepirelli.org\/it\/cultura-dimpresa\/milano-tra-successi-della-design-week-e-migliori-equilibri-sociali-da-rilanciare\/","title":{"rendered":"Milano tra successi della Design Week e migliori equilibri sociali da rilanciare\u00a0"},"content":{"rendered":"<p><strong>Milano<\/strong> splendida splendente, all\u2019indomani della chiusura della <strong>Design Week e del Salone del Mobile<\/strong>. Milano cardine della creativit\u00e0 e dell\u2019innovazione internazionale. Milano fabbrica e vetrina. Milano, per l\u2019ennesima volta, attrattiva e vitale.<\/p>\n<p>Si pu\u00f2 giocare, a buon diritto, con la retorica dei record e dei superlativi, anche mettendo in fila i numeri: oltre 350mila presenze, tra Salone e Fuorisalone, 1950 espositori da tutto il mondo, pi\u00f9 di 1300 eventi, un indotto che vale 261 milioni di euro, con un incremento del 13,7% rispetto al \u201823. Un via vai di persone tra il cuore della citt\u00e0 (Brera, l\u2019Universit\u00e0 Statale, Porta Venezia, l\u2019Arco della Pace al Parco Sempione, la Triennale e l\u2019Adi Museum, via Durini) ma anche i Navigli, via Tortona, via Sarpi e cio\u00e8 Chinatown e poi ancora NoLo (North of Loreto, via Padova insomma, quartiere trendy da nuovo stile di <em>gentrification<\/em>), Scalo Farini e Lambrate, Mecenate e Assago\u2026<\/p>\n<p>Tutta quanta la citt\u00e0, insomma, strade e piazze, palazzi e cortili, allargandosi anche, per la prima volta, verso l\u2019hinterland, a Varedo. <strong>Installazioni luminose e sorprendenti<\/strong>, amarcord di \u201cvenerati maestri\u201d come Alessandro Mendini e Cini Boeri, inni alla \u201csostenibilit\u00e0\u201d degli arredi e delle installazioni stesse. E una gran passione per il colore verde in tutte le sue tonalit\u00e0.<\/p>\n<p>In aggiunta, tutto un grande via vai con le altre due manifestazioni contemporanee, il Vinitaly a Verona e soprattutto la Biennale a Venezia. Calici e brindisi, inaugurazioni e feste, \u201cSalone mare e monti. E fritto misto\u201d, con scrive con sapida ironia Michele Masneri (\u201cIl Foglio\u201d, 16 aprile).<\/p>\n<p>Tutto bene, dunque? Certamente. L\u2019importante, per\u00f2, \u00e8 non illudersi che l\u2019ennesimo, meritato successo d\u2019un cos\u00ec grande evento come la Design Week possa essere una risposta sufficiente ai tanti problemi aperti a Milano, ai sempre pi\u00f9 frequenti segnali di crisi di una metropoli arrivata a un passaggio essenziale della sua vita.<\/p>\n<p>Si dice \u201ccrisi\u201d e non \u201cdeclino\u201d proprio insistendo sulla semantica, sul senso profondo della parola: stato di cambiamento che si pu\u00f2 evolvere in alterne direzioni, crinale tra due diversi percorsi gi\u00f9 per uno o per l\u2019altro pendio, crivello (e cio\u00e8 setaccio) tra il grano prezioso e il loglio di scarto, <em>weiji<\/em> per l\u2019alfabeto cinese e cio\u00e8, secondo una traduzione approssimativa, \u201cpericolo\u201d e \u201copportunit\u00e0\u201d o, per essere pi\u00f9 precisi, \u201cpassaggio cruciale\u201d e cio\u00e8 momento in cui comincia o cambia qualcosa.<\/p>\n<p>Eccola, dunque, \u201cMilano sul crinale\u201d, tra modi originali in cui rinnovare la sua capacit\u00e0 di essere, contemporaneamente, competitiva e socialmente inclusiva, tra le opportunit\u00e0 di un\u2019attrattivit\u00e0 che polarizza ed esclude e una dinamica economica che non si limiti alla crescita (pi\u00f9 affari, pi\u00f9 soldi, pi\u00f9 ricchezza istantanea luccicante ed effimera) ma punti allo sviluppo, naturalmente sostenibile, sia ambientale che sociale. Milano, insomma, davanti alla responsabilit\u00e0 di un migliore futuro (ne discute da tempo, appassionatamente, il Centro Studi Grande Milano presieduto da Daniela Mainini).<\/p>\n<p>Il dibattito \u00e8 naturalmente ampio. Riguarda il ruolo delle metropoli, il futuro della \u201c<strong>economia della conoscenza<\/strong>\u201d e dunque anche delle universit\u00e0, le strategie delle imprese e della Fiera di Milano (un polo economico che potrebbe assumere un peso crescente, come centro di servizi e laboratorio di idee). E soprattutto i nodi di una radicale questione sociale: come fare convivere le logiche creative della competitivit\u00e0 con la necessit\u00e0 di abbattere le diseguaglianze amplificate proprio da quelle logiche, se non ben governate da politiche di welfare, scelte urbanistiche, ambiziose scelte fiscali e culturali.<\/p>\n<p>Proprio su questi temi, eventologia delle \u201cweek\u201d a parte, Milano, insieme a<strong> Venezia<\/strong>, si prepara a un paio di appuntamenti strategici legati al destino delle metropoli: l\u2019<strong>Esposizione Internazionale in Triennale<\/strong> dedicata al tema \u201cInequalities. How to mend the fractures oh humanity\u201d da maggio a novembre 2025 e, nello stesso periodo, la prossima Biennale di Architettura a Venezia, per ragionare di concentrazione di ricchezze e dunque di diseguaglianze nelle metropoli e nelle megalopoli, di crisi climatiche, di utilizzo efficace dei dati sui flussi di persone, merci e idee, grazie all\u2019Artificial Intelligence e dunque di democrazia, economia circolare e, appunto, sviluppo sostenibile (ne discutono Stefano Boeri, presidente della Triennale e Carlo Ratti, esperto di <em>smart City <\/em>al Mit di Boston e curatore della Biennale veneziana, su \u201cla Repubblica\u201d, 21 aprile).<\/p>\n<p>Ecco il punto: la funzione essenziale dell\u2019urbanistica e della buona politica per ridisegnare le citt\u00e0. A cominciare proprio da Milano. Come suggeriscono, partendo dal successo del Salone del Mobile, anche Federica Verona (\u201cNon bastano i grandi numeri, servono progetti che restano\u201d, la Repubblica, 20 aprile) e Dario Di Vico (\u201cIl Salone delle prossime sfide: Milano deve continuare a essere inclusiva e attrattiva\u201d, Corriere della Sera, 21 aprile).<\/p>\n<p>L\u2019essere, Milano, una <strong>grande citt\u00e0 universitaria<\/strong>, con oltre 200mila studenti provenienti dal resto d\u2019Italia e, sempre pi\u00f9 spesso, dall\u2019estero, \u00e8 un grande vantaggio, sulla forza della ricerca e delle idee. E pu\u00f2 pesare adesso, con risposte originali ai problemi, anche il fatto che ci sono tre donne alla guida delle principali universit\u00e0 pubbliche milanesi: Marina Brambilla appena eletta rettrice della Statale, Giovanna Iannantuoni alla Bicocca e Donatella Sciuto al Politecnico. L\u2019importante \u00e8 garantire, agli studenti, ai ricercatori e ai professori universitari condizioni abitative e costi di vita che non li facciano fuggire via o li spingano a vivere Milano con disagio, fastidio, ostilit\u00e0.<\/p>\n<p>I progetti del Comune sul <em>social housing <\/em>e gli impegni di una multinazionale immobiliare come Hines (\u201cUna citt\u00e0 con i sogni giusti. Il nuovo ciclo di Milano sar\u00e0 un mix di mercato e wel\u00f2fare: studentati e housing\u201d, sostiene Mario Abbadessa, responsabile italiano del gruppo americano; Il Foglio, 11 aprile) dicono che ci sono passi avanti verso una migliore dimensione civile del vivere e dell\u2019abitare. Di tutt\u2019altro segno, naturalmente, rispetto al clamore delle operazioni immobiliari di gran lusso, come lo shopping da 1,3 miliardi del gruppo Kering di Francois Pinault (moda) per un palazzo in via Montenapoleone, oramai la seconda strada pi\u00f9 cara al mondo dopo la Fifth Avenue a New York (la stima \u00e8 di Cushman &amp; Wakefield, Il Sole24Ore, 5 aprile).<\/p>\n<p>Il mercato, naturalmente, anche per il settore immobiliare, fa il suo mestiere. Ma una metropoli, organismo vivente, <em>civitas <\/em>e non solo <em>urbs <\/em>(le strutture, le strade, i palazzi) non pu\u00f2 essere lasciata soltanto alle dinamiche di mercato. Ha bisogno di politica sapiente, efficiente pubblica amministrazione, lungimirante urbanistica, solida cultura dell\u2019innovazione e dell\u2019inclusione sociale. Pena la perdita delle caratteristiche di fondo di Milano, della sua anima solidale, dunque nel lungo periodo della sua stessa bellezza e attrattivit\u00e0.<\/p>\n<p>Salute, ambiente, qualit\u00e0 della vita, sviluppo sostenibile, dunque. Temi comuni a quell\u2019area fortemente antropizzata ed economicamente e culturalmente dinamica che comprende il Nord Ovest, la Lombardia, l\u2019Emilia e il Nord Est, cuore produttivo europeo con un originale e robusto capitale sociale di imprese, universit\u00e0, banche, strutture culturali e di ricerca e istituzioni e organizzazioni ricche di virt\u00f9 civili (ne abbiamo scritto nel blog del 3 aprile).<\/p>\n<p>Ne discutono, in questi giorni, appunto a Milano, per la \u201c<strong>Giornata della Terra<\/strong>\u201d, i sindaci dei comuni padani (oltre che Milano, anche Torino, Bologna, Treviso, Venezia, etc, calcolando che nella grande area vivono 23 milioni di cittadini). E il sindaco di Milano ne fa una sintesi cos\u00ec: \u201cNel nostro futuro, mobilit\u00e0 green e citt\u00e0 multicentrica\u201d (la Repubblica, 21 aprile). Si vedr\u00e0.<\/p><p><em>(Foto Getty Images)<\/em><\/p>","protected":false},"excerpt":{"rendered":"<p>Milano splendida splendente, all\u2019indomani della chiusura della Design Week e del Salone del Mobile. Milano cardine della creativit\u00e0 e dell\u2019innovazione internazionale. Milano fabbrica e vetrina. Milano, per l\u2019ennesima volta, attrattiva e vitale. Si pu\u00f2 giocare, a buon diritto, con la retorica dei record e dei superlativi, anche mettendo in fila i numeri: oltre 350mila presenze, [&hellip;]<\/p>\n","protected":false},"author":1,"featured_media":100229,"comment_status":"open","ping_status":"open","sticky":false,"template":"","format":"standard","meta":{"footnotes":""},"categories":[53,52],"tags":[],"class_list":["post-100213","post","type-post","status-publish","format-standard","has-post-thumbnail","hentry","category-blog","category-cultura-dimpresa"],"acf":[],"yoast_head":"<!-- This site is optimized with the Yoast SEO plugin v25.0 - https:\/\/yoast.com\/wordpress\/plugins\/seo\/ -->\n<title>Milano tra successi della Design Week e migliori equilibri sociali da rilanciare\u00a0 - Fondazione Pirelli<\/title>\n<meta name=\"robots\" content=\"index, follow, max-snippet:-1, max-image-preview:large, max-video-preview:-1\" \/>\n<link rel=\"canonical\" href=\"https:\/\/www.fondazionepirelli.org\/it\/cultura-dimpresa\/milano-tra-successi-della-design-week-e-migliori-equilibri-sociali-da-rilanciare\/\" \/>\n<meta property=\"og:locale\" content=\"it_IT\" \/>\n<meta property=\"og:type\" content=\"article\" \/>\n<meta property=\"og:title\" content=\"Milano tra successi della Design Week e migliori equilibri sociali da rilanciare\u00a0 - Fondazione Pirelli\" \/>\n<meta property=\"og:description\" content=\"Milano splendida splendente, all\u2019indomani della chiusura della Design Week e del Salone del Mobile. Milano cardine della creativit\u00e0 e dell\u2019innovazione internazionale. Milano fabbrica e vetrina. Milano, per l\u2019ennesima volta, attrattiva e vitale. Si pu\u00f2 giocare, a buon diritto, con la retorica dei record e dei superlativi, anche mettendo in fila i numeri: oltre 350mila presenze, [&hellip;]\" \/>\n<meta property=\"og:url\" content=\"https:\/\/127.0.0.1\/it\/cultura-dimpresa\/milano-tra-successi-della-design-week-e-migliori-equilibri-sociali-da-rilanciare\/\" \/>\n<meta property=\"og:site_name\" content=\"Fondazione Pirelli\" \/>\n<meta property=\"article:published_time\" content=\"2024-04-23T08:01:12+00:00\" \/>\n<meta property=\"og:image\" content=\"https:\/\/wpsite-assets.fondazionepirelli.org\/wp-content\/uploads\/2024\/04\/23080559\/GettyImages-2148972346-scaled.jpg\" \/>\n\t<meta property=\"og:image:width\" content=\"2560\" \/>\n\t<meta property=\"og:image:height\" content=\"1706\" \/>\n\t<meta property=\"og:image:type\" content=\"image\/jpeg\" \/>\n<meta name=\"author\" content=\"fondadmin\" \/>\n<meta name=\"twitter:card\" content=\"summary_large_image\" \/>\n<meta name=\"twitter:label1\" content=\"Scritto da\" \/>\n\t<meta name=\"twitter:data1\" content=\"fondadmin\" \/>\n\t<meta name=\"twitter:label2\" content=\"Tempo di lettura stimato\" \/>\n\t<meta name=\"twitter:data2\" content=\"6 minuti\" \/>\n<script type=\"application\/ld+json\" class=\"yoast-schema-graph\">{\"@context\":\"https:\/\/schema.org\",\"@graph\":[{\"@type\":\"WebPage\",\"@id\":\"https:\/\/127.0.0.1\/it\/cultura-dimpresa\/milano-tra-successi-della-design-week-e-migliori-equilibri-sociali-da-rilanciare\/\",\"url\":\"https:\/\/127.0.0.1\/it\/cultura-dimpresa\/milano-tra-successi-della-design-week-e-migliori-equilibri-sociali-da-rilanciare\/\",\"name\":\"Milano tra successi della Design Week e migliori equilibri sociali da rilanciare\u00a0 - Fondazione Pirelli\",\"isPartOf\":{\"@id\":\"https:\/\/www.fondazionepirelli.org\/it\/#website\"},\"primaryImageOfPage\":{\"@id\":\"https:\/\/127.0.0.1\/it\/cultura-dimpresa\/milano-tra-successi-della-design-week-e-migliori-equilibri-sociali-da-rilanciare\/#primaryimage\"},\"image\":{\"@id\":\"https:\/\/127.0.0.1\/it\/cultura-dimpresa\/milano-tra-successi-della-design-week-e-migliori-equilibri-sociali-da-rilanciare\/#primaryimage\"},\"thumbnailUrl\":\"https:\/\/wpsite-assets.fondazionepirelli.org\/wp-content\/uploads\/2024\/04\/23080559\/GettyImages-2148972346-scaled.jpg\",\"datePublished\":\"2024-04-23T08:01:12+00:00\",\"author\":{\"@id\":\"https:\/\/www.fondazionepirelli.org\/it\/#\/schema\/person\/f47d097000832c4a6e54538c791fdf25\"},\"breadcrumb\":{\"@id\":\"https:\/\/127.0.0.1\/it\/cultura-dimpresa\/milano-tra-successi-della-design-week-e-migliori-equilibri-sociali-da-rilanciare\/#breadcrumb\"},\"inLanguage\":\"it-IT\",\"potentialAction\":[{\"@type\":\"ReadAction\",\"target\":[\"https:\/\/127.0.0.1\/it\/cultura-dimpresa\/milano-tra-successi-della-design-week-e-migliori-equilibri-sociali-da-rilanciare\/\"]}]},{\"@type\":\"ImageObject\",\"inLanguage\":\"it-IT\",\"@id\":\"https:\/\/127.0.0.1\/it\/cultura-dimpresa\/milano-tra-successi-della-design-week-e-migliori-equilibri-sociali-da-rilanciare\/#primaryimage\",\"url\":\"https:\/\/wpsite-assets.fondazionepirelli.org\/wp-content\/uploads\/2024\/04\/23080559\/GettyImages-2148972346-scaled.jpg\",\"contentUrl\":\"https:\/\/wpsite-assets.fondazionepirelli.org\/wp-content\/uploads\/2024\/04\/23080559\/GettyImages-2148972346-scaled.jpg\",\"width\":2560,\"height\":1706,\"caption\":\"MILAN, ITALY - APRIL 17: A general view of the installation \\\"The Amazing Walk\\\" by MAD Architects with Amazon, part of the collective exhibition \\\"Cross Vision\\\", during the Milan Design Week 2024 at Universit\u00e0 degli Studi on April 17, 2024 in Milan, Italy. Every year, the Salone Internazionale del Mobile and Fuorisalone define the Milan Design Week, the world\u2019s largest annual furniture and design event. Centered on principles of circular economy, reuse, and sustainable practices and materials, the Fuorisalone\u2019s 24 theme:\u00a0\u201cMateria Natura\u201d, seeks to foster a culture of mindful design. (Photo by Emanuele Cremaschi\/Getty Images)\"},{\"@type\":\"BreadcrumbList\",\"@id\":\"https:\/\/127.0.0.1\/it\/cultura-dimpresa\/milano-tra-successi-della-design-week-e-migliori-equilibri-sociali-da-rilanciare\/#breadcrumb\",\"itemListElement\":[{\"@type\":\"ListItem\",\"position\":1,\"name\":\"Home\",\"item\":\"https:\/\/www.fondazionepirelli.org\/it\/\"},{\"@type\":\"ListItem\",\"position\":2,\"name\":\"Milano tra successi della Design Week e migliori equilibri sociali da rilanciare\u00a0\"}]},{\"@type\":\"WebSite\",\"@id\":\"https:\/\/www.fondazionepirelli.org\/it\/#website\",\"url\":\"https:\/\/www.fondazionepirelli.org\/it\/\",\"name\":\"Fondazione Pirelli\",\"description\":\"\",\"potentialAction\":[{\"@type\":\"SearchAction\",\"target\":{\"@type\":\"EntryPoint\",\"urlTemplate\":\"https:\/\/www.fondazionepirelli.org\/it\/?s={search_term_string}\"},\"query-input\":{\"@type\":\"PropertyValueSpecification\",\"valueRequired\":true,\"valueName\":\"search_term_string\"}}],\"inLanguage\":\"it-IT\"},{\"@type\":\"Person\",\"@id\":\"https:\/\/www.fondazionepirelli.org\/it\/#\/schema\/person\/f47d097000832c4a6e54538c791fdf25\",\"name\":\"fondadmin\",\"image\":{\"@type\":\"ImageObject\",\"inLanguage\":\"it-IT\",\"@id\":\"https:\/\/www.fondazionepirelli.org\/it\/#\/schema\/person\/image\/\",\"url\":\"https:\/\/secure.gravatar.com\/avatar\/e69498a9175ca244966e51e53c88712c024fcebe41f9a05f75657f1bb25e489b?s=96&d=mm&r=g\",\"contentUrl\":\"https:\/\/secure.gravatar.com\/avatar\/e69498a9175ca244966e51e53c88712c024fcebe41f9a05f75657f1bb25e489b?s=96&d=mm&r=g\",\"caption\":\"fondadmin\"},\"url\":\"https:\/\/www.fondazionepirelli.org\/it\/author\/fondadmin\/\"}]}<\/script>\n<!-- \/ Yoast SEO plugin. -->","yoast_head_json":{"title":"Milano tra successi della Design Week e migliori equilibri sociali da rilanciare\u00a0 - Fondazione Pirelli","robots":{"index":"index","follow":"follow","max-snippet":"max-snippet:-1","max-image-preview":"max-image-preview:large","max-video-preview":"max-video-preview:-1"},"canonical":"https:\/\/www.fondazionepirelli.org\/it\/cultura-dimpresa\/milano-tra-successi-della-design-week-e-migliori-equilibri-sociali-da-rilanciare\/","og_locale":"it_IT","og_type":"article","og_title":"Milano tra successi della Design Week e migliori equilibri sociali da rilanciare\u00a0 - Fondazione Pirelli","og_description":"Milano splendida splendente, all\u2019indomani della chiusura della Design Week e del Salone del Mobile. Milano cardine della creativit\u00e0 e dell\u2019innovazione internazionale. Milano fabbrica e vetrina. Milano, per l\u2019ennesima volta, attrattiva e vitale. Si pu\u00f2 giocare, a buon diritto, con la retorica dei record e dei superlativi, anche mettendo in fila i numeri: oltre 350mila presenze, [&hellip;]","og_url":"https:\/\/127.0.0.1\/it\/cultura-dimpresa\/milano-tra-successi-della-design-week-e-migliori-equilibri-sociali-da-rilanciare\/","og_site_name":"Fondazione Pirelli","article_published_time":"2024-04-23T08:01:12+00:00","og_image":[{"width":2560,"height":1706,"url":"https:\/\/wpsite-assets.fondazionepirelli.org\/wp-content\/uploads\/2024\/04\/23080559\/GettyImages-2148972346-scaled.jpg","type":"image\/jpeg"}],"author":"fondadmin","twitter_card":"summary_large_image","twitter_misc":{"Scritto da":"fondadmin","Tempo di lettura stimato":"6 minuti"},"schema":{"@context":"https:\/\/schema.org","@graph":[{"@type":"WebPage","@id":"https:\/\/127.0.0.1\/it\/cultura-dimpresa\/milano-tra-successi-della-design-week-e-migliori-equilibri-sociali-da-rilanciare\/","url":"https:\/\/127.0.0.1\/it\/cultura-dimpresa\/milano-tra-successi-della-design-week-e-migliori-equilibri-sociali-da-rilanciare\/","name":"Milano tra successi della Design Week e migliori equilibri sociali da rilanciare\u00a0 - Fondazione Pirelli","isPartOf":{"@id":"https:\/\/www.fondazionepirelli.org\/it\/#website"},"primaryImageOfPage":{"@id":"https:\/\/127.0.0.1\/it\/cultura-dimpresa\/milano-tra-successi-della-design-week-e-migliori-equilibri-sociali-da-rilanciare\/#primaryimage"},"image":{"@id":"https:\/\/127.0.0.1\/it\/cultura-dimpresa\/milano-tra-successi-della-design-week-e-migliori-equilibri-sociali-da-rilanciare\/#primaryimage"},"thumbnailUrl":"https:\/\/wpsite-assets.fondazionepirelli.org\/wp-content\/uploads\/2024\/04\/23080559\/GettyImages-2148972346-scaled.jpg","datePublished":"2024-04-23T08:01:12+00:00","author":{"@id":"https:\/\/www.fondazionepirelli.org\/it\/#\/schema\/person\/f47d097000832c4a6e54538c791fdf25"},"breadcrumb":{"@id":"https:\/\/127.0.0.1\/it\/cultura-dimpresa\/milano-tra-successi-della-design-week-e-migliori-equilibri-sociali-da-rilanciare\/#breadcrumb"},"inLanguage":"it-IT","potentialAction":[{"@type":"ReadAction","target":["https:\/\/127.0.0.1\/it\/cultura-dimpresa\/milano-tra-successi-della-design-week-e-migliori-equilibri-sociali-da-rilanciare\/"]}]},{"@type":"ImageObject","inLanguage":"it-IT","@id":"https:\/\/127.0.0.1\/it\/cultura-dimpresa\/milano-tra-successi-della-design-week-e-migliori-equilibri-sociali-da-rilanciare\/#primaryimage","url":"https:\/\/wpsite-assets.fondazionepirelli.org\/wp-content\/uploads\/2024\/04\/23080559\/GettyImages-2148972346-scaled.jpg","contentUrl":"https:\/\/wpsite-assets.fondazionepirelli.org\/wp-content\/uploads\/2024\/04\/23080559\/GettyImages-2148972346-scaled.jpg","width":2560,"height":1706,"caption":"MILAN, ITALY - APRIL 17: A general view of the installation \"The Amazing Walk\" by MAD Architects with Amazon, part of the collective exhibition \"Cross Vision\", during the Milan Design Week 2024 at Universit\u00e0 degli Studi on April 17, 2024 in Milan, Italy. Every year, the Salone Internazionale del Mobile and Fuorisalone define the Milan Design Week, the world\u2019s largest annual furniture and design event. Centered on principles of circular economy, reuse, and sustainable practices and materials, the Fuorisalone\u2019s 24 theme:\u00a0\u201cMateria Natura\u201d, seeks to foster a culture of mindful design. (Photo by Emanuele Cremaschi\/Getty Images)"},{"@type":"BreadcrumbList","@id":"https:\/\/127.0.0.1\/it\/cultura-dimpresa\/milano-tra-successi-della-design-week-e-migliori-equilibri-sociali-da-rilanciare\/#breadcrumb","itemListElement":[{"@type":"ListItem","position":1,"name":"Home","item":"https:\/\/www.fondazionepirelli.org\/it\/"},{"@type":"ListItem","position":2,"name":"Milano tra successi della Design Week e migliori equilibri sociali da rilanciare\u00a0"}]},{"@type":"WebSite","@id":"https:\/\/www.fondazionepirelli.org\/it\/#website","url":"https:\/\/www.fondazionepirelli.org\/it\/","name":"Fondazione Pirelli","description":"","potentialAction":[{"@type":"SearchAction","target":{"@type":"EntryPoint","urlTemplate":"https:\/\/www.fondazionepirelli.org\/it\/?s={search_term_string}"},"query-input":{"@type":"PropertyValueSpecification","valueRequired":true,"valueName":"search_term_string"}}],"inLanguage":"it-IT"},{"@type":"Person","@id":"https:\/\/www.fondazionepirelli.org\/it\/#\/schema\/person\/f47d097000832c4a6e54538c791fdf25","name":"fondadmin","image":{"@type":"ImageObject","inLanguage":"it-IT","@id":"https:\/\/www.fondazionepirelli.org\/it\/#\/schema\/person\/image\/","url":"https:\/\/secure.gravatar.com\/avatar\/e69498a9175ca244966e51e53c88712c024fcebe41f9a05f75657f1bb25e489b?s=96&d=mm&r=g","contentUrl":"https:\/\/secure.gravatar.com\/avatar\/e69498a9175ca244966e51e53c88712c024fcebe41f9a05f75657f1bb25e489b?s=96&d=mm&r=g","caption":"fondadmin"},"url":"https:\/\/www.fondazionepirelli.org\/it\/author\/fondadmin\/"}]}},"_links":{"self":[{"href":"https:\/\/www.fondazionepirelli.org\/it\/wp-json\/wp\/v2\/posts\/100213\/"}],"collection":[{"href":"https:\/\/www.fondazionepirelli.org\/it\/wp-json\/wp\/v2\/posts\/"}],"about":[{"href":"https:\/\/www.fondazionepirelli.org\/it\/wp-json\/wp\/v2\/types\/post\/"}],"author":[{"embeddable":true,"href":"https:\/\/www.fondazionepirelli.org\/it\/wp-json\/wp\/v2\/users\/1\/"}],"replies":[{"embeddable":true,"href":"https:\/\/www.fondazionepirelli.org\/it\/wp-json\/wp\/v2\/comments\/?post=100213"}],"version-history":[{"count":4,"href":"https:\/\/www.fondazionepirelli.org\/it\/wp-json\/wp\/v2\/posts\/100213\/revisions\/"}],"predecessor-version":[{"id":100240,"href":"https:\/\/www.fondazionepirelli.org\/it\/wp-json\/wp\/v2\/posts\/100213\/revisions\/100240\/"}],"wp:featuredmedia":[{"embeddable":true,"href":"https:\/\/www.fondazionepirelli.org\/it\/wp-json\/wp\/v2\/media\/100229\/"}],"wp:attachment":[{"href":"https:\/\/www.fondazionepirelli.org\/it\/wp-json\/wp\/v2\/media\/?parent=100213"}],"wp:term":[{"taxonomy":"category","embeddable":true,"href":"https:\/\/www.fondazionepirelli.org\/it\/wp-json\/wp\/v2\/categories\/?post=100213"},{"taxonomy":"post_tag","embeddable":true,"href":"https:\/\/www.fondazionepirelli.org\/it\/wp-json\/wp\/v2\/tags\/?post=100213"}],"curies":[{"name":"wp","href":"https:\/\/api.w.org\/{rel}","templated":true}]}}