{"id":100234,"date":"2024-04-23T09:00:31","date_gmt":"2024-04-23T08:00:31","guid":{"rendered":"https:\/\/www.fondazionepirelli.org\/?p=100234"},"modified":"2024-04-23T09:00:31","modified_gmt":"2024-04-23T08:00:31","slug":"trentanni-da-capire","status":"publish","type":"post","link":"https:\/\/www.fondazionepirelli.org\/it\/cultura-dimpresa\/trentanni-da-capire\/","title":{"rendered":"Trent\u2019anni da capire"},"content":{"rendered":"<p><em>Appena pubblicato un libro con 12 saggi che aiutano a comprendere l\u2019Italia dal 1992 al 2022<\/em><\/p><p>Conoscere la storia, anche recente, per comprendere meglio dove e come si sta vivendo e, soprattutto, verso quale orizzonte ci si sta dirigendo. Insegnamento mai inutile da ricordare. Anche per chi fa impresa. E\u2019 per questo che \u00e8 utile leggere \u201cL\u2019Italia al bivio. Classi dirigenti alla prova del cambiamento1992-2022\u201d curato da Franco Amatori, Pietro Modiano e Edoardo Reviglio.<br \/>\nIl libro \u00e8, come d\u2019altra parte indica il titolo, una raccolta di saggi che hanno l\u2019obiettivo di fare un bilancio di trent\u2019anni di vicende italiane. Bilancio non solo e non tanto economico, ma anche sociale e politico. Con una particolarit\u00e0: i<br \/>\n12 saggi sono firmati da chi ne \u00e8 stato testimone diretto o ha studiate a fondo le vicende di cui si fornisce racconto e interpretazione. Focus di tutto, sono le cosiddette \u201cclassi dirigenti\u201d che hanno governato il Paese in tre decenni.<br \/>\nI temi affrontati dai 12 saggi sono quelli delle riforme mancate e del debito pubblico (Mario Perugini, Roberto Artoni); Mani Pulite e la svolta del1992 (Pietro Modiano, Giuliano Amato); il grande capitolo delle privatizzazioni (Franco Amatori, Ruggiero Ranieri, Marco Onado, Edoardo Reviglio, Franco Bernab\u00e9); la svolta delle relazioni industriali (Stefano Musso, Sergio Cofferati); la crisi dei vecchi equilibri e i nuovi protagonisti dell\u2019economia (Marco Doria, Andrea Colli, Innocenzo Cipolletta, Franco Amatori, Ilaria Sangalli, Aldo Fumagalli Romario); il permanente divario Nord\/Sud (Leandra D\u2019Antone, Gianfranco Viesti, Renato Quaglia); le nostre inadeguatezze di fronte alla sfida globale (Piarluigi Ciocca, Laura Pennacchi). Chiude il volume una lunga intervista a Romano Prodi che \u201ctira le fila\u201d dei vari contributi.<br \/>\nMa quale pu\u00f2 essere, dunque, il bilancio di tre decenni cos\u00ec travagliati? Dalle analisi contenute nel libro, emerge una valutazione negativa di quanto \u00e8 stato fatto e ottenuto. Si \u00e8 trattato \u2013 \u00e8 l\u2019opinione che emerge dalle pagine del libro avrebbero potuto condurre in una diversa direzione, se ci fossero state classi dirigenti all\u2019altezza del momento storico.<br \/>\nCome ogni libro che ha davvero intenzione di dire le cose chiare, anche \u201cL\u2019Italia al bivio\u201d fa discutere, suscita dibattito e accetta che non tutti quelli che leggono siano d\u2019accordo. Ed \u00e8 per questo che il lavoro curato da Amatori, Modiano e Reviglio \u00e8 da leggere e rileggere.<\/p><p><strong>L\u2019Italia al bivio. Classi dirigenti alla prova del cambiamento1992-2022<\/strong><br \/>\nFranco Amatori Pietro Modiano Edoardo Reviglio (a cura di)<br \/>\nFranco Angeli, 2024<\/p>\n","protected":false},"excerpt":{"rendered":"<p>Appena pubblicato un libro con 12 saggi che aiutano a comprendere l\u2019Italia dal 1992 al 2022Conoscere la storia, anche recente, per comprendere meglio dove e come si sta vivendo e, soprattutto, verso quale orizzonte ci si sta dirigendo. Insegnamento mai inutile da ricordare. Anche per chi fa impresa. E\u2019 per questo che \u00e8 utile leggere [&hellip;]<\/p>\n","protected":false},"author":1,"featured_media":100235,"comment_status":"open","ping_status":"open","sticky":false,"template":"","format":"standard","meta":{"footnotes":""},"categories":[52,58],"tags":[],"class_list":["post-100234","post","type-post","status-publish","format-standard","has-post-thumbnail","hentry","category-cultura-dimpresa","category-recensioni-libri"],"acf":[],"yoast_head":"<!-- This site is optimized with the Yoast SEO plugin v25.0 - https:\/\/yoast.com\/wordpress\/plugins\/seo\/ -->\n<title>Trent\u2019anni da capire - Fondazione Pirelli<\/title>\n<meta name=\"robots\" content=\"index, follow, max-snippet:-1, max-image-preview:large, max-video-preview:-1\" \/>\n<link rel=\"canonical\" href=\"https:\/\/www.fondazionepirelli.org\/it\/cultura-dimpresa\/trentanni-da-capire\/\" \/>\n<meta property=\"og:locale\" content=\"it_IT\" \/>\n<meta property=\"og:type\" content=\"article\" \/>\n<meta property=\"og:title\" content=\"Trent\u2019anni da capire - Fondazione Pirelli\" \/>\n<meta property=\"og:description\" content=\"Appena pubblicato un libro con 12 saggi che aiutano a comprendere l\u2019Italia dal 1992 al 2022Conoscere la storia, anche recente, per comprendere meglio dove e come si sta vivendo e, soprattutto, verso quale orizzonte ci si sta dirigendo. Insegnamento mai inutile da ricordare. Anche per chi fa impresa. E\u2019 per questo che \u00e8 utile leggere [&hellip;]\" \/>\n<meta property=\"og:url\" content=\"https:\/\/www.fondazionepirelli.org\/it\/cultura-dimpresa\/trentanni-da-capire\/\" \/>\n<meta property=\"og:site_name\" content=\"Fondazione Pirelli\" \/>\n<meta property=\"article:published_time\" content=\"2024-04-23T08:00:31+00:00\" \/>\n<meta property=\"og:image\" content=\"https:\/\/wpsite-assets.fondazionepirelli.org\/wp-content\/uploads\/2024\/04\/23090018\/618rKwAi2fL._SL1482_.jpg\" \/>\n\t<meta property=\"og:image:width\" content=\"1000\" \/>\n\t<meta property=\"og:image:height\" content=\"1482\" \/>\n\t<meta property=\"og:image:type\" content=\"image\/jpeg\" \/>\n<meta name=\"author\" content=\"fondadmin\" \/>\n<meta name=\"twitter:card\" content=\"summary_large_image\" \/>\n<meta name=\"twitter:label1\" content=\"Scritto da\" \/>\n\t<meta name=\"twitter:data1\" content=\"fondadmin\" \/>\n\t<meta name=\"twitter:label2\" content=\"Tempo di lettura stimato\" \/>\n\t<meta name=\"twitter:data2\" content=\"2 minuti\" \/>\n<script type=\"application\/ld+json\" class=\"yoast-schema-graph\">{\"@context\":\"https:\/\/schema.org\",\"@graph\":[{\"@type\":\"WebPage\",\"@id\":\"https:\/\/www.fondazionepirelli.org\/it\/cultura-dimpresa\/trentanni-da-capire\/\",\"url\":\"https:\/\/www.fondazionepirelli.org\/it\/cultura-dimpresa\/trentanni-da-capire\/\",\"name\":\"Trent\u2019anni da capire - Fondazione Pirelli\",\"isPartOf\":{\"@id\":\"https:\/\/www.fondazionepirelli.org\/it\/#website\"},\"primaryImageOfPage\":{\"@id\":\"https:\/\/www.fondazionepirelli.org\/it\/cultura-dimpresa\/trentanni-da-capire\/#primaryimage\"},\"image\":{\"@id\":\"https:\/\/www.fondazionepirelli.org\/it\/cultura-dimpresa\/trentanni-da-capire\/#primaryimage\"},\"thumbnailUrl\":\"https:\/\/wpsite-assets.fondazionepirelli.org\/wp-content\/uploads\/2024\/04\/23090018\/618rKwAi2fL._SL1482_.jpg\",\"datePublished\":\"2024-04-23T08:00:31+00:00\",\"author\":{\"@id\":\"https:\/\/www.fondazionepirelli.org\/it\/#\/schema\/person\/f47d097000832c4a6e54538c791fdf25\"},\"breadcrumb\":{\"@id\":\"https:\/\/www.fondazionepirelli.org\/it\/cultura-dimpresa\/trentanni-da-capire\/#breadcrumb\"},\"inLanguage\":\"it-IT\",\"potentialAction\":[{\"@type\":\"ReadAction\",\"target\":[\"https:\/\/www.fondazionepirelli.org\/it\/cultura-dimpresa\/trentanni-da-capire\/\"]}]},{\"@type\":\"ImageObject\",\"inLanguage\":\"it-IT\",\"@id\":\"https:\/\/www.fondazionepirelli.org\/it\/cultura-dimpresa\/trentanni-da-capire\/#primaryimage\",\"url\":\"https:\/\/wpsite-assets.fondazionepirelli.org\/wp-content\/uploads\/2024\/04\/23090018\/618rKwAi2fL._SL1482_.jpg\",\"contentUrl\":\"https:\/\/wpsite-assets.fondazionepirelli.org\/wp-content\/uploads\/2024\/04\/23090018\/618rKwAi2fL._SL1482_.jpg\",\"width\":1000,\"height\":1482},{\"@type\":\"BreadcrumbList\",\"@id\":\"https:\/\/www.fondazionepirelli.org\/it\/cultura-dimpresa\/trentanni-da-capire\/#breadcrumb\",\"itemListElement\":[{\"@type\":\"ListItem\",\"position\":1,\"name\":\"Home\",\"item\":\"https:\/\/www.fondazionepirelli.org\/it\/\"},{\"@type\":\"ListItem\",\"position\":2,\"name\":\"Trent\u2019anni da capire\"}]},{\"@type\":\"WebSite\",\"@id\":\"https:\/\/www.fondazionepirelli.org\/it\/#website\",\"url\":\"https:\/\/www.fondazionepirelli.org\/it\/\",\"name\":\"Fondazione Pirelli\",\"description\":\"\",\"potentialAction\":[{\"@type\":\"SearchAction\",\"target\":{\"@type\":\"EntryPoint\",\"urlTemplate\":\"https:\/\/www.fondazionepirelli.org\/it\/?s={search_term_string}\"},\"query-input\":{\"@type\":\"PropertyValueSpecification\",\"valueRequired\":true,\"valueName\":\"search_term_string\"}}],\"inLanguage\":\"it-IT\"},{\"@type\":\"Person\",\"@id\":\"https:\/\/www.fondazionepirelli.org\/it\/#\/schema\/person\/f47d097000832c4a6e54538c791fdf25\",\"name\":\"fondadmin\",\"image\":{\"@type\":\"ImageObject\",\"inLanguage\":\"it-IT\",\"@id\":\"https:\/\/www.fondazionepirelli.org\/it\/#\/schema\/person\/image\/\",\"url\":\"https:\/\/secure.gravatar.com\/avatar\/e69498a9175ca244966e51e53c88712c024fcebe41f9a05f75657f1bb25e489b?s=96&d=mm&r=g\",\"contentUrl\":\"https:\/\/secure.gravatar.com\/avatar\/e69498a9175ca244966e51e53c88712c024fcebe41f9a05f75657f1bb25e489b?s=96&d=mm&r=g\",\"caption\":\"fondadmin\"},\"url\":\"https:\/\/www.fondazionepirelli.org\/it\/author\/fondadmin\/\"}]}<\/script>\n<!-- \/ Yoast SEO plugin. -->","yoast_head_json":{"title":"Trent\u2019anni da capire - Fondazione Pirelli","robots":{"index":"index","follow":"follow","max-snippet":"max-snippet:-1","max-image-preview":"max-image-preview:large","max-video-preview":"max-video-preview:-1"},"canonical":"https:\/\/www.fondazionepirelli.org\/it\/cultura-dimpresa\/trentanni-da-capire\/","og_locale":"it_IT","og_type":"article","og_title":"Trent\u2019anni da capire - Fondazione Pirelli","og_description":"Appena pubblicato un libro con 12 saggi che aiutano a comprendere l\u2019Italia dal 1992 al 2022Conoscere la storia, anche recente, per comprendere meglio dove e come si sta vivendo e, soprattutto, verso quale orizzonte ci si sta dirigendo. Insegnamento mai inutile da ricordare. Anche per chi fa impresa. E\u2019 per questo che \u00e8 utile leggere [&hellip;]","og_url":"https:\/\/www.fondazionepirelli.org\/it\/cultura-dimpresa\/trentanni-da-capire\/","og_site_name":"Fondazione Pirelli","article_published_time":"2024-04-23T08:00:31+00:00","og_image":[{"width":1000,"height":1482,"url":"https:\/\/wpsite-assets.fondazionepirelli.org\/wp-content\/uploads\/2024\/04\/23090018\/618rKwAi2fL._SL1482_.jpg","type":"image\/jpeg"}],"author":"fondadmin","twitter_card":"summary_large_image","twitter_misc":{"Scritto da":"fondadmin","Tempo di lettura stimato":"2 minuti"},"schema":{"@context":"https:\/\/schema.org","@graph":[{"@type":"WebPage","@id":"https:\/\/www.fondazionepirelli.org\/it\/cultura-dimpresa\/trentanni-da-capire\/","url":"https:\/\/www.fondazionepirelli.org\/it\/cultura-dimpresa\/trentanni-da-capire\/","name":"Trent\u2019anni da capire - Fondazione Pirelli","isPartOf":{"@id":"https:\/\/www.fondazionepirelli.org\/it\/#website"},"primaryImageOfPage":{"@id":"https:\/\/www.fondazionepirelli.org\/it\/cultura-dimpresa\/trentanni-da-capire\/#primaryimage"},"image":{"@id":"https:\/\/www.fondazionepirelli.org\/it\/cultura-dimpresa\/trentanni-da-capire\/#primaryimage"},"thumbnailUrl":"https:\/\/wpsite-assets.fondazionepirelli.org\/wp-content\/uploads\/2024\/04\/23090018\/618rKwAi2fL._SL1482_.jpg","datePublished":"2024-04-23T08:00:31+00:00","author":{"@id":"https:\/\/www.fondazionepirelli.org\/it\/#\/schema\/person\/f47d097000832c4a6e54538c791fdf25"},"breadcrumb":{"@id":"https:\/\/www.fondazionepirelli.org\/it\/cultura-dimpresa\/trentanni-da-capire\/#breadcrumb"},"inLanguage":"it-IT","potentialAction":[{"@type":"ReadAction","target":["https:\/\/www.fondazionepirelli.org\/it\/cultura-dimpresa\/trentanni-da-capire\/"]}]},{"@type":"ImageObject","inLanguage":"it-IT","@id":"https:\/\/www.fondazionepirelli.org\/it\/cultura-dimpresa\/trentanni-da-capire\/#primaryimage","url":"https:\/\/wpsite-assets.fondazionepirelli.org\/wp-content\/uploads\/2024\/04\/23090018\/618rKwAi2fL._SL1482_.jpg","contentUrl":"https:\/\/wpsite-assets.fondazionepirelli.org\/wp-content\/uploads\/2024\/04\/23090018\/618rKwAi2fL._SL1482_.jpg","width":1000,"height":1482},{"@type":"BreadcrumbList","@id":"https:\/\/www.fondazionepirelli.org\/it\/cultura-dimpresa\/trentanni-da-capire\/#breadcrumb","itemListElement":[{"@type":"ListItem","position":1,"name":"Home","item":"https:\/\/www.fondazionepirelli.org\/it\/"},{"@type":"ListItem","position":2,"name":"Trent\u2019anni da capire"}]},{"@type":"WebSite","@id":"https:\/\/www.fondazionepirelli.org\/it\/#website","url":"https:\/\/www.fondazionepirelli.org\/it\/","name":"Fondazione Pirelli","description":"","potentialAction":[{"@type":"SearchAction","target":{"@type":"EntryPoint","urlTemplate":"https:\/\/www.fondazionepirelli.org\/it\/?s={search_term_string}"},"query-input":{"@type":"PropertyValueSpecification","valueRequired":true,"valueName":"search_term_string"}}],"inLanguage":"it-IT"},{"@type":"Person","@id":"https:\/\/www.fondazionepirelli.org\/it\/#\/schema\/person\/f47d097000832c4a6e54538c791fdf25","name":"fondadmin","image":{"@type":"ImageObject","inLanguage":"it-IT","@id":"https:\/\/www.fondazionepirelli.org\/it\/#\/schema\/person\/image\/","url":"https:\/\/secure.gravatar.com\/avatar\/e69498a9175ca244966e51e53c88712c024fcebe41f9a05f75657f1bb25e489b?s=96&d=mm&r=g","contentUrl":"https:\/\/secure.gravatar.com\/avatar\/e69498a9175ca244966e51e53c88712c024fcebe41f9a05f75657f1bb25e489b?s=96&d=mm&r=g","caption":"fondadmin"},"url":"https:\/\/www.fondazionepirelli.org\/it\/author\/fondadmin\/"}]}},"_links":{"self":[{"href":"https:\/\/www.fondazionepirelli.org\/it\/wp-json\/wp\/v2\/posts\/100234\/"}],"collection":[{"href":"https:\/\/www.fondazionepirelli.org\/it\/wp-json\/wp\/v2\/posts\/"}],"about":[{"href":"https:\/\/www.fondazionepirelli.org\/it\/wp-json\/wp\/v2\/types\/post\/"}],"author":[{"embeddable":true,"href":"https:\/\/www.fondazionepirelli.org\/it\/wp-json\/wp\/v2\/users\/1\/"}],"replies":[{"embeddable":true,"href":"https:\/\/www.fondazionepirelli.org\/it\/wp-json\/wp\/v2\/comments\/?post=100234"}],"version-history":[{"count":1,"href":"https:\/\/www.fondazionepirelli.org\/it\/wp-json\/wp\/v2\/posts\/100234\/revisions\/"}],"predecessor-version":[{"id":100237,"href":"https:\/\/www.fondazionepirelli.org\/it\/wp-json\/wp\/v2\/posts\/100234\/revisions\/100237\/"}],"wp:featuredmedia":[{"embeddable":true,"href":"https:\/\/www.fondazionepirelli.org\/it\/wp-json\/wp\/v2\/media\/100235\/"}],"wp:attachment":[{"href":"https:\/\/www.fondazionepirelli.org\/it\/wp-json\/wp\/v2\/media\/?parent=100234"}],"wp:term":[{"taxonomy":"category","embeddable":true,"href":"https:\/\/www.fondazionepirelli.org\/it\/wp-json\/wp\/v2\/categories\/?post=100234"},{"taxonomy":"post_tag","embeddable":true,"href":"https:\/\/www.fondazionepirelli.org\/it\/wp-json\/wp\/v2\/tags\/?post=100234"}],"curies":[{"name":"wp","href":"https:\/\/api.w.org\/{rel}","templated":true}]}}