{"id":100290,"date":"2024-05-07T07:54:44","date_gmt":"2024-05-07T06:54:44","guid":{"rendered":"https:\/\/www.fondazionepirelli.org\/?p=100290"},"modified":"2024-05-07T07:54:44","modified_gmt":"2024-05-07T06:54:44","slug":"limprenditore-continua-ad-essere-un-enigma","status":"publish","type":"post","link":"https:\/\/www.fondazionepirelli.org\/it\/cultura-dimpresa\/limprenditore-continua-ad-essere-un-enigma\/","title":{"rendered":"L\u2019imprenditore continua ad essere un enigma"},"content":{"rendered":"<p><em>Rileggere il libro di Giuseppe Berta sull\u2019imprenditorialit\u00e0 per comprendere meglio la realt\u00e0<\/em><\/p><p>\u201cUn conto \u00e8 stare sul ponte di comando di una nave di propriet\u00e0 d\u2019altri, un altro \u00e8 costruire la nave, metterla in mare e saper navigare\u201d. E\u2019 la sintesi pressoch\u00e9 perfetta, affidata ad una intervista ad Avvenire nel 2020, della figura dell\u2019imprenditore cos\u00ec come delineata da Giuseppe Berta \u2013 scomparso pochi giorni fa \u2013 per anni docente di Storia contemporanea alla Bocconi di Milano ma anche attento conoscitore del sistema delle imprese italiane. L\u2019imprenditore che ha \u201cun sogno\u201d (per dirla con un termine caro ad alcuni altri storici d\u2019impresa) e che riesce a realizzarlo, a farlo realt\u00e0, soffrendo e gioendo, riuscendo a scegliere i collaboratori pi\u00f9 adatti al caso suo, coordinarli, farli crescere e crescere con questi.<\/p>\n<p>Berta ha dedicato, in particolare, un libro a questa figura e alla sua specifica cultura &#8211; \u201cL\u2019enigma dell\u2019imprenditore (e il destino dell\u2019impresa)\u201d \u2013 che si caratterizza a partire dal titolo. Come ogni buon libro, infatti, questa fatica letteraria di Berta (una delle tante) non fornisce certezze e parla di un \u201cenigma\u201d per il quale, al pi\u00f9, indica strumenti utili alla sua comprensione. E lega, subito appunto dal titolo, la figura dell\u2019imprenditore al destino della sua creatura: l\u2019impresa.<\/p>\n<p>Destino che, leggendo il libro, si delinea prima dal punto di vista storico e poi sulla base della contemporaneit\u00e0 (valida ancora oggi a qualche anno dalla pubblicazione). L\u2019imprenditore cos\u00ec, viene descritto a partire dalla met\u00e0 del Settecento, quando questa figura \u00e8 rappresentata come motore del processo economico, per passare poi all\u2019Ottocento e al Novecento, quando l\u2019imprenditore diventa innovatore fino ad essere anche organizzatore e manager. Per arrivare all\u2019oggi, in un mondo in cui le nuove tecnologie, la digitalizzazione, la complessit\u00e0 e la velocit\u00e0 appaiono essere i nuovi vincoli e le nuove opportunit\u00e0 per l\u2019impresa.<\/p>\n<p>Cos\u00ec, la figura dell\u2019imprenditore e della sua cultura, \u00e8 per Berta occasione per raccontare l\u2019evoluzione dell\u2019impresa e del capitalismo (che nelle ultime pagine viene indicato come \u201cdelle piattaforme\u201d piuttosto che dei singoli). Un racconto che, come si diceva, non fornisce soluzioni preconfezionate, ma strumenti per capire. Tutto con una scrittura che si fa leggere, a tratti forse non semplicissima ma assolutamente comprensibile. Un libro da leggere \u2013 e rileggere \u2013, un libro che fa pensare e che non a caso si conclude con una domanda. Giuseppe Berta, infatti, parlando dell\u2019imprenditorialit\u00e0\u00a0 dell\u2019oggi le cui fortune dipendono dalle tecnologie cos\u00ec come dai circuiti finanziari,\u00a0 scrive di \u201cuna miscela che apparentemente pu\u00f2 alimentare all\u2019infinito le opportunit\u00e0 e il numero dei nuovi imprenditori. Ma fino a quando?\u201d.<\/p>\n<p><strong>\u00a0<\/strong><\/p>\n<p><strong>L\u2019enigma dell\u2019imprenditore (e il destino dell\u2019impresa)<\/strong><\/p>\n<p>Giuseppe Berta<\/p>\n<p>il Mulino, 2018<\/p>","protected":false},"excerpt":{"rendered":"<p>Rileggere il libro di Giuseppe Berta sull\u2019imprenditorialit\u00e0 per comprendere meglio la realt\u00e0\u201cUn conto \u00e8 stare sul ponte di comando di una nave di propriet\u00e0 d\u2019altri, un altro \u00e8 costruire la nave, metterla in mare e saper navigare\u201d. E\u2019 la sintesi pressoch\u00e9 perfetta, affidata ad una intervista ad Avvenire nel 2020, della figura dell\u2019imprenditore cos\u00ec come [&hellip;]<\/p>\n","protected":false},"author":1,"featured_media":100292,"comment_status":"open","ping_status":"open","sticky":false,"template":"","format":"standard","meta":{"footnotes":""},"categories":[52,58],"tags":[],"class_list":["post-100290","post","type-post","status-publish","format-standard","has-post-thumbnail","hentry","category-cultura-dimpresa","category-recensioni-libri"],"acf":[],"yoast_head":"<!-- This site is optimized with the Yoast SEO plugin v25.0 - https:\/\/yoast.com\/wordpress\/plugins\/seo\/ -->\n<title>L\u2019imprenditore continua ad essere un enigma - Fondazione Pirelli<\/title>\n<meta name=\"robots\" content=\"index, follow, max-snippet:-1, max-image-preview:large, max-video-preview:-1\" \/>\n<link rel=\"canonical\" href=\"https:\/\/www.fondazionepirelli.org\/it\/cultura-dimpresa\/limprenditore-continua-ad-essere-un-enigma\/\" \/>\n<meta property=\"og:locale\" content=\"it_IT\" \/>\n<meta property=\"og:type\" content=\"article\" \/>\n<meta property=\"og:title\" content=\"L\u2019imprenditore continua ad essere un enigma - Fondazione Pirelli\" \/>\n<meta property=\"og:description\" content=\"Rileggere il libro di Giuseppe Berta sull\u2019imprenditorialit\u00e0 per comprendere meglio la realt\u00e0\u201cUn conto \u00e8 stare sul ponte di comando di una nave di propriet\u00e0 d\u2019altri, un altro \u00e8 costruire la nave, metterla in mare e saper navigare\u201d. E\u2019 la sintesi pressoch\u00e9 perfetta, affidata ad una intervista ad Avvenire nel 2020, della figura dell\u2019imprenditore cos\u00ec come [&hellip;]\" \/>\n<meta property=\"og:url\" content=\"https:\/\/www.fondazionepirelli.org\/it\/cultura-dimpresa\/limprenditore-continua-ad-essere-un-enigma\/\" \/>\n<meta property=\"og:site_name\" content=\"Fondazione Pirelli\" \/>\n<meta property=\"article:published_time\" content=\"2024-05-07T06:54:44+00:00\" \/>\n<meta property=\"og:image\" content=\"https:\/\/wpsite-assets.fondazionepirelli.org\/wp-content\/uploads\/2024\/05\/06081532\/9788815278074_0_536_0_75.jpg\" \/>\n\t<meta property=\"og:image:width\" content=\"536\" \/>\n\t<meta property=\"og:image:height\" content=\"869\" \/>\n\t<meta property=\"og:image:type\" content=\"image\/jpeg\" \/>\n<meta name=\"author\" content=\"fondadmin\" \/>\n<meta name=\"twitter:card\" content=\"summary_large_image\" \/>\n<meta name=\"twitter:label1\" content=\"Scritto da\" \/>\n\t<meta name=\"twitter:data1\" content=\"fondadmin\" \/>\n\t<meta name=\"twitter:label2\" content=\"Tempo di lettura stimato\" \/>\n\t<meta name=\"twitter:data2\" content=\"2 minuti\" \/>\n<script type=\"application\/ld+json\" class=\"yoast-schema-graph\">{\"@context\":\"https:\/\/schema.org\",\"@graph\":[{\"@type\":\"WebPage\",\"@id\":\"https:\/\/www.fondazionepirelli.org\/it\/cultura-dimpresa\/limprenditore-continua-ad-essere-un-enigma\/\",\"url\":\"https:\/\/www.fondazionepirelli.org\/it\/cultura-dimpresa\/limprenditore-continua-ad-essere-un-enigma\/\",\"name\":\"L\u2019imprenditore continua ad essere un enigma - Fondazione Pirelli\",\"isPartOf\":{\"@id\":\"https:\/\/www.fondazionepirelli.org\/it\/#website\"},\"primaryImageOfPage\":{\"@id\":\"https:\/\/www.fondazionepirelli.org\/it\/cultura-dimpresa\/limprenditore-continua-ad-essere-un-enigma\/#primaryimage\"},\"image\":{\"@id\":\"https:\/\/www.fondazionepirelli.org\/it\/cultura-dimpresa\/limprenditore-continua-ad-essere-un-enigma\/#primaryimage\"},\"thumbnailUrl\":\"https:\/\/wpsite-assets.fondazionepirelli.org\/wp-content\/uploads\/2024\/05\/06081532\/9788815278074_0_536_0_75.jpg\",\"datePublished\":\"2024-05-07T06:54:44+00:00\",\"author\":{\"@id\":\"https:\/\/www.fondazionepirelli.org\/it\/#\/schema\/person\/f47d097000832c4a6e54538c791fdf25\"},\"breadcrumb\":{\"@id\":\"https:\/\/www.fondazionepirelli.org\/it\/cultura-dimpresa\/limprenditore-continua-ad-essere-un-enigma\/#breadcrumb\"},\"inLanguage\":\"it-IT\",\"potentialAction\":[{\"@type\":\"ReadAction\",\"target\":[\"https:\/\/www.fondazionepirelli.org\/it\/cultura-dimpresa\/limprenditore-continua-ad-essere-un-enigma\/\"]}]},{\"@type\":\"ImageObject\",\"inLanguage\":\"it-IT\",\"@id\":\"https:\/\/www.fondazionepirelli.org\/it\/cultura-dimpresa\/limprenditore-continua-ad-essere-un-enigma\/#primaryimage\",\"url\":\"https:\/\/wpsite-assets.fondazionepirelli.org\/wp-content\/uploads\/2024\/05\/06081532\/9788815278074_0_536_0_75.jpg\",\"contentUrl\":\"https:\/\/wpsite-assets.fondazionepirelli.org\/wp-content\/uploads\/2024\/05\/06081532\/9788815278074_0_536_0_75.jpg\",\"width\":536,\"height\":869},{\"@type\":\"BreadcrumbList\",\"@id\":\"https:\/\/www.fondazionepirelli.org\/it\/cultura-dimpresa\/limprenditore-continua-ad-essere-un-enigma\/#breadcrumb\",\"itemListElement\":[{\"@type\":\"ListItem\",\"position\":1,\"name\":\"Home\",\"item\":\"https:\/\/www.fondazionepirelli.org\/it\/\"},{\"@type\":\"ListItem\",\"position\":2,\"name\":\"L\u2019imprenditore continua ad essere un enigma\"}]},{\"@type\":\"WebSite\",\"@id\":\"https:\/\/www.fondazionepirelli.org\/it\/#website\",\"url\":\"https:\/\/www.fondazionepirelli.org\/it\/\",\"name\":\"Fondazione Pirelli\",\"description\":\"\",\"potentialAction\":[{\"@type\":\"SearchAction\",\"target\":{\"@type\":\"EntryPoint\",\"urlTemplate\":\"https:\/\/www.fondazionepirelli.org\/it\/?s={search_term_string}\"},\"query-input\":{\"@type\":\"PropertyValueSpecification\",\"valueRequired\":true,\"valueName\":\"search_term_string\"}}],\"inLanguage\":\"it-IT\"},{\"@type\":\"Person\",\"@id\":\"https:\/\/www.fondazionepirelli.org\/it\/#\/schema\/person\/f47d097000832c4a6e54538c791fdf25\",\"name\":\"fondadmin\",\"image\":{\"@type\":\"ImageObject\",\"inLanguage\":\"it-IT\",\"@id\":\"https:\/\/www.fondazionepirelli.org\/it\/#\/schema\/person\/image\/\",\"url\":\"https:\/\/secure.gravatar.com\/avatar\/e69498a9175ca244966e51e53c88712c024fcebe41f9a05f75657f1bb25e489b?s=96&d=mm&r=g\",\"contentUrl\":\"https:\/\/secure.gravatar.com\/avatar\/e69498a9175ca244966e51e53c88712c024fcebe41f9a05f75657f1bb25e489b?s=96&d=mm&r=g\",\"caption\":\"fondadmin\"},\"url\":\"https:\/\/www.fondazionepirelli.org\/it\/author\/fondadmin\/\"}]}<\/script>\n<!-- \/ Yoast SEO plugin. -->","yoast_head_json":{"title":"L\u2019imprenditore continua ad essere un enigma - Fondazione Pirelli","robots":{"index":"index","follow":"follow","max-snippet":"max-snippet:-1","max-image-preview":"max-image-preview:large","max-video-preview":"max-video-preview:-1"},"canonical":"https:\/\/www.fondazionepirelli.org\/it\/cultura-dimpresa\/limprenditore-continua-ad-essere-un-enigma\/","og_locale":"it_IT","og_type":"article","og_title":"L\u2019imprenditore continua ad essere un enigma - Fondazione Pirelli","og_description":"Rileggere il libro di Giuseppe Berta sull\u2019imprenditorialit\u00e0 per comprendere meglio la realt\u00e0\u201cUn conto \u00e8 stare sul ponte di comando di una nave di propriet\u00e0 d\u2019altri, un altro \u00e8 costruire la nave, metterla in mare e saper navigare\u201d. E\u2019 la sintesi pressoch\u00e9 perfetta, affidata ad una intervista ad Avvenire nel 2020, della figura dell\u2019imprenditore cos\u00ec come [&hellip;]","og_url":"https:\/\/www.fondazionepirelli.org\/it\/cultura-dimpresa\/limprenditore-continua-ad-essere-un-enigma\/","og_site_name":"Fondazione Pirelli","article_published_time":"2024-05-07T06:54:44+00:00","og_image":[{"width":536,"height":869,"url":"https:\/\/wpsite-assets.fondazionepirelli.org\/wp-content\/uploads\/2024\/05\/06081532\/9788815278074_0_536_0_75.jpg","type":"image\/jpeg"}],"author":"fondadmin","twitter_card":"summary_large_image","twitter_misc":{"Scritto da":"fondadmin","Tempo di lettura stimato":"2 minuti"},"schema":{"@context":"https:\/\/schema.org","@graph":[{"@type":"WebPage","@id":"https:\/\/www.fondazionepirelli.org\/it\/cultura-dimpresa\/limprenditore-continua-ad-essere-un-enigma\/","url":"https:\/\/www.fondazionepirelli.org\/it\/cultura-dimpresa\/limprenditore-continua-ad-essere-un-enigma\/","name":"L\u2019imprenditore continua ad essere un enigma - Fondazione Pirelli","isPartOf":{"@id":"https:\/\/www.fondazionepirelli.org\/it\/#website"},"primaryImageOfPage":{"@id":"https:\/\/www.fondazionepirelli.org\/it\/cultura-dimpresa\/limprenditore-continua-ad-essere-un-enigma\/#primaryimage"},"image":{"@id":"https:\/\/www.fondazionepirelli.org\/it\/cultura-dimpresa\/limprenditore-continua-ad-essere-un-enigma\/#primaryimage"},"thumbnailUrl":"https:\/\/wpsite-assets.fondazionepirelli.org\/wp-content\/uploads\/2024\/05\/06081532\/9788815278074_0_536_0_75.jpg","datePublished":"2024-05-07T06:54:44+00:00","author":{"@id":"https:\/\/www.fondazionepirelli.org\/it\/#\/schema\/person\/f47d097000832c4a6e54538c791fdf25"},"breadcrumb":{"@id":"https:\/\/www.fondazionepirelli.org\/it\/cultura-dimpresa\/limprenditore-continua-ad-essere-un-enigma\/#breadcrumb"},"inLanguage":"it-IT","potentialAction":[{"@type":"ReadAction","target":["https:\/\/www.fondazionepirelli.org\/it\/cultura-dimpresa\/limprenditore-continua-ad-essere-un-enigma\/"]}]},{"@type":"ImageObject","inLanguage":"it-IT","@id":"https:\/\/www.fondazionepirelli.org\/it\/cultura-dimpresa\/limprenditore-continua-ad-essere-un-enigma\/#primaryimage","url":"https:\/\/wpsite-assets.fondazionepirelli.org\/wp-content\/uploads\/2024\/05\/06081532\/9788815278074_0_536_0_75.jpg","contentUrl":"https:\/\/wpsite-assets.fondazionepirelli.org\/wp-content\/uploads\/2024\/05\/06081532\/9788815278074_0_536_0_75.jpg","width":536,"height":869},{"@type":"BreadcrumbList","@id":"https:\/\/www.fondazionepirelli.org\/it\/cultura-dimpresa\/limprenditore-continua-ad-essere-un-enigma\/#breadcrumb","itemListElement":[{"@type":"ListItem","position":1,"name":"Home","item":"https:\/\/www.fondazionepirelli.org\/it\/"},{"@type":"ListItem","position":2,"name":"L\u2019imprenditore continua ad essere un enigma"}]},{"@type":"WebSite","@id":"https:\/\/www.fondazionepirelli.org\/it\/#website","url":"https:\/\/www.fondazionepirelli.org\/it\/","name":"Fondazione Pirelli","description":"","potentialAction":[{"@type":"SearchAction","target":{"@type":"EntryPoint","urlTemplate":"https:\/\/www.fondazionepirelli.org\/it\/?s={search_term_string}"},"query-input":{"@type":"PropertyValueSpecification","valueRequired":true,"valueName":"search_term_string"}}],"inLanguage":"it-IT"},{"@type":"Person","@id":"https:\/\/www.fondazionepirelli.org\/it\/#\/schema\/person\/f47d097000832c4a6e54538c791fdf25","name":"fondadmin","image":{"@type":"ImageObject","inLanguage":"it-IT","@id":"https:\/\/www.fondazionepirelli.org\/it\/#\/schema\/person\/image\/","url":"https:\/\/secure.gravatar.com\/avatar\/e69498a9175ca244966e51e53c88712c024fcebe41f9a05f75657f1bb25e489b?s=96&d=mm&r=g","contentUrl":"https:\/\/secure.gravatar.com\/avatar\/e69498a9175ca244966e51e53c88712c024fcebe41f9a05f75657f1bb25e489b?s=96&d=mm&r=g","caption":"fondadmin"},"url":"https:\/\/www.fondazionepirelli.org\/it\/author\/fondadmin\/"}]}},"_links":{"self":[{"href":"https:\/\/www.fondazionepirelli.org\/it\/wp-json\/wp\/v2\/posts\/100290\/"}],"collection":[{"href":"https:\/\/www.fondazionepirelli.org\/it\/wp-json\/wp\/v2\/posts\/"}],"about":[{"href":"https:\/\/www.fondazionepirelli.org\/it\/wp-json\/wp\/v2\/types\/post\/"}],"author":[{"embeddable":true,"href":"https:\/\/www.fondazionepirelli.org\/it\/wp-json\/wp\/v2\/users\/1\/"}],"replies":[{"embeddable":true,"href":"https:\/\/www.fondazionepirelli.org\/it\/wp-json\/wp\/v2\/comments\/?post=100290"}],"version-history":[{"count":2,"href":"https:\/\/www.fondazionepirelli.org\/it\/wp-json\/wp\/v2\/posts\/100290\/revisions\/"}],"predecessor-version":[{"id":100334,"href":"https:\/\/www.fondazionepirelli.org\/it\/wp-json\/wp\/v2\/posts\/100290\/revisions\/100334\/"}],"wp:featuredmedia":[{"embeddable":true,"href":"https:\/\/www.fondazionepirelli.org\/it\/wp-json\/wp\/v2\/media\/100292\/"}],"wp:attachment":[{"href":"https:\/\/www.fondazionepirelli.org\/it\/wp-json\/wp\/v2\/media\/?parent=100290"}],"wp:term":[{"taxonomy":"category","embeddable":true,"href":"https:\/\/www.fondazionepirelli.org\/it\/wp-json\/wp\/v2\/categories\/?post=100290"},{"taxonomy":"post_tag","embeddable":true,"href":"https:\/\/www.fondazionepirelli.org\/it\/wp-json\/wp\/v2\/tags\/?post=100290"}],"curies":[{"name":"wp","href":"https:\/\/api.w.org\/{rel}","templated":true}]}}