{"id":100459,"date":"2024-05-21T10:47:18","date_gmt":"2024-05-21T09:47:18","guid":{"rendered":"https:\/\/www.fondazionepirelli.org\/?p=100459"},"modified":"2024-05-21T10:47:18","modified_gmt":"2024-05-21T09:47:18","slug":"misurare-e-fare-cultura","status":"publish","type":"post","link":"https:\/\/www.fondazionepirelli.org\/it\/cultura-dimpresa\/misurare-e-fare-cultura\/","title":{"rendered":"Misurare \u00e8 fare cultura"},"content":{"rendered":"<p><em>In un libro originale appena pubblicato, il racconto della misura come atto creativo e di crescita<\/em><\/p>\n<p><strong>\u00a0<\/strong><\/p>\n<p>Misurare per conoscere meglio. Per crescere, anzi potersi sviluppare. Per apprendere con maggior precisione del mondo che ci circonda. E misura come disciplina che pone le basi per la fantasia. Misurare non solo come atto d\u2019ingegneria oppure di statistica, ma come atto profondo di cultura (anche del produrre). E\u2019 attorno a questi concetti che \u00e8 stato scritto \u2013 a cura di Riccardo Varvelli \u2013 \u201cKat\u00e0 M\u00e9tron. Il libro della misura\u201d esperimento letterario e tecnico, libro da leggere tutto e strumento per pensare.<\/p>\n<p>Voluto da un imprenditore visionario come Enrico Loccioni (che oltre alla azienda che porta il suo nome ha creato anche una casa editrice e che ha una particolare e importante visione d\u2019impresa), \u201cKat\u00e0 M\u00e9tron\u201d nasce dall\u2019esperienza d\u2019impresa e dalla curiosit\u00e0 dell\u2019essere umano e, fin dalle prime pagine, si presenta come un \u201cprodotto\u201d editoriale particolare. Non \u00e8 un saggio storico \u2013 viene spiegato &#8211; non \u00e8 un testo scientifico, non \u00e8 un libro per bambini (anche se ha una copertina rigida giallo sole ed \u00e8 illustrato), non \u00e8 un volume di design. Ma \u00e8 \u201ctutte queste cose insieme\u201d. Particolare fin dal titolo \u2013 kat\u00e0 m\u00e9tron in greco antico significa \u201csecondo giusta misura\u201d \u2013 il libro ha un\u2019idea alla sua base, quella di raccontare il misurare e la misura come parti \u201cdella storia e dello sviluppo dell\u2019uomo\u201d. Misurare, dunque, per comprendere, migliorare, superare limiti e innovare. Azioni che, a ben vedere, stanno alla base di ogni impresa che voglia davvero dirsi tale.<\/p>\n<p>Attorno alla misura e al misurare si esercitano non solo Varvelli ma anche ingegneri, designer, data scientist, filosofi, formatori. Ognuno intento a offrire il suo punto di vista, una declinazione della misura che arriva nella vita di tutti i giorni. A tutto ci\u00f2 (con la supervisione di Corraini Edizioni), si sono aggiunte le illustrazioni di Harriet Russel. Pensato come libro didattico per un master sulla misura, \u00a0il libro \u00e8 poi diventato un oggetto connesso, che unisce la didattica al gioco, l\u2019arte all\u2019ingegneria, il design alla filosofia, la materia alla rete.<\/p>\n<p>Attraverso una serie di codici chi legge pu\u00f2 anche entrare nel mondo digitale del libro, che diventa una raccolta in continua formazione di contenuti sulla misura.<\/p>\n<p>Libro solo in apparenza semplice, \u201cKat\u00e0 M\u00e9tron\u201d deve essere letto con attenzione e curiosit\u00e0, sapendo di avere sotto gli occhi un prodotto frutto di una comunit\u00e0 di persone, di un\u2019impresa della conoscenza che lo stesso Loccioni non esita a delineare, che d\u00e0 il segno a tutto e che a ben vedere \u00e8 una perfetta definizione dell\u2019impresa a tutto tondo: \u201cUna comunit\u00e0 di lavoro che si raccoglie intorno al progetto, piuttosto che lungo la linea di produzione; un\u2019organizzazione in cui non ci sono capi, gerarchie, divisioni, ma team di lavoro multidisciplinari per trovare la soluzione pi\u00f9 giusta; una realt\u00e0 in cui il valore pi\u00f9 grande sono le persone, collaboratori e non dipendenti, azionisti del lavoro che investono i loro anni di studio in un lavoro che contribuiscono a evolvere\u201d.<\/p><p><strong>Kat\u00e0 M\u00e9tron. Il libro della misura<\/strong><br \/>\nRiccardo Varvelli (a cura di)<br \/>\nDesiderio Editore, 2023<\/p>\n","protected":false},"excerpt":{"rendered":"<p>In un libro originale appena pubblicato, il racconto della misura come atto creativo e di crescita \u00a0 Misurare per conoscere meglio. Per crescere, anzi potersi sviluppare. Per apprendere con maggior precisione del mondo che ci circonda. E misura come disciplina che pone le basi per la fantasia. Misurare non solo come atto d\u2019ingegneria oppure di [&hellip;]<\/p>\n","protected":false},"author":1,"featured_media":100467,"comment_status":"open","ping_status":"open","sticky":false,"template":"","format":"standard","meta":{"footnotes":""},"categories":[52,58],"tags":[],"class_list":["post-100459","post","type-post","status-publish","format-standard","has-post-thumbnail","hentry","category-cultura-dimpresa","category-recensioni-libri"],"acf":[],"yoast_head":"<!-- This site is optimized with the Yoast SEO plugin v25.0 - https:\/\/yoast.com\/wordpress\/plugins\/seo\/ -->\n<title>Misurare \u00e8 fare cultura - Fondazione Pirelli<\/title>\n<meta name=\"robots\" content=\"index, follow, max-snippet:-1, max-image-preview:large, max-video-preview:-1\" \/>\n<link rel=\"canonical\" href=\"https:\/\/www.fondazionepirelli.org\/it\/cultura-dimpresa\/misurare-e-fare-cultura\/\" \/>\n<meta property=\"og:locale\" content=\"it_IT\" \/>\n<meta property=\"og:type\" content=\"article\" \/>\n<meta property=\"og:title\" content=\"Misurare \u00e8 fare cultura - Fondazione Pirelli\" \/>\n<meta property=\"og:description\" content=\"In un libro originale appena pubblicato, il racconto della misura come atto creativo e di crescita \u00a0 Misurare per conoscere meglio. Per crescere, anzi potersi sviluppare. Per apprendere con maggior precisione del mondo che ci circonda. E misura come disciplina che pone le basi per la fantasia. Misurare non solo come atto d\u2019ingegneria oppure di [&hellip;]\" \/>\n<meta property=\"og:url\" content=\"https:\/\/www.fondazionepirelli.org\/it\/cultura-dimpresa\/misurare-e-fare-cultura\/\" \/>\n<meta property=\"og:site_name\" content=\"Fondazione Pirelli\" \/>\n<meta property=\"article:published_time\" content=\"2024-05-21T09:47:18+00:00\" \/>\n<meta property=\"og:image\" content=\"https:\/\/wpsite-assets.fondazionepirelli.org\/wp-content\/uploads\/2024\/05\/21080520\/IMG_0066.jpeg\" \/>\n\t<meta property=\"og:image:width\" content=\"1000\" \/>\n\t<meta property=\"og:image:height\" content=\"1408\" \/>\n\t<meta property=\"og:image:type\" content=\"image\/jpeg\" \/>\n<meta name=\"author\" content=\"fondadmin\" \/>\n<meta name=\"twitter:card\" content=\"summary_large_image\" \/>\n<meta name=\"twitter:label1\" content=\"Scritto da\" \/>\n\t<meta name=\"twitter:data1\" content=\"fondadmin\" \/>\n\t<meta name=\"twitter:label2\" content=\"Tempo di lettura stimato\" \/>\n\t<meta name=\"twitter:data2\" content=\"3 minuti\" \/>\n<script type=\"application\/ld+json\" class=\"yoast-schema-graph\">{\"@context\":\"https:\/\/schema.org\",\"@graph\":[{\"@type\":\"WebPage\",\"@id\":\"https:\/\/www.fondazionepirelli.org\/it\/cultura-dimpresa\/misurare-e-fare-cultura\/\",\"url\":\"https:\/\/www.fondazionepirelli.org\/it\/cultura-dimpresa\/misurare-e-fare-cultura\/\",\"name\":\"Misurare \u00e8 fare cultura - Fondazione Pirelli\",\"isPartOf\":{\"@id\":\"https:\/\/www.fondazionepirelli.org\/it\/#website\"},\"primaryImageOfPage\":{\"@id\":\"https:\/\/www.fondazionepirelli.org\/it\/cultura-dimpresa\/misurare-e-fare-cultura\/#primaryimage\"},\"image\":{\"@id\":\"https:\/\/www.fondazionepirelli.org\/it\/cultura-dimpresa\/misurare-e-fare-cultura\/#primaryimage\"},\"thumbnailUrl\":\"https:\/\/wpsite-assets.fondazionepirelli.org\/wp-content\/uploads\/2024\/05\/21080520\/IMG_0066.jpeg\",\"datePublished\":\"2024-05-21T09:47:18+00:00\",\"author\":{\"@id\":\"https:\/\/www.fondazionepirelli.org\/it\/#\/schema\/person\/f47d097000832c4a6e54538c791fdf25\"},\"breadcrumb\":{\"@id\":\"https:\/\/www.fondazionepirelli.org\/it\/cultura-dimpresa\/misurare-e-fare-cultura\/#breadcrumb\"},\"inLanguage\":\"it-IT\",\"potentialAction\":[{\"@type\":\"ReadAction\",\"target\":[\"https:\/\/www.fondazionepirelli.org\/it\/cultura-dimpresa\/misurare-e-fare-cultura\/\"]}]},{\"@type\":\"ImageObject\",\"inLanguage\":\"it-IT\",\"@id\":\"https:\/\/www.fondazionepirelli.org\/it\/cultura-dimpresa\/misurare-e-fare-cultura\/#primaryimage\",\"url\":\"https:\/\/wpsite-assets.fondazionepirelli.org\/wp-content\/uploads\/2024\/05\/21080520\/IMG_0066.jpeg\",\"contentUrl\":\"https:\/\/wpsite-assets.fondazionepirelli.org\/wp-content\/uploads\/2024\/05\/21080520\/IMG_0066.jpeg\",\"width\":1000,\"height\":1408},{\"@type\":\"BreadcrumbList\",\"@id\":\"https:\/\/www.fondazionepirelli.org\/it\/cultura-dimpresa\/misurare-e-fare-cultura\/#breadcrumb\",\"itemListElement\":[{\"@type\":\"ListItem\",\"position\":1,\"name\":\"Home\",\"item\":\"https:\/\/www.fondazionepirelli.org\/it\/\"},{\"@type\":\"ListItem\",\"position\":2,\"name\":\"Misurare \u00e8 fare cultura\"}]},{\"@type\":\"WebSite\",\"@id\":\"https:\/\/www.fondazionepirelli.org\/it\/#website\",\"url\":\"https:\/\/www.fondazionepirelli.org\/it\/\",\"name\":\"Fondazione Pirelli\",\"description\":\"\",\"potentialAction\":[{\"@type\":\"SearchAction\",\"target\":{\"@type\":\"EntryPoint\",\"urlTemplate\":\"https:\/\/www.fondazionepirelli.org\/it\/?s={search_term_string}\"},\"query-input\":{\"@type\":\"PropertyValueSpecification\",\"valueRequired\":true,\"valueName\":\"search_term_string\"}}],\"inLanguage\":\"it-IT\"},{\"@type\":\"Person\",\"@id\":\"https:\/\/www.fondazionepirelli.org\/it\/#\/schema\/person\/f47d097000832c4a6e54538c791fdf25\",\"name\":\"fondadmin\",\"image\":{\"@type\":\"ImageObject\",\"inLanguage\":\"it-IT\",\"@id\":\"https:\/\/www.fondazionepirelli.org\/it\/#\/schema\/person\/image\/\",\"url\":\"https:\/\/secure.gravatar.com\/avatar\/e69498a9175ca244966e51e53c88712c024fcebe41f9a05f75657f1bb25e489b?s=96&d=mm&r=g\",\"contentUrl\":\"https:\/\/secure.gravatar.com\/avatar\/e69498a9175ca244966e51e53c88712c024fcebe41f9a05f75657f1bb25e489b?s=96&d=mm&r=g\",\"caption\":\"fondadmin\"},\"url\":\"https:\/\/www.fondazionepirelli.org\/it\/author\/fondadmin\/\"}]}<\/script>\n<!-- \/ Yoast SEO plugin. -->","yoast_head_json":{"title":"Misurare \u00e8 fare cultura - Fondazione Pirelli","robots":{"index":"index","follow":"follow","max-snippet":"max-snippet:-1","max-image-preview":"max-image-preview:large","max-video-preview":"max-video-preview:-1"},"canonical":"https:\/\/www.fondazionepirelli.org\/it\/cultura-dimpresa\/misurare-e-fare-cultura\/","og_locale":"it_IT","og_type":"article","og_title":"Misurare \u00e8 fare cultura - Fondazione Pirelli","og_description":"In un libro originale appena pubblicato, il racconto della misura come atto creativo e di crescita \u00a0 Misurare per conoscere meglio. Per crescere, anzi potersi sviluppare. Per apprendere con maggior precisione del mondo che ci circonda. E misura come disciplina che pone le basi per la fantasia. Misurare non solo come atto d\u2019ingegneria oppure di [&hellip;]","og_url":"https:\/\/www.fondazionepirelli.org\/it\/cultura-dimpresa\/misurare-e-fare-cultura\/","og_site_name":"Fondazione Pirelli","article_published_time":"2024-05-21T09:47:18+00:00","og_image":[{"width":1000,"height":1408,"url":"https:\/\/wpsite-assets.fondazionepirelli.org\/wp-content\/uploads\/2024\/05\/21080520\/IMG_0066.jpeg","type":"image\/jpeg"}],"author":"fondadmin","twitter_card":"summary_large_image","twitter_misc":{"Scritto da":"fondadmin","Tempo di lettura stimato":"3 minuti"},"schema":{"@context":"https:\/\/schema.org","@graph":[{"@type":"WebPage","@id":"https:\/\/www.fondazionepirelli.org\/it\/cultura-dimpresa\/misurare-e-fare-cultura\/","url":"https:\/\/www.fondazionepirelli.org\/it\/cultura-dimpresa\/misurare-e-fare-cultura\/","name":"Misurare \u00e8 fare cultura - Fondazione Pirelli","isPartOf":{"@id":"https:\/\/www.fondazionepirelli.org\/it\/#website"},"primaryImageOfPage":{"@id":"https:\/\/www.fondazionepirelli.org\/it\/cultura-dimpresa\/misurare-e-fare-cultura\/#primaryimage"},"image":{"@id":"https:\/\/www.fondazionepirelli.org\/it\/cultura-dimpresa\/misurare-e-fare-cultura\/#primaryimage"},"thumbnailUrl":"https:\/\/wpsite-assets.fondazionepirelli.org\/wp-content\/uploads\/2024\/05\/21080520\/IMG_0066.jpeg","datePublished":"2024-05-21T09:47:18+00:00","author":{"@id":"https:\/\/www.fondazionepirelli.org\/it\/#\/schema\/person\/f47d097000832c4a6e54538c791fdf25"},"breadcrumb":{"@id":"https:\/\/www.fondazionepirelli.org\/it\/cultura-dimpresa\/misurare-e-fare-cultura\/#breadcrumb"},"inLanguage":"it-IT","potentialAction":[{"@type":"ReadAction","target":["https:\/\/www.fondazionepirelli.org\/it\/cultura-dimpresa\/misurare-e-fare-cultura\/"]}]},{"@type":"ImageObject","inLanguage":"it-IT","@id":"https:\/\/www.fondazionepirelli.org\/it\/cultura-dimpresa\/misurare-e-fare-cultura\/#primaryimage","url":"https:\/\/wpsite-assets.fondazionepirelli.org\/wp-content\/uploads\/2024\/05\/21080520\/IMG_0066.jpeg","contentUrl":"https:\/\/wpsite-assets.fondazionepirelli.org\/wp-content\/uploads\/2024\/05\/21080520\/IMG_0066.jpeg","width":1000,"height":1408},{"@type":"BreadcrumbList","@id":"https:\/\/www.fondazionepirelli.org\/it\/cultura-dimpresa\/misurare-e-fare-cultura\/#breadcrumb","itemListElement":[{"@type":"ListItem","position":1,"name":"Home","item":"https:\/\/www.fondazionepirelli.org\/it\/"},{"@type":"ListItem","position":2,"name":"Misurare \u00e8 fare cultura"}]},{"@type":"WebSite","@id":"https:\/\/www.fondazionepirelli.org\/it\/#website","url":"https:\/\/www.fondazionepirelli.org\/it\/","name":"Fondazione Pirelli","description":"","potentialAction":[{"@type":"SearchAction","target":{"@type":"EntryPoint","urlTemplate":"https:\/\/www.fondazionepirelli.org\/it\/?s={search_term_string}"},"query-input":{"@type":"PropertyValueSpecification","valueRequired":true,"valueName":"search_term_string"}}],"inLanguage":"it-IT"},{"@type":"Person","@id":"https:\/\/www.fondazionepirelli.org\/it\/#\/schema\/person\/f47d097000832c4a6e54538c791fdf25","name":"fondadmin","image":{"@type":"ImageObject","inLanguage":"it-IT","@id":"https:\/\/www.fondazionepirelli.org\/it\/#\/schema\/person\/image\/","url":"https:\/\/secure.gravatar.com\/avatar\/e69498a9175ca244966e51e53c88712c024fcebe41f9a05f75657f1bb25e489b?s=96&d=mm&r=g","contentUrl":"https:\/\/secure.gravatar.com\/avatar\/e69498a9175ca244966e51e53c88712c024fcebe41f9a05f75657f1bb25e489b?s=96&d=mm&r=g","caption":"fondadmin"},"url":"https:\/\/www.fondazionepirelli.org\/it\/author\/fondadmin\/"}]}},"_links":{"self":[{"href":"https:\/\/www.fondazionepirelli.org\/it\/wp-json\/wp\/v2\/posts\/100459\/"}],"collection":[{"href":"https:\/\/www.fondazionepirelli.org\/it\/wp-json\/wp\/v2\/posts\/"}],"about":[{"href":"https:\/\/www.fondazionepirelli.org\/it\/wp-json\/wp\/v2\/types\/post\/"}],"author":[{"embeddable":true,"href":"https:\/\/www.fondazionepirelli.org\/it\/wp-json\/wp\/v2\/users\/1\/"}],"replies":[{"embeddable":true,"href":"https:\/\/www.fondazionepirelli.org\/it\/wp-json\/wp\/v2\/comments\/?post=100459"}],"version-history":[{"count":2,"href":"https:\/\/www.fondazionepirelli.org\/it\/wp-json\/wp\/v2\/posts\/100459\/revisions\/"}],"predecessor-version":[{"id":100473,"href":"https:\/\/www.fondazionepirelli.org\/it\/wp-json\/wp\/v2\/posts\/100459\/revisions\/100473\/"}],"wp:featuredmedia":[{"embeddable":true,"href":"https:\/\/www.fondazionepirelli.org\/it\/wp-json\/wp\/v2\/media\/100467\/"}],"wp:attachment":[{"href":"https:\/\/www.fondazionepirelli.org\/it\/wp-json\/wp\/v2\/media\/?parent=100459"}],"wp:term":[{"taxonomy":"category","embeddable":true,"href":"https:\/\/www.fondazionepirelli.org\/it\/wp-json\/wp\/v2\/categories\/?post=100459"},{"taxonomy":"post_tag","embeddable":true,"href":"https:\/\/www.fondazionepirelli.org\/it\/wp-json\/wp\/v2\/tags\/?post=100459"}],"curies":[{"name":"wp","href":"https:\/\/api.w.org\/{rel}","templated":true}]}}