{"id":100517,"date":"2024-05-28T08:20:23","date_gmt":"2024-05-28T07:20:23","guid":{"rendered":"https:\/\/www.fondazionepirelli.org\/?p=100517"},"modified":"2024-05-28T15:41:42","modified_gmt":"2024-05-28T14:41:42","slug":"parita","status":"publish","type":"post","link":"https:\/\/www.fondazionepirelli.org\/it\/cultura-dimpresa\/parita\/","title":{"rendered":"Parit\u00e0?"},"content":{"rendered":"<p><em>Un libro pubblicato da poco affronta il tema del lavoro delle donne in modo concreto e disincantato<\/em><\/p><p>Si fa presto a dire \u201cparit\u00e0\u201d. Poi nella realt\u00e0 \u00e8 tutto diverso. Talmente diverso che, spesso, in molte imprese la buona cultura del produrre &#8211; che appunto passa anche per la reale parit\u00e0 tra donne e uomini nei luoghi di lavoro &#8211; \u00e8 ancora un miraggio o poco pi\u00f9. E quindi che fare? E\u2019 per cercare una risposta a questa domanda che Rita Querz\u00e8 \u2013 firma del Corriere della Sera \u2013 ha scritto il suo \u201cDonne e lavoro. Rivoluzione in sei mosse\u201d un libro che arriva ad una conclusione pi\u00f9 che chiara: \u201cParlare della necessit\u00e0 di una \u2018rivoluzione\u2019 negli schemi che regolano il lavoro delle donne non \u00e8 eccessivo, bens\u00ec necessario\u201d.<\/p>\n<p>Querz\u00e8 racconta in poco meno di duecento pagine (che si leggono d\u2019un fiato e bene) come per una donna la libert\u00e0 di lavorare fondamentalmente non esista. \u00a0E non solo. Perch\u00e9 dalle pagine di Querz\u00e8 si apprende come il 50% della donne sia disoccupato, come la maternit\u00e0 rappresenti ancora un intralcio e come il lavoro di cura gratuito, abitualmente, sono le mogli, le madri, le figlie a sobbarcarselo (in ben il 70% di casi). A tutto questo si aggiunge il divario di salario tra uomini e donne \u2013 che ad oggi arriva al 16,5% \u2013 e l\u2019accentuata difficolt\u00e0 nel fare carriera in un\u2019et\u00e0 in cui le imprese tendono a vedere le giovani donne come soggetti \u201cin bilico\u201d su cui \u00e8 meglio non puntare, perch\u00e9 potrebbero presto fare figli. Insomma, gli esempi di imprese che, nei confronti della parit\u00e0 hanno un atteggiamento diverso, paiono essere l\u2019eccezione piuttosto che una regola che si sta diffondendo.<\/p>\n<p>Da buona reporter, Querz\u00e8 illustra tutto raccontando storie di donne toccate direttamente da queste questioni e non si limita a descrivere le misure oggi in campo, ma indica anche le possibili strade da percorrere per accelerare il cambiamento attraverso riforme dall\u2019alto e cambio di mentalit\u00e0 dal basso. Ogni capitolo del libro mette cos\u00ec in luce un problema per proporre, contemporaneamente, una possibile via da percorrere per affrontarlo (dal credito ai tempi di lavoro, dagli stipendi al femminismo). Il tutto rivolgendosi sia agli uomini quanto alle donne, perch\u00e9 \u2013 viene spiegato &#8211; solo insieme sar\u00e0 possibile costruire nuovi e pi\u00f9 sani equilibri.<\/p>\n<p>Il libro di Rita Querz\u00e8 \u00e8 da leggere, contiene i semi per un dibattito per troppo tempo tenuto sotto traccia oppure male interpretato e, soprattutto, contiene gli elementi per un cambio di passo che deve riguardare tutti. Gi\u00e0, perch\u00e9 la questione della parit\u00e0 \u00e8 cosa che davvero riguarda tutti.<\/p><p><strong>Donne e lavoro. Rivoluzione in sei mosse<\/strong><\/p>\n<p>Rita Querz\u00e8<\/p>\n<p>Post Editori, 2023<\/p>","protected":false},"excerpt":{"rendered":"<p>Un libro pubblicato da poco affronta il tema del lavoro delle donne in modo concreto e disincantatoSi fa presto a dire \u201cparit\u00e0\u201d. Poi nella realt\u00e0 \u00e8 tutto diverso. Talmente diverso che, spesso, in molte imprese la buona cultura del produrre &#8211; che appunto passa anche per la reale parit\u00e0 tra donne e uomini nei luoghi [&hellip;]<\/p>\n","protected":false},"author":1,"featured_media":100519,"comment_status":"open","ping_status":"open","sticky":false,"template":"","format":"standard","meta":{"footnotes":""},"categories":[52,58],"tags":[],"class_list":["post-100517","post","type-post","status-publish","format-standard","has-post-thumbnail","hentry","category-cultura-dimpresa","category-recensioni-libri"],"acf":[],"yoast_head":"<!-- This site is optimized with the Yoast SEO plugin v25.0 - https:\/\/yoast.com\/wordpress\/plugins\/seo\/ -->\n<title>Parit\u00e0? - Fondazione Pirelli<\/title>\n<meta name=\"robots\" content=\"index, follow, max-snippet:-1, max-image-preview:large, max-video-preview:-1\" \/>\n<link rel=\"canonical\" href=\"https:\/\/www.fondazionepirelli.org\/it\/cultura-dimpresa\/parita\/\" \/>\n<meta property=\"og:locale\" content=\"it_IT\" \/>\n<meta property=\"og:type\" content=\"article\" \/>\n<meta property=\"og:title\" content=\"Parit\u00e0? - Fondazione Pirelli\" \/>\n<meta property=\"og:description\" content=\"Un libro pubblicato da poco affronta il tema del lavoro delle donne in modo concreto e disincantatoSi fa presto a dire \u201cparit\u00e0\u201d. Poi nella realt\u00e0 \u00e8 tutto diverso. Talmente diverso che, spesso, in molte imprese la buona cultura del produrre &#8211; che appunto passa anche per la reale parit\u00e0 tra donne e uomini nei luoghi [&hellip;]\" \/>\n<meta property=\"og:url\" content=\"https:\/\/127.0.0.1\/it\/cultura-dimpresa\/parita\/\" \/>\n<meta property=\"og:site_name\" content=\"Fondazione Pirelli\" \/>\n<meta property=\"article:published_time\" content=\"2024-05-28T07:20:23+00:00\" \/>\n<meta property=\"article:modified_time\" content=\"2024-05-28T14:41:42+00:00\" \/>\n<meta property=\"og:image\" content=\"https:\/\/wpsite-assets.fondazionepirelli.org\/wp-content\/uploads\/2024\/05\/27171540\/20240410_Copertina_Donne-e-lavoro_Querze-1.jpg\" \/>\n\t<meta property=\"og:image:width\" content=\"1590\" \/>\n\t<meta property=\"og:image:height\" content=\"2480\" \/>\n\t<meta property=\"og:image:type\" content=\"image\/jpeg\" \/>\n<meta name=\"author\" content=\"fondadmin\" \/>\n<meta name=\"twitter:card\" content=\"summary_large_image\" \/>\n<meta name=\"twitter:label1\" content=\"Scritto da\" \/>\n\t<meta name=\"twitter:data1\" content=\"fondadmin\" \/>\n\t<meta name=\"twitter:label2\" content=\"Tempo di lettura stimato\" \/>\n\t<meta name=\"twitter:data2\" content=\"2 minuti\" \/>\n<script type=\"application\/ld+json\" class=\"yoast-schema-graph\">{\"@context\":\"https:\/\/schema.org\",\"@graph\":[{\"@type\":\"WebPage\",\"@id\":\"https:\/\/127.0.0.1\/it\/cultura-dimpresa\/parita\/\",\"url\":\"https:\/\/127.0.0.1\/it\/cultura-dimpresa\/parita\/\",\"name\":\"Parit\u00e0? - Fondazione Pirelli\",\"isPartOf\":{\"@id\":\"https:\/\/www.fondazionepirelli.org\/it\/#website\"},\"primaryImageOfPage\":{\"@id\":\"https:\/\/127.0.0.1\/it\/cultura-dimpresa\/parita\/#primaryimage\"},\"image\":{\"@id\":\"https:\/\/127.0.0.1\/it\/cultura-dimpresa\/parita\/#primaryimage\"},\"thumbnailUrl\":\"https:\/\/wpsite-assets.fondazionepirelli.org\/wp-content\/uploads\/2024\/05\/27171540\/20240410_Copertina_Donne-e-lavoro_Querze-1.jpg\",\"datePublished\":\"2024-05-28T07:20:23+00:00\",\"dateModified\":\"2024-05-28T14:41:42+00:00\",\"author\":{\"@id\":\"https:\/\/www.fondazionepirelli.org\/it\/#\/schema\/person\/f47d097000832c4a6e54538c791fdf25\"},\"breadcrumb\":{\"@id\":\"https:\/\/127.0.0.1\/it\/cultura-dimpresa\/parita\/#breadcrumb\"},\"inLanguage\":\"it-IT\",\"potentialAction\":[{\"@type\":\"ReadAction\",\"target\":[\"https:\/\/127.0.0.1\/it\/cultura-dimpresa\/parita\/\"]}]},{\"@type\":\"ImageObject\",\"inLanguage\":\"it-IT\",\"@id\":\"https:\/\/127.0.0.1\/it\/cultura-dimpresa\/parita\/#primaryimage\",\"url\":\"https:\/\/wpsite-assets.fondazionepirelli.org\/wp-content\/uploads\/2024\/05\/27171540\/20240410_Copertina_Donne-e-lavoro_Querze-1.jpg\",\"contentUrl\":\"https:\/\/wpsite-assets.fondazionepirelli.org\/wp-content\/uploads\/2024\/05\/27171540\/20240410_Copertina_Donne-e-lavoro_Querze-1.jpg\",\"width\":1590,\"height\":2480},{\"@type\":\"BreadcrumbList\",\"@id\":\"https:\/\/127.0.0.1\/it\/cultura-dimpresa\/parita\/#breadcrumb\",\"itemListElement\":[{\"@type\":\"ListItem\",\"position\":1,\"name\":\"Home\",\"item\":\"https:\/\/www.fondazionepirelli.org\/it\/\"},{\"@type\":\"ListItem\",\"position\":2,\"name\":\"Parit\u00e0?\"}]},{\"@type\":\"WebSite\",\"@id\":\"https:\/\/www.fondazionepirelli.org\/it\/#website\",\"url\":\"https:\/\/www.fondazionepirelli.org\/it\/\",\"name\":\"Fondazione Pirelli\",\"description\":\"\",\"potentialAction\":[{\"@type\":\"SearchAction\",\"target\":{\"@type\":\"EntryPoint\",\"urlTemplate\":\"https:\/\/www.fondazionepirelli.org\/it\/?s={search_term_string}\"},\"query-input\":{\"@type\":\"PropertyValueSpecification\",\"valueRequired\":true,\"valueName\":\"search_term_string\"}}],\"inLanguage\":\"it-IT\"},{\"@type\":\"Person\",\"@id\":\"https:\/\/www.fondazionepirelli.org\/it\/#\/schema\/person\/f47d097000832c4a6e54538c791fdf25\",\"name\":\"fondadmin\",\"image\":{\"@type\":\"ImageObject\",\"inLanguage\":\"it-IT\",\"@id\":\"https:\/\/www.fondazionepirelli.org\/it\/#\/schema\/person\/image\/\",\"url\":\"https:\/\/secure.gravatar.com\/avatar\/e69498a9175ca244966e51e53c88712c024fcebe41f9a05f75657f1bb25e489b?s=96&d=mm&r=g\",\"contentUrl\":\"https:\/\/secure.gravatar.com\/avatar\/e69498a9175ca244966e51e53c88712c024fcebe41f9a05f75657f1bb25e489b?s=96&d=mm&r=g\",\"caption\":\"fondadmin\"},\"url\":\"https:\/\/www.fondazionepirelli.org\/it\/author\/fondadmin\/\"}]}<\/script>\n<!-- \/ Yoast SEO plugin. -->","yoast_head_json":{"title":"Parit\u00e0? - Fondazione Pirelli","robots":{"index":"index","follow":"follow","max-snippet":"max-snippet:-1","max-image-preview":"max-image-preview:large","max-video-preview":"max-video-preview:-1"},"canonical":"https:\/\/www.fondazionepirelli.org\/it\/cultura-dimpresa\/parita\/","og_locale":"it_IT","og_type":"article","og_title":"Parit\u00e0? - Fondazione Pirelli","og_description":"Un libro pubblicato da poco affronta il tema del lavoro delle donne in modo concreto e disincantatoSi fa presto a dire \u201cparit\u00e0\u201d. Poi nella realt\u00e0 \u00e8 tutto diverso. Talmente diverso che, spesso, in molte imprese la buona cultura del produrre &#8211; che appunto passa anche per la reale parit\u00e0 tra donne e uomini nei luoghi [&hellip;]","og_url":"https:\/\/127.0.0.1\/it\/cultura-dimpresa\/parita\/","og_site_name":"Fondazione Pirelli","article_published_time":"2024-05-28T07:20:23+00:00","article_modified_time":"2024-05-28T14:41:42+00:00","og_image":[{"width":1590,"height":2480,"url":"https:\/\/wpsite-assets.fondazionepirelli.org\/wp-content\/uploads\/2024\/05\/27171540\/20240410_Copertina_Donne-e-lavoro_Querze-1.jpg","type":"image\/jpeg"}],"author":"fondadmin","twitter_card":"summary_large_image","twitter_misc":{"Scritto da":"fondadmin","Tempo di lettura stimato":"2 minuti"},"schema":{"@context":"https:\/\/schema.org","@graph":[{"@type":"WebPage","@id":"https:\/\/127.0.0.1\/it\/cultura-dimpresa\/parita\/","url":"https:\/\/127.0.0.1\/it\/cultura-dimpresa\/parita\/","name":"Parit\u00e0? - Fondazione Pirelli","isPartOf":{"@id":"https:\/\/www.fondazionepirelli.org\/it\/#website"},"primaryImageOfPage":{"@id":"https:\/\/127.0.0.1\/it\/cultura-dimpresa\/parita\/#primaryimage"},"image":{"@id":"https:\/\/127.0.0.1\/it\/cultura-dimpresa\/parita\/#primaryimage"},"thumbnailUrl":"https:\/\/wpsite-assets.fondazionepirelli.org\/wp-content\/uploads\/2024\/05\/27171540\/20240410_Copertina_Donne-e-lavoro_Querze-1.jpg","datePublished":"2024-05-28T07:20:23+00:00","dateModified":"2024-05-28T14:41:42+00:00","author":{"@id":"https:\/\/www.fondazionepirelli.org\/it\/#\/schema\/person\/f47d097000832c4a6e54538c791fdf25"},"breadcrumb":{"@id":"https:\/\/127.0.0.1\/it\/cultura-dimpresa\/parita\/#breadcrumb"},"inLanguage":"it-IT","potentialAction":[{"@type":"ReadAction","target":["https:\/\/127.0.0.1\/it\/cultura-dimpresa\/parita\/"]}]},{"@type":"ImageObject","inLanguage":"it-IT","@id":"https:\/\/127.0.0.1\/it\/cultura-dimpresa\/parita\/#primaryimage","url":"https:\/\/wpsite-assets.fondazionepirelli.org\/wp-content\/uploads\/2024\/05\/27171540\/20240410_Copertina_Donne-e-lavoro_Querze-1.jpg","contentUrl":"https:\/\/wpsite-assets.fondazionepirelli.org\/wp-content\/uploads\/2024\/05\/27171540\/20240410_Copertina_Donne-e-lavoro_Querze-1.jpg","width":1590,"height":2480},{"@type":"BreadcrumbList","@id":"https:\/\/127.0.0.1\/it\/cultura-dimpresa\/parita\/#breadcrumb","itemListElement":[{"@type":"ListItem","position":1,"name":"Home","item":"https:\/\/www.fondazionepirelli.org\/it\/"},{"@type":"ListItem","position":2,"name":"Parit\u00e0?"}]},{"@type":"WebSite","@id":"https:\/\/www.fondazionepirelli.org\/it\/#website","url":"https:\/\/www.fondazionepirelli.org\/it\/","name":"Fondazione Pirelli","description":"","potentialAction":[{"@type":"SearchAction","target":{"@type":"EntryPoint","urlTemplate":"https:\/\/www.fondazionepirelli.org\/it\/?s={search_term_string}"},"query-input":{"@type":"PropertyValueSpecification","valueRequired":true,"valueName":"search_term_string"}}],"inLanguage":"it-IT"},{"@type":"Person","@id":"https:\/\/www.fondazionepirelli.org\/it\/#\/schema\/person\/f47d097000832c4a6e54538c791fdf25","name":"fondadmin","image":{"@type":"ImageObject","inLanguage":"it-IT","@id":"https:\/\/www.fondazionepirelli.org\/it\/#\/schema\/person\/image\/","url":"https:\/\/secure.gravatar.com\/avatar\/e69498a9175ca244966e51e53c88712c024fcebe41f9a05f75657f1bb25e489b?s=96&d=mm&r=g","contentUrl":"https:\/\/secure.gravatar.com\/avatar\/e69498a9175ca244966e51e53c88712c024fcebe41f9a05f75657f1bb25e489b?s=96&d=mm&r=g","caption":"fondadmin"},"url":"https:\/\/www.fondazionepirelli.org\/it\/author\/fondadmin\/"}]}},"_links":{"self":[{"href":"https:\/\/www.fondazionepirelli.org\/it\/wp-json\/wp\/v2\/posts\/100517\/"}],"collection":[{"href":"https:\/\/www.fondazionepirelli.org\/it\/wp-json\/wp\/v2\/posts\/"}],"about":[{"href":"https:\/\/www.fondazionepirelli.org\/it\/wp-json\/wp\/v2\/types\/post\/"}],"author":[{"embeddable":true,"href":"https:\/\/www.fondazionepirelli.org\/it\/wp-json\/wp\/v2\/users\/1\/"}],"replies":[{"embeddable":true,"href":"https:\/\/www.fondazionepirelli.org\/it\/wp-json\/wp\/v2\/comments\/?post=100517"}],"version-history":[{"count":2,"href":"https:\/\/www.fondazionepirelli.org\/it\/wp-json\/wp\/v2\/posts\/100517\/revisions\/"}],"predecessor-version":[{"id":100531,"href":"https:\/\/www.fondazionepirelli.org\/it\/wp-json\/wp\/v2\/posts\/100517\/revisions\/100531\/"}],"wp:featuredmedia":[{"embeddable":true,"href":"https:\/\/www.fondazionepirelli.org\/it\/wp-json\/wp\/v2\/media\/100519\/"}],"wp:attachment":[{"href":"https:\/\/www.fondazionepirelli.org\/it\/wp-json\/wp\/v2\/media\/?parent=100517"}],"wp:term":[{"taxonomy":"category","embeddable":true,"href":"https:\/\/www.fondazionepirelli.org\/it\/wp-json\/wp\/v2\/categories\/?post=100517"},{"taxonomy":"post_tag","embeddable":true,"href":"https:\/\/www.fondazionepirelli.org\/it\/wp-json\/wp\/v2\/tags\/?post=100517"}],"curies":[{"name":"wp","href":"https:\/\/api.w.org\/{rel}","templated":true}]}}