{"id":100553,"date":"2024-06-04T09:52:50","date_gmt":"2024-06-04T08:52:50","guid":{"rendered":"https:\/\/www.fondazionepirelli.org\/?p=100553"},"modified":"2024-06-07T11:58:44","modified_gmt":"2024-06-07T10:58:44","slug":"cultura-lavoro-e-conoscenza-nei-musei-anche-dimpresa-ce-il-capitale-sociale-duna-italia-produttiva-e-inclusiva","status":"publish","type":"post","link":"https:\/\/www.fondazionepirelli.org\/it\/cultura-dimpresa\/cultura-lavoro-e-conoscenza-nei-musei-anche-dimpresa-ce-il-capitale-sociale-duna-italia-produttiva-e-inclusiva\/","title":{"rendered":"Cultura, lavoro e conoscenza: nei musei, anche d\u2019impresa c\u2019\u00e8 il capitale sociale d\u2019una Italia produttiva e inclusiva\u00a0"},"content":{"rendered":"<p>I<strong> musei<\/strong> sono attori essenziali del nostro capitale sociale, costudiscono e valorizzano la memoria e ne stimolano la diffusione, favoriscono la partecipazione all\u2019interno di un territorio e di una comunit\u00e0 e dunque ne alimentano la cultura della <strong>sostenibilit\u00e0 ambientale e sociale <\/strong>e ne <strong>rafforzano l\u2019impegno civile<\/strong>. Aiutano la condivisione delle conoscenze e la contaminazione dei saperi. E sono dunque strumenti fondamenti di<strong> crescita culturale<\/strong> e quindi economica e sociale. I musei, insomma, vanno vissuti come testimoni della Storia e delle storie. E lievito del futuro. Spazi attivi per \u201cl\u2019avvenire della memoria\u201d.<\/p>\n<p>Queste parole, cos\u00ec cariche di senso e di valori forti, stanno in un grande diagramma che <strong>Michele Lanzinger<\/strong>, direttore del Museo delle Scienze di Trento e presidente di <strong>ICOM Italia<\/strong> (l\u2019International Council of Museums) ama mostrare per raccontare come stanno cambiando le strutture museali nella stagione in cui cresce, soprattutto tra le nuove generazioni, la sensibilit\u00e0 sui temi ambientali e sociali e si diffonde un pur complesso e controverso <strong>pensiero critico sul ruolo dei musei<\/strong> e sulle relazioni tra le varie culture. Si va oltre i tradizionali confini del primato della rappresentazione occidentale della cultura e dell\u2019arte (per saperne e capirne di pi\u00f9, vale la pena affidarsi alle pagine di \u201cMusei possibili. Storia, sfide, sperimentazioni\u201d, a cura di Fulvio Irace, edito da Carocci e presentato su IlSole24Ore, 26 maggio: dal simbolo dell\u2019Altes Museum di Berlino icona del museo illuminista alla rivoluzione del Centre Pompidou e alle nuove costruzioni nel paesi arabi, come il Louvre ad Abu Dhabi, sino alle sperimentazioni digitali). E si cerca di costruire, tra conflitti e contrapposizioni (la <em>cancel culture, <\/em>le tendenze<em> woke<\/em>) un dialogo, un confronto, tra idee diverse del mondo e differenti rappresentazioni.<\/p>\n<p>Lanzinger, dunque, iscrive la responsabilit\u00e0 dei musei nel contesto dei <strong>17 Obiettivi dello Sviluppo Sostenibile<\/strong> e, in particolare, dei temi indicatori per la Cultura dell\u2019Unesco (ambiente e resilienza, prosperit\u00e0 e sostentamento, conoscenza e competenza, inclusione e partecipazione) e spiega che \u201cportare lo sviluppo sostenibile all\u2019interno del mondo dei beni culturali vuol dire mettere in gioco la capacit\u00e0 di avere uno sguardo rivolto verso il futuro e ampliare il raggio d\u2019azione degli enti culturali coinvolti\u201d. Se ne \u00e8 parlato, a met\u00e0 maggio, alla Triennale di Milano, per un convegno promosso dal Museo Lavazza per il Museum Day 2024, discutendo del ruolo dei musei e delle imprese. Se ne parler\u00e0 ancora alla Dubai 2025 International General Conference dell\u2019Icom.<\/p>\n<p>L\u2019<strong>Agenda 2030 dell\u2019Onu<\/strong>, insomma, ispira le scelte dell\u2019Unesco e dell\u2019Icom. E il riflesso \u00e8 evidente proprio nella definizione di \u201cmuseo\u201d adottata dall\u2019Icom con il documento approvato a Praga nell\u2019agosto del 2022: \u201cIl museo \u00e8 un\u2019istituzione permanente senza scopo di lucro e al servizio della societ\u00e0, che effettua ricerche, colleziona, conserva, interpreta ed espone il patrimonio culturale, materiale e immateriale\u201d. E ancora: \u201cAperti al pubblico, i musei promuovono la diversit\u00e0 e la sostenibilit\u00e0. Operano e comunicano eticamente e professionalmente e con la partecipazione delle comunit\u00e0, offrendo esperienze diversificate per l\u2019educazione, il piacere, la riflessione e la condivisione delle conoscenze\u201d.<\/p>\n<p>Risuonano, qui, parecchie delle parole da cui siamo partiti. E indicano una strada chiara, che investe in pieno il passaggio dei musei \u201cda agenti di conservazione, ricerca, esposizione ed educazione a veri agenti di innovazione sociale ed economica\u201d. Hub culturali e stimoli \u201cper un pubblico contemporaneo sempre pi\u00f9 diversificato e globale\u201d. Servizio pubblico, anche quando si tratti di strutture private. Spazi di conoscenza e dunque di libert\u00e0. Di confronto. Di dialogo. E, per l\u2019Europa e gli altri paesi occidentali, spazio fondamentale di democrazia.<\/p>\n<p>Tornano in mente le indicazioni dell\u2019articolo 9 della Costituzione italiana, nella nuova formulazione approvata nel maggio 2021: \u201c<strong>La Repubblica promuove lo sviluppo della cultura<\/strong> e la ricerca scientifica e tecnica. Tutela il paesaggio e il patrimonio storico e artistico della Nazione. Tutela l\u2019ambiente, la biodiversit\u00e0 e gli ecosistemi anche nell\u2019interesse delle future generazioni\u201d. Ecco un orizzonte di riferimento sapiente e responsabile. Di cui i musei sono parte essenziale. Anche i musei d\u2019impresa, naturalmente.<\/p>\n<p>Le indicazioni dell\u2019Icom e la definizione di museo come luogo di educazione, piacere, riflessione e condivisione delle conoscenze, infatti, sono risuonate nei giorni scorsi in occasione dell\u2019<strong>Assemblea annuale di Museimpresa<\/strong> (l\u2019associazione promossa oltre vent\u2019anni fa da Assolombarda e Confindustria e forte dell\u2019adesione di quasi 150 musei e archivi storici aziendali) riunita a Firenze (ospiti di Baker Hughes\/Nuovo Pignone e del Museo Ferragamo) per parlare di come \u201c<strong>valorizzare memoria e identit\u00e0 nel tempo delle grandi transizioni<\/strong>\u201d. La transizione ambientale e quella digitale. Le transizioni verso nuovi equilibri geopolitici, che mettono in crisi le vecchie mappe di una globalizzazione diseguale e distorcente. Le modifiche dei sistemi di produzione e dei prodotti sotto la spinta delle innovazioni amplificate dalla diffusione dell\u2019Intelligenza Artificiale. Le migrazioni. E le transizioni generazionali, con antichi e nuovi <em>devide <\/em>di genere, et\u00e0, provenienza geografica, conoscenze.<\/p>\n<p>Proprio le imprese sono luoghi fisici e culturali quanto mai sensibili a tutti questi temi. Sono strutture guidate da spinte d\u2019innovazione, produttivit\u00e0 e competitivit\u00e0. Ma proprio nella stagione della <em>stakeholders economy <\/em>(con l\u2019attenzione prioritaria ai valori dei soggetti, dei territori e delle comunit\u00e0 su cui l\u2019impresa incide), pure l\u2019inclusione sociale, i valori del lavoro e della sua sicurezza e il rispetto degli equilibri ambientali sono fattori fondamentali di sviluppo, appunto sostenibile e sempre pi\u00f9 apprezzato dai mercati (dei consumatori ma anche degli investitori finanziari).<\/p>\n<p>Nei <strong>musei e negli archivi storici,<\/strong> appunto, ci sono le<strong> testimonianze,<\/strong> quantomai attuali, di questi processi economici e sociali. I documenti e le immagini, le schede tecniche e i racconti che rivelano la forza, storica e contemporanea, dell\u2019impresa italiana, a cominciare dalla sua <strong>manifattura<\/strong> e le qualit\u00e0 di una vera e propria \u201cmetamorfosi\u201d industriale che privilegia qualit\u00e0 e socialit\u00e0.<\/p>\n<p>Lavorare, infatti, sulla memoria e sulla valorizzazione dell\u2019enorme patrimonio culturale industriale dell\u2019Italia \u00e8 un modo, per le imprese, di testimoniare di essere parte di una cittadinanza attiva che consente di pensare concretamente alla qualit\u00e0 dello sviluppo del nostro Paese. Negli archivi e nei musei d\u2019impresa c\u2019\u00e8 la storia di donne e uomini che, di fronte alle sfide del tempo, hanno saputo dare risposte di crescita che sono evidenti, sul piano economico, nei dati di successo dell\u2019export (670 miliardi, che collocano l\u2019Italia tra i primi cinque paesi al mondo) e, su quello sociale e culturale, nella crescente affluenza di frequentatori dei musei d\u2019impresa, soprattutto da parte delle nuove generazioni.<\/p>\n<p>\u201cDestinazioni ad alto potenziale per il turismo industriale\u201d, scrive IlSole24Ore (1 giugno). Testimonianze esemplari, comunque, di una \u201ccivilt\u00e0 delle macchine\u201d, dell\u2019intraprendenza e del lavoro che costituisce un\u2019asset fondamentale per scrivere, proprio partendo dall\u2019economia e dai musei, una migliore \u201cstoria al futuro\u201d.<\/p>","protected":false},"excerpt":{"rendered":"<p>I musei sono attori essenziali del nostro capitale sociale, costudiscono e valorizzano la memoria e ne stimolano la diffusione, favoriscono la partecipazione all\u2019interno di un territorio e di una comunit\u00e0 e dunque ne alimentano la cultura della sostenibilit\u00e0 ambientale e sociale e ne rafforzano l\u2019impegno civile. Aiutano la condivisione delle conoscenze e la contaminazione dei [&hellip;]<\/p>\n","protected":false},"author":1,"featured_media":100566,"comment_status":"open","ping_status":"open","sticky":false,"template":"","format":"standard","meta":{"footnotes":""},"categories":[53,52],"tags":[],"class_list":["post-100553","post","type-post","status-publish","format-standard","has-post-thumbnail","hentry","category-blog","category-cultura-dimpresa"],"acf":[],"yoast_head":"<!-- This site is optimized with the Yoast SEO plugin v25.0 - https:\/\/yoast.com\/wordpress\/plugins\/seo\/ -->\n<title>Cultura, lavoro e conoscenza: nei musei, anche d\u2019impresa c\u2019\u00e8 il capitale sociale d\u2019una Italia produttiva e inclusiva\u00a0 - Fondazione Pirelli<\/title>\n<meta name=\"robots\" content=\"index, follow, max-snippet:-1, max-image-preview:large, max-video-preview:-1\" \/>\n<link rel=\"canonical\" href=\"https:\/\/www.fondazionepirelli.org\/it\/cultura-dimpresa\/cultura-lavoro-e-conoscenza-nei-musei-anche-dimpresa-ce-il-capitale-sociale-duna-italia-produttiva-e-inclusiva\/\" \/>\n<meta property=\"og:locale\" content=\"it_IT\" \/>\n<meta property=\"og:type\" content=\"article\" \/>\n<meta property=\"og:title\" content=\"Cultura, lavoro e conoscenza: nei musei, anche d\u2019impresa c\u2019\u00e8 il capitale sociale d\u2019una Italia produttiva e inclusiva\u00a0 - Fondazione Pirelli\" \/>\n<meta property=\"og:description\" content=\"I musei sono attori essenziali del nostro capitale sociale, costudiscono e valorizzano la memoria e ne stimolano la diffusione, favoriscono la partecipazione all\u2019interno di un territorio e di una comunit\u00e0 e dunque ne alimentano la cultura della sostenibilit\u00e0 ambientale e sociale e ne rafforzano l\u2019impegno civile. Aiutano la condivisione delle conoscenze e la contaminazione dei [&hellip;]\" \/>\n<meta property=\"og:url\" content=\"https:\/\/www.fondazionepirelli.org\/it\/cultura-dimpresa\/cultura-lavoro-e-conoscenza-nei-musei-anche-dimpresa-ce-il-capitale-sociale-duna-italia-produttiva-e-inclusiva\/\" \/>\n<meta property=\"og:site_name\" content=\"Fondazione Pirelli\" \/>\n<meta property=\"article:published_time\" content=\"2024-06-04T08:52:50+00:00\" \/>\n<meta property=\"article:modified_time\" content=\"2024-06-07T10:58:44+00:00\" \/>\n<meta property=\"og:image\" content=\"https:\/\/wpsite-assets.fondazionepirelli.org\/wp-content\/uploads\/2024\/06\/04095237\/HD3A1179-scaled-e1717505034337.jpg\" \/>\n\t<meta property=\"og:image:width\" content=\"1000\" \/>\n\t<meta property=\"og:image:height\" content=\"667\" \/>\n\t<meta property=\"og:image:type\" content=\"image\/jpeg\" \/>\n<meta name=\"author\" content=\"fondadmin\" \/>\n<meta name=\"twitter:card\" content=\"summary_large_image\" \/>\n<meta name=\"twitter:label1\" content=\"Scritto da\" \/>\n\t<meta name=\"twitter:data1\" content=\"fondadmin\" \/>\n\t<meta name=\"twitter:label2\" content=\"Tempo di lettura stimato\" \/>\n\t<meta name=\"twitter:data2\" content=\"6 minuti\" \/>\n<script type=\"application\/ld+json\" class=\"yoast-schema-graph\">{\"@context\":\"https:\/\/schema.org\",\"@graph\":[{\"@type\":\"WebPage\",\"@id\":\"https:\/\/www.fondazionepirelli.org\/it\/cultura-dimpresa\/cultura-lavoro-e-conoscenza-nei-musei-anche-dimpresa-ce-il-capitale-sociale-duna-italia-produttiva-e-inclusiva\/\",\"url\":\"https:\/\/www.fondazionepirelli.org\/it\/cultura-dimpresa\/cultura-lavoro-e-conoscenza-nei-musei-anche-dimpresa-ce-il-capitale-sociale-duna-italia-produttiva-e-inclusiva\/\",\"name\":\"Cultura, lavoro e conoscenza: nei musei, anche d\u2019impresa c\u2019\u00e8 il capitale sociale d\u2019una Italia produttiva e inclusiva\u00a0 - Fondazione Pirelli\",\"isPartOf\":{\"@id\":\"https:\/\/www.fondazionepirelli.org\/it\/#website\"},\"primaryImageOfPage\":{\"@id\":\"https:\/\/www.fondazionepirelli.org\/it\/cultura-dimpresa\/cultura-lavoro-e-conoscenza-nei-musei-anche-dimpresa-ce-il-capitale-sociale-duna-italia-produttiva-e-inclusiva\/#primaryimage\"},\"image\":{\"@id\":\"https:\/\/www.fondazionepirelli.org\/it\/cultura-dimpresa\/cultura-lavoro-e-conoscenza-nei-musei-anche-dimpresa-ce-il-capitale-sociale-duna-italia-produttiva-e-inclusiva\/#primaryimage\"},\"thumbnailUrl\":\"https:\/\/wpsite-assets.fondazionepirelli.org\/wp-content\/uploads\/2024\/06\/04095237\/HD3A1179-scaled-e1717505034337.jpg\",\"datePublished\":\"2024-06-04T08:52:50+00:00\",\"dateModified\":\"2024-06-07T10:58:44+00:00\",\"author\":{\"@id\":\"https:\/\/www.fondazionepirelli.org\/it\/#\/schema\/person\/f47d097000832c4a6e54538c791fdf25\"},\"breadcrumb\":{\"@id\":\"https:\/\/www.fondazionepirelli.org\/it\/cultura-dimpresa\/cultura-lavoro-e-conoscenza-nei-musei-anche-dimpresa-ce-il-capitale-sociale-duna-italia-produttiva-e-inclusiva\/#breadcrumb\"},\"inLanguage\":\"it-IT\",\"potentialAction\":[{\"@type\":\"ReadAction\",\"target\":[\"https:\/\/www.fondazionepirelli.org\/it\/cultura-dimpresa\/cultura-lavoro-e-conoscenza-nei-musei-anche-dimpresa-ce-il-capitale-sociale-duna-italia-produttiva-e-inclusiva\/\"]}]},{\"@type\":\"ImageObject\",\"inLanguage\":\"it-IT\",\"@id\":\"https:\/\/www.fondazionepirelli.org\/it\/cultura-dimpresa\/cultura-lavoro-e-conoscenza-nei-musei-anche-dimpresa-ce-il-capitale-sociale-duna-italia-produttiva-e-inclusiva\/#primaryimage\",\"url\":\"https:\/\/wpsite-assets.fondazionepirelli.org\/wp-content\/uploads\/2024\/06\/04095237\/HD3A1179-scaled-e1717505034337.jpg\",\"contentUrl\":\"https:\/\/wpsite-assets.fondazionepirelli.org\/wp-content\/uploads\/2024\/06\/04095237\/HD3A1179-scaled-e1717505034337.jpg\",\"width\":1000,\"height\":667},{\"@type\":\"BreadcrumbList\",\"@id\":\"https:\/\/www.fondazionepirelli.org\/it\/cultura-dimpresa\/cultura-lavoro-e-conoscenza-nei-musei-anche-dimpresa-ce-il-capitale-sociale-duna-italia-produttiva-e-inclusiva\/#breadcrumb\",\"itemListElement\":[{\"@type\":\"ListItem\",\"position\":1,\"name\":\"Home\",\"item\":\"https:\/\/www.fondazionepirelli.org\/it\/\"},{\"@type\":\"ListItem\",\"position\":2,\"name\":\"Cultura, lavoro e conoscenza: nei musei, anche d\u2019impresa c\u2019\u00e8 il capitale sociale d\u2019una Italia produttiva e inclusiva\u00a0\"}]},{\"@type\":\"WebSite\",\"@id\":\"https:\/\/www.fondazionepirelli.org\/it\/#website\",\"url\":\"https:\/\/www.fondazionepirelli.org\/it\/\",\"name\":\"Fondazione Pirelli\",\"description\":\"\",\"potentialAction\":[{\"@type\":\"SearchAction\",\"target\":{\"@type\":\"EntryPoint\",\"urlTemplate\":\"https:\/\/www.fondazionepirelli.org\/it\/?s={search_term_string}\"},\"query-input\":{\"@type\":\"PropertyValueSpecification\",\"valueRequired\":true,\"valueName\":\"search_term_string\"}}],\"inLanguage\":\"it-IT\"},{\"@type\":\"Person\",\"@id\":\"https:\/\/www.fondazionepirelli.org\/it\/#\/schema\/person\/f47d097000832c4a6e54538c791fdf25\",\"name\":\"fondadmin\",\"image\":{\"@type\":\"ImageObject\",\"inLanguage\":\"it-IT\",\"@id\":\"https:\/\/www.fondazionepirelli.org\/it\/#\/schema\/person\/image\/\",\"url\":\"https:\/\/secure.gravatar.com\/avatar\/e69498a9175ca244966e51e53c88712c024fcebe41f9a05f75657f1bb25e489b?s=96&d=mm&r=g\",\"contentUrl\":\"https:\/\/secure.gravatar.com\/avatar\/e69498a9175ca244966e51e53c88712c024fcebe41f9a05f75657f1bb25e489b?s=96&d=mm&r=g\",\"caption\":\"fondadmin\"},\"url\":\"https:\/\/www.fondazionepirelli.org\/it\/author\/fondadmin\/\"}]}<\/script>\n<!-- \/ Yoast SEO plugin. -->","yoast_head_json":{"title":"Cultura, lavoro e conoscenza: nei musei, anche d\u2019impresa c\u2019\u00e8 il capitale sociale d\u2019una Italia produttiva e inclusiva\u00a0 - Fondazione Pirelli","robots":{"index":"index","follow":"follow","max-snippet":"max-snippet:-1","max-image-preview":"max-image-preview:large","max-video-preview":"max-video-preview:-1"},"canonical":"https:\/\/www.fondazionepirelli.org\/it\/cultura-dimpresa\/cultura-lavoro-e-conoscenza-nei-musei-anche-dimpresa-ce-il-capitale-sociale-duna-italia-produttiva-e-inclusiva\/","og_locale":"it_IT","og_type":"article","og_title":"Cultura, lavoro e conoscenza: nei musei, anche d\u2019impresa c\u2019\u00e8 il capitale sociale d\u2019una Italia produttiva e inclusiva\u00a0 - Fondazione Pirelli","og_description":"I musei sono attori essenziali del nostro capitale sociale, costudiscono e valorizzano la memoria e ne stimolano la diffusione, favoriscono la partecipazione all\u2019interno di un territorio e di una comunit\u00e0 e dunque ne alimentano la cultura della sostenibilit\u00e0 ambientale e sociale e ne rafforzano l\u2019impegno civile. Aiutano la condivisione delle conoscenze e la contaminazione dei [&hellip;]","og_url":"https:\/\/www.fondazionepirelli.org\/it\/cultura-dimpresa\/cultura-lavoro-e-conoscenza-nei-musei-anche-dimpresa-ce-il-capitale-sociale-duna-italia-produttiva-e-inclusiva\/","og_site_name":"Fondazione Pirelli","article_published_time":"2024-06-04T08:52:50+00:00","article_modified_time":"2024-06-07T10:58:44+00:00","og_image":[{"width":1000,"height":667,"url":"https:\/\/wpsite-assets.fondazionepirelli.org\/wp-content\/uploads\/2024\/06\/04095237\/HD3A1179-scaled-e1717505034337.jpg","type":"image\/jpeg"}],"author":"fondadmin","twitter_card":"summary_large_image","twitter_misc":{"Scritto da":"fondadmin","Tempo di lettura stimato":"6 minuti"},"schema":{"@context":"https:\/\/schema.org","@graph":[{"@type":"WebPage","@id":"https:\/\/www.fondazionepirelli.org\/it\/cultura-dimpresa\/cultura-lavoro-e-conoscenza-nei-musei-anche-dimpresa-ce-il-capitale-sociale-duna-italia-produttiva-e-inclusiva\/","url":"https:\/\/www.fondazionepirelli.org\/it\/cultura-dimpresa\/cultura-lavoro-e-conoscenza-nei-musei-anche-dimpresa-ce-il-capitale-sociale-duna-italia-produttiva-e-inclusiva\/","name":"Cultura, lavoro e conoscenza: nei musei, anche d\u2019impresa c\u2019\u00e8 il capitale sociale d\u2019una Italia produttiva e inclusiva\u00a0 - Fondazione Pirelli","isPartOf":{"@id":"https:\/\/www.fondazionepirelli.org\/it\/#website"},"primaryImageOfPage":{"@id":"https:\/\/www.fondazionepirelli.org\/it\/cultura-dimpresa\/cultura-lavoro-e-conoscenza-nei-musei-anche-dimpresa-ce-il-capitale-sociale-duna-italia-produttiva-e-inclusiva\/#primaryimage"},"image":{"@id":"https:\/\/www.fondazionepirelli.org\/it\/cultura-dimpresa\/cultura-lavoro-e-conoscenza-nei-musei-anche-dimpresa-ce-il-capitale-sociale-duna-italia-produttiva-e-inclusiva\/#primaryimage"},"thumbnailUrl":"https:\/\/wpsite-assets.fondazionepirelli.org\/wp-content\/uploads\/2024\/06\/04095237\/HD3A1179-scaled-e1717505034337.jpg","datePublished":"2024-06-04T08:52:50+00:00","dateModified":"2024-06-07T10:58:44+00:00","author":{"@id":"https:\/\/www.fondazionepirelli.org\/it\/#\/schema\/person\/f47d097000832c4a6e54538c791fdf25"},"breadcrumb":{"@id":"https:\/\/www.fondazionepirelli.org\/it\/cultura-dimpresa\/cultura-lavoro-e-conoscenza-nei-musei-anche-dimpresa-ce-il-capitale-sociale-duna-italia-produttiva-e-inclusiva\/#breadcrumb"},"inLanguage":"it-IT","potentialAction":[{"@type":"ReadAction","target":["https:\/\/www.fondazionepirelli.org\/it\/cultura-dimpresa\/cultura-lavoro-e-conoscenza-nei-musei-anche-dimpresa-ce-il-capitale-sociale-duna-italia-produttiva-e-inclusiva\/"]}]},{"@type":"ImageObject","inLanguage":"it-IT","@id":"https:\/\/www.fondazionepirelli.org\/it\/cultura-dimpresa\/cultura-lavoro-e-conoscenza-nei-musei-anche-dimpresa-ce-il-capitale-sociale-duna-italia-produttiva-e-inclusiva\/#primaryimage","url":"https:\/\/wpsite-assets.fondazionepirelli.org\/wp-content\/uploads\/2024\/06\/04095237\/HD3A1179-scaled-e1717505034337.jpg","contentUrl":"https:\/\/wpsite-assets.fondazionepirelli.org\/wp-content\/uploads\/2024\/06\/04095237\/HD3A1179-scaled-e1717505034337.jpg","width":1000,"height":667},{"@type":"BreadcrumbList","@id":"https:\/\/www.fondazionepirelli.org\/it\/cultura-dimpresa\/cultura-lavoro-e-conoscenza-nei-musei-anche-dimpresa-ce-il-capitale-sociale-duna-italia-produttiva-e-inclusiva\/#breadcrumb","itemListElement":[{"@type":"ListItem","position":1,"name":"Home","item":"https:\/\/www.fondazionepirelli.org\/it\/"},{"@type":"ListItem","position":2,"name":"Cultura, lavoro e conoscenza: nei musei, anche d\u2019impresa c\u2019\u00e8 il capitale sociale d\u2019una Italia produttiva e inclusiva\u00a0"}]},{"@type":"WebSite","@id":"https:\/\/www.fondazionepirelli.org\/it\/#website","url":"https:\/\/www.fondazionepirelli.org\/it\/","name":"Fondazione Pirelli","description":"","potentialAction":[{"@type":"SearchAction","target":{"@type":"EntryPoint","urlTemplate":"https:\/\/www.fondazionepirelli.org\/it\/?s={search_term_string}"},"query-input":{"@type":"PropertyValueSpecification","valueRequired":true,"valueName":"search_term_string"}}],"inLanguage":"it-IT"},{"@type":"Person","@id":"https:\/\/www.fondazionepirelli.org\/it\/#\/schema\/person\/f47d097000832c4a6e54538c791fdf25","name":"fondadmin","image":{"@type":"ImageObject","inLanguage":"it-IT","@id":"https:\/\/www.fondazionepirelli.org\/it\/#\/schema\/person\/image\/","url":"https:\/\/secure.gravatar.com\/avatar\/e69498a9175ca244966e51e53c88712c024fcebe41f9a05f75657f1bb25e489b?s=96&d=mm&r=g","contentUrl":"https:\/\/secure.gravatar.com\/avatar\/e69498a9175ca244966e51e53c88712c024fcebe41f9a05f75657f1bb25e489b?s=96&d=mm&r=g","caption":"fondadmin"},"url":"https:\/\/www.fondazionepirelli.org\/it\/author\/fondadmin\/"}]}},"_links":{"self":[{"href":"https:\/\/www.fondazionepirelli.org\/it\/wp-json\/wp\/v2\/posts\/100553\/"}],"collection":[{"href":"https:\/\/www.fondazionepirelli.org\/it\/wp-json\/wp\/v2\/posts\/"}],"about":[{"href":"https:\/\/www.fondazionepirelli.org\/it\/wp-json\/wp\/v2\/types\/post\/"}],"author":[{"embeddable":true,"href":"https:\/\/www.fondazionepirelli.org\/it\/wp-json\/wp\/v2\/users\/1\/"}],"replies":[{"embeddable":true,"href":"https:\/\/www.fondazionepirelli.org\/it\/wp-json\/wp\/v2\/comments\/?post=100553"}],"version-history":[{"count":4,"href":"https:\/\/www.fondazionepirelli.org\/it\/wp-json\/wp\/v2\/posts\/100553\/revisions\/"}],"predecessor-version":[{"id":100557,"href":"https:\/\/www.fondazionepirelli.org\/it\/wp-json\/wp\/v2\/posts\/100553\/revisions\/100557\/"}],"wp:featuredmedia":[{"embeddable":true,"href":"https:\/\/www.fondazionepirelli.org\/it\/wp-json\/wp\/v2\/media\/100566\/"}],"wp:attachment":[{"href":"https:\/\/www.fondazionepirelli.org\/it\/wp-json\/wp\/v2\/media\/?parent=100553"}],"wp:term":[{"taxonomy":"category","embeddable":true,"href":"https:\/\/www.fondazionepirelli.org\/it\/wp-json\/wp\/v2\/categories\/?post=100553"},{"taxonomy":"post_tag","embeddable":true,"href":"https:\/\/www.fondazionepirelli.org\/it\/wp-json\/wp\/v2\/tags\/?post=100553"}],"curies":[{"name":"wp","href":"https:\/\/api.w.org\/{rel}","templated":true}]}}