{"id":100699,"date":"2024-06-18T08:41:18","date_gmt":"2024-06-18T07:41:18","guid":{"rendered":"https:\/\/www.fondazionepirelli.org\/?p=100699"},"modified":"2024-06-18T09:20:53","modified_gmt":"2024-06-18T08:20:53","slug":"e-tempo-deleganza-intelligenza-e-gentilezza-per-la-moda-e-le-imprese-ma-anche-per-la-buona-politica","status":"publish","type":"post","link":"https:\/\/www.fondazionepirelli.org\/it\/cultura-dimpresa\/e-tempo-deleganza-intelligenza-e-gentilezza-per-la-moda-e-le-imprese-ma-anche-per-la-buona-politica\/","title":{"rendered":"\u00c8 tempo d\u2019eleganza, intelligenza e gentilezza per la moda e le imprese, ma anche per la buona politica"},"content":{"rendered":"<p>\u201cAmo l\u2019eleganza che nasce dall\u2019intelligenza\u201d, sostiene Giorgio Armani, in una lunga intervista al nuovo mensile \u201cU\u201d de \u201cla Repubblica\u201d, in occasione dei suoi novant\u2019anni. Per essere ancora pi\u00f9 chiaro, racconta di amare inoltre \u201cle cose sottili, la discrezione\u201d e \u201cla sobriet\u00e0, che \u00e8 sempre una qualit\u00e0 vincente\u201d.<\/p>\n<p>La relazione tra <strong>eleganza e intelligenza<\/strong> va considerata con attenzione, proprio in tempi cos\u00ec grossolani, come quelli in cui stiamo vivendo. E il mondo della moda, se vuol essere davvero coerente con i propri impegni sulla sostenibilit\u00e0 (che \u00e8 ambientale, ma anche sociale, contro gli sprechi, gli eccessi del lusso, la\u00a0 trascuratezza per la sicurezza e la qualit\u00e0 del lavoro nelle manifatture) pu\u00f2 essere un efficace canale di stimolo ai valori morali, alle migliori relazioni tra estetica ed etica (d\u2019altronde, sono parenti strette, queste due dimensioni della filosofia), alla necessit\u00e0 di scelte di qualit\u00e0 nei rapporti tra le persone, ma anche tra i poteri, le classi politiche, i paesi, per cercare vie d\u2019uscita \u201cintelligenti\u201d ai conflitti che sempre pi\u00f9 radicali squassano il mondo e ai comportamenti violenti e volgari che umiliano la convivenza civile, la politica, le istituzioni.<\/p>\n<p>C\u2019\u00e8 un\u2019altra parola che tiene banco, in questi giorni dedicati alla moda, tra le sfilate della Fashion Week a Milano e gli eventi di Palazzo Pitti a Firenze. Ed \u00e8 \u201c<strong>gentilezza<\/strong>\u201d.<\/p>\n<p>\u201cFaccio un lusso gentile\u201d, sostiene Brunello Cucinelli, che da tempo si entusiasma per la filosofia (con incontri e lezioni nel borgo medioevale di Solomeo in Umbria, dove si coltiva \u201cil sogno di un capitalismo umanistico\u201d). E racconta di fare abiti per \u201cun uomo raffinato e sensibile\u201d.<\/p>\n<p>Per \u201c<strong>una moda gentile<\/strong>\u201d si appassiona anche Pierre-Louis Mascia, per la collezione \u201cLe Cavalier Bleu\u201d ispirata a un movimento artistico dell\u2019espressionismo tedesco dei primi del Novecento.<\/p>\n<p>Eleganza, intelligenza, gentilezza, umanesimo in primo piano, dunque. La <strong>moda<\/strong> fa da canale di rinascita, di sviluppo equilibrato, persino di economia civile? Un percorso originale \u201cdal cuore alle mani\u201d, comunque, dalla passione creativa al buon lavoro, cio\u00e8, per riprendere l\u2019efficace titolo della mostra di Dolce e Gabbana a Palazzo Reale di Milano.<\/p>\n<p>Non c\u2019\u00e8 da pretendere troppo, naturalmente, da un settore in cui non sempre moda ed eleganza coincidono e che ha comunque le sue logiche severe, le asprezze e le angolosit\u00e0 taglienti di una competizione globale serrata (su cui, proprio adesso, scrive pagine sapide e sarcastiche Giancarlo De Cataldo nell\u2019ultimo best seller per Einaudi, \u201cIl bacio del calabrone\u201d, un nuovo caso per l\u2019aristocratico magistrato Manrico Spinori). Ma in ogni caso il mondo della moda fa da anticipatore e poi da amplificatore di segnali che indicano un\u2019esigenza sociale, una nuova dimensione culturale, uno <em>Zeitgeist<\/em> cui fare attentamente riferimento.<\/p>\n<p>L\u2019elogio dell\u2019intelligenza e della gentilezza \u00e8 un filo sottile ma robusto che anima anche altri mondi. Si parla di leadership gentile nelle imprese, man mano che le culture gerarchiche lasciano il posto a dimensioni di gestione\u00a0 pi\u00f9 orizzontali, marcando bene la differenza sostanziale che corre tra autoritarismo e autorevolezza. Si scrive di primato del <em>soft power <\/em>pure in politica (con buona pace di chi subisce il fascino dell\u2019 \u201cuomo solo al comando\u201d). Si rilegge come anticipazione di tempi nuovi e pi\u00f9 civili uno slogan pubblicitario di gran successo fin dalla sua nascita, nel 1994, \u201cPower is nothing without control\u201d, con uno strepitoso Carl Lewis, campione olimpionico in tacchi rossi, fotografato da <strong>Annie Leibovitz per Pirelli<\/strong> (se ne scrive nelle pagine de \u201c<strong>L\u2019officina dello sport<\/strong>\u201d, curato dalla Fondazione Pirelli e appena edito da Marsilio: c\u2019\u00e8 una relazione essenziale tra potenza\/potere e controllo non solo nelle competizioni sportive, ma anche nell\u2019economia e nella politica).<\/p>\n<p>In tanto ragionare, ci si ispira saggiamente ai capitoli delle \u201c<strong>Lezioni americane<\/strong>\u201d di Italo Calvino, dalle considerazioni sulla \u201c<strong>leggerezza<\/strong>\u201d (\u201cPrendete la vita con leggerezza, che non \u00e8 superficialit\u00e0, ma planare sulle cose dall\u2019alto, non avere macigni sul cuore\u201d) a quelle sull\u2019 \u201cesattezza\u201d e la \u201cmolteplicit\u00e0\u201d.<\/p>\n<p>Della necessit\u00e0 di costruire \u201cun mondo pi\u00f9 sicuro, civile\u201d e, appunto, \u201cgentile\u201d si parla nel \u201cManifesto di Assisi\u201d, un documento \u201cper una economia a misura d\u2019uomo\u201d elaborato nel 2021 dai francescani del Sacro Convento e da Symbola e firmato da personalit\u00e0 dell\u2019economia, della cultura, dell\u2019universit\u00e0, delle imprese e di una lunga serie di associazioni della societ\u00e0 civile.<\/p>\n<p>E \u201cgentilezza\u201d \u00e8 una parola chiave dell\u2019enciclica \u201c<strong>Fratelli tutti<\/strong>\u201d di Papa Francesco: \u201cLa gentilezza \u00e8 una liberazione dalla crudelt\u00e0 che a volte penetra le relazioni umane, dall\u2019ansiet\u00e0 che non ci lascia pensare agli altri, dall\u2019urgenza distratta che ignora che anche gli altri hanno diritto a essere felici\u201d.<\/p>\n<p>Gentilezza come chiave dell\u2019impegno a \u201cfarsi carico\u201d degli altri. Gentilezza come stato d\u2019animo che porta verso la distensione. E prepara l\u2019animo alla saggezza.<\/p>\n<p>Proprio quella saggezza che il Papa ha ricordato nei giorni scorsi ai potenti della terra riuniti al G7 in Puglia, sollecitando alla \u201csana politica\u201d la capacit\u00e0 di decidere con \u201cla phronesis della filosofia greca\u201d. Ha parlato, nel merito, di responsabilit\u00e0 per un uso \u201cumano\u201d dell\u2019Intelligenza Artificiale\u201d. Ma ha soprattutto aperto la strada verso considerazioni pi\u00f9 generali, sullo sviluppo sostenibile ed equilibrato, sulla sensibilit\u00e0 per la sofferenza, sul bisogno di assicurare alle nuove generazioni un migliore futuro.<\/p>\n<p>Facile, naturalmente, tutto ci\u00f2, a dirsi. E a farsi? Tutt\u2019altro. Ma necessario.<\/p>\n<p>D\u2019altronde, \u201cla facilit\u00e0 \u00e8 una forma di perfezione che contiene la sostanza di un lungo lavoro\u201d. Parola di Paolo Conte, artista esemplare. Un \u201cmaestro nell\u2019anima\u201d. Una persona intelligente. Elegante. Gentile.<\/p><p><em>(foto Getty Images)<\/em><\/p>\n","protected":false},"excerpt":{"rendered":"<p>\u201cAmo l\u2019eleganza che nasce dall\u2019intelligenza\u201d, sostiene Giorgio Armani, in una lunga intervista al nuovo mensile \u201cU\u201d de \u201cla Repubblica\u201d, in occasione dei suoi novant\u2019anni. Per essere ancora pi\u00f9 chiaro, racconta di amare inoltre \u201cle cose sottili, la discrezione\u201d e \u201cla sobriet\u00e0, che \u00e8 sempre una qualit\u00e0 vincente\u201d. La relazione tra eleganza e intelligenza va considerata [&hellip;]<\/p>\n","protected":false},"author":1,"featured_media":100708,"comment_status":"open","ping_status":"open","sticky":false,"template":"","format":"standard","meta":{"footnotes":""},"categories":[53,52],"tags":[],"class_list":["post-100699","post","type-post","status-publish","format-standard","has-post-thumbnail","hentry","category-blog","category-cultura-dimpresa"],"acf":[],"yoast_head":"<!-- This site is optimized with the Yoast SEO plugin v25.0 - https:\/\/yoast.com\/wordpress\/plugins\/seo\/ -->\n<title>\u00c8 tempo d\u2019eleganza, intelligenza e gentilezza per la moda e le imprese, ma anche per la buona politica - Fondazione Pirelli<\/title>\n<meta name=\"robots\" content=\"index, follow, max-snippet:-1, max-image-preview:large, max-video-preview:-1\" \/>\n<link rel=\"canonical\" href=\"https:\/\/www.fondazionepirelli.org\/it\/cultura-dimpresa\/e-tempo-deleganza-intelligenza-e-gentilezza-per-la-moda-e-le-imprese-ma-anche-per-la-buona-politica\/\" \/>\n<meta property=\"og:locale\" content=\"it_IT\" \/>\n<meta property=\"og:type\" content=\"article\" \/>\n<meta property=\"og:title\" content=\"\u00c8 tempo d\u2019eleganza, intelligenza e gentilezza per la moda e le imprese, ma anche per la buona politica - Fondazione Pirelli\" \/>\n<meta property=\"og:description\" content=\"\u201cAmo l\u2019eleganza che nasce dall\u2019intelligenza\u201d, sostiene Giorgio Armani, in una lunga intervista al nuovo mensile \u201cU\u201d de \u201cla Repubblica\u201d, in occasione dei suoi novant\u2019anni. Per essere ancora pi\u00f9 chiaro, racconta di amare inoltre \u201cle cose sottili, la discrezione\u201d e \u201cla sobriet\u00e0, che \u00e8 sempre una qualit\u00e0 vincente\u201d. La relazione tra eleganza e intelligenza va considerata [&hellip;]\" \/>\n<meta property=\"og:url\" content=\"https:\/\/www.fondazionepirelli.org\/it\/cultura-dimpresa\/e-tempo-deleganza-intelligenza-e-gentilezza-per-la-moda-e-le-imprese-ma-anche-per-la-buona-politica\/\" \/>\n<meta property=\"og:site_name\" content=\"Fondazione Pirelli\" \/>\n<meta property=\"article:published_time\" content=\"2024-06-18T07:41:18+00:00\" \/>\n<meta property=\"article:modified_time\" content=\"2024-06-18T08:20:53+00:00\" \/>\n<meta property=\"og:image\" content=\"https:\/\/wpsite-assets.fondazionepirelli.org\/wp-content\/uploads\/2024\/06\/18084024\/GettyImages-515488650-scaled-e1718696443840.jpg\" \/>\n\t<meta property=\"og:image:width\" content=\"500\" \/>\n\t<meta property=\"og:image:height\" content=\"728\" \/>\n\t<meta property=\"og:image:type\" content=\"image\/jpeg\" \/>\n<meta name=\"author\" content=\"fondadmin\" \/>\n<meta name=\"twitter:card\" content=\"summary_large_image\" \/>\n<meta name=\"twitter:label1\" content=\"Scritto da\" \/>\n\t<meta name=\"twitter:data1\" content=\"fondadmin\" \/>\n\t<meta name=\"twitter:label2\" content=\"Tempo di lettura stimato\" \/>\n\t<meta name=\"twitter:data2\" content=\"5 minuti\" \/>\n<script type=\"application\/ld+json\" class=\"yoast-schema-graph\">{\"@context\":\"https:\/\/schema.org\",\"@graph\":[{\"@type\":\"WebPage\",\"@id\":\"https:\/\/www.fondazionepirelli.org\/it\/cultura-dimpresa\/e-tempo-deleganza-intelligenza-e-gentilezza-per-la-moda-e-le-imprese-ma-anche-per-la-buona-politica\/\",\"url\":\"https:\/\/www.fondazionepirelli.org\/it\/cultura-dimpresa\/e-tempo-deleganza-intelligenza-e-gentilezza-per-la-moda-e-le-imprese-ma-anche-per-la-buona-politica\/\",\"name\":\"\u00c8 tempo d\u2019eleganza, intelligenza e gentilezza per la moda e le imprese, ma anche per la buona politica - Fondazione Pirelli\",\"isPartOf\":{\"@id\":\"https:\/\/www.fondazionepirelli.org\/it\/#website\"},\"primaryImageOfPage\":{\"@id\":\"https:\/\/www.fondazionepirelli.org\/it\/cultura-dimpresa\/e-tempo-deleganza-intelligenza-e-gentilezza-per-la-moda-e-le-imprese-ma-anche-per-la-buona-politica\/#primaryimage\"},\"image\":{\"@id\":\"https:\/\/www.fondazionepirelli.org\/it\/cultura-dimpresa\/e-tempo-deleganza-intelligenza-e-gentilezza-per-la-moda-e-le-imprese-ma-anche-per-la-buona-politica\/#primaryimage\"},\"thumbnailUrl\":\"https:\/\/wpsite-assets.fondazionepirelli.org\/wp-content\/uploads\/2024\/06\/18084024\/GettyImages-515488650-scaled-e1718696443840.jpg\",\"datePublished\":\"2024-06-18T07:41:18+00:00\",\"dateModified\":\"2024-06-18T08:20:53+00:00\",\"author\":{\"@id\":\"https:\/\/www.fondazionepirelli.org\/it\/#\/schema\/person\/f47d097000832c4a6e54538c791fdf25\"},\"breadcrumb\":{\"@id\":\"https:\/\/www.fondazionepirelli.org\/it\/cultura-dimpresa\/e-tempo-deleganza-intelligenza-e-gentilezza-per-la-moda-e-le-imprese-ma-anche-per-la-buona-politica\/#breadcrumb\"},\"inLanguage\":\"it-IT\",\"potentialAction\":[{\"@type\":\"ReadAction\",\"target\":[\"https:\/\/www.fondazionepirelli.org\/it\/cultura-dimpresa\/e-tempo-deleganza-intelligenza-e-gentilezza-per-la-moda-e-le-imprese-ma-anche-per-la-buona-politica\/\"]}]},{\"@type\":\"ImageObject\",\"inLanguage\":\"it-IT\",\"@id\":\"https:\/\/www.fondazionepirelli.org\/it\/cultura-dimpresa\/e-tempo-deleganza-intelligenza-e-gentilezza-per-la-moda-e-le-imprese-ma-anche-per-la-buona-politica\/#primaryimage\",\"url\":\"https:\/\/wpsite-assets.fondazionepirelli.org\/wp-content\/uploads\/2024\/06\/18084024\/GettyImages-515488650-scaled-e1718696443840.jpg\",\"contentUrl\":\"https:\/\/wpsite-assets.fondazionepirelli.org\/wp-content\/uploads\/2024\/06\/18084024\/GettyImages-515488650-scaled-e1718696443840.jpg\",\"width\":500,\"height\":728,\"caption\":\"(Original Caption) The Fontana sisters, Zoe (left) and Micol look at some of the lace that will be used to make Margaret Truman's wedding dress. The Rome fashion house will not reveal the design of the dress that Miss Truman will wear when she marries newsman Clifton Daniel Jr., in Independence, Mo., April 21st.\"},{\"@type\":\"BreadcrumbList\",\"@id\":\"https:\/\/www.fondazionepirelli.org\/it\/cultura-dimpresa\/e-tempo-deleganza-intelligenza-e-gentilezza-per-la-moda-e-le-imprese-ma-anche-per-la-buona-politica\/#breadcrumb\",\"itemListElement\":[{\"@type\":\"ListItem\",\"position\":1,\"name\":\"Home\",\"item\":\"https:\/\/www.fondazionepirelli.org\/it\/\"},{\"@type\":\"ListItem\",\"position\":2,\"name\":\"\u00c8 tempo d\u2019eleganza, intelligenza e gentilezza per la moda e le imprese, ma anche per la buona politica\"}]},{\"@type\":\"WebSite\",\"@id\":\"https:\/\/www.fondazionepirelli.org\/it\/#website\",\"url\":\"https:\/\/www.fondazionepirelli.org\/it\/\",\"name\":\"Fondazione Pirelli\",\"description\":\"\",\"potentialAction\":[{\"@type\":\"SearchAction\",\"target\":{\"@type\":\"EntryPoint\",\"urlTemplate\":\"https:\/\/www.fondazionepirelli.org\/it\/?s={search_term_string}\"},\"query-input\":{\"@type\":\"PropertyValueSpecification\",\"valueRequired\":true,\"valueName\":\"search_term_string\"}}],\"inLanguage\":\"it-IT\"},{\"@type\":\"Person\",\"@id\":\"https:\/\/www.fondazionepirelli.org\/it\/#\/schema\/person\/f47d097000832c4a6e54538c791fdf25\",\"name\":\"fondadmin\",\"image\":{\"@type\":\"ImageObject\",\"inLanguage\":\"it-IT\",\"@id\":\"https:\/\/www.fondazionepirelli.org\/it\/#\/schema\/person\/image\/\",\"url\":\"https:\/\/secure.gravatar.com\/avatar\/e69498a9175ca244966e51e53c88712c024fcebe41f9a05f75657f1bb25e489b?s=96&d=mm&r=g\",\"contentUrl\":\"https:\/\/secure.gravatar.com\/avatar\/e69498a9175ca244966e51e53c88712c024fcebe41f9a05f75657f1bb25e489b?s=96&d=mm&r=g\",\"caption\":\"fondadmin\"},\"url\":\"https:\/\/www.fondazionepirelli.org\/it\/author\/fondadmin\/\"}]}<\/script>\n<!-- \/ Yoast SEO plugin. -->","yoast_head_json":{"title":"\u00c8 tempo d\u2019eleganza, intelligenza e gentilezza per la moda e le imprese, ma anche per la buona politica - Fondazione Pirelli","robots":{"index":"index","follow":"follow","max-snippet":"max-snippet:-1","max-image-preview":"max-image-preview:large","max-video-preview":"max-video-preview:-1"},"canonical":"https:\/\/www.fondazionepirelli.org\/it\/cultura-dimpresa\/e-tempo-deleganza-intelligenza-e-gentilezza-per-la-moda-e-le-imprese-ma-anche-per-la-buona-politica\/","og_locale":"it_IT","og_type":"article","og_title":"\u00c8 tempo d\u2019eleganza, intelligenza e gentilezza per la moda e le imprese, ma anche per la buona politica - Fondazione Pirelli","og_description":"\u201cAmo l\u2019eleganza che nasce dall\u2019intelligenza\u201d, sostiene Giorgio Armani, in una lunga intervista al nuovo mensile \u201cU\u201d de \u201cla Repubblica\u201d, in occasione dei suoi novant\u2019anni. Per essere ancora pi\u00f9 chiaro, racconta di amare inoltre \u201cle cose sottili, la discrezione\u201d e \u201cla sobriet\u00e0, che \u00e8 sempre una qualit\u00e0 vincente\u201d. La relazione tra eleganza e intelligenza va considerata [&hellip;]","og_url":"https:\/\/www.fondazionepirelli.org\/it\/cultura-dimpresa\/e-tempo-deleganza-intelligenza-e-gentilezza-per-la-moda-e-le-imprese-ma-anche-per-la-buona-politica\/","og_site_name":"Fondazione Pirelli","article_published_time":"2024-06-18T07:41:18+00:00","article_modified_time":"2024-06-18T08:20:53+00:00","og_image":[{"width":500,"height":728,"url":"https:\/\/wpsite-assets.fondazionepirelli.org\/wp-content\/uploads\/2024\/06\/18084024\/GettyImages-515488650-scaled-e1718696443840.jpg","type":"image\/jpeg"}],"author":"fondadmin","twitter_card":"summary_large_image","twitter_misc":{"Scritto da":"fondadmin","Tempo di lettura stimato":"5 minuti"},"schema":{"@context":"https:\/\/schema.org","@graph":[{"@type":"WebPage","@id":"https:\/\/www.fondazionepirelli.org\/it\/cultura-dimpresa\/e-tempo-deleganza-intelligenza-e-gentilezza-per-la-moda-e-le-imprese-ma-anche-per-la-buona-politica\/","url":"https:\/\/www.fondazionepirelli.org\/it\/cultura-dimpresa\/e-tempo-deleganza-intelligenza-e-gentilezza-per-la-moda-e-le-imprese-ma-anche-per-la-buona-politica\/","name":"\u00c8 tempo d\u2019eleganza, intelligenza e gentilezza per la moda e le imprese, ma anche per la buona politica - Fondazione Pirelli","isPartOf":{"@id":"https:\/\/www.fondazionepirelli.org\/it\/#website"},"primaryImageOfPage":{"@id":"https:\/\/www.fondazionepirelli.org\/it\/cultura-dimpresa\/e-tempo-deleganza-intelligenza-e-gentilezza-per-la-moda-e-le-imprese-ma-anche-per-la-buona-politica\/#primaryimage"},"image":{"@id":"https:\/\/www.fondazionepirelli.org\/it\/cultura-dimpresa\/e-tempo-deleganza-intelligenza-e-gentilezza-per-la-moda-e-le-imprese-ma-anche-per-la-buona-politica\/#primaryimage"},"thumbnailUrl":"https:\/\/wpsite-assets.fondazionepirelli.org\/wp-content\/uploads\/2024\/06\/18084024\/GettyImages-515488650-scaled-e1718696443840.jpg","datePublished":"2024-06-18T07:41:18+00:00","dateModified":"2024-06-18T08:20:53+00:00","author":{"@id":"https:\/\/www.fondazionepirelli.org\/it\/#\/schema\/person\/f47d097000832c4a6e54538c791fdf25"},"breadcrumb":{"@id":"https:\/\/www.fondazionepirelli.org\/it\/cultura-dimpresa\/e-tempo-deleganza-intelligenza-e-gentilezza-per-la-moda-e-le-imprese-ma-anche-per-la-buona-politica\/#breadcrumb"},"inLanguage":"it-IT","potentialAction":[{"@type":"ReadAction","target":["https:\/\/www.fondazionepirelli.org\/it\/cultura-dimpresa\/e-tempo-deleganza-intelligenza-e-gentilezza-per-la-moda-e-le-imprese-ma-anche-per-la-buona-politica\/"]}]},{"@type":"ImageObject","inLanguage":"it-IT","@id":"https:\/\/www.fondazionepirelli.org\/it\/cultura-dimpresa\/e-tempo-deleganza-intelligenza-e-gentilezza-per-la-moda-e-le-imprese-ma-anche-per-la-buona-politica\/#primaryimage","url":"https:\/\/wpsite-assets.fondazionepirelli.org\/wp-content\/uploads\/2024\/06\/18084024\/GettyImages-515488650-scaled-e1718696443840.jpg","contentUrl":"https:\/\/wpsite-assets.fondazionepirelli.org\/wp-content\/uploads\/2024\/06\/18084024\/GettyImages-515488650-scaled-e1718696443840.jpg","width":500,"height":728,"caption":"(Original Caption) The Fontana sisters, Zoe (left) and Micol look at some of the lace that will be used to make Margaret Truman's wedding dress. The Rome fashion house will not reveal the design of the dress that Miss Truman will wear when she marries newsman Clifton Daniel Jr., in Independence, Mo., April 21st."},{"@type":"BreadcrumbList","@id":"https:\/\/www.fondazionepirelli.org\/it\/cultura-dimpresa\/e-tempo-deleganza-intelligenza-e-gentilezza-per-la-moda-e-le-imprese-ma-anche-per-la-buona-politica\/#breadcrumb","itemListElement":[{"@type":"ListItem","position":1,"name":"Home","item":"https:\/\/www.fondazionepirelli.org\/it\/"},{"@type":"ListItem","position":2,"name":"\u00c8 tempo d\u2019eleganza, intelligenza e gentilezza per la moda e le imprese, ma anche per la buona politica"}]},{"@type":"WebSite","@id":"https:\/\/www.fondazionepirelli.org\/it\/#website","url":"https:\/\/www.fondazionepirelli.org\/it\/","name":"Fondazione Pirelli","description":"","potentialAction":[{"@type":"SearchAction","target":{"@type":"EntryPoint","urlTemplate":"https:\/\/www.fondazionepirelli.org\/it\/?s={search_term_string}"},"query-input":{"@type":"PropertyValueSpecification","valueRequired":true,"valueName":"search_term_string"}}],"inLanguage":"it-IT"},{"@type":"Person","@id":"https:\/\/www.fondazionepirelli.org\/it\/#\/schema\/person\/f47d097000832c4a6e54538c791fdf25","name":"fondadmin","image":{"@type":"ImageObject","inLanguage":"it-IT","@id":"https:\/\/www.fondazionepirelli.org\/it\/#\/schema\/person\/image\/","url":"https:\/\/secure.gravatar.com\/avatar\/e69498a9175ca244966e51e53c88712c024fcebe41f9a05f75657f1bb25e489b?s=96&d=mm&r=g","contentUrl":"https:\/\/secure.gravatar.com\/avatar\/e69498a9175ca244966e51e53c88712c024fcebe41f9a05f75657f1bb25e489b?s=96&d=mm&r=g","caption":"fondadmin"},"url":"https:\/\/www.fondazionepirelli.org\/it\/author\/fondadmin\/"}]}},"_links":{"self":[{"href":"https:\/\/www.fondazionepirelli.org\/it\/wp-json\/wp\/v2\/posts\/100699\/"}],"collection":[{"href":"https:\/\/www.fondazionepirelli.org\/it\/wp-json\/wp\/v2\/posts\/"}],"about":[{"href":"https:\/\/www.fondazionepirelli.org\/it\/wp-json\/wp\/v2\/types\/post\/"}],"author":[{"embeddable":true,"href":"https:\/\/www.fondazionepirelli.org\/it\/wp-json\/wp\/v2\/users\/1\/"}],"replies":[{"embeddable":true,"href":"https:\/\/www.fondazionepirelli.org\/it\/wp-json\/wp\/v2\/comments\/?post=100699"}],"version-history":[{"count":4,"href":"https:\/\/www.fondazionepirelli.org\/it\/wp-json\/wp\/v2\/posts\/100699\/revisions\/"}],"predecessor-version":[{"id":100712,"href":"https:\/\/www.fondazionepirelli.org\/it\/wp-json\/wp\/v2\/posts\/100699\/revisions\/100712\/"}],"wp:featuredmedia":[{"embeddable":true,"href":"https:\/\/www.fondazionepirelli.org\/it\/wp-json\/wp\/v2\/media\/100708\/"}],"wp:attachment":[{"href":"https:\/\/www.fondazionepirelli.org\/it\/wp-json\/wp\/v2\/media\/?parent=100699"}],"wp:term":[{"taxonomy":"category","embeddable":true,"href":"https:\/\/www.fondazionepirelli.org\/it\/wp-json\/wp\/v2\/categories\/?post=100699"},{"taxonomy":"post_tag","embeddable":true,"href":"https:\/\/www.fondazionepirelli.org\/it\/wp-json\/wp\/v2\/tags\/?post=100699"}],"curies":[{"name":"wp","href":"https:\/\/api.w.org\/{rel}","templated":true}]}}