{"id":100701,"date":"2024-06-18T08:41:56","date_gmt":"2024-06-18T07:41:56","guid":{"rendered":"https:\/\/www.fondazionepirelli.org\/?p=100701"},"modified":"2024-06-18T08:41:56","modified_gmt":"2024-06-18T07:41:56","slug":"cultura-anche-del-produrre-attraverso-le-cartoline","status":"publish","type":"post","link":"https:\/\/www.fondazionepirelli.org\/it\/cultura-dimpresa\/cultura-anche-del-produrre-attraverso-le-cartoline\/","title":{"rendered":"Cultura (anche del produrre) attraverso le cartoline"},"content":{"rendered":"<p><em>Una ricerca di due geografi racconta del cambiamento della percezione del paesaggio naturale e industrial<\/em>e<\/p><p>Comprendere la percezione dell\u2019ambiente e dello sviluppo, della socialit\u00e0 e della produzione anche attraverso la narrazione visuale, e cio\u00e8 quella modalit\u00e0 del raccontare che passa dalle immagini. Anche quelle di un tempo \u2013 cartoline e filmati \u201cfatti in casa\u201d \u2013 che fino a pochi anni fa era d\u2019uso comune e che adesso appaiono quasi scomparse. Eppure, \u00e8 anche attraverso cartoline e filmati di famiglia che pu\u00f2 passare la cultura del vivere sociale, del produrre, dello sviluppo e della condivisione. E\u2019 attorno a queste idee che hanno lavorato Pietro Agnoletto e Lorenzo Bagnoli nella loro ricerca \u201cAmbiente e percezione sociale. Cartoline e filmati di famiglia nell\u2019Italia industriale\u201d da poco pubblicata dalla rivista dell\u2019associazione dei geografi italiani (AGEI).<\/p>\n<p>Agnoletto e Bagnoli partono dal considerare un dato di fatto davanti a tutti gli attenti osservatori della realt\u00e0 sociale: ci\u00f2 che nella societ\u00e0 italiana postmoderna viene considerato un conflitto ambientale, nell\u2019Italia industriale degli anni Sessanta e Settanta poteva essere invece considerato accettabile ed essere rappresentato senza offendere il comune senso estetico. In altri termini, quello che qualche decennio fa affascinava talmente tanto da diventare degno di ammirazione, ricordo e visita, oggi pu\u00f2 essere stato retrocesso ad elemento di danno ambientale e sociale. A testimoniare questo processo \u2013 spiegano i due autori \u2013 \u00e8 il turismo e i ricordi di viaggio che produce. Non quelli che originano dai viaggiatori attenti, ma quelli che arrivano dalla gente comune, dalle famiglie in vacanza, dai passaggi apparentemente distratti eppure capaci di cogliere tratti particolari del paesaggio. Cartoline postali e filmati di famiglia, dunque, come strumenti in grado di testimoniare una percezione diversa del paesaggio e dei manufatti umani, della vita in comune, della produzione, delle fabbriche. Una cultura \u2013 anche del produrre e d\u2019impresa \u2013 che appare essere notevolmente differente da quella di oggi, ma che ha fatto parte per molti decenni del comune sentire della societ\u00e0 italiana.<\/p>\n<p>Cos\u00ec, fanno notare Agnoletto e Bagnoli, dall\u2019analisi visuale di questi tipi di documento emerge come spesso parcheggi, arterie stradali, mezzi di trasporto, stabilimenti industriali o condomini \u2013 tutti attentamente evitati nelle rappresentazioni turistiche di oggi \u2013 non venivano allora percepiti quali oggetti deturpanti il paesaggio nemmeno durante un periodo di vacanza, ma elementi che testimoniavano progresso e sviluppo di una localit\u00e0 turistica. In altri termini ancora, come viene spiegato della ricerca, il contesto turistico della seconda met\u00e0 del XX secolo testimonia del boom economico dell\u2019Italia, ne \u00e8 parte integrante e riesce a tramandare informazione che altrimenti sarebbero andate perse.<\/p>\n<p>Il lavoro di Agnoletto e Bagnoli costituisce un esempio di come si possa fare ricerca economica e sociale mettendo da parte per un attimo i numeri e guardando alla vita quotidiana delle persone. Da leggere.<\/p><p><a href=\"https:\/\/boa.unimib.it\/handle\/10281\/472538\"><strong>Ambiente e percezione sociale. Cartoline e filmati di famiglia nell\u2019Italia industriale<\/strong><\/a><\/p>\n<p>Pietro Agnoletto, Lorenzo Bagnoli<\/p>\n<p>AGEI, Geotema, 72<\/p>\n","protected":false},"excerpt":{"rendered":"<p>Una ricerca di due geografi racconta del cambiamento della percezione del paesaggio naturale e industrialeComprendere la percezione dell\u2019ambiente e dello sviluppo, della socialit\u00e0 e della produzione anche attraverso la narrazione visuale, e cio\u00e8 quella modalit\u00e0 del raccontare che passa dalle immagini. Anche quelle di un tempo \u2013 cartoline e filmati \u201cfatti in casa\u201d \u2013 che [&hellip;]<\/p>\n","protected":false},"author":1,"featured_media":0,"comment_status":"open","ping_status":"open","sticky":false,"template":"","format":"standard","meta":{"footnotes":""},"categories":[54,52],"tags":[],"class_list":["post-100701","post","type-post","status-publish","format-standard","hentry","category-approfondimenti","category-cultura-dimpresa"],"acf":[],"yoast_head":"<!-- This site is optimized with the Yoast SEO plugin v25.0 - https:\/\/yoast.com\/wordpress\/plugins\/seo\/ -->\n<title>Cultura (anche del produrre) attraverso le cartoline - Fondazione Pirelli<\/title>\n<meta name=\"robots\" content=\"index, follow, max-snippet:-1, max-image-preview:large, max-video-preview:-1\" \/>\n<link rel=\"canonical\" href=\"https:\/\/www.fondazionepirelli.org\/it\/cultura-dimpresa\/cultura-anche-del-produrre-attraverso-le-cartoline\/\" \/>\n<meta property=\"og:locale\" content=\"it_IT\" \/>\n<meta property=\"og:type\" content=\"article\" \/>\n<meta property=\"og:title\" content=\"Cultura (anche del produrre) attraverso le cartoline - Fondazione Pirelli\" \/>\n<meta property=\"og:description\" content=\"Una ricerca di due geografi racconta del cambiamento della percezione del paesaggio naturale e industrialeComprendere la percezione dell\u2019ambiente e dello sviluppo, della socialit\u00e0 e della produzione anche attraverso la narrazione visuale, e cio\u00e8 quella modalit\u00e0 del raccontare che passa dalle immagini. Anche quelle di un tempo \u2013 cartoline e filmati \u201cfatti in casa\u201d \u2013 che [&hellip;]\" \/>\n<meta property=\"og:url\" content=\"https:\/\/www.fondazionepirelli.org\/it\/cultura-dimpresa\/cultura-anche-del-produrre-attraverso-le-cartoline\/\" \/>\n<meta property=\"og:site_name\" content=\"Fondazione Pirelli\" \/>\n<meta property=\"article:published_time\" content=\"2024-06-18T07:41:56+00:00\" \/>\n<meta name=\"author\" content=\"fondadmin\" \/>\n<meta name=\"twitter:card\" content=\"summary_large_image\" \/>\n<meta name=\"twitter:label1\" content=\"Scritto da\" \/>\n\t<meta name=\"twitter:data1\" content=\"fondadmin\" \/>\n\t<meta name=\"twitter:label2\" content=\"Tempo di lettura stimato\" \/>\n\t<meta name=\"twitter:data2\" content=\"2 minuti\" \/>\n<script type=\"application\/ld+json\" class=\"yoast-schema-graph\">{\"@context\":\"https:\/\/schema.org\",\"@graph\":[{\"@type\":\"WebPage\",\"@id\":\"https:\/\/www.fondazionepirelli.org\/it\/cultura-dimpresa\/cultura-anche-del-produrre-attraverso-le-cartoline\/\",\"url\":\"https:\/\/www.fondazionepirelli.org\/it\/cultura-dimpresa\/cultura-anche-del-produrre-attraverso-le-cartoline\/\",\"name\":\"Cultura (anche del produrre) attraverso le cartoline - Fondazione Pirelli\",\"isPartOf\":{\"@id\":\"https:\/\/www.fondazionepirelli.org\/it\/#website\"},\"datePublished\":\"2024-06-18T07:41:56+00:00\",\"author\":{\"@id\":\"https:\/\/www.fondazionepirelli.org\/it\/#\/schema\/person\/f47d097000832c4a6e54538c791fdf25\"},\"breadcrumb\":{\"@id\":\"https:\/\/www.fondazionepirelli.org\/it\/cultura-dimpresa\/cultura-anche-del-produrre-attraverso-le-cartoline\/#breadcrumb\"},\"inLanguage\":\"it-IT\",\"potentialAction\":[{\"@type\":\"ReadAction\",\"target\":[\"https:\/\/www.fondazionepirelli.org\/it\/cultura-dimpresa\/cultura-anche-del-produrre-attraverso-le-cartoline\/\"]}]},{\"@type\":\"BreadcrumbList\",\"@id\":\"https:\/\/www.fondazionepirelli.org\/it\/cultura-dimpresa\/cultura-anche-del-produrre-attraverso-le-cartoline\/#breadcrumb\",\"itemListElement\":[{\"@type\":\"ListItem\",\"position\":1,\"name\":\"Home\",\"item\":\"https:\/\/www.fondazionepirelli.org\/it\/\"},{\"@type\":\"ListItem\",\"position\":2,\"name\":\"Cultura (anche del produrre) attraverso le cartoline\"}]},{\"@type\":\"WebSite\",\"@id\":\"https:\/\/www.fondazionepirelli.org\/it\/#website\",\"url\":\"https:\/\/www.fondazionepirelli.org\/it\/\",\"name\":\"Fondazione Pirelli\",\"description\":\"\",\"potentialAction\":[{\"@type\":\"SearchAction\",\"target\":{\"@type\":\"EntryPoint\",\"urlTemplate\":\"https:\/\/www.fondazionepirelli.org\/it\/?s={search_term_string}\"},\"query-input\":{\"@type\":\"PropertyValueSpecification\",\"valueRequired\":true,\"valueName\":\"search_term_string\"}}],\"inLanguage\":\"it-IT\"},{\"@type\":\"Person\",\"@id\":\"https:\/\/www.fondazionepirelli.org\/it\/#\/schema\/person\/f47d097000832c4a6e54538c791fdf25\",\"name\":\"fondadmin\",\"image\":{\"@type\":\"ImageObject\",\"inLanguage\":\"it-IT\",\"@id\":\"https:\/\/www.fondazionepirelli.org\/it\/#\/schema\/person\/image\/\",\"url\":\"https:\/\/secure.gravatar.com\/avatar\/e69498a9175ca244966e51e53c88712c024fcebe41f9a05f75657f1bb25e489b?s=96&d=mm&r=g\",\"contentUrl\":\"https:\/\/secure.gravatar.com\/avatar\/e69498a9175ca244966e51e53c88712c024fcebe41f9a05f75657f1bb25e489b?s=96&d=mm&r=g\",\"caption\":\"fondadmin\"},\"url\":\"https:\/\/www.fondazionepirelli.org\/it\/author\/fondadmin\/\"}]}<\/script>\n<!-- \/ Yoast SEO plugin. -->","yoast_head_json":{"title":"Cultura (anche del produrre) attraverso le cartoline - Fondazione Pirelli","robots":{"index":"index","follow":"follow","max-snippet":"max-snippet:-1","max-image-preview":"max-image-preview:large","max-video-preview":"max-video-preview:-1"},"canonical":"https:\/\/www.fondazionepirelli.org\/it\/cultura-dimpresa\/cultura-anche-del-produrre-attraverso-le-cartoline\/","og_locale":"it_IT","og_type":"article","og_title":"Cultura (anche del produrre) attraverso le cartoline - Fondazione Pirelli","og_description":"Una ricerca di due geografi racconta del cambiamento della percezione del paesaggio naturale e industrialeComprendere la percezione dell\u2019ambiente e dello sviluppo, della socialit\u00e0 e della produzione anche attraverso la narrazione visuale, e cio\u00e8 quella modalit\u00e0 del raccontare che passa dalle immagini. Anche quelle di un tempo \u2013 cartoline e filmati \u201cfatti in casa\u201d \u2013 che [&hellip;]","og_url":"https:\/\/www.fondazionepirelli.org\/it\/cultura-dimpresa\/cultura-anche-del-produrre-attraverso-le-cartoline\/","og_site_name":"Fondazione Pirelli","article_published_time":"2024-06-18T07:41:56+00:00","author":"fondadmin","twitter_card":"summary_large_image","twitter_misc":{"Scritto da":"fondadmin","Tempo di lettura stimato":"2 minuti"},"schema":{"@context":"https:\/\/schema.org","@graph":[{"@type":"WebPage","@id":"https:\/\/www.fondazionepirelli.org\/it\/cultura-dimpresa\/cultura-anche-del-produrre-attraverso-le-cartoline\/","url":"https:\/\/www.fondazionepirelli.org\/it\/cultura-dimpresa\/cultura-anche-del-produrre-attraverso-le-cartoline\/","name":"Cultura (anche del produrre) attraverso le cartoline - Fondazione Pirelli","isPartOf":{"@id":"https:\/\/www.fondazionepirelli.org\/it\/#website"},"datePublished":"2024-06-18T07:41:56+00:00","author":{"@id":"https:\/\/www.fondazionepirelli.org\/it\/#\/schema\/person\/f47d097000832c4a6e54538c791fdf25"},"breadcrumb":{"@id":"https:\/\/www.fondazionepirelli.org\/it\/cultura-dimpresa\/cultura-anche-del-produrre-attraverso-le-cartoline\/#breadcrumb"},"inLanguage":"it-IT","potentialAction":[{"@type":"ReadAction","target":["https:\/\/www.fondazionepirelli.org\/it\/cultura-dimpresa\/cultura-anche-del-produrre-attraverso-le-cartoline\/"]}]},{"@type":"BreadcrumbList","@id":"https:\/\/www.fondazionepirelli.org\/it\/cultura-dimpresa\/cultura-anche-del-produrre-attraverso-le-cartoline\/#breadcrumb","itemListElement":[{"@type":"ListItem","position":1,"name":"Home","item":"https:\/\/www.fondazionepirelli.org\/it\/"},{"@type":"ListItem","position":2,"name":"Cultura (anche del produrre) attraverso le cartoline"}]},{"@type":"WebSite","@id":"https:\/\/www.fondazionepirelli.org\/it\/#website","url":"https:\/\/www.fondazionepirelli.org\/it\/","name":"Fondazione Pirelli","description":"","potentialAction":[{"@type":"SearchAction","target":{"@type":"EntryPoint","urlTemplate":"https:\/\/www.fondazionepirelli.org\/it\/?s={search_term_string}"},"query-input":{"@type":"PropertyValueSpecification","valueRequired":true,"valueName":"search_term_string"}}],"inLanguage":"it-IT"},{"@type":"Person","@id":"https:\/\/www.fondazionepirelli.org\/it\/#\/schema\/person\/f47d097000832c4a6e54538c791fdf25","name":"fondadmin","image":{"@type":"ImageObject","inLanguage":"it-IT","@id":"https:\/\/www.fondazionepirelli.org\/it\/#\/schema\/person\/image\/","url":"https:\/\/secure.gravatar.com\/avatar\/e69498a9175ca244966e51e53c88712c024fcebe41f9a05f75657f1bb25e489b?s=96&d=mm&r=g","contentUrl":"https:\/\/secure.gravatar.com\/avatar\/e69498a9175ca244966e51e53c88712c024fcebe41f9a05f75657f1bb25e489b?s=96&d=mm&r=g","caption":"fondadmin"},"url":"https:\/\/www.fondazionepirelli.org\/it\/author\/fondadmin\/"}]}},"_links":{"self":[{"href":"https:\/\/www.fondazionepirelli.org\/it\/wp-json\/wp\/v2\/posts\/100701\/"}],"collection":[{"href":"https:\/\/www.fondazionepirelli.org\/it\/wp-json\/wp\/v2\/posts\/"}],"about":[{"href":"https:\/\/www.fondazionepirelli.org\/it\/wp-json\/wp\/v2\/types\/post\/"}],"author":[{"embeddable":true,"href":"https:\/\/www.fondazionepirelli.org\/it\/wp-json\/wp\/v2\/users\/1\/"}],"replies":[{"embeddable":true,"href":"https:\/\/www.fondazionepirelli.org\/it\/wp-json\/wp\/v2\/comments\/?post=100701"}],"version-history":[{"count":1,"href":"https:\/\/www.fondazionepirelli.org\/it\/wp-json\/wp\/v2\/posts\/100701\/revisions\/"}],"predecessor-version":[{"id":100702,"href":"https:\/\/www.fondazionepirelli.org\/it\/wp-json\/wp\/v2\/posts\/100701\/revisions\/100702\/"}],"wp:attachment":[{"href":"https:\/\/www.fondazionepirelli.org\/it\/wp-json\/wp\/v2\/media\/?parent=100701"}],"wp:term":[{"taxonomy":"category","embeddable":true,"href":"https:\/\/www.fondazionepirelli.org\/it\/wp-json\/wp\/v2\/categories\/?post=100701"},{"taxonomy":"post_tag","embeddable":true,"href":"https:\/\/www.fondazionepirelli.org\/it\/wp-json\/wp\/v2\/tags\/?post=100701"}],"curies":[{"name":"wp","href":"https:\/\/api.w.org\/{rel}","templated":true}]}}