{"id":100740,"date":"2024-06-25T08:34:12","date_gmt":"2024-06-25T07:34:12","guid":{"rendered":"https:\/\/www.fondazionepirelli.org\/?p=100740"},"modified":"2024-06-25T08:34:12","modified_gmt":"2024-06-25T07:34:12","slug":"reti-per-lo-sviluppo-di-tutti","status":"publish","type":"post","link":"https:\/\/www.fondazionepirelli.org\/it\/cultura-dimpresa\/reti-per-lo-sviluppo-di-tutti\/","title":{"rendered":"Reti per lo sviluppo, di tutti"},"content":{"rendered":"<p><em>Una pubblicazione curata da Fondazione Feltrinelli fa il punto sull\u2019accesso alle reti digitali e ne delinea i problemi ancora aperti<\/em><\/p>\n<p><strong>\u00a0<\/strong><\/p>\n<p>Essere connessi per non rimanere esclusi. Vale per gli individui, vale per le organizzazioni, per le imprese. Connessioni che passano dalle reti digitali, oltre che da quelle sociali ed economiche. E\u2019 attorno a tutto questo che ragionano i saggi raccolti in \u201cDentro e fuori la rete Lavoro, cittadini e welfare alla prova della transizione digitale\u201d, volume scritto a pi\u00f9 mani e curato dalla Fondazione Giangiacomo Feltrinelli.<\/p>\n<p>Il punto di partenza del libro \u00e8 una constatazione: l\u2019accesso alla rete \u00e8 da intendersi come fattore di sviluppo democratico. E\u2019 da l\u00ec, che lo si voglia o no, che passano i diritti e, soprattutto, la possibilit\u00e0 di fruirne, cos\u00ec come le occasioni di sviluppo e crescita, quelle di dialogo e confronto. Il volume e quindi organizzato in quattro sezioni per altrettanti temi generali. La rete \u00e8 via d\u2019accesso ed essa stessa diritto di tutti; la rete \u00e8 strumento di e per lavorare, la rete \u00e8 piattaforma di servizi per il cittadino e le imprese , la rete \u2013 infine \u2013 \u00e8 veicolo di sviluppo economico soprattutto per particolari situazioni come quelle delle aree interne. Reti digitali, in altri termini, come strumenti e infrastrutture inclusive, ormai ineludibili ma alle quali non tutti ancora accesso.<\/p>\n<p>Il libro tocca tutti questi aspetti, ne approfondisce i particolari, ne indica le possibili evoluzioni e le soluzioni alle difficolt\u00e0 che oggi sussistono. Ed \u00e8 proprio qui che nasce, oltre che dalle analisi sui singoli aspetti, uno dei punti di interesse pi\u00f9 notevoli della raccolta. \u201cL\u2019accesso equo alla rete \u2013 viene spiegato nelle conclusioni \u2013 \u00e8 stato identificato come un diritto fondamentale e una leva per l\u2019inclusione sociale, economica e culturale. Tuttavia, rimangono sfide significative, quali la necessit\u00e0 di garantire una infrastruttura adeguata con banda ultra-larga e la riduzione delle disuguaglianze legate all\u2019accesso oltre all\u2019accrescere le competenze digitali\u201d. E poi ancora: \u201cLa trasformazione digitale delle imprese e dei territori offre opportunit\u00e0 di crescita economica e di rigenerazione territoriale, ma \u00e8 cruciale assicurare che tali processi siano sostenibili e rispettosi degli obiettivi sociali e ambientali\u201d. In altri termini, le possibilit\u00e0 offerte dalla rete devono davvero fare ancora molta strada per essere\u00a0 per tutti. E\u2019 una questione di democrazia e, prima ancora, di cultura.<\/p><p><strong>Dentro e fuori la rete Lavoro, cittadini e welfare alla prova della transizione digitale<\/strong><\/p>\n<p><strong>AA.VV.<\/strong><\/p>\n<p><strong>Scenari, 62, Fondazione Giangiacomo Feltrinelli, marzo 2024<\/strong><\/p>","protected":false},"excerpt":{"rendered":"<p>Una pubblicazione curata da Fondazione Feltrinelli fa il punto sull\u2019accesso alle reti digitali e ne delinea i problemi ancora aperti \u00a0 Essere connessi per non rimanere esclusi. Vale per gli individui, vale per le organizzazioni, per le imprese. Connessioni che passano dalle reti digitali, oltre che da quelle sociali ed economiche. E\u2019 attorno a tutto [&hellip;]<\/p>\n","protected":false},"author":1,"featured_media":100746,"comment_status":"open","ping_status":"open","sticky":false,"template":"","format":"standard","meta":{"footnotes":""},"categories":[52,58],"tags":[],"class_list":["post-100740","post","type-post","status-publish","format-standard","has-post-thumbnail","hentry","category-cultura-dimpresa","category-recensioni-libri"],"acf":[],"yoast_head":"<!-- This site is optimized with the Yoast SEO plugin v25.0 - https:\/\/yoast.com\/wordpress\/plugins\/seo\/ -->\n<title>Reti per lo sviluppo, di tutti - Fondazione Pirelli<\/title>\n<meta name=\"robots\" content=\"index, follow, max-snippet:-1, max-image-preview:large, max-video-preview:-1\" \/>\n<link rel=\"canonical\" href=\"https:\/\/www.fondazionepirelli.org\/it\/cultura-dimpresa\/reti-per-lo-sviluppo-di-tutti\/\" \/>\n<meta property=\"og:locale\" content=\"it_IT\" \/>\n<meta property=\"og:type\" content=\"article\" \/>\n<meta property=\"og:title\" content=\"Reti per lo sviluppo, di tutti - Fondazione Pirelli\" \/>\n<meta property=\"og:description\" content=\"Una pubblicazione curata da Fondazione Feltrinelli fa il punto sull\u2019accesso alle reti digitali e ne delinea i problemi ancora aperti \u00a0 Essere connessi per non rimanere esclusi. Vale per gli individui, vale per le organizzazioni, per le imprese. Connessioni che passano dalle reti digitali, oltre che da quelle sociali ed economiche. E\u2019 attorno a tutto [&hellip;]\" \/>\n<meta property=\"og:url\" content=\"https:\/\/www.fondazionepirelli.org\/it\/cultura-dimpresa\/reti-per-lo-sviluppo-di-tutti\/\" \/>\n<meta property=\"og:site_name\" content=\"Fondazione Pirelli\" \/>\n<meta property=\"article:published_time\" content=\"2024-06-25T07:34:12+00:00\" \/>\n<meta property=\"og:image\" content=\"https:\/\/wpsite-assets.fondazionepirelli.org\/wp-content\/uploads\/2024\/06\/25075402\/IMG_0068-722x1024.png\" \/>\n\t<meta property=\"og:image:width\" content=\"722\" \/>\n\t<meta property=\"og:image:height\" content=\"1024\" \/>\n\t<meta property=\"og:image:type\" content=\"image\/png\" \/>\n<meta name=\"author\" content=\"fondadmin\" \/>\n<meta name=\"twitter:card\" content=\"summary_large_image\" \/>\n<meta name=\"twitter:label1\" content=\"Scritto da\" \/>\n\t<meta name=\"twitter:data1\" content=\"fondadmin\" \/>\n\t<meta name=\"twitter:label2\" content=\"Tempo di lettura stimato\" \/>\n\t<meta name=\"twitter:data2\" content=\"2 minuti\" \/>\n<script type=\"application\/ld+json\" class=\"yoast-schema-graph\">{\"@context\":\"https:\/\/schema.org\",\"@graph\":[{\"@type\":\"WebPage\",\"@id\":\"https:\/\/www.fondazionepirelli.org\/it\/cultura-dimpresa\/reti-per-lo-sviluppo-di-tutti\/\",\"url\":\"https:\/\/www.fondazionepirelli.org\/it\/cultura-dimpresa\/reti-per-lo-sviluppo-di-tutti\/\",\"name\":\"Reti per lo sviluppo, di tutti - Fondazione Pirelli\",\"isPartOf\":{\"@id\":\"https:\/\/www.fondazionepirelli.org\/it\/#website\"},\"primaryImageOfPage\":{\"@id\":\"https:\/\/www.fondazionepirelli.org\/it\/cultura-dimpresa\/reti-per-lo-sviluppo-di-tutti\/#primaryimage\"},\"image\":{\"@id\":\"https:\/\/www.fondazionepirelli.org\/it\/cultura-dimpresa\/reti-per-lo-sviluppo-di-tutti\/#primaryimage\"},\"thumbnailUrl\":\"https:\/\/wpsite-assets.fondazionepirelli.org\/wp-content\/uploads\/2024\/06\/25075402\/IMG_0068.png\",\"datePublished\":\"2024-06-25T07:34:12+00:00\",\"author\":{\"@id\":\"https:\/\/www.fondazionepirelli.org\/it\/#\/schema\/person\/f47d097000832c4a6e54538c791fdf25\"},\"breadcrumb\":{\"@id\":\"https:\/\/www.fondazionepirelli.org\/it\/cultura-dimpresa\/reti-per-lo-sviluppo-di-tutti\/#breadcrumb\"},\"inLanguage\":\"it-IT\",\"potentialAction\":[{\"@type\":\"ReadAction\",\"target\":[\"https:\/\/www.fondazionepirelli.org\/it\/cultura-dimpresa\/reti-per-lo-sviluppo-di-tutti\/\"]}]},{\"@type\":\"ImageObject\",\"inLanguage\":\"it-IT\",\"@id\":\"https:\/\/www.fondazionepirelli.org\/it\/cultura-dimpresa\/reti-per-lo-sviluppo-di-tutti\/#primaryimage\",\"url\":\"https:\/\/wpsite-assets.fondazionepirelli.org\/wp-content\/uploads\/2024\/06\/25075402\/IMG_0068.png\",\"contentUrl\":\"https:\/\/wpsite-assets.fondazionepirelli.org\/wp-content\/uploads\/2024\/06\/25075402\/IMG_0068.png\",\"width\":1226,\"height\":1740},{\"@type\":\"BreadcrumbList\",\"@id\":\"https:\/\/www.fondazionepirelli.org\/it\/cultura-dimpresa\/reti-per-lo-sviluppo-di-tutti\/#breadcrumb\",\"itemListElement\":[{\"@type\":\"ListItem\",\"position\":1,\"name\":\"Home\",\"item\":\"https:\/\/www.fondazionepirelli.org\/it\/\"},{\"@type\":\"ListItem\",\"position\":2,\"name\":\"Reti per lo sviluppo, di tutti\"}]},{\"@type\":\"WebSite\",\"@id\":\"https:\/\/www.fondazionepirelli.org\/it\/#website\",\"url\":\"https:\/\/www.fondazionepirelli.org\/it\/\",\"name\":\"Fondazione Pirelli\",\"description\":\"\",\"potentialAction\":[{\"@type\":\"SearchAction\",\"target\":{\"@type\":\"EntryPoint\",\"urlTemplate\":\"https:\/\/www.fondazionepirelli.org\/it\/?s={search_term_string}\"},\"query-input\":{\"@type\":\"PropertyValueSpecification\",\"valueRequired\":true,\"valueName\":\"search_term_string\"}}],\"inLanguage\":\"it-IT\"},{\"@type\":\"Person\",\"@id\":\"https:\/\/www.fondazionepirelli.org\/it\/#\/schema\/person\/f47d097000832c4a6e54538c791fdf25\",\"name\":\"fondadmin\",\"image\":{\"@type\":\"ImageObject\",\"inLanguage\":\"it-IT\",\"@id\":\"https:\/\/www.fondazionepirelli.org\/it\/#\/schema\/person\/image\/\",\"url\":\"https:\/\/secure.gravatar.com\/avatar\/e69498a9175ca244966e51e53c88712c024fcebe41f9a05f75657f1bb25e489b?s=96&d=mm&r=g\",\"contentUrl\":\"https:\/\/secure.gravatar.com\/avatar\/e69498a9175ca244966e51e53c88712c024fcebe41f9a05f75657f1bb25e489b?s=96&d=mm&r=g\",\"caption\":\"fondadmin\"},\"url\":\"https:\/\/www.fondazionepirelli.org\/it\/author\/fondadmin\/\"}]}<\/script>\n<!-- \/ Yoast SEO plugin. -->","yoast_head_json":{"title":"Reti per lo sviluppo, di tutti - Fondazione Pirelli","robots":{"index":"index","follow":"follow","max-snippet":"max-snippet:-1","max-image-preview":"max-image-preview:large","max-video-preview":"max-video-preview:-1"},"canonical":"https:\/\/www.fondazionepirelli.org\/it\/cultura-dimpresa\/reti-per-lo-sviluppo-di-tutti\/","og_locale":"it_IT","og_type":"article","og_title":"Reti per lo sviluppo, di tutti - Fondazione Pirelli","og_description":"Una pubblicazione curata da Fondazione Feltrinelli fa il punto sull\u2019accesso alle reti digitali e ne delinea i problemi ancora aperti \u00a0 Essere connessi per non rimanere esclusi. Vale per gli individui, vale per le organizzazioni, per le imprese. Connessioni che passano dalle reti digitali, oltre che da quelle sociali ed economiche. E\u2019 attorno a tutto [&hellip;]","og_url":"https:\/\/www.fondazionepirelli.org\/it\/cultura-dimpresa\/reti-per-lo-sviluppo-di-tutti\/","og_site_name":"Fondazione Pirelli","article_published_time":"2024-06-25T07:34:12+00:00","og_image":[{"width":722,"height":1024,"url":"https:\/\/wpsite-assets.fondazionepirelli.org\/wp-content\/uploads\/2024\/06\/25075402\/IMG_0068-722x1024.png","type":"image\/png"}],"author":"fondadmin","twitter_card":"summary_large_image","twitter_misc":{"Scritto da":"fondadmin","Tempo di lettura stimato":"2 minuti"},"schema":{"@context":"https:\/\/schema.org","@graph":[{"@type":"WebPage","@id":"https:\/\/www.fondazionepirelli.org\/it\/cultura-dimpresa\/reti-per-lo-sviluppo-di-tutti\/","url":"https:\/\/www.fondazionepirelli.org\/it\/cultura-dimpresa\/reti-per-lo-sviluppo-di-tutti\/","name":"Reti per lo sviluppo, di tutti - Fondazione Pirelli","isPartOf":{"@id":"https:\/\/www.fondazionepirelli.org\/it\/#website"},"primaryImageOfPage":{"@id":"https:\/\/www.fondazionepirelli.org\/it\/cultura-dimpresa\/reti-per-lo-sviluppo-di-tutti\/#primaryimage"},"image":{"@id":"https:\/\/www.fondazionepirelli.org\/it\/cultura-dimpresa\/reti-per-lo-sviluppo-di-tutti\/#primaryimage"},"thumbnailUrl":"https:\/\/wpsite-assets.fondazionepirelli.org\/wp-content\/uploads\/2024\/06\/25075402\/IMG_0068.png","datePublished":"2024-06-25T07:34:12+00:00","author":{"@id":"https:\/\/www.fondazionepirelli.org\/it\/#\/schema\/person\/f47d097000832c4a6e54538c791fdf25"},"breadcrumb":{"@id":"https:\/\/www.fondazionepirelli.org\/it\/cultura-dimpresa\/reti-per-lo-sviluppo-di-tutti\/#breadcrumb"},"inLanguage":"it-IT","potentialAction":[{"@type":"ReadAction","target":["https:\/\/www.fondazionepirelli.org\/it\/cultura-dimpresa\/reti-per-lo-sviluppo-di-tutti\/"]}]},{"@type":"ImageObject","inLanguage":"it-IT","@id":"https:\/\/www.fondazionepirelli.org\/it\/cultura-dimpresa\/reti-per-lo-sviluppo-di-tutti\/#primaryimage","url":"https:\/\/wpsite-assets.fondazionepirelli.org\/wp-content\/uploads\/2024\/06\/25075402\/IMG_0068.png","contentUrl":"https:\/\/wpsite-assets.fondazionepirelli.org\/wp-content\/uploads\/2024\/06\/25075402\/IMG_0068.png","width":1226,"height":1740},{"@type":"BreadcrumbList","@id":"https:\/\/www.fondazionepirelli.org\/it\/cultura-dimpresa\/reti-per-lo-sviluppo-di-tutti\/#breadcrumb","itemListElement":[{"@type":"ListItem","position":1,"name":"Home","item":"https:\/\/www.fondazionepirelli.org\/it\/"},{"@type":"ListItem","position":2,"name":"Reti per lo sviluppo, di tutti"}]},{"@type":"WebSite","@id":"https:\/\/www.fondazionepirelli.org\/it\/#website","url":"https:\/\/www.fondazionepirelli.org\/it\/","name":"Fondazione Pirelli","description":"","potentialAction":[{"@type":"SearchAction","target":{"@type":"EntryPoint","urlTemplate":"https:\/\/www.fondazionepirelli.org\/it\/?s={search_term_string}"},"query-input":{"@type":"PropertyValueSpecification","valueRequired":true,"valueName":"search_term_string"}}],"inLanguage":"it-IT"},{"@type":"Person","@id":"https:\/\/www.fondazionepirelli.org\/it\/#\/schema\/person\/f47d097000832c4a6e54538c791fdf25","name":"fondadmin","image":{"@type":"ImageObject","inLanguage":"it-IT","@id":"https:\/\/www.fondazionepirelli.org\/it\/#\/schema\/person\/image\/","url":"https:\/\/secure.gravatar.com\/avatar\/e69498a9175ca244966e51e53c88712c024fcebe41f9a05f75657f1bb25e489b?s=96&d=mm&r=g","contentUrl":"https:\/\/secure.gravatar.com\/avatar\/e69498a9175ca244966e51e53c88712c024fcebe41f9a05f75657f1bb25e489b?s=96&d=mm&r=g","caption":"fondadmin"},"url":"https:\/\/www.fondazionepirelli.org\/it\/author\/fondadmin\/"}]}},"_links":{"self":[{"href":"https:\/\/www.fondazionepirelli.org\/it\/wp-json\/wp\/v2\/posts\/100740\/"}],"collection":[{"href":"https:\/\/www.fondazionepirelli.org\/it\/wp-json\/wp\/v2\/posts\/"}],"about":[{"href":"https:\/\/www.fondazionepirelli.org\/it\/wp-json\/wp\/v2\/types\/post\/"}],"author":[{"embeddable":true,"href":"https:\/\/www.fondazionepirelli.org\/it\/wp-json\/wp\/v2\/users\/1\/"}],"replies":[{"embeddable":true,"href":"https:\/\/www.fondazionepirelli.org\/it\/wp-json\/wp\/v2\/comments\/?post=100740"}],"version-history":[{"count":4,"href":"https:\/\/www.fondazionepirelli.org\/it\/wp-json\/wp\/v2\/posts\/100740\/revisions\/"}],"predecessor-version":[{"id":100748,"href":"https:\/\/www.fondazionepirelli.org\/it\/wp-json\/wp\/v2\/posts\/100740\/revisions\/100748\/"}],"wp:featuredmedia":[{"embeddable":true,"href":"https:\/\/www.fondazionepirelli.org\/it\/wp-json\/wp\/v2\/media\/100746\/"}],"wp:attachment":[{"href":"https:\/\/www.fondazionepirelli.org\/it\/wp-json\/wp\/v2\/media\/?parent=100740"}],"wp:term":[{"taxonomy":"category","embeddable":true,"href":"https:\/\/www.fondazionepirelli.org\/it\/wp-json\/wp\/v2\/categories\/?post=100740"},{"taxonomy":"post_tag","embeddable":true,"href":"https:\/\/www.fondazionepirelli.org\/it\/wp-json\/wp\/v2\/tags\/?post=100740"}],"curies":[{"name":"wp","href":"https:\/\/api.w.org\/{rel}","templated":true}]}}