{"id":100744,"date":"2024-06-25T08:34:52","date_gmt":"2024-06-25T07:34:52","guid":{"rendered":"https:\/\/www.fondazionepirelli.org\/?p=100744"},"modified":"2024-06-25T08:34:52","modified_gmt":"2024-06-25T07:34:52","slug":"cultura-del-saper-fare-motore-di-sviluppo","status":"publish","type":"post","link":"https:\/\/www.fondazionepirelli.org\/it\/cultura-dimpresa\/cultura-del-saper-fare-motore-di-sviluppo\/","title":{"rendered":"Cultura del saper fare motore di sviluppo"},"content":{"rendered":"<p><em>Dall\u2019analisi delle candidature a Capitale Europea della Cultura, l\u2019indicazione del ruolo della buona impresa<\/em><\/p><p>La cultura del saper fare, il territorio, l\u2019umanit\u00e0 che lo popola, la condivisione di intenti e di buone pratiche. Sono questi gli elementi che creano ricchezza materiale e spirituale. E che spesso si ritrovano percorrendo l\u2019Italia. A questo insieme di circostanze e di presenze \u00e8 dedicata la ricerca \u201cIl ruolo delle PMI e dell\u2019artigianato nelle trasformazioni urbane a base culturale. L\u2019esperienza delle citt\u00e0 creative UNESCO e delle Capitali della Cultura\u201d di Lucio Argano (Universit\u00e0 Cattolica del Sacro Cuore, Dipartimento di comunicazione). L\u2019indagine, in particolare, sottolinea l\u2019importanza e il ruolo che l\u2019artigianato e le PMI possono avere all\u2019interno dei progetti di quelle citt\u00e0 che decidono di attivare trasformazioni urbane di medio e lungo termine attraverso la leva della cultura, delle arti e della creativit\u00e0. Crescita e sviluppo, appunto, visti con gli occhiali della cultura a tutto tondo.<\/p>\n<p>Il punto focale al quale Argano dedica attenzione \u00e8 costituito dalle principali attivit\u00e0 e programmi delle quattordici citt\u00e0 italiane che fanno parte della Rete UNESCO delle Citt\u00e0 Creative e che si concentrano su sette cluster creativi, tra cui art&amp;craftwork. Per comprendere meglio cosa \u00e8 stato fatto, l\u2019autore segue la lettura dei fascicoli di progetto relativi alle citt\u00e0 finaliste del concorso italiano per il titolo di Capitale Europea della Cultura 2019, poi assegnato a Matera, con l&#8217;obiettivo di tracciare quelle iniziative capaci di valorizzare l&#8217;artigianato, non solo artistico. e il suo contributo alle sfide della citt\u00e0 delineate dal progetto.<\/p>\n<p>Dalla ricerca emergono cos\u00ec i punti di forza sui quali sono stati costruiti i progetti: le persone e le competenze distintive, comprese quelle artigianali e imprenditoriali, che diventano le principali infrastrutture culturali e creative della citt\u00e0. Ma non solo. Dai fascicoli di candidatura emerge anche la considerazione della cultura e della creativit\u00e0 come risorse attive di quello che Argano indica come \u201cecosistema urbano pi\u00f9 ampio in cui si intrecciano luoghi, persone, pratiche, storie, tradizioni, innovazioni e valore simbolico\u201d. Imprenditoria e artigianato, dunque, come elementi indispensabili della cultura di un territorio, capaci, tra l\u2019altro, di funzionare come propulsori di sviluppo. La ricerca di Lucio Argano ha il merito di dare concretezza a questo modello<\/p><p><a href=\"https:\/\/www.rivisteweb.it\/doi\/10.12830\/113588\"><strong>Il ruolo delle PMI e dell\u2019artigianato nelle trasformazioni urbane a base culturale. L\u2019esperienza delle citt\u00e0 creative UNESCO e delle Capitali della Cultura<\/strong><\/a><\/p>\n<p><strong>Lucio Argano<\/strong><\/p>\n<p><strong>Quaderni di ricerca sull&#8217;artigianato, Fascicolo 1\/2024, gennaio-aprile.<\/strong><\/p>","protected":false},"excerpt":{"rendered":"<p>Dall\u2019analisi delle candidature a Capitale Europea della Cultura, l\u2019indicazione del ruolo della buona impresaLa cultura del saper fare, il territorio, l\u2019umanit\u00e0 che lo popola, la condivisione di intenti e di buone pratiche. Sono questi gli elementi che creano ricchezza materiale e spirituale. E che spesso si ritrovano percorrendo l\u2019Italia. A questo insieme di circostanze e [&hellip;]<\/p>\n","protected":false},"author":1,"featured_media":0,"comment_status":"open","ping_status":"open","sticky":false,"template":"","format":"standard","meta":{"footnotes":""},"categories":[54,52],"tags":[],"class_list":["post-100744","post","type-post","status-publish","format-standard","hentry","category-approfondimenti","category-cultura-dimpresa"],"acf":[],"yoast_head":"<!-- This site is optimized with the Yoast SEO plugin v25.0 - https:\/\/yoast.com\/wordpress\/plugins\/seo\/ -->\n<title>Cultura del saper fare motore di sviluppo - Fondazione Pirelli<\/title>\n<meta name=\"robots\" content=\"index, follow, max-snippet:-1, max-image-preview:large, max-video-preview:-1\" \/>\n<link rel=\"canonical\" href=\"https:\/\/www.fondazionepirelli.org\/it\/cultura-dimpresa\/cultura-del-saper-fare-motore-di-sviluppo\/\" \/>\n<meta property=\"og:locale\" content=\"it_IT\" \/>\n<meta property=\"og:type\" content=\"article\" \/>\n<meta property=\"og:title\" content=\"Cultura del saper fare motore di sviluppo - Fondazione Pirelli\" \/>\n<meta property=\"og:description\" content=\"Dall\u2019analisi delle candidature a Capitale Europea della Cultura, l\u2019indicazione del ruolo della buona impresaLa cultura del saper fare, il territorio, l\u2019umanit\u00e0 che lo popola, la condivisione di intenti e di buone pratiche. Sono questi gli elementi che creano ricchezza materiale e spirituale. E che spesso si ritrovano percorrendo l\u2019Italia. A questo insieme di circostanze e [&hellip;]\" \/>\n<meta property=\"og:url\" content=\"https:\/\/www.fondazionepirelli.org\/it\/cultura-dimpresa\/cultura-del-saper-fare-motore-di-sviluppo\/\" \/>\n<meta property=\"og:site_name\" content=\"Fondazione Pirelli\" \/>\n<meta property=\"article:published_time\" content=\"2024-06-25T07:34:52+00:00\" \/>\n<meta name=\"author\" content=\"fondadmin\" \/>\n<meta name=\"twitter:card\" content=\"summary_large_image\" \/>\n<meta name=\"twitter:label1\" content=\"Scritto da\" \/>\n\t<meta name=\"twitter:data1\" content=\"fondadmin\" \/>\n\t<meta name=\"twitter:label2\" content=\"Tempo di lettura stimato\" \/>\n\t<meta name=\"twitter:data2\" content=\"2 minuti\" \/>\n<script type=\"application\/ld+json\" class=\"yoast-schema-graph\">{\"@context\":\"https:\/\/schema.org\",\"@graph\":[{\"@type\":\"WebPage\",\"@id\":\"https:\/\/www.fondazionepirelli.org\/it\/cultura-dimpresa\/cultura-del-saper-fare-motore-di-sviluppo\/\",\"url\":\"https:\/\/www.fondazionepirelli.org\/it\/cultura-dimpresa\/cultura-del-saper-fare-motore-di-sviluppo\/\",\"name\":\"Cultura del saper fare motore di sviluppo - Fondazione Pirelli\",\"isPartOf\":{\"@id\":\"https:\/\/www.fondazionepirelli.org\/it\/#website\"},\"datePublished\":\"2024-06-25T07:34:52+00:00\",\"author\":{\"@id\":\"https:\/\/www.fondazionepirelli.org\/it\/#\/schema\/person\/f47d097000832c4a6e54538c791fdf25\"},\"breadcrumb\":{\"@id\":\"https:\/\/www.fondazionepirelli.org\/it\/cultura-dimpresa\/cultura-del-saper-fare-motore-di-sviluppo\/#breadcrumb\"},\"inLanguage\":\"it-IT\",\"potentialAction\":[{\"@type\":\"ReadAction\",\"target\":[\"https:\/\/www.fondazionepirelli.org\/it\/cultura-dimpresa\/cultura-del-saper-fare-motore-di-sviluppo\/\"]}]},{\"@type\":\"BreadcrumbList\",\"@id\":\"https:\/\/www.fondazionepirelli.org\/it\/cultura-dimpresa\/cultura-del-saper-fare-motore-di-sviluppo\/#breadcrumb\",\"itemListElement\":[{\"@type\":\"ListItem\",\"position\":1,\"name\":\"Home\",\"item\":\"https:\/\/www.fondazionepirelli.org\/it\/\"},{\"@type\":\"ListItem\",\"position\":2,\"name\":\"Cultura del saper fare motore di sviluppo\"}]},{\"@type\":\"WebSite\",\"@id\":\"https:\/\/www.fondazionepirelli.org\/it\/#website\",\"url\":\"https:\/\/www.fondazionepirelli.org\/it\/\",\"name\":\"Fondazione Pirelli\",\"description\":\"\",\"potentialAction\":[{\"@type\":\"SearchAction\",\"target\":{\"@type\":\"EntryPoint\",\"urlTemplate\":\"https:\/\/www.fondazionepirelli.org\/it\/?s={search_term_string}\"},\"query-input\":{\"@type\":\"PropertyValueSpecification\",\"valueRequired\":true,\"valueName\":\"search_term_string\"}}],\"inLanguage\":\"it-IT\"},{\"@type\":\"Person\",\"@id\":\"https:\/\/www.fondazionepirelli.org\/it\/#\/schema\/person\/f47d097000832c4a6e54538c791fdf25\",\"name\":\"fondadmin\",\"image\":{\"@type\":\"ImageObject\",\"inLanguage\":\"it-IT\",\"@id\":\"https:\/\/www.fondazionepirelli.org\/it\/#\/schema\/person\/image\/\",\"url\":\"https:\/\/secure.gravatar.com\/avatar\/e69498a9175ca244966e51e53c88712c024fcebe41f9a05f75657f1bb25e489b?s=96&d=mm&r=g\",\"contentUrl\":\"https:\/\/secure.gravatar.com\/avatar\/e69498a9175ca244966e51e53c88712c024fcebe41f9a05f75657f1bb25e489b?s=96&d=mm&r=g\",\"caption\":\"fondadmin\"},\"url\":\"https:\/\/www.fondazionepirelli.org\/it\/author\/fondadmin\/\"}]}<\/script>\n<!-- \/ Yoast SEO plugin. -->","yoast_head_json":{"title":"Cultura del saper fare motore di sviluppo - Fondazione Pirelli","robots":{"index":"index","follow":"follow","max-snippet":"max-snippet:-1","max-image-preview":"max-image-preview:large","max-video-preview":"max-video-preview:-1"},"canonical":"https:\/\/www.fondazionepirelli.org\/it\/cultura-dimpresa\/cultura-del-saper-fare-motore-di-sviluppo\/","og_locale":"it_IT","og_type":"article","og_title":"Cultura del saper fare motore di sviluppo - Fondazione Pirelli","og_description":"Dall\u2019analisi delle candidature a Capitale Europea della Cultura, l\u2019indicazione del ruolo della buona impresaLa cultura del saper fare, il territorio, l\u2019umanit\u00e0 che lo popola, la condivisione di intenti e di buone pratiche. Sono questi gli elementi che creano ricchezza materiale e spirituale. E che spesso si ritrovano percorrendo l\u2019Italia. A questo insieme di circostanze e [&hellip;]","og_url":"https:\/\/www.fondazionepirelli.org\/it\/cultura-dimpresa\/cultura-del-saper-fare-motore-di-sviluppo\/","og_site_name":"Fondazione Pirelli","article_published_time":"2024-06-25T07:34:52+00:00","author":"fondadmin","twitter_card":"summary_large_image","twitter_misc":{"Scritto da":"fondadmin","Tempo di lettura stimato":"2 minuti"},"schema":{"@context":"https:\/\/schema.org","@graph":[{"@type":"WebPage","@id":"https:\/\/www.fondazionepirelli.org\/it\/cultura-dimpresa\/cultura-del-saper-fare-motore-di-sviluppo\/","url":"https:\/\/www.fondazionepirelli.org\/it\/cultura-dimpresa\/cultura-del-saper-fare-motore-di-sviluppo\/","name":"Cultura del saper fare motore di sviluppo - Fondazione Pirelli","isPartOf":{"@id":"https:\/\/www.fondazionepirelli.org\/it\/#website"},"datePublished":"2024-06-25T07:34:52+00:00","author":{"@id":"https:\/\/www.fondazionepirelli.org\/it\/#\/schema\/person\/f47d097000832c4a6e54538c791fdf25"},"breadcrumb":{"@id":"https:\/\/www.fondazionepirelli.org\/it\/cultura-dimpresa\/cultura-del-saper-fare-motore-di-sviluppo\/#breadcrumb"},"inLanguage":"it-IT","potentialAction":[{"@type":"ReadAction","target":["https:\/\/www.fondazionepirelli.org\/it\/cultura-dimpresa\/cultura-del-saper-fare-motore-di-sviluppo\/"]}]},{"@type":"BreadcrumbList","@id":"https:\/\/www.fondazionepirelli.org\/it\/cultura-dimpresa\/cultura-del-saper-fare-motore-di-sviluppo\/#breadcrumb","itemListElement":[{"@type":"ListItem","position":1,"name":"Home","item":"https:\/\/www.fondazionepirelli.org\/it\/"},{"@type":"ListItem","position":2,"name":"Cultura del saper fare motore di sviluppo"}]},{"@type":"WebSite","@id":"https:\/\/www.fondazionepirelli.org\/it\/#website","url":"https:\/\/www.fondazionepirelli.org\/it\/","name":"Fondazione Pirelli","description":"","potentialAction":[{"@type":"SearchAction","target":{"@type":"EntryPoint","urlTemplate":"https:\/\/www.fondazionepirelli.org\/it\/?s={search_term_string}"},"query-input":{"@type":"PropertyValueSpecification","valueRequired":true,"valueName":"search_term_string"}}],"inLanguage":"it-IT"},{"@type":"Person","@id":"https:\/\/www.fondazionepirelli.org\/it\/#\/schema\/person\/f47d097000832c4a6e54538c791fdf25","name":"fondadmin","image":{"@type":"ImageObject","inLanguage":"it-IT","@id":"https:\/\/www.fondazionepirelli.org\/it\/#\/schema\/person\/image\/","url":"https:\/\/secure.gravatar.com\/avatar\/e69498a9175ca244966e51e53c88712c024fcebe41f9a05f75657f1bb25e489b?s=96&d=mm&r=g","contentUrl":"https:\/\/secure.gravatar.com\/avatar\/e69498a9175ca244966e51e53c88712c024fcebe41f9a05f75657f1bb25e489b?s=96&d=mm&r=g","caption":"fondadmin"},"url":"https:\/\/www.fondazionepirelli.org\/it\/author\/fondadmin\/"}]}},"_links":{"self":[{"href":"https:\/\/www.fondazionepirelli.org\/it\/wp-json\/wp\/v2\/posts\/100744\/"}],"collection":[{"href":"https:\/\/www.fondazionepirelli.org\/it\/wp-json\/wp\/v2\/posts\/"}],"about":[{"href":"https:\/\/www.fondazionepirelli.org\/it\/wp-json\/wp\/v2\/types\/post\/"}],"author":[{"embeddable":true,"href":"https:\/\/www.fondazionepirelli.org\/it\/wp-json\/wp\/v2\/users\/1\/"}],"replies":[{"embeddable":true,"href":"https:\/\/www.fondazionepirelli.org\/it\/wp-json\/wp\/v2\/comments\/?post=100744"}],"version-history":[{"count":1,"href":"https:\/\/www.fondazionepirelli.org\/it\/wp-json\/wp\/v2\/posts\/100744\/revisions\/"}],"predecessor-version":[{"id":100745,"href":"https:\/\/www.fondazionepirelli.org\/it\/wp-json\/wp\/v2\/posts\/100744\/revisions\/100745\/"}],"wp:attachment":[{"href":"https:\/\/www.fondazionepirelli.org\/it\/wp-json\/wp\/v2\/media\/?parent=100744"}],"wp:term":[{"taxonomy":"category","embeddable":true,"href":"https:\/\/www.fondazionepirelli.org\/it\/wp-json\/wp\/v2\/categories\/?post=100744"},{"taxonomy":"post_tag","embeddable":true,"href":"https:\/\/www.fondazionepirelli.org\/it\/wp-json\/wp\/v2\/tags\/?post=100744"}],"curies":[{"name":"wp","href":"https:\/\/api.w.org\/{rel}","templated":true}]}}