{"id":100839,"date":"2024-07-02T07:36:01","date_gmt":"2024-07-02T06:36:01","guid":{"rendered":"https:\/\/www.fondazionepirelli.org\/?p=100839"},"modified":"2024-07-05T12:01:10","modified_gmt":"2024-07-05T11:01:10","slug":"un-futuro-da-smart-city-per-lo-sviluppo-di-milano-e-palermo-tra-comuni-radici-culturali-e-progetti-per-imprese-produttive","status":"publish","type":"post","link":"https:\/\/www.fondazionepirelli.org\/it\/cultura-dimpresa\/un-futuro-da-smart-city-per-lo-sviluppo-di-milano-e-palermo-tra-comuni-radici-culturali-e-progetti-per-imprese-produttive\/","title":{"rendered":"Un futuro da smart city per lo sviluppo di Milano e Palermo, tra comuni radici culturali e progetti per imprese produttive\u00a0"},"content":{"rendered":"<p>L\u2019<strong>identit\u00e0<\/strong> non sta nel soggetto, ma nella<strong> relazione<\/strong>, come ci ha insegnato <strong>Emmanuel L\u00e9vinas<\/strong>, uno dei principali filosofi del Novecento. Non \u201cnella sopraffazione e nella volont\u00e0 di annientamento dell\u2019Altro\u201d, ma nella dialettica del confronto, nella condivisione. Un\u2019identit\u00e0, dunque, niente affatto chiusa, esclusiva, ostile, ma semmai aperta e dialogante. Come peraltro testimonia la storia della civilt\u00e0 mediterranee, in cui l\u2019Italia ha avuto un ruolo determinante. Con l\u2019attitudine a costruire ponti piuttosto che minacciare muri, per usare il lungimirante pensiero di Papa Francesco.<\/p>\n<p>Sono proprio le parole di L\u00e9vinas a venire in mente mentre a Milano si lancia il Forum \u201c<strong>Genio Mediterraneo<\/strong>\u201d (mercoled\u00ec la presentazione a Palazzo Marino, a novembre due giorni di convegno al palermitano Teatro Massimo): un\u2019iniziativa promossa dai sindaci di Milano Beppe Sala e di Palermo Roberto Lagalla, schieramento politici diversi (centosinistra e centrodestra), ma una somiglianza per la provenienza dalla cosiddetta \u201c<strong>societ\u00e0 civile<\/strong>\u201d (il mondo dell\u2019impresa per Sala, l\u2019universit\u00e0 per Lagalla, ex rettore) e soprattutto un interesse comune: confrontarsi sulle strategie e i contenuti di un progetto di sviluppo sostenibile che, facendo perno sulle due \u201ccitt\u00e0 di frontiera\u201d, riguardi il Sistema Paese, proprio mentre tutt\u2019intorno il contesto geopolitico \u00e8 in movimento, tra una Ue in cerca di migliori equilibri per non essere schiacciata dalle scelte competitive di Usa e Cina e un Mediterraneo lacerato da nuovi e vecchi conflitti.<\/p>\n<p>Sono citt\u00e0 diverse, naturalmente, <strong>Milano e Palermo<\/strong>, per storia, peso economico, prospettive di crescita (per ragionare meglio sulle loro caratteristiche \u00e8 utile anche sfogliare le pagine di \u201cCitt\u00e0. Milano\u201d, la bella e colta rivista periodica fondata anni fa da Guido Vergani e adesso diretta da Giangiacomo Schiavi e fermarsi sulle riflessioni di \u201cRomanzo urbanistico\u201d, edito da Sellerio e scritto da Maurizio Carta, architetto e assessore comunale a Palermo).<\/p>\n<p>Ma sono citt\u00e0 comunque unite da una serie di robusti legami, nella <strong>comune sensibilit\u00e0<\/strong> per le <strong>dinamiche del cambiamento<\/strong> e, nel corso della seconda met\u00e0 del Novecento, anche per l\u2019essenziale contributo dato a Milano da siciliani che si sono distinti nei settori dell\u2019economia, dell\u2019impresa e della cultura (per fare solo pochi nomi, il banchiere <strong>Enrico Cuccia<\/strong>, che dagli uffici di Mediobanca vigilava sulle sorti del capitalismo italiano e lo scrittore <strong>Elio Vittorini<\/strong>, per le capacit\u00e0 \u201cpolitecniche\u201d di innovazione culturale ed editoriale, oltre che <strong>Leonardo Sciascia,<\/strong> con il suo amore per Manzoni e Stendhal, cardini di sapienza letteraria e passione civile). \u201c<strong>Milanesi si diventa<\/strong>\u201d, era il titolo di un bel romanzo di Antonio Castellaneta degli anni Ottanta. E siciliani, pur da milanesi, si resta, nonostante tutto, anche quando si sono varcati da tempo i confini dell\u2019isola per cercare altrove diverse condizioni di vita e di lavoro ma all\u2019isola si resta quanto mai legati, da complesse reti di radici e d\u2019amore.<\/p>\n<p>La cultura della relazione, alla L\u00e9vinas, appunto, e il \u201cpatriottismo dolce\u201d dell\u2019identit\u00e0 aperta aiutano a tenere insieme radici e futuro. A progettare e costruire iniziative di crescita economica e sociale nel segno di un vero e proprio \u201cavvenire della memoria\u201d. Un\u2019attitudine, peraltro, molto mediterranea.<\/p>\n<p>Ecco un punto di partenza: <strong>valorizzare il proprio capitale sociale<\/strong>. Per Milano, si insiste su intraprendenza e solidariet\u00e0, competitivit\u00e0 e inclusione, \u201ccultura politecnica\u201d come sintesi tra bellezza e innovazione, saperi umanistici e conoscenze scientifiche. Per Palermo, su una attitudine speciale al darsi da fare, al costruire lavoro e impresa (essere \u2018mprisiusi, si dice in dialetto) nonostante tutte le resistenze ambientali e, perch\u00e9 no? familiste e clientelari. Su una sofisticata inclinazione alla buona cultura di respiro europeo, con l\u2019eleganza che nasce da un\u2019affilata intelligenza critica. Sulla pur sempre vivace tendenza a essere \u201csiciliani di mare aperto\u201d e cio\u00e8 tutt\u2019altro che inclini alla \u201cterribile insularit\u00e0 dell\u2019animo\u201d condannata da Leonardo Sciascia. E su una valorizzazione della legalit\u00e0 e della buona amministrazione su cui proprio a Palermo sono state scritte pagine di straordinaria intensit\u00e0 civile (ricorre il ricordo di Piersanti Mattarella e Pio La Terre, di Giovanni Falcone, Paolo Borsellino e Ninni Cassar\u00e0, per fare solo alcuni nomi di \u201cuomini dello Stato, stroncati dalla mafia). Buone ragioni di fondo da valorizzare e rilanciare. Un capitale sociale, appunto, di cui essere fieri.<\/p>\n<p>Oggi vale la pena, per il Forum sul \u201cGenio Mediterraneo\u201d, parlare insieme delle scelte di politica industriale italiana ed europea per affrontare la twin transition ambientale e digitale: Milano come baricentro di innovazione nel cuore dell\u2019Europa pi\u00f9 produttiva e competitiva e Palermo come possibile piattaforma logistica, culturale, formativa di respiro europeo, nel cuore del Mediterraneo e come porta europea verso le spinte che vengono dall\u2019Africa. Una prospettiva fondamentale proprio nel tempo di una sempre pi\u00f9 ampia diffusione dell\u2019Intelligenza Artificiale, che modifica radicalmente i paradigmi della conoscenza, della produzione, degli scambi.<\/p>\n<p><strong>Sapienza mediterranea, valori europei.<\/strong><\/p>\n<p>Milano, citt\u00e0 accogliente, sta nel cuore delle reti di valori, interessi e culture lungo cui si declina il futuro della Ue, tra Atlantico e Mediterraneo, consapevolezza delle responsabilit\u00e0 dell\u2019Occidente e sguardo aperto verso le tensioni che maturano in altre aree del mondo e parlano all\u2019Europa. E Palermo, che ha un estremo bisogno, proprio in chiave di sviluppo sostenibile, di nutrirsi dei valori della cultura d\u2019impresa, dell\u2019efficienza, della produttivit\u00e0. Di un\u2019etica del lavoro e della responsabilit\u00e0 che ha pur avuto spazio, In Sicilia, in stagioni di alta qualit\u00e0 imprenditoriale (la storia dei Florio, prima del declino determinato dall\u2019eccesso di emulazione aristocratica, ne \u00e8 chiara testimonianza, su cui riflettere).<\/p>\n<p>In questo quadro, pesa la centralit\u00e0 strategica della formazione, con un dialogo aperto tra atenei di Milano (citt\u00e0 universitaria di crescente valore internazionale) e atenei di Palermo e del Mezzogiorno, ricchi di tensioni culturali dialettiche ma anche inclusive e di tradizioni di confronto che si sono sviluppate anche in tempi recenti.<\/p>\n<p>C\u2019\u00e8 una responsabilit\u00e0 comune: offrire prospettive di lavoro e di migliore qualit\u00e0 della vita alle nuove generazioni, fondamentali proprio in una stagione di declino demografico e di \u201cfuga dei cervelli\u201d, fenomeni che investono, pur in maniera diversa, Nord e Sud del Paese. Anche con una rilettura critica degli investimenti in corso con fondi del Pnrr (in fin dei conti, si tratta di debito a carico proprio delle nuove generazioni).<\/p>\n<p>L\u2019obiettivo, insomma, \u00e8 quello di riscrivere, <strong>tra Milano e Palermo, le mappe degli incroci della conoscenza e della produzione<\/strong>. Ragionare di reti, flussi, scambi, movimenti. E non solo di luoghi, con le incrostazioni amministrative, politiche e culturali che ne limitano le potenzialit\u00e0. E discutere di questi temi valorizzando le chiavi della sostenibilit\u00e0 ambientale e sociale e, come abbiamo detto, della legalit\u00e0.<\/p>\n<p>Serve un progetto per un Mezzogiorno ad alta tecnologia, anche per l\u2019industria innovativa. Per i servizi. Per la formazione e l\u2019ambiente. E non solo per le attrattivit\u00e0 turistiche, comunque importanti.<\/p>\n<p>Ecco il punto chiave, che interessa Palermo e la Sicilia e anima il dialogo, nella consapevolezza del ruolo di Milano, baricentro di relazioni di respiro europeo che coinvolgono industria e finanza, servizi high tech e cultura, formazione e <em>green <\/em>e <em>digital economy. <\/em>Le esperienze in corso, come quelle degli investimenti a Palermo della Bip (Business Integration Partners, la grande societ\u00e0 di consulenza milanese guidata dal palermitano Nino Lo Bianco) e in altre citt\u00e0 del Mezzogiorno da parte di Microsoft, Pirelli, etc. sono buoni esempi su come, proprio grazie alle tecnologie digitali, si possano valorizzare talenti e competenze di ragazze e ragazzi di buoni studi in un sistema di network produttivi nazionali e internazionali.<\/p>\n<p>I temi di dibattito su cui si stanno confrontando i due sindaci di Milano e Palermo, dunque, riguarderanno le nuove filiere industriali, tra Nord e Sud (aerospazio, meccatronica, cantieristica, automotive, componentistica high tech, chimica e farmaceutica, oltre che agroindustria, moda e abbigliamento), le infrastrutture materiali e immateriali per lo sviluppo, con una logica di collaborazione pubblico-privata, la rigenerazione urbana, le politiche dell\u2019abitare e le strategie ambientali per la salvaguardia e la valorizzazione del territorio, ma anche per una migliore crescita economica. E, ancora, le politiche per la salute e il benessere e la ricerca scientifica, le imprese culturali e creative e le nuove tecnologie della conoscenza, l\u2019economia del sapere, con una logica da\u00a0 formazione permanente. E, naturalmente, l\u2019insieme delle virt\u00f9 civiche necessarie a dare sostanza ai processi economici e sociali in movimento.<\/p>\n<p>Relazioni territoriali e culturali. E progetti economici concreti. Nell\u2019Europa in cambiamento, tra tensioni e opportunit\u00e0, tocca anche a Milano e Palermo essere <em>smart city<\/em>. Non solo tecnologiche. Ma elegantemente intelligenti. Nelle idee e nell\u2019anima.<\/p>","protected":false},"excerpt":{"rendered":"<p>L\u2019identit\u00e0 non sta nel soggetto, ma nella relazione, come ci ha insegnato Emmanuel L\u00e9vinas, uno dei principali filosofi del Novecento. Non \u201cnella sopraffazione e nella volont\u00e0 di annientamento dell\u2019Altro\u201d, ma nella dialettica del confronto, nella condivisione. Un\u2019identit\u00e0, dunque, niente affatto chiusa, esclusiva, ostile, ma semmai aperta e dialogante. Come peraltro testimonia la storia della civilt\u00e0 [&hellip;]<\/p>\n","protected":false},"author":1,"featured_media":100846,"comment_status":"open","ping_status":"open","sticky":false,"template":"","format":"standard","meta":{"footnotes":""},"categories":[53,52],"tags":[],"class_list":["post-100839","post","type-post","status-publish","format-standard","has-post-thumbnail","hentry","category-blog","category-cultura-dimpresa"],"acf":[],"yoast_head":"<!-- This site is optimized with the Yoast SEO plugin v25.0 - https:\/\/yoast.com\/wordpress\/plugins\/seo\/ -->\n<title>Un futuro da smart city per lo sviluppo di Milano e Palermo, tra comuni radici culturali e progetti per imprese produttive\u00a0 - Fondazione Pirelli<\/title>\n<meta name=\"robots\" content=\"index, follow, max-snippet:-1, max-image-preview:large, max-video-preview:-1\" \/>\n<link rel=\"canonical\" href=\"https:\/\/www.fondazionepirelli.org\/it\/cultura-dimpresa\/un-futuro-da-smart-city-per-lo-sviluppo-di-milano-e-palermo-tra-comuni-radici-culturali-e-progetti-per-imprese-produttive\/\" \/>\n<meta property=\"og:locale\" content=\"it_IT\" \/>\n<meta property=\"og:type\" content=\"article\" \/>\n<meta property=\"og:title\" content=\"Un futuro da smart city per lo sviluppo di Milano e Palermo, tra comuni radici culturali e progetti per imprese produttive\u00a0 - Fondazione Pirelli\" \/>\n<meta property=\"og:description\" content=\"L\u2019identit\u00e0 non sta nel soggetto, ma nella relazione, come ci ha insegnato Emmanuel L\u00e9vinas, uno dei principali filosofi del Novecento. Non \u201cnella sopraffazione e nella volont\u00e0 di annientamento dell\u2019Altro\u201d, ma nella dialettica del confronto, nella condivisione. Un\u2019identit\u00e0, dunque, niente affatto chiusa, esclusiva, ostile, ma semmai aperta e dialogante. Come peraltro testimonia la storia della civilt\u00e0 [&hellip;]\" \/>\n<meta property=\"og:url\" content=\"https:\/\/www.fondazionepirelli.org\/it\/cultura-dimpresa\/un-futuro-da-smart-city-per-lo-sviluppo-di-milano-e-palermo-tra-comuni-radici-culturali-e-progetti-per-imprese-produttive\/\" \/>\n<meta property=\"og:site_name\" content=\"Fondazione Pirelli\" \/>\n<meta property=\"article:published_time\" content=\"2024-07-02T06:36:01+00:00\" \/>\n<meta property=\"article:modified_time\" content=\"2024-07-05T11:01:10+00:00\" \/>\n<meta property=\"og:image\" content=\"https:\/\/wpsite-assets.fondazionepirelli.org\/wp-content\/uploads\/2024\/07\/02075226\/immagine-def1.jpg\" \/>\n\t<meta property=\"og:image:width\" content=\"2373\" \/>\n\t<meta property=\"og:image:height\" content=\"1273\" \/>\n\t<meta property=\"og:image:type\" content=\"image\/jpeg\" \/>\n<meta name=\"author\" content=\"fondadmin\" \/>\n<meta name=\"twitter:card\" content=\"summary_large_image\" \/>\n<meta name=\"twitter:label1\" content=\"Scritto da\" \/>\n\t<meta name=\"twitter:data1\" content=\"fondadmin\" \/>\n\t<meta name=\"twitter:label2\" content=\"Tempo di lettura stimato\" \/>\n\t<meta name=\"twitter:data2\" content=\"7 minuti\" \/>\n<script type=\"application\/ld+json\" class=\"yoast-schema-graph\">{\"@context\":\"https:\/\/schema.org\",\"@graph\":[{\"@type\":\"WebPage\",\"@id\":\"https:\/\/www.fondazionepirelli.org\/it\/cultura-dimpresa\/un-futuro-da-smart-city-per-lo-sviluppo-di-milano-e-palermo-tra-comuni-radici-culturali-e-progetti-per-imprese-produttive\/\",\"url\":\"https:\/\/www.fondazionepirelli.org\/it\/cultura-dimpresa\/un-futuro-da-smart-city-per-lo-sviluppo-di-milano-e-palermo-tra-comuni-radici-culturali-e-progetti-per-imprese-produttive\/\",\"name\":\"Un futuro da smart city per lo sviluppo di Milano e Palermo, tra comuni radici culturali e progetti per imprese produttive\u00a0 - Fondazione Pirelli\",\"isPartOf\":{\"@id\":\"https:\/\/www.fondazionepirelli.org\/it\/#website\"},\"primaryImageOfPage\":{\"@id\":\"https:\/\/www.fondazionepirelli.org\/it\/cultura-dimpresa\/un-futuro-da-smart-city-per-lo-sviluppo-di-milano-e-palermo-tra-comuni-radici-culturali-e-progetti-per-imprese-produttive\/#primaryimage\"},\"image\":{\"@id\":\"https:\/\/www.fondazionepirelli.org\/it\/cultura-dimpresa\/un-futuro-da-smart-city-per-lo-sviluppo-di-milano-e-palermo-tra-comuni-radici-culturali-e-progetti-per-imprese-produttive\/#primaryimage\"},\"thumbnailUrl\":\"https:\/\/wpsite-assets.fondazionepirelli.org\/wp-content\/uploads\/2024\/07\/02075226\/immagine-def1.jpg\",\"datePublished\":\"2024-07-02T06:36:01+00:00\",\"dateModified\":\"2024-07-05T11:01:10+00:00\",\"author\":{\"@id\":\"https:\/\/www.fondazionepirelli.org\/it\/#\/schema\/person\/f47d097000832c4a6e54538c791fdf25\"},\"breadcrumb\":{\"@id\":\"https:\/\/www.fondazionepirelli.org\/it\/cultura-dimpresa\/un-futuro-da-smart-city-per-lo-sviluppo-di-milano-e-palermo-tra-comuni-radici-culturali-e-progetti-per-imprese-produttive\/#breadcrumb\"},\"inLanguage\":\"it-IT\",\"potentialAction\":[{\"@type\":\"ReadAction\",\"target\":[\"https:\/\/www.fondazionepirelli.org\/it\/cultura-dimpresa\/un-futuro-da-smart-city-per-lo-sviluppo-di-milano-e-palermo-tra-comuni-radici-culturali-e-progetti-per-imprese-produttive\/\"]}]},{\"@type\":\"ImageObject\",\"inLanguage\":\"it-IT\",\"@id\":\"https:\/\/www.fondazionepirelli.org\/it\/cultura-dimpresa\/un-futuro-da-smart-city-per-lo-sviluppo-di-milano-e-palermo-tra-comuni-radici-culturali-e-progetti-per-imprese-produttive\/#primaryimage\",\"url\":\"https:\/\/wpsite-assets.fondazionepirelli.org\/wp-content\/uploads\/2024\/07\/02075226\/immagine-def1.jpg\",\"contentUrl\":\"https:\/\/wpsite-assets.fondazionepirelli.org\/wp-content\/uploads\/2024\/07\/02075226\/immagine-def1.jpg\",\"width\":2373,\"height\":1273},{\"@type\":\"BreadcrumbList\",\"@id\":\"https:\/\/www.fondazionepirelli.org\/it\/cultura-dimpresa\/un-futuro-da-smart-city-per-lo-sviluppo-di-milano-e-palermo-tra-comuni-radici-culturali-e-progetti-per-imprese-produttive\/#breadcrumb\",\"itemListElement\":[{\"@type\":\"ListItem\",\"position\":1,\"name\":\"Home\",\"item\":\"https:\/\/www.fondazionepirelli.org\/it\/\"},{\"@type\":\"ListItem\",\"position\":2,\"name\":\"Un futuro da smart city per lo sviluppo di Milano e Palermo, tra comuni radici culturali e progetti per imprese produttive\u00a0\"}]},{\"@type\":\"WebSite\",\"@id\":\"https:\/\/www.fondazionepirelli.org\/it\/#website\",\"url\":\"https:\/\/www.fondazionepirelli.org\/it\/\",\"name\":\"Fondazione Pirelli\",\"description\":\"\",\"potentialAction\":[{\"@type\":\"SearchAction\",\"target\":{\"@type\":\"EntryPoint\",\"urlTemplate\":\"https:\/\/www.fondazionepirelli.org\/it\/?s={search_term_string}\"},\"query-input\":{\"@type\":\"PropertyValueSpecification\",\"valueRequired\":true,\"valueName\":\"search_term_string\"}}],\"inLanguage\":\"it-IT\"},{\"@type\":\"Person\",\"@id\":\"https:\/\/www.fondazionepirelli.org\/it\/#\/schema\/person\/f47d097000832c4a6e54538c791fdf25\",\"name\":\"fondadmin\",\"image\":{\"@type\":\"ImageObject\",\"inLanguage\":\"it-IT\",\"@id\":\"https:\/\/www.fondazionepirelli.org\/it\/#\/schema\/person\/image\/\",\"url\":\"https:\/\/secure.gravatar.com\/avatar\/e69498a9175ca244966e51e53c88712c024fcebe41f9a05f75657f1bb25e489b?s=96&d=mm&r=g\",\"contentUrl\":\"https:\/\/secure.gravatar.com\/avatar\/e69498a9175ca244966e51e53c88712c024fcebe41f9a05f75657f1bb25e489b?s=96&d=mm&r=g\",\"caption\":\"fondadmin\"},\"url\":\"https:\/\/www.fondazionepirelli.org\/it\/author\/fondadmin\/\"}]}<\/script>\n<!-- \/ Yoast SEO plugin. -->","yoast_head_json":{"title":"Un futuro da smart city per lo sviluppo di Milano e Palermo, tra comuni radici culturali e progetti per imprese produttive\u00a0 - Fondazione Pirelli","robots":{"index":"index","follow":"follow","max-snippet":"max-snippet:-1","max-image-preview":"max-image-preview:large","max-video-preview":"max-video-preview:-1"},"canonical":"https:\/\/www.fondazionepirelli.org\/it\/cultura-dimpresa\/un-futuro-da-smart-city-per-lo-sviluppo-di-milano-e-palermo-tra-comuni-radici-culturali-e-progetti-per-imprese-produttive\/","og_locale":"it_IT","og_type":"article","og_title":"Un futuro da smart city per lo sviluppo di Milano e Palermo, tra comuni radici culturali e progetti per imprese produttive\u00a0 - Fondazione Pirelli","og_description":"L\u2019identit\u00e0 non sta nel soggetto, ma nella relazione, come ci ha insegnato Emmanuel L\u00e9vinas, uno dei principali filosofi del Novecento. Non \u201cnella sopraffazione e nella volont\u00e0 di annientamento dell\u2019Altro\u201d, ma nella dialettica del confronto, nella condivisione. Un\u2019identit\u00e0, dunque, niente affatto chiusa, esclusiva, ostile, ma semmai aperta e dialogante. Come peraltro testimonia la storia della civilt\u00e0 [&hellip;]","og_url":"https:\/\/www.fondazionepirelli.org\/it\/cultura-dimpresa\/un-futuro-da-smart-city-per-lo-sviluppo-di-milano-e-palermo-tra-comuni-radici-culturali-e-progetti-per-imprese-produttive\/","og_site_name":"Fondazione Pirelli","article_published_time":"2024-07-02T06:36:01+00:00","article_modified_time":"2024-07-05T11:01:10+00:00","og_image":[{"width":2373,"height":1273,"url":"https:\/\/wpsite-assets.fondazionepirelli.org\/wp-content\/uploads\/2024\/07\/02075226\/immagine-def1.jpg","type":"image\/jpeg"}],"author":"fondadmin","twitter_card":"summary_large_image","twitter_misc":{"Scritto da":"fondadmin","Tempo di lettura stimato":"7 minuti"},"schema":{"@context":"https:\/\/schema.org","@graph":[{"@type":"WebPage","@id":"https:\/\/www.fondazionepirelli.org\/it\/cultura-dimpresa\/un-futuro-da-smart-city-per-lo-sviluppo-di-milano-e-palermo-tra-comuni-radici-culturali-e-progetti-per-imprese-produttive\/","url":"https:\/\/www.fondazionepirelli.org\/it\/cultura-dimpresa\/un-futuro-da-smart-city-per-lo-sviluppo-di-milano-e-palermo-tra-comuni-radici-culturali-e-progetti-per-imprese-produttive\/","name":"Un futuro da smart city per lo sviluppo di Milano e Palermo, tra comuni radici culturali e progetti per imprese produttive\u00a0 - Fondazione Pirelli","isPartOf":{"@id":"https:\/\/www.fondazionepirelli.org\/it\/#website"},"primaryImageOfPage":{"@id":"https:\/\/www.fondazionepirelli.org\/it\/cultura-dimpresa\/un-futuro-da-smart-city-per-lo-sviluppo-di-milano-e-palermo-tra-comuni-radici-culturali-e-progetti-per-imprese-produttive\/#primaryimage"},"image":{"@id":"https:\/\/www.fondazionepirelli.org\/it\/cultura-dimpresa\/un-futuro-da-smart-city-per-lo-sviluppo-di-milano-e-palermo-tra-comuni-radici-culturali-e-progetti-per-imprese-produttive\/#primaryimage"},"thumbnailUrl":"https:\/\/wpsite-assets.fondazionepirelli.org\/wp-content\/uploads\/2024\/07\/02075226\/immagine-def1.jpg","datePublished":"2024-07-02T06:36:01+00:00","dateModified":"2024-07-05T11:01:10+00:00","author":{"@id":"https:\/\/www.fondazionepirelli.org\/it\/#\/schema\/person\/f47d097000832c4a6e54538c791fdf25"},"breadcrumb":{"@id":"https:\/\/www.fondazionepirelli.org\/it\/cultura-dimpresa\/un-futuro-da-smart-city-per-lo-sviluppo-di-milano-e-palermo-tra-comuni-radici-culturali-e-progetti-per-imprese-produttive\/#breadcrumb"},"inLanguage":"it-IT","potentialAction":[{"@type":"ReadAction","target":["https:\/\/www.fondazionepirelli.org\/it\/cultura-dimpresa\/un-futuro-da-smart-city-per-lo-sviluppo-di-milano-e-palermo-tra-comuni-radici-culturali-e-progetti-per-imprese-produttive\/"]}]},{"@type":"ImageObject","inLanguage":"it-IT","@id":"https:\/\/www.fondazionepirelli.org\/it\/cultura-dimpresa\/un-futuro-da-smart-city-per-lo-sviluppo-di-milano-e-palermo-tra-comuni-radici-culturali-e-progetti-per-imprese-produttive\/#primaryimage","url":"https:\/\/wpsite-assets.fondazionepirelli.org\/wp-content\/uploads\/2024\/07\/02075226\/immagine-def1.jpg","contentUrl":"https:\/\/wpsite-assets.fondazionepirelli.org\/wp-content\/uploads\/2024\/07\/02075226\/immagine-def1.jpg","width":2373,"height":1273},{"@type":"BreadcrumbList","@id":"https:\/\/www.fondazionepirelli.org\/it\/cultura-dimpresa\/un-futuro-da-smart-city-per-lo-sviluppo-di-milano-e-palermo-tra-comuni-radici-culturali-e-progetti-per-imprese-produttive\/#breadcrumb","itemListElement":[{"@type":"ListItem","position":1,"name":"Home","item":"https:\/\/www.fondazionepirelli.org\/it\/"},{"@type":"ListItem","position":2,"name":"Un futuro da smart city per lo sviluppo di Milano e Palermo, tra comuni radici culturali e progetti per imprese produttive\u00a0"}]},{"@type":"WebSite","@id":"https:\/\/www.fondazionepirelli.org\/it\/#website","url":"https:\/\/www.fondazionepirelli.org\/it\/","name":"Fondazione Pirelli","description":"","potentialAction":[{"@type":"SearchAction","target":{"@type":"EntryPoint","urlTemplate":"https:\/\/www.fondazionepirelli.org\/it\/?s={search_term_string}"},"query-input":{"@type":"PropertyValueSpecification","valueRequired":true,"valueName":"search_term_string"}}],"inLanguage":"it-IT"},{"@type":"Person","@id":"https:\/\/www.fondazionepirelli.org\/it\/#\/schema\/person\/f47d097000832c4a6e54538c791fdf25","name":"fondadmin","image":{"@type":"ImageObject","inLanguage":"it-IT","@id":"https:\/\/www.fondazionepirelli.org\/it\/#\/schema\/person\/image\/","url":"https:\/\/secure.gravatar.com\/avatar\/e69498a9175ca244966e51e53c88712c024fcebe41f9a05f75657f1bb25e489b?s=96&d=mm&r=g","contentUrl":"https:\/\/secure.gravatar.com\/avatar\/e69498a9175ca244966e51e53c88712c024fcebe41f9a05f75657f1bb25e489b?s=96&d=mm&r=g","caption":"fondadmin"},"url":"https:\/\/www.fondazionepirelli.org\/it\/author\/fondadmin\/"}]}},"_links":{"self":[{"href":"https:\/\/www.fondazionepirelli.org\/it\/wp-json\/wp\/v2\/posts\/100839\/"}],"collection":[{"href":"https:\/\/www.fondazionepirelli.org\/it\/wp-json\/wp\/v2\/posts\/"}],"about":[{"href":"https:\/\/www.fondazionepirelli.org\/it\/wp-json\/wp\/v2\/types\/post\/"}],"author":[{"embeddable":true,"href":"https:\/\/www.fondazionepirelli.org\/it\/wp-json\/wp\/v2\/users\/1\/"}],"replies":[{"embeddable":true,"href":"https:\/\/www.fondazionepirelli.org\/it\/wp-json\/wp\/v2\/comments\/?post=100839"}],"version-history":[{"count":7,"href":"https:\/\/www.fondazionepirelli.org\/it\/wp-json\/wp\/v2\/posts\/100839\/revisions\/"}],"predecessor-version":[{"id":100865,"href":"https:\/\/www.fondazionepirelli.org\/it\/wp-json\/wp\/v2\/posts\/100839\/revisions\/100865\/"}],"wp:featuredmedia":[{"embeddable":true,"href":"https:\/\/www.fondazionepirelli.org\/it\/wp-json\/wp\/v2\/media\/100846\/"}],"wp:attachment":[{"href":"https:\/\/www.fondazionepirelli.org\/it\/wp-json\/wp\/v2\/media\/?parent=100839"}],"wp:term":[{"taxonomy":"category","embeddable":true,"href":"https:\/\/www.fondazionepirelli.org\/it\/wp-json\/wp\/v2\/categories\/?post=100839"},{"taxonomy":"post_tag","embeddable":true,"href":"https:\/\/www.fondazionepirelli.org\/it\/wp-json\/wp\/v2\/tags\/?post=100839"}],"curies":[{"name":"wp","href":"https:\/\/api.w.org\/{rel}","templated":true}]}}