{"id":100872,"date":"2024-07-09T11:26:04","date_gmt":"2024-07-09T10:26:04","guid":{"rendered":"https:\/\/www.fondazionepirelli.org\/?p=100872"},"modified":"2024-07-09T11:26:04","modified_gmt":"2024-07-09T10:26:04","slug":"imprenditoriale-sociale-e-cooperativa","status":"publish","type":"post","link":"https:\/\/www.fondazionepirelli.org\/it\/cultura-dimpresa\/imprenditoriale-sociale-e-cooperativa\/","title":{"rendered":"Imprenditoriale sociale e cooperativa"},"content":{"rendered":"<p><em>Un orizzonte diverso delineato da una serie di indagini e ricerche<\/em><\/p>\n<p><strong>\u00a0<\/strong><\/p>\n<p>Cooperare per produrre meglio e con maggiore efficacia ed equit\u00e0. Con attenzione agli altri. E al territorio. L\u2019imprenditoria cooperativa e sociale ha molto da dire all\u2019economia e alla cultura d\u2019impresa. E\u2019 necessario per\u00f2 conoscerne i tratti peculiari con obiettivit\u00e0, le caratteristiche con chiarezza e le possibilit\u00e0 con precisione. Per questo serve leggere \u201cRadici nel futuro. Economia sociale e cooperazione\u201d, raccolta di ricerche attorno al tema coordinata da Eleonora Vanni e Maria Felicia Gemelli.<\/p>\n<p>Le diverse indagini prendono le mosse dalla constatazione delle caratteristiche del periodo che economia e societ\u00e0 stanno passando. \u201cViviamo \u2013 viene precisato nelle prime pagine che fanno da introduzione &#8211; un momento di profondi cambiamenti caratterizzato da elementi di forte discontinuit\u00e0: fratture sociali ed economiche che si sono allargate, trasformazione digitale che ha subito un\u2019accelerazione legata anche agli esiti del periodo pandemico, trasformazioni del lavoro sia per quanto riguarda le forme organizzative, soprattutto in relazione allo Smart working, che per un approccio al lavoro che sembra evolversi oltre la sola dimensione salariale\u201d. Da qui la constatazione della necessit\u00e0 \u201cdi un nuovo e diverso modello di sviluppo orientato alla sostenibilit\u00e0 nella dimensione economica, sociale ed ambientale riproposto in maniera molto significativa dal dibattito sul ruolo dell\u2019Economia Sociale come driver di sviluppo\u201d.<\/p>\n<p>L\u2019insieme delle ricerche, quindi, delinea prima i processi di cambiamento e poi approfondisce gli strumenti a disposizione per lo sviluppo dell\u2019imprenditoria sociale. Successivamente, altre indagini mettono a fuoco le relazioni che vi possono essere per creare ed animare modalit\u00e0 diverse di partecipazione. Una serie di casi studio rende quindi pi\u00f9 vivace la raccolta che indica, alla fine, il modello della cooperativa sociale come uno degli strumenti per intraprendere una strada diversa di sviluppo. Un modello \u2013 viene anticipato all\u2019inizio della raccolta \u2013 \u201cche superi la dicotomia stato-mercato verso una maggiore democrazia economica e la partecipazione al mercato di una pluralit\u00e0 di soggetti maggiormente articolata e con finalit\u00e0 diversificate pur nell\u2019agire imprenditoriale. Finalit\u00e0 che l\u2019economia sociale, nella visione europea, indica prioritariamente nel perseguimento di un migliore equilibrio nella distribuzione del valore prodotto tra le persone (membri) e i territori (comunit\u00e0), in un minor impatto delle produzioni sull\u2019ambiente, nel governo democratico e partecipativo\u201d.<\/p>\n<p>\u201cRadici nel futuro\u201d contiene una serie di indagini che certamente non troveranno tutti d\u2019accordo nelle loro conclusioni, ma rappresenta una valida \u201ccassetta degli attrezzi\u201d per conoscere meglio una realt\u00e0 che non pu\u00f2 essere trascurata.<\/p><p><a href=\"https:\/\/fondazionebarberini.it\/editoria\/\"><strong>Radici nel futuro. Economia sociale e cooperazione<\/strong><\/a><\/p>\n<p>Eleonora Vanni, Maria Felicia Gemelli (a cura di)<\/p>\n<p>Trasformazioni, Fondazione Barberini. Memoria e immaginazione, 2023<\/p>","protected":false},"excerpt":{"rendered":"<p>Un orizzonte diverso delineato da una serie di indagini e ricerche \u00a0 Cooperare per produrre meglio e con maggiore efficacia ed equit\u00e0. Con attenzione agli altri. E al territorio. L\u2019imprenditoria cooperativa e sociale ha molto da dire all\u2019economia e alla cultura d\u2019impresa. E\u2019 necessario per\u00f2 conoscerne i tratti peculiari con obiettivit\u00e0, le caratteristiche con chiarezza [&hellip;]<\/p>\n","protected":false},"author":1,"featured_media":0,"comment_status":"open","ping_status":"open","sticky":false,"template":"","format":"standard","meta":{"footnotes":""},"categories":[54,52],"tags":[],"class_list":["post-100872","post","type-post","status-publish","format-standard","hentry","category-approfondimenti","category-cultura-dimpresa"],"acf":[],"yoast_head":"<!-- This site is optimized with the Yoast SEO plugin v25.0 - https:\/\/yoast.com\/wordpress\/plugins\/seo\/ -->\n<title>Imprenditoriale sociale e cooperativa - Fondazione Pirelli<\/title>\n<meta name=\"robots\" content=\"index, follow, max-snippet:-1, max-image-preview:large, max-video-preview:-1\" \/>\n<link rel=\"canonical\" href=\"https:\/\/www.fondazionepirelli.org\/it\/cultura-dimpresa\/imprenditoriale-sociale-e-cooperativa\/\" \/>\n<meta property=\"og:locale\" content=\"it_IT\" \/>\n<meta property=\"og:type\" content=\"article\" \/>\n<meta property=\"og:title\" content=\"Imprenditoriale sociale e cooperativa - Fondazione Pirelli\" \/>\n<meta property=\"og:description\" content=\"Un orizzonte diverso delineato da una serie di indagini e ricerche \u00a0 Cooperare per produrre meglio e con maggiore efficacia ed equit\u00e0. Con attenzione agli altri. E al territorio. L\u2019imprenditoria cooperativa e sociale ha molto da dire all\u2019economia e alla cultura d\u2019impresa. E\u2019 necessario per\u00f2 conoscerne i tratti peculiari con obiettivit\u00e0, le caratteristiche con chiarezza [&hellip;]\" \/>\n<meta property=\"og:url\" content=\"https:\/\/www.fondazionepirelli.org\/it\/cultura-dimpresa\/imprenditoriale-sociale-e-cooperativa\/\" \/>\n<meta property=\"og:site_name\" content=\"Fondazione Pirelli\" \/>\n<meta property=\"article:published_time\" content=\"2024-07-09T10:26:04+00:00\" \/>\n<meta name=\"author\" content=\"fondadmin\" \/>\n<meta name=\"twitter:card\" content=\"summary_large_image\" \/>\n<meta name=\"twitter:label1\" content=\"Scritto da\" \/>\n\t<meta name=\"twitter:data1\" content=\"fondadmin\" \/>\n\t<meta name=\"twitter:label2\" content=\"Tempo di lettura stimato\" \/>\n\t<meta name=\"twitter:data2\" content=\"2 minuti\" \/>\n<script type=\"application\/ld+json\" class=\"yoast-schema-graph\">{\"@context\":\"https:\/\/schema.org\",\"@graph\":[{\"@type\":\"WebPage\",\"@id\":\"https:\/\/www.fondazionepirelli.org\/it\/cultura-dimpresa\/imprenditoriale-sociale-e-cooperativa\/\",\"url\":\"https:\/\/www.fondazionepirelli.org\/it\/cultura-dimpresa\/imprenditoriale-sociale-e-cooperativa\/\",\"name\":\"Imprenditoriale sociale e cooperativa - Fondazione Pirelli\",\"isPartOf\":{\"@id\":\"https:\/\/www.fondazionepirelli.org\/it\/#website\"},\"datePublished\":\"2024-07-09T10:26:04+00:00\",\"author\":{\"@id\":\"https:\/\/www.fondazionepirelli.org\/it\/#\/schema\/person\/f47d097000832c4a6e54538c791fdf25\"},\"breadcrumb\":{\"@id\":\"https:\/\/www.fondazionepirelli.org\/it\/cultura-dimpresa\/imprenditoriale-sociale-e-cooperativa\/#breadcrumb\"},\"inLanguage\":\"it-IT\",\"potentialAction\":[{\"@type\":\"ReadAction\",\"target\":[\"https:\/\/www.fondazionepirelli.org\/it\/cultura-dimpresa\/imprenditoriale-sociale-e-cooperativa\/\"]}]},{\"@type\":\"BreadcrumbList\",\"@id\":\"https:\/\/www.fondazionepirelli.org\/it\/cultura-dimpresa\/imprenditoriale-sociale-e-cooperativa\/#breadcrumb\",\"itemListElement\":[{\"@type\":\"ListItem\",\"position\":1,\"name\":\"Home\",\"item\":\"https:\/\/www.fondazionepirelli.org\/it\/\"},{\"@type\":\"ListItem\",\"position\":2,\"name\":\"Imprenditoriale sociale e cooperativa\"}]},{\"@type\":\"WebSite\",\"@id\":\"https:\/\/www.fondazionepirelli.org\/it\/#website\",\"url\":\"https:\/\/www.fondazionepirelli.org\/it\/\",\"name\":\"Fondazione Pirelli\",\"description\":\"\",\"potentialAction\":[{\"@type\":\"SearchAction\",\"target\":{\"@type\":\"EntryPoint\",\"urlTemplate\":\"https:\/\/www.fondazionepirelli.org\/it\/?s={search_term_string}\"},\"query-input\":{\"@type\":\"PropertyValueSpecification\",\"valueRequired\":true,\"valueName\":\"search_term_string\"}}],\"inLanguage\":\"it-IT\"},{\"@type\":\"Person\",\"@id\":\"https:\/\/www.fondazionepirelli.org\/it\/#\/schema\/person\/f47d097000832c4a6e54538c791fdf25\",\"name\":\"fondadmin\",\"image\":{\"@type\":\"ImageObject\",\"inLanguage\":\"it-IT\",\"@id\":\"https:\/\/www.fondazionepirelli.org\/it\/#\/schema\/person\/image\/\",\"url\":\"https:\/\/secure.gravatar.com\/avatar\/e69498a9175ca244966e51e53c88712c024fcebe41f9a05f75657f1bb25e489b?s=96&d=mm&r=g\",\"contentUrl\":\"https:\/\/secure.gravatar.com\/avatar\/e69498a9175ca244966e51e53c88712c024fcebe41f9a05f75657f1bb25e489b?s=96&d=mm&r=g\",\"caption\":\"fondadmin\"},\"url\":\"https:\/\/www.fondazionepirelli.org\/it\/author\/fondadmin\/\"}]}<\/script>\n<!-- \/ Yoast SEO plugin. -->","yoast_head_json":{"title":"Imprenditoriale sociale e cooperativa - Fondazione Pirelli","robots":{"index":"index","follow":"follow","max-snippet":"max-snippet:-1","max-image-preview":"max-image-preview:large","max-video-preview":"max-video-preview:-1"},"canonical":"https:\/\/www.fondazionepirelli.org\/it\/cultura-dimpresa\/imprenditoriale-sociale-e-cooperativa\/","og_locale":"it_IT","og_type":"article","og_title":"Imprenditoriale sociale e cooperativa - Fondazione Pirelli","og_description":"Un orizzonte diverso delineato da una serie di indagini e ricerche \u00a0 Cooperare per produrre meglio e con maggiore efficacia ed equit\u00e0. Con attenzione agli altri. E al territorio. L\u2019imprenditoria cooperativa e sociale ha molto da dire all\u2019economia e alla cultura d\u2019impresa. E\u2019 necessario per\u00f2 conoscerne i tratti peculiari con obiettivit\u00e0, le caratteristiche con chiarezza [&hellip;]","og_url":"https:\/\/www.fondazionepirelli.org\/it\/cultura-dimpresa\/imprenditoriale-sociale-e-cooperativa\/","og_site_name":"Fondazione Pirelli","article_published_time":"2024-07-09T10:26:04+00:00","author":"fondadmin","twitter_card":"summary_large_image","twitter_misc":{"Scritto da":"fondadmin","Tempo di lettura stimato":"2 minuti"},"schema":{"@context":"https:\/\/schema.org","@graph":[{"@type":"WebPage","@id":"https:\/\/www.fondazionepirelli.org\/it\/cultura-dimpresa\/imprenditoriale-sociale-e-cooperativa\/","url":"https:\/\/www.fondazionepirelli.org\/it\/cultura-dimpresa\/imprenditoriale-sociale-e-cooperativa\/","name":"Imprenditoriale sociale e cooperativa - Fondazione Pirelli","isPartOf":{"@id":"https:\/\/www.fondazionepirelli.org\/it\/#website"},"datePublished":"2024-07-09T10:26:04+00:00","author":{"@id":"https:\/\/www.fondazionepirelli.org\/it\/#\/schema\/person\/f47d097000832c4a6e54538c791fdf25"},"breadcrumb":{"@id":"https:\/\/www.fondazionepirelli.org\/it\/cultura-dimpresa\/imprenditoriale-sociale-e-cooperativa\/#breadcrumb"},"inLanguage":"it-IT","potentialAction":[{"@type":"ReadAction","target":["https:\/\/www.fondazionepirelli.org\/it\/cultura-dimpresa\/imprenditoriale-sociale-e-cooperativa\/"]}]},{"@type":"BreadcrumbList","@id":"https:\/\/www.fondazionepirelli.org\/it\/cultura-dimpresa\/imprenditoriale-sociale-e-cooperativa\/#breadcrumb","itemListElement":[{"@type":"ListItem","position":1,"name":"Home","item":"https:\/\/www.fondazionepirelli.org\/it\/"},{"@type":"ListItem","position":2,"name":"Imprenditoriale sociale e cooperativa"}]},{"@type":"WebSite","@id":"https:\/\/www.fondazionepirelli.org\/it\/#website","url":"https:\/\/www.fondazionepirelli.org\/it\/","name":"Fondazione Pirelli","description":"","potentialAction":[{"@type":"SearchAction","target":{"@type":"EntryPoint","urlTemplate":"https:\/\/www.fondazionepirelli.org\/it\/?s={search_term_string}"},"query-input":{"@type":"PropertyValueSpecification","valueRequired":true,"valueName":"search_term_string"}}],"inLanguage":"it-IT"},{"@type":"Person","@id":"https:\/\/www.fondazionepirelli.org\/it\/#\/schema\/person\/f47d097000832c4a6e54538c791fdf25","name":"fondadmin","image":{"@type":"ImageObject","inLanguage":"it-IT","@id":"https:\/\/www.fondazionepirelli.org\/it\/#\/schema\/person\/image\/","url":"https:\/\/secure.gravatar.com\/avatar\/e69498a9175ca244966e51e53c88712c024fcebe41f9a05f75657f1bb25e489b?s=96&d=mm&r=g","contentUrl":"https:\/\/secure.gravatar.com\/avatar\/e69498a9175ca244966e51e53c88712c024fcebe41f9a05f75657f1bb25e489b?s=96&d=mm&r=g","caption":"fondadmin"},"url":"https:\/\/www.fondazionepirelli.org\/it\/author\/fondadmin\/"}]}},"_links":{"self":[{"href":"https:\/\/www.fondazionepirelli.org\/it\/wp-json\/wp\/v2\/posts\/100872\/"}],"collection":[{"href":"https:\/\/www.fondazionepirelli.org\/it\/wp-json\/wp\/v2\/posts\/"}],"about":[{"href":"https:\/\/www.fondazionepirelli.org\/it\/wp-json\/wp\/v2\/types\/post\/"}],"author":[{"embeddable":true,"href":"https:\/\/www.fondazionepirelli.org\/it\/wp-json\/wp\/v2\/users\/1\/"}],"replies":[{"embeddable":true,"href":"https:\/\/www.fondazionepirelli.org\/it\/wp-json\/wp\/v2\/comments\/?post=100872"}],"version-history":[{"count":2,"href":"https:\/\/www.fondazionepirelli.org\/it\/wp-json\/wp\/v2\/posts\/100872\/revisions\/"}],"predecessor-version":[{"id":100874,"href":"https:\/\/www.fondazionepirelli.org\/it\/wp-json\/wp\/v2\/posts\/100872\/revisions\/100874\/"}],"wp:attachment":[{"href":"https:\/\/www.fondazionepirelli.org\/it\/wp-json\/wp\/v2\/media\/?parent=100872"}],"wp:term":[{"taxonomy":"category","embeddable":true,"href":"https:\/\/www.fondazionepirelli.org\/it\/wp-json\/wp\/v2\/categories\/?post=100872"},{"taxonomy":"post_tag","embeddable":true,"href":"https:\/\/www.fondazionepirelli.org\/it\/wp-json\/wp\/v2\/tags\/?post=100872"}],"curies":[{"name":"wp","href":"https:\/\/api.w.org\/{rel}","templated":true}]}}