{"id":100875,"date":"2024-07-09T11:25:50","date_gmt":"2024-07-09T10:25:50","guid":{"rendered":"https:\/\/www.fondazionepirelli.org\/?p=100875"},"modified":"2024-07-09T11:25:50","modified_gmt":"2024-07-09T10:25:50","slug":"i-rischi-dellimpegno-sociale","status":"publish","type":"post","link":"https:\/\/www.fondazionepirelli.org\/it\/cultura-dimpresa\/i-rischi-dellimpegno-sociale\/","title":{"rendered":"I rischi dell\u2019impegno sociale"},"content":{"rendered":"<p><em>Appena pubblicato un libro che ragione sul tema del socialwashing<\/em><\/p><p>Attenzione ai risvolti ambientali della propria attivit\u00e0 e cura verso i riflessi sociali della presenza dell\u2019impresa in un determinato contesto territoriale. Pratiche concrete, non solo buone intenzioni, che il mercato chiede e che vuole essere dimostrate con sempre maggiore precisione e affidabilit\u00e0. Esigenze precise che le imprese devono soddisfare. Con tutti costi e i rischi del caso. Perch\u00e9, sempre di pi\u00f9, le imprese che utilizzano sostenibilit\u00e0 e temi sociali in modo strumentale sono esposte ad almeno due pericoli. Prima di tutto quello di essere escluse dal mercato a causa di regolamenti che si fanno sempre pi\u00f9 severi e stringenti; poi quello di essere accusate pubblicamente di socialwashing, ovvero di comportamenti socialmente positivi ma solo di facciata, in una colorata gamma di declinazioni: pinkwashing, rainbow washing, blackwashing, healthwashing, sportwashing, fino a quella silenziosa del greenhushing.<\/p>\n<p>E\u2019 attorno a questo tema che Rossella Sobrero ha scritto il suo \u201cPericolo socialwashing. Comunicare l\u2019impegno sociale tra rischi e opportunit\u00e0\u201d. Un libro che in circa 200 pagine riesce a far chiarezza su uno degli aspetti pi\u00f9 complessi e controversi dell\u2019attuale gestione d\u2019impresa.<\/p>\n<p>Le domande alle quali Sobrero risponde sono diverse. Prima di tutto occorre chiedersi che cosa spinga un\u2019organizzazione a esporsi al rischio del socialwashing. La risposta, in termini generali, arriva dal mercato e dagli stakeholder dell\u2019impresa. Se da un lato, per essere accettata come attore sociale, l\u2019impresa potrebbe limitarsi a organizzare attivit\u00e0 filantropiche, lanciare programmi di volontariato aziendale, realizzare iniziative promozionali orientate alla responsabilit\u00e0 sociale, dall\u2019altro, tutte queste attivit\u00e0, per quanto importanti, non bastano pi\u00f9. Alle imprese si chiede di dimostrare una reale volont\u00e0 di contribuire alla soluzione dei problemi della societ\u00e0. Per farlo \u00e8 necessario interpretare le tendenze in atto, comprendere le esigenze delle persone, agire in modo onesto, coerente, trasparente. Solo cos\u00ec gli stakeholder, in particolare i consumatori, premieranno chi si sar\u00e0 autenticamente impegnato per il bene comune oltre che per raggiungere i propri obiettivi aziendali.<\/p>\n<p>Tutto questo ha un costo non solo in termini economici ma anche di organizzazione. Il libro quindi illustra con chiarezza, anche grazie a molti esempi, quali sono le principali declinazioni del socialwashing; ricorda che ci sono azioni e strumenti che possono mettere, almeno in parte, l\u2019organizzazione al riparo da questo tipo di accusa; e propone una lettura nuova del rapporto tra l\u2019organizzazione e i suoi stakeholder. Sobrero sottolinea, tra l\u2019altro, che se in genere si guarda a cosa pu\u00f2 fare l\u2019impresa per coinvolgere i portatori di interessi, raramente riflettiamo sul ruolo che gli stakeholder possono avere per sollecitare l\u2019impresa ad adottare comportamenti corretti e a raccontarli in modo trasparente.<\/p>\n<p>Di grande valore gli interventi degli esperti che nella seconda parte del volume contribuiscono a stimolare il dibattito e la riflessione su un tema che nelle loro parole rivela le sue tante sfaccettature. Interviste a: Andrea Alemanno, Concetta Cardamone, Giampaolo Cerri, Vittorio Cino, Monica De Paoli, Barbara Falcomer, Filippo Giordano, Enrico Giovannini, Enrico Giraudi, Pina Lalli, Paola Magni, Federico Mento, Roberto Natale, Matteo Pietripaoli, Roberto Randazzo, Angelo Rindone, Francesca Vecchioni, Clodia Vurro, Stefano Zamagni, Alberto Zambolin.<\/p>\n<p>Il libro di Rossella Sobrero deve certamente essere letto da chi ha anche fare con i temi dell\u2019impegno sociale e ambientale delle imprese. E vale la pena rileggerlo.<\/p><p><strong>Pericolo socialwashing. Comunicare l\u2019impegno sociale tra rischi e opportunit\u00e0<\/strong><\/p>\n<p>Rossella Sobrero<\/p>\n<p>Egea, 2024<\/p>","protected":false},"excerpt":{"rendered":"<p>Appena pubblicato un libro che ragione sul tema del socialwashingAttenzione ai risvolti ambientali della propria attivit\u00e0 e cura verso i riflessi sociali della presenza dell\u2019impresa in un determinato contesto territoriale. Pratiche concrete, non solo buone intenzioni, che il mercato chiede e che vuole essere dimostrate con sempre maggiore precisione e affidabilit\u00e0. Esigenze precise che le [&hellip;]<\/p>\n","protected":false},"author":1,"featured_media":100877,"comment_status":"open","ping_status":"open","sticky":false,"template":"","format":"standard","meta":{"footnotes":""},"categories":[52,58],"tags":[],"class_list":["post-100875","post","type-post","status-publish","format-standard","has-post-thumbnail","hentry","category-cultura-dimpresa","category-recensioni-libri"],"acf":[],"yoast_head":"<!-- This site is optimized with the Yoast SEO plugin v25.0 - https:\/\/yoast.com\/wordpress\/plugins\/seo\/ -->\n<title>I rischi dell\u2019impegno sociale - Fondazione Pirelli<\/title>\n<meta name=\"robots\" content=\"index, follow, max-snippet:-1, max-image-preview:large, max-video-preview:-1\" \/>\n<link rel=\"canonical\" href=\"https:\/\/www.fondazionepirelli.org\/it\/cultura-dimpresa\/i-rischi-dellimpegno-sociale\/\" \/>\n<meta property=\"og:locale\" content=\"it_IT\" \/>\n<meta property=\"og:type\" content=\"article\" \/>\n<meta property=\"og:title\" content=\"I rischi dell\u2019impegno sociale - Fondazione Pirelli\" \/>\n<meta property=\"og:description\" content=\"Appena pubblicato un libro che ragione sul tema del socialwashingAttenzione ai risvolti ambientali della propria attivit\u00e0 e cura verso i riflessi sociali della presenza dell\u2019impresa in un determinato contesto territoriale. Pratiche concrete, non solo buone intenzioni, che il mercato chiede e che vuole essere dimostrate con sempre maggiore precisione e affidabilit\u00e0. Esigenze precise che le [&hellip;]\" \/>\n<meta property=\"og:url\" content=\"https:\/\/127.0.0.1\/it\/cultura-dimpresa\/i-rischi-dellimpegno-sociale\/\" \/>\n<meta property=\"og:site_name\" content=\"Fondazione Pirelli\" \/>\n<meta property=\"article:published_time\" content=\"2024-07-09T10:25:50+00:00\" \/>\n<meta property=\"og:image\" content=\"https:\/\/wpsite-assets.fondazionepirelli.org\/wp-content\/uploads\/2024\/07\/08163315\/IMG_0071.jpeg\" \/>\n\t<meta property=\"og:image:width\" content=\"953\" \/>\n\t<meta property=\"og:image:height\" content=\"1500\" \/>\n\t<meta property=\"og:image:type\" content=\"image\/jpeg\" \/>\n<meta name=\"author\" content=\"fondadmin\" \/>\n<meta name=\"twitter:card\" content=\"summary_large_image\" \/>\n<meta name=\"twitter:label1\" content=\"Scritto da\" \/>\n\t<meta name=\"twitter:data1\" content=\"fondadmin\" \/>\n\t<meta name=\"twitter:label2\" content=\"Tempo di lettura stimato\" \/>\n\t<meta name=\"twitter:data2\" content=\"3 minuti\" \/>\n<script type=\"application\/ld+json\" class=\"yoast-schema-graph\">{\"@context\":\"https:\/\/schema.org\",\"@graph\":[{\"@type\":\"WebPage\",\"@id\":\"https:\/\/127.0.0.1\/it\/cultura-dimpresa\/i-rischi-dellimpegno-sociale\/\",\"url\":\"https:\/\/127.0.0.1\/it\/cultura-dimpresa\/i-rischi-dellimpegno-sociale\/\",\"name\":\"I rischi dell\u2019impegno sociale - Fondazione Pirelli\",\"isPartOf\":{\"@id\":\"https:\/\/www.fondazionepirelli.org\/it\/#website\"},\"primaryImageOfPage\":{\"@id\":\"https:\/\/127.0.0.1\/it\/cultura-dimpresa\/i-rischi-dellimpegno-sociale\/#primaryimage\"},\"image\":{\"@id\":\"https:\/\/127.0.0.1\/it\/cultura-dimpresa\/i-rischi-dellimpegno-sociale\/#primaryimage\"},\"thumbnailUrl\":\"https:\/\/wpsite-assets.fondazionepirelli.org\/wp-content\/uploads\/2024\/07\/08163315\/IMG_0071.jpeg\",\"datePublished\":\"2024-07-09T10:25:50+00:00\",\"author\":{\"@id\":\"https:\/\/www.fondazionepirelli.org\/it\/#\/schema\/person\/f47d097000832c4a6e54538c791fdf25\"},\"breadcrumb\":{\"@id\":\"https:\/\/127.0.0.1\/it\/cultura-dimpresa\/i-rischi-dellimpegno-sociale\/#breadcrumb\"},\"inLanguage\":\"it-IT\",\"potentialAction\":[{\"@type\":\"ReadAction\",\"target\":[\"https:\/\/127.0.0.1\/it\/cultura-dimpresa\/i-rischi-dellimpegno-sociale\/\"]}]},{\"@type\":\"ImageObject\",\"inLanguage\":\"it-IT\",\"@id\":\"https:\/\/127.0.0.1\/it\/cultura-dimpresa\/i-rischi-dellimpegno-sociale\/#primaryimage\",\"url\":\"https:\/\/wpsite-assets.fondazionepirelli.org\/wp-content\/uploads\/2024\/07\/08163315\/IMG_0071.jpeg\",\"contentUrl\":\"https:\/\/wpsite-assets.fondazionepirelli.org\/wp-content\/uploads\/2024\/07\/08163315\/IMG_0071.jpeg\",\"width\":953,\"height\":1500},{\"@type\":\"BreadcrumbList\",\"@id\":\"https:\/\/127.0.0.1\/it\/cultura-dimpresa\/i-rischi-dellimpegno-sociale\/#breadcrumb\",\"itemListElement\":[{\"@type\":\"ListItem\",\"position\":1,\"name\":\"Home\",\"item\":\"https:\/\/www.fondazionepirelli.org\/it\/\"},{\"@type\":\"ListItem\",\"position\":2,\"name\":\"I rischi dell\u2019impegno sociale\"}]},{\"@type\":\"WebSite\",\"@id\":\"https:\/\/www.fondazionepirelli.org\/it\/#website\",\"url\":\"https:\/\/www.fondazionepirelli.org\/it\/\",\"name\":\"Fondazione Pirelli\",\"description\":\"\",\"potentialAction\":[{\"@type\":\"SearchAction\",\"target\":{\"@type\":\"EntryPoint\",\"urlTemplate\":\"https:\/\/www.fondazionepirelli.org\/it\/?s={search_term_string}\"},\"query-input\":{\"@type\":\"PropertyValueSpecification\",\"valueRequired\":true,\"valueName\":\"search_term_string\"}}],\"inLanguage\":\"it-IT\"},{\"@type\":\"Person\",\"@id\":\"https:\/\/www.fondazionepirelli.org\/it\/#\/schema\/person\/f47d097000832c4a6e54538c791fdf25\",\"name\":\"fondadmin\",\"image\":{\"@type\":\"ImageObject\",\"inLanguage\":\"it-IT\",\"@id\":\"https:\/\/www.fondazionepirelli.org\/it\/#\/schema\/person\/image\/\",\"url\":\"https:\/\/secure.gravatar.com\/avatar\/e69498a9175ca244966e51e53c88712c024fcebe41f9a05f75657f1bb25e489b?s=96&d=mm&r=g\",\"contentUrl\":\"https:\/\/secure.gravatar.com\/avatar\/e69498a9175ca244966e51e53c88712c024fcebe41f9a05f75657f1bb25e489b?s=96&d=mm&r=g\",\"caption\":\"fondadmin\"},\"url\":\"https:\/\/www.fondazionepirelli.org\/it\/author\/fondadmin\/\"}]}<\/script>\n<!-- \/ Yoast SEO plugin. -->","yoast_head_json":{"title":"I rischi dell\u2019impegno sociale - Fondazione Pirelli","robots":{"index":"index","follow":"follow","max-snippet":"max-snippet:-1","max-image-preview":"max-image-preview:large","max-video-preview":"max-video-preview:-1"},"canonical":"https:\/\/www.fondazionepirelli.org\/it\/cultura-dimpresa\/i-rischi-dellimpegno-sociale\/","og_locale":"it_IT","og_type":"article","og_title":"I rischi dell\u2019impegno sociale - Fondazione Pirelli","og_description":"Appena pubblicato un libro che ragione sul tema del socialwashingAttenzione ai risvolti ambientali della propria attivit\u00e0 e cura verso i riflessi sociali della presenza dell\u2019impresa in un determinato contesto territoriale. Pratiche concrete, non solo buone intenzioni, che il mercato chiede e che vuole essere dimostrate con sempre maggiore precisione e affidabilit\u00e0. Esigenze precise che le [&hellip;]","og_url":"https:\/\/127.0.0.1\/it\/cultura-dimpresa\/i-rischi-dellimpegno-sociale\/","og_site_name":"Fondazione Pirelli","article_published_time":"2024-07-09T10:25:50+00:00","og_image":[{"width":953,"height":1500,"url":"https:\/\/wpsite-assets.fondazionepirelli.org\/wp-content\/uploads\/2024\/07\/08163315\/IMG_0071.jpeg","type":"image\/jpeg"}],"author":"fondadmin","twitter_card":"summary_large_image","twitter_misc":{"Scritto da":"fondadmin","Tempo di lettura stimato":"3 minuti"},"schema":{"@context":"https:\/\/schema.org","@graph":[{"@type":"WebPage","@id":"https:\/\/127.0.0.1\/it\/cultura-dimpresa\/i-rischi-dellimpegno-sociale\/","url":"https:\/\/127.0.0.1\/it\/cultura-dimpresa\/i-rischi-dellimpegno-sociale\/","name":"I rischi dell\u2019impegno sociale - Fondazione Pirelli","isPartOf":{"@id":"https:\/\/www.fondazionepirelli.org\/it\/#website"},"primaryImageOfPage":{"@id":"https:\/\/127.0.0.1\/it\/cultura-dimpresa\/i-rischi-dellimpegno-sociale\/#primaryimage"},"image":{"@id":"https:\/\/127.0.0.1\/it\/cultura-dimpresa\/i-rischi-dellimpegno-sociale\/#primaryimage"},"thumbnailUrl":"https:\/\/wpsite-assets.fondazionepirelli.org\/wp-content\/uploads\/2024\/07\/08163315\/IMG_0071.jpeg","datePublished":"2024-07-09T10:25:50+00:00","author":{"@id":"https:\/\/www.fondazionepirelli.org\/it\/#\/schema\/person\/f47d097000832c4a6e54538c791fdf25"},"breadcrumb":{"@id":"https:\/\/127.0.0.1\/it\/cultura-dimpresa\/i-rischi-dellimpegno-sociale\/#breadcrumb"},"inLanguage":"it-IT","potentialAction":[{"@type":"ReadAction","target":["https:\/\/127.0.0.1\/it\/cultura-dimpresa\/i-rischi-dellimpegno-sociale\/"]}]},{"@type":"ImageObject","inLanguage":"it-IT","@id":"https:\/\/127.0.0.1\/it\/cultura-dimpresa\/i-rischi-dellimpegno-sociale\/#primaryimage","url":"https:\/\/wpsite-assets.fondazionepirelli.org\/wp-content\/uploads\/2024\/07\/08163315\/IMG_0071.jpeg","contentUrl":"https:\/\/wpsite-assets.fondazionepirelli.org\/wp-content\/uploads\/2024\/07\/08163315\/IMG_0071.jpeg","width":953,"height":1500},{"@type":"BreadcrumbList","@id":"https:\/\/127.0.0.1\/it\/cultura-dimpresa\/i-rischi-dellimpegno-sociale\/#breadcrumb","itemListElement":[{"@type":"ListItem","position":1,"name":"Home","item":"https:\/\/www.fondazionepirelli.org\/it\/"},{"@type":"ListItem","position":2,"name":"I rischi dell\u2019impegno sociale"}]},{"@type":"WebSite","@id":"https:\/\/www.fondazionepirelli.org\/it\/#website","url":"https:\/\/www.fondazionepirelli.org\/it\/","name":"Fondazione Pirelli","description":"","potentialAction":[{"@type":"SearchAction","target":{"@type":"EntryPoint","urlTemplate":"https:\/\/www.fondazionepirelli.org\/it\/?s={search_term_string}"},"query-input":{"@type":"PropertyValueSpecification","valueRequired":true,"valueName":"search_term_string"}}],"inLanguage":"it-IT"},{"@type":"Person","@id":"https:\/\/www.fondazionepirelli.org\/it\/#\/schema\/person\/f47d097000832c4a6e54538c791fdf25","name":"fondadmin","image":{"@type":"ImageObject","inLanguage":"it-IT","@id":"https:\/\/www.fondazionepirelli.org\/it\/#\/schema\/person\/image\/","url":"https:\/\/secure.gravatar.com\/avatar\/e69498a9175ca244966e51e53c88712c024fcebe41f9a05f75657f1bb25e489b?s=96&d=mm&r=g","contentUrl":"https:\/\/secure.gravatar.com\/avatar\/e69498a9175ca244966e51e53c88712c024fcebe41f9a05f75657f1bb25e489b?s=96&d=mm&r=g","caption":"fondadmin"},"url":"https:\/\/www.fondazionepirelli.org\/it\/author\/fondadmin\/"}]}},"_links":{"self":[{"href":"https:\/\/www.fondazionepirelli.org\/it\/wp-json\/wp\/v2\/posts\/100875\/"}],"collection":[{"href":"https:\/\/www.fondazionepirelli.org\/it\/wp-json\/wp\/v2\/posts\/"}],"about":[{"href":"https:\/\/www.fondazionepirelli.org\/it\/wp-json\/wp\/v2\/types\/post\/"}],"author":[{"embeddable":true,"href":"https:\/\/www.fondazionepirelli.org\/it\/wp-json\/wp\/v2\/users\/1\/"}],"replies":[{"embeddable":true,"href":"https:\/\/www.fondazionepirelli.org\/it\/wp-json\/wp\/v2\/comments\/?post=100875"}],"version-history":[{"count":1,"href":"https:\/\/www.fondazionepirelli.org\/it\/wp-json\/wp\/v2\/posts\/100875\/revisions\/"}],"predecessor-version":[{"id":100876,"href":"https:\/\/www.fondazionepirelli.org\/it\/wp-json\/wp\/v2\/posts\/100875\/revisions\/100876\/"}],"wp:featuredmedia":[{"embeddable":true,"href":"https:\/\/www.fondazionepirelli.org\/it\/wp-json\/wp\/v2\/media\/100877\/"}],"wp:attachment":[{"href":"https:\/\/www.fondazionepirelli.org\/it\/wp-json\/wp\/v2\/media\/?parent=100875"}],"wp:term":[{"taxonomy":"category","embeddable":true,"href":"https:\/\/www.fondazionepirelli.org\/it\/wp-json\/wp\/v2\/categories\/?post=100875"},{"taxonomy":"post_tag","embeddable":true,"href":"https:\/\/www.fondazionepirelli.org\/it\/wp-json\/wp\/v2\/tags\/?post=100875"}],"curies":[{"name":"wp","href":"https:\/\/api.w.org\/{rel}","templated":true}]}}