{"id":100987,"date":"2024-07-23T08:40:12","date_gmt":"2024-07-23T07:40:12","guid":{"rendered":"https:\/\/www.fondazionepirelli.org\/?p=100987"},"modified":"2024-07-23T08:40:12","modified_gmt":"2024-07-23T07:40:12","slug":"il-posto-delle-donne-ai-vertici-delle-imprese-e-la-spinta-positiva-delle-rettrici-nelle-universita","status":"publish","type":"post","link":"https:\/\/www.fondazionepirelli.org\/it\/cultura-dimpresa\/il-posto-delle-donne-ai-vertici-delle-imprese-e-la-spinta-positiva-delle-rettrici-nelle-universita\/","title":{"rendered":"Il posto delle donne ai vertici delle imprese e la spinta positiva delle rettrici nelle universit\u00e0"},"content":{"rendered":"<p>\u201cLe donne stanno al loro posto\u201d, proclama lo slogan d\u2019una vistosa pagina di pubblicit\u00e0, apparsa la scorsa settimana su alcuni quotidiani di grande diffusione. Un asterisco rinvia alla spiegazione di quale sia il posto di cui si parla: \u201cNei consigli di amministrazione\u201d.<\/p>\n<p>La pagina, curata da <strong>ValoreD<\/strong> (un\u2019associazione che da tempo promuove un\u2019impegnativa battaglia culturale ed economicacontro i divari di genere), aggiunge che \u201csolo nel network di \u2018InThe Boardroom di ValoreD\u2019 sono pi\u00f9 di 500 le manager e le professioniste di talento che possono sedere al posto che meritano. Oggi si \u00e8 scelto di promuovere l\u2019<strong>equit\u00e0 e la parit\u00e0 di genere<\/strong>, accelerando lo sviluppo economico sostenibilee una cultura di valorizzazione delle diversit\u00e0\u201d.<\/p>\n<p>L\u2019iniziativa di ValoreD va avanti da parecchi anni. Ha avuto una particolare visibilit\u00e0 ancora di recente, nei giorni in cui una delle maggiori imprese pubbliche, la Cassa Depositi e Prestiti, \u00e8 stata bloccata nelle procedure di rinnovo dei vertici perch\u00e9 negli ambienti di governo non si trovava un accordo che tenesse nel giusto conto i nomi di donne da eleggere nel consiglio d\u2019amministrazione (dopo momenti di tensione, l\u2019accordo \u00e8 finalmente arrivato). Ma, cronache contemporanee a parte, l\u2019impegno continua perch\u00e9 \u201csulla parit\u00e0 di genere si sono fatti passi avanti ma la strada \u00e8 ancora lunga\u201d e \u201cin Piazza Affari (nelle societ\u00e0 quotate in Borsa, cio\u00e8) \u00e8 donna solo un manager su 5\u201d, anche perch\u00e9 \u201cil ribilanciamento dei generi dev\u2019essere accompagnato da un ricambio generazionale, che soprattutto nelle aziende europee \u00e8 molto pi\u00f9 lento che negli Usa e in Asia\u201d (la Repubblica &#8211; Affari&amp;Finanza, 22 luglio).<\/p>\n<p>L\u2019Italia, \u00e8 vero, per il numero di donne nei board, \u00e8 \u201ctra i paesi pi\u00f9 virtuosi in Europa\u201d (IlSole24Ore, 21 luglio), grazie anche alla legge Golfo-Mosca del 2011 che impone una quota dei due quinti nei consigli d\u2019amministrazione delle societ\u00e0 quotate per \u201cil genere meno rappresentato\u201d, le donne, appunto: oggi sono il 43,1%.<\/p>\n<p>Ma va fatto ancora di pi\u00f9 per le cariche operative di vertice: solo il 4% degli amministratori delegati delle societ\u00e0 quotate in Piazza Affari \u00e8 donna (dati Deloitte per la ricerca \u201cWomen in boardroom 2024). Troppo poco.<\/p>\n<p>Un\u2019ulteriore spinta per superare il gender gap pu\u00f2 venire dalle universit\u00e0. Grazie anche al crescente numero di donne alla guida degli atenei italiani. Adesso le<strong> rettrici sono il 19%<\/strong>. E donna \u00e8 la presidentessa della Crui (la Conferenza dei rettori): <strong>Giovanna Iannantuoni<\/strong>, economista, dal 2019 rettrice dell\u2019Universit\u00e0 Bicocca di Milano.<\/p>\n<p>Ecco un punto di grande rilevanza: la sollecitazione che viene proprio da Milano e da alcune altre universit\u00e0 lombarde. Una sollecitazione crescente, proprio nel corso degli ultimi due anni. Sono donne, oltre la Iannantuoni, la rettrice del Politecnico di Milano, <strong>Donatella Sciuto<\/strong>, ingegnere elettronica, la rettrice dell\u2019Universit\u00e0 Statale <strong>Marina Brambilla,<\/strong> professoressa ordinaria di Lingua e linguistica tedesca, la rettrice della Cattolica <strong>Elena Beccalli<\/strong>, ordinaria di Economia degli intermediari finanziari e, fresche di nomina rettorale, <strong>Maria Pierro<\/strong>, giurista, all\u2019Universit\u00e0 dell\u2019Insubria (Varese e Como) e <strong>Anna Gervasoni<\/strong>, economista, direttrice dell\u2019Aifi (l\u2019Associazione nazionale degli intermediari finanziari) alla Liuc, la Libera Universit\u00e0 \u201cCattaneo\u201d di Castellanza (nata nel 1991 su iniziativa dell\u2019Unione Industriali di Varese).<\/p>\n<p>La storia racconta un nesso molto stretto tra la <strong>vocazione industriale<\/strong> e, pi\u00f9 in generale, d\u2019impresa manifatturiera dei territori lombardi, a partire da Milano, l\u2019intraprendenza del mondo dei servizi, a cominciare da quelli bancari e finanziari legati alla \u201ceconomia reale\u201d e i processi culturali connessi a una crescente diffusione della cosiddetta \u201c<strong>economia della conoscenza<\/strong>\u201d. Citt\u00e0 produttive. E citt\u00e0 colte. Citt\u00e0 ad alto reddito. E citt\u00e0 attrattive, per talenti provenienti da tale altre realt\u00e0 geografiche italiane e, nel corso del tempo, anche internazionali. Citt\u00e0 forti di una straordinaria competenza del \u201cfare, e fare bene\u201d. E dunque strutture urbane in grado di tenere insieme tutte le componenti di una vera e propria \u201ccultura politecnica\u201d che si esprime nelle sintesi originali tra conoscenze scientifiche\/tecnologiche e saperi umanistici, tra spinte all\u2019innovazione e consapevolezza dei valori della \u201cbellezza\u201d (la diffusione del design ne \u00e8 testimonianza esemplare).<\/p>\n<p>Milano metropoli \u00e8 paradigma di tutto ci\u00f2. Forte com\u2019\u00e8 di una cultura trasformativa che da tempo va definita come \u201cumanesimo industriale\u201d che diventa \u201cumanesimo digitale\u201d e nei tentativi di ricomposizione delle antinomie novecentesche tra <em>Kultur <\/em>e <em>Zivilization<\/em>, la \u201ccultura alta\u201d da una parte e le tecnologie e le competenze della vita quotidiana dall\u2019altra. E\u2019 una connotazione forte, che fa da leva per un vero e proprio vantaggio competitivo sui mercati globali, sempre pi\u00f9 esigenti e selettivi e quindi particolarmente attenti alle identit\u00e0 distintive. Ed \u00e8 una caratteristica che pu\u00f2 accompagnare le nostre imprese nel difficile percorso della cosiddetta <em>twin transition<\/em>, sia ambientale che digitale, con tutte le connessioni indispensabili a rendere accettabili, socialmente e politicamente, i percorsi della sostenibilit\u00e0, ambientale e sociale, appunto.<\/p>\n<p>Le <strong>universit\u00e0<\/strong> hanno, proprio in questa dimensione, un ruolo fondamentale. E la guida in mani femminili aggiunge una caratteristica in pi\u00f9, nel saper coniugare dimensioni diverse dell\u2019intelligenza e della passione, nella interpretazione e gestione dei conflitti tra differenti saperi e attitudini, nel valorizzare le diversit\u00e0 come vantaggi competitivi e motori sociali positivi. Nel costruire, insomma, una nuova e migliore dimensione del \u201ccapitale sociale\u201d pi\u00f9 sensibile non solo alla produzione di valore economico, ma soprattutto al rispetto e al rilancio dei valori umani. Nel passaggio, in altri termini, dal primato del Pil (il Prodotto interno lordo, la costruzione di ricchezza) a quello del Bes (il benessere equo e sostenibile), l\u2019indice elaborato dall\u2019Istat secondo i valori legati al benessere (salute, istruzione, qualit\u00e0 della vita, sviluppo, dinamiche sociali positive) secondo l\u2019Onu, ma ancora poco considerato nella misurazione dei fenomeni economici e dunque nella costruzione dei paradigmi sociali dominanti.<\/p>\n<p><strong>Sfide complesse<\/strong>, appunto. Che chiedono una particolare intelligenza del cuore, per essere affrontate, oltre che competenze tecniche di alto livello e conoscenze aperte, dinamiche, inclusive. Come ricorda bene Anna Gervasoni, la rettrice di pi\u00f9 recente nomina, quando indica le tre grandi questioni che l\u2019universit\u00e0 dovr\u00e0 affrontare: la denatalit\u00e0, la diffusione dell\u2019intelligenza artificiale e i cervelli in fuga (IlSole24Ore, 17 luglio). Questioni che incidono profondamente sulla struttura sociale e civile, sui processi di produzione e consumo, sui mercati del lavoro e sulle dinamiche della formazione. Sulle dinamiche del potere. E su quelle della conoscenza. C\u2019\u00e8 davvero molto da sapere. Da capire. Da fare.<\/p><p><em>(foto Getty Images)<\/em><\/p>","protected":false},"excerpt":{"rendered":"<p>\u201cLe donne stanno al loro posto\u201d, proclama lo slogan d\u2019una vistosa pagina di pubblicit\u00e0, apparsa la scorsa settimana su alcuni quotidiani di grande diffusione. Un asterisco rinvia alla spiegazione di quale sia il posto di cui si parla: \u201cNei consigli di amministrazione\u201d. La pagina, curata da ValoreD (un\u2019associazione che da tempo promuove un\u2019impegnativa battaglia culturale [&hellip;]<\/p>\n","protected":false},"author":1,"featured_media":100994,"comment_status":"open","ping_status":"open","sticky":false,"template":"","format":"standard","meta":{"footnotes":""},"categories":[53,52],"tags":[],"class_list":["post-100987","post","type-post","status-publish","format-standard","has-post-thumbnail","hentry","category-blog","category-cultura-dimpresa"],"acf":[],"yoast_head":"<!-- This site is optimized with the Yoast SEO plugin v25.0 - https:\/\/yoast.com\/wordpress\/plugins\/seo\/ -->\n<title>Il posto delle donne ai vertici delle imprese e la spinta positiva delle rettrici nelle universit\u00e0 - Fondazione Pirelli<\/title>\n<meta name=\"robots\" content=\"index, follow, max-snippet:-1, max-image-preview:large, max-video-preview:-1\" \/>\n<link rel=\"canonical\" href=\"https:\/\/www.fondazionepirelli.org\/it\/cultura-dimpresa\/il-posto-delle-donne-ai-vertici-delle-imprese-e-la-spinta-positiva-delle-rettrici-nelle-universita\/\" \/>\n<meta property=\"og:locale\" content=\"it_IT\" \/>\n<meta property=\"og:type\" content=\"article\" \/>\n<meta property=\"og:title\" content=\"Il posto delle donne ai vertici delle imprese e la spinta positiva delle rettrici nelle universit\u00e0 - Fondazione Pirelli\" \/>\n<meta property=\"og:description\" content=\"\u201cLe donne stanno al loro posto\u201d, proclama lo slogan d\u2019una vistosa pagina di pubblicit\u00e0, apparsa la scorsa settimana su alcuni quotidiani di grande diffusione. Un asterisco rinvia alla spiegazione di quale sia il posto di cui si parla: \u201cNei consigli di amministrazione\u201d. La pagina, curata da ValoreD (un\u2019associazione che da tempo promuove un\u2019impegnativa battaglia culturale [&hellip;]\" \/>\n<meta property=\"og:url\" content=\"https:\/\/127.0.0.1\/it\/cultura-dimpresa\/il-posto-delle-donne-ai-vertici-delle-imprese-e-la-spinta-positiva-delle-rettrici-nelle-universita\/\" \/>\n<meta property=\"og:site_name\" content=\"Fondazione Pirelli\" \/>\n<meta property=\"article:published_time\" content=\"2024-07-23T07:40:12+00:00\" \/>\n<meta property=\"og:image\" content=\"https:\/\/wpsite-assets.fondazionepirelli.org\/wp-content\/uploads\/2024\/07\/23083944\/GettyImages-866419030-scaled.jpg\" \/>\n\t<meta property=\"og:image:width\" content=\"2560\" \/>\n\t<meta property=\"og:image:height\" content=\"2560\" \/>\n\t<meta property=\"og:image:type\" content=\"image\/jpeg\" \/>\n<meta name=\"author\" content=\"fondadmin\" \/>\n<meta name=\"twitter:card\" content=\"summary_large_image\" \/>\n<meta name=\"twitter:label1\" content=\"Scritto da\" \/>\n\t<meta name=\"twitter:data1\" content=\"fondadmin\" \/>\n\t<meta name=\"twitter:label2\" content=\"Tempo di lettura stimato\" \/>\n\t<meta name=\"twitter:data2\" content=\"5 minuti\" \/>\n<script type=\"application\/ld+json\" class=\"yoast-schema-graph\">{\"@context\":\"https:\/\/schema.org\",\"@graph\":[{\"@type\":\"WebPage\",\"@id\":\"https:\/\/127.0.0.1\/it\/cultura-dimpresa\/il-posto-delle-donne-ai-vertici-delle-imprese-e-la-spinta-positiva-delle-rettrici-nelle-universita\/\",\"url\":\"https:\/\/127.0.0.1\/it\/cultura-dimpresa\/il-posto-delle-donne-ai-vertici-delle-imprese-e-la-spinta-positiva-delle-rettrici-nelle-universita\/\",\"name\":\"Il posto delle donne ai vertici delle imprese e la spinta positiva delle rettrici nelle universit\u00e0 - Fondazione Pirelli\",\"isPartOf\":{\"@id\":\"https:\/\/www.fondazionepirelli.org\/it\/#website\"},\"primaryImageOfPage\":{\"@id\":\"https:\/\/127.0.0.1\/it\/cultura-dimpresa\/il-posto-delle-donne-ai-vertici-delle-imprese-e-la-spinta-positiva-delle-rettrici-nelle-universita\/#primaryimage\"},\"image\":{\"@id\":\"https:\/\/127.0.0.1\/it\/cultura-dimpresa\/il-posto-delle-donne-ai-vertici-delle-imprese-e-la-spinta-positiva-delle-rettrici-nelle-universita\/#primaryimage\"},\"thumbnailUrl\":\"https:\/\/wpsite-assets.fondazionepirelli.org\/wp-content\/uploads\/2024\/07\/23083944\/GettyImages-866419030-scaled.jpg\",\"datePublished\":\"2024-07-23T07:40:12+00:00\",\"author\":{\"@id\":\"https:\/\/www.fondazionepirelli.org\/it\/#\/schema\/person\/f47d097000832c4a6e54538c791fdf25\"},\"breadcrumb\":{\"@id\":\"https:\/\/127.0.0.1\/it\/cultura-dimpresa\/il-posto-delle-donne-ai-vertici-delle-imprese-e-la-spinta-positiva-delle-rettrici-nelle-universita\/#breadcrumb\"},\"inLanguage\":\"it-IT\",\"potentialAction\":[{\"@type\":\"ReadAction\",\"target\":[\"https:\/\/127.0.0.1\/it\/cultura-dimpresa\/il-posto-delle-donne-ai-vertici-delle-imprese-e-la-spinta-positiva-delle-rettrici-nelle-universita\/\"]}]},{\"@type\":\"ImageObject\",\"inLanguage\":\"it-IT\",\"@id\":\"https:\/\/127.0.0.1\/it\/cultura-dimpresa\/il-posto-delle-donne-ai-vertici-delle-imprese-e-la-spinta-positiva-delle-rettrici-nelle-universita\/#primaryimage\",\"url\":\"https:\/\/wpsite-assets.fondazionepirelli.org\/wp-content\/uploads\/2024\/07\/23083944\/GettyImages-866419030-scaled.jpg\",\"contentUrl\":\"https:\/\/wpsite-assets.fondazionepirelli.org\/wp-content\/uploads\/2024\/07\/23083944\/GettyImages-866419030-scaled.jpg\",\"width\":2560,\"height\":2560,\"caption\":\"Gender discrimination and sexism inequality for being female concept as a woman with the burden of climbing a difficult obstacle and a man with easy path stairs as a 3D illustration symbol as a symbol for unfair gender bias.\"},{\"@type\":\"BreadcrumbList\",\"@id\":\"https:\/\/127.0.0.1\/it\/cultura-dimpresa\/il-posto-delle-donne-ai-vertici-delle-imprese-e-la-spinta-positiva-delle-rettrici-nelle-universita\/#breadcrumb\",\"itemListElement\":[{\"@type\":\"ListItem\",\"position\":1,\"name\":\"Home\",\"item\":\"https:\/\/www.fondazionepirelli.org\/it\/\"},{\"@type\":\"ListItem\",\"position\":2,\"name\":\"Il posto delle donne ai vertici delle imprese e la spinta positiva delle rettrici nelle universit\u00e0\"}]},{\"@type\":\"WebSite\",\"@id\":\"https:\/\/www.fondazionepirelli.org\/it\/#website\",\"url\":\"https:\/\/www.fondazionepirelli.org\/it\/\",\"name\":\"Fondazione Pirelli\",\"description\":\"\",\"potentialAction\":[{\"@type\":\"SearchAction\",\"target\":{\"@type\":\"EntryPoint\",\"urlTemplate\":\"https:\/\/www.fondazionepirelli.org\/it\/?s={search_term_string}\"},\"query-input\":{\"@type\":\"PropertyValueSpecification\",\"valueRequired\":true,\"valueName\":\"search_term_string\"}}],\"inLanguage\":\"it-IT\"},{\"@type\":\"Person\",\"@id\":\"https:\/\/www.fondazionepirelli.org\/it\/#\/schema\/person\/f47d097000832c4a6e54538c791fdf25\",\"name\":\"fondadmin\",\"image\":{\"@type\":\"ImageObject\",\"inLanguage\":\"it-IT\",\"@id\":\"https:\/\/www.fondazionepirelli.org\/it\/#\/schema\/person\/image\/\",\"url\":\"https:\/\/secure.gravatar.com\/avatar\/e69498a9175ca244966e51e53c88712c024fcebe41f9a05f75657f1bb25e489b?s=96&d=mm&r=g\",\"contentUrl\":\"https:\/\/secure.gravatar.com\/avatar\/e69498a9175ca244966e51e53c88712c024fcebe41f9a05f75657f1bb25e489b?s=96&d=mm&r=g\",\"caption\":\"fondadmin\"},\"url\":\"https:\/\/www.fondazionepirelli.org\/it\/author\/fondadmin\/\"}]}<\/script>\n<!-- \/ Yoast SEO plugin. -->","yoast_head_json":{"title":"Il posto delle donne ai vertici delle imprese e la spinta positiva delle rettrici nelle universit\u00e0 - Fondazione Pirelli","robots":{"index":"index","follow":"follow","max-snippet":"max-snippet:-1","max-image-preview":"max-image-preview:large","max-video-preview":"max-video-preview:-1"},"canonical":"https:\/\/www.fondazionepirelli.org\/it\/cultura-dimpresa\/il-posto-delle-donne-ai-vertici-delle-imprese-e-la-spinta-positiva-delle-rettrici-nelle-universita\/","og_locale":"it_IT","og_type":"article","og_title":"Il posto delle donne ai vertici delle imprese e la spinta positiva delle rettrici nelle universit\u00e0 - Fondazione Pirelli","og_description":"\u201cLe donne stanno al loro posto\u201d, proclama lo slogan d\u2019una vistosa pagina di pubblicit\u00e0, apparsa la scorsa settimana su alcuni quotidiani di grande diffusione. Un asterisco rinvia alla spiegazione di quale sia il posto di cui si parla: \u201cNei consigli di amministrazione\u201d. La pagina, curata da ValoreD (un\u2019associazione che da tempo promuove un\u2019impegnativa battaglia culturale [&hellip;]","og_url":"https:\/\/127.0.0.1\/it\/cultura-dimpresa\/il-posto-delle-donne-ai-vertici-delle-imprese-e-la-spinta-positiva-delle-rettrici-nelle-universita\/","og_site_name":"Fondazione Pirelli","article_published_time":"2024-07-23T07:40:12+00:00","og_image":[{"width":2560,"height":2560,"url":"https:\/\/wpsite-assets.fondazionepirelli.org\/wp-content\/uploads\/2024\/07\/23083944\/GettyImages-866419030-scaled.jpg","type":"image\/jpeg"}],"author":"fondadmin","twitter_card":"summary_large_image","twitter_misc":{"Scritto da":"fondadmin","Tempo di lettura stimato":"5 minuti"},"schema":{"@context":"https:\/\/schema.org","@graph":[{"@type":"WebPage","@id":"https:\/\/127.0.0.1\/it\/cultura-dimpresa\/il-posto-delle-donne-ai-vertici-delle-imprese-e-la-spinta-positiva-delle-rettrici-nelle-universita\/","url":"https:\/\/127.0.0.1\/it\/cultura-dimpresa\/il-posto-delle-donne-ai-vertici-delle-imprese-e-la-spinta-positiva-delle-rettrici-nelle-universita\/","name":"Il posto delle donne ai vertici delle imprese e la spinta positiva delle rettrici nelle universit\u00e0 - Fondazione Pirelli","isPartOf":{"@id":"https:\/\/www.fondazionepirelli.org\/it\/#website"},"primaryImageOfPage":{"@id":"https:\/\/127.0.0.1\/it\/cultura-dimpresa\/il-posto-delle-donne-ai-vertici-delle-imprese-e-la-spinta-positiva-delle-rettrici-nelle-universita\/#primaryimage"},"image":{"@id":"https:\/\/127.0.0.1\/it\/cultura-dimpresa\/il-posto-delle-donne-ai-vertici-delle-imprese-e-la-spinta-positiva-delle-rettrici-nelle-universita\/#primaryimage"},"thumbnailUrl":"https:\/\/wpsite-assets.fondazionepirelli.org\/wp-content\/uploads\/2024\/07\/23083944\/GettyImages-866419030-scaled.jpg","datePublished":"2024-07-23T07:40:12+00:00","author":{"@id":"https:\/\/www.fondazionepirelli.org\/it\/#\/schema\/person\/f47d097000832c4a6e54538c791fdf25"},"breadcrumb":{"@id":"https:\/\/127.0.0.1\/it\/cultura-dimpresa\/il-posto-delle-donne-ai-vertici-delle-imprese-e-la-spinta-positiva-delle-rettrici-nelle-universita\/#breadcrumb"},"inLanguage":"it-IT","potentialAction":[{"@type":"ReadAction","target":["https:\/\/127.0.0.1\/it\/cultura-dimpresa\/il-posto-delle-donne-ai-vertici-delle-imprese-e-la-spinta-positiva-delle-rettrici-nelle-universita\/"]}]},{"@type":"ImageObject","inLanguage":"it-IT","@id":"https:\/\/127.0.0.1\/it\/cultura-dimpresa\/il-posto-delle-donne-ai-vertici-delle-imprese-e-la-spinta-positiva-delle-rettrici-nelle-universita\/#primaryimage","url":"https:\/\/wpsite-assets.fondazionepirelli.org\/wp-content\/uploads\/2024\/07\/23083944\/GettyImages-866419030-scaled.jpg","contentUrl":"https:\/\/wpsite-assets.fondazionepirelli.org\/wp-content\/uploads\/2024\/07\/23083944\/GettyImages-866419030-scaled.jpg","width":2560,"height":2560,"caption":"Gender discrimination and sexism inequality for being female concept as a woman with the burden of climbing a difficult obstacle and a man with easy path stairs as a 3D illustration symbol as a symbol for unfair gender bias."},{"@type":"BreadcrumbList","@id":"https:\/\/127.0.0.1\/it\/cultura-dimpresa\/il-posto-delle-donne-ai-vertici-delle-imprese-e-la-spinta-positiva-delle-rettrici-nelle-universita\/#breadcrumb","itemListElement":[{"@type":"ListItem","position":1,"name":"Home","item":"https:\/\/www.fondazionepirelli.org\/it\/"},{"@type":"ListItem","position":2,"name":"Il posto delle donne ai vertici delle imprese e la spinta positiva delle rettrici nelle universit\u00e0"}]},{"@type":"WebSite","@id":"https:\/\/www.fondazionepirelli.org\/it\/#website","url":"https:\/\/www.fondazionepirelli.org\/it\/","name":"Fondazione Pirelli","description":"","potentialAction":[{"@type":"SearchAction","target":{"@type":"EntryPoint","urlTemplate":"https:\/\/www.fondazionepirelli.org\/it\/?s={search_term_string}"},"query-input":{"@type":"PropertyValueSpecification","valueRequired":true,"valueName":"search_term_string"}}],"inLanguage":"it-IT"},{"@type":"Person","@id":"https:\/\/www.fondazionepirelli.org\/it\/#\/schema\/person\/f47d097000832c4a6e54538c791fdf25","name":"fondadmin","image":{"@type":"ImageObject","inLanguage":"it-IT","@id":"https:\/\/www.fondazionepirelli.org\/it\/#\/schema\/person\/image\/","url":"https:\/\/secure.gravatar.com\/avatar\/e69498a9175ca244966e51e53c88712c024fcebe41f9a05f75657f1bb25e489b?s=96&d=mm&r=g","contentUrl":"https:\/\/secure.gravatar.com\/avatar\/e69498a9175ca244966e51e53c88712c024fcebe41f9a05f75657f1bb25e489b?s=96&d=mm&r=g","caption":"fondadmin"},"url":"https:\/\/www.fondazionepirelli.org\/it\/author\/fondadmin\/"}]}},"_links":{"self":[{"href":"https:\/\/www.fondazionepirelli.org\/it\/wp-json\/wp\/v2\/posts\/100987\/"}],"collection":[{"href":"https:\/\/www.fondazionepirelli.org\/it\/wp-json\/wp\/v2\/posts\/"}],"about":[{"href":"https:\/\/www.fondazionepirelli.org\/it\/wp-json\/wp\/v2\/types\/post\/"}],"author":[{"embeddable":true,"href":"https:\/\/www.fondazionepirelli.org\/it\/wp-json\/wp\/v2\/users\/1\/"}],"replies":[{"embeddable":true,"href":"https:\/\/www.fondazionepirelli.org\/it\/wp-json\/wp\/v2\/comments\/?post=100987"}],"version-history":[{"count":3,"href":"https:\/\/www.fondazionepirelli.org\/it\/wp-json\/wp\/v2\/posts\/100987\/revisions\/"}],"predecessor-version":[{"id":100996,"href":"https:\/\/www.fondazionepirelli.org\/it\/wp-json\/wp\/v2\/posts\/100987\/revisions\/100996\/"}],"wp:featuredmedia":[{"embeddable":true,"href":"https:\/\/www.fondazionepirelli.org\/it\/wp-json\/wp\/v2\/media\/100994\/"}],"wp:attachment":[{"href":"https:\/\/www.fondazionepirelli.org\/it\/wp-json\/wp\/v2\/media\/?parent=100987"}],"wp:term":[{"taxonomy":"category","embeddable":true,"href":"https:\/\/www.fondazionepirelli.org\/it\/wp-json\/wp\/v2\/categories\/?post=100987"},{"taxonomy":"post_tag","embeddable":true,"href":"https:\/\/www.fondazionepirelli.org\/it\/wp-json\/wp\/v2\/tags\/?post=100987"}],"curies":[{"name":"wp","href":"https:\/\/api.w.org\/{rel}","templated":true}]}}