{"id":101207,"date":"2024-09-03T09:42:32","date_gmt":"2024-09-03T08:42:32","guid":{"rendered":"https:\/\/www.fondazionepirelli.org\/?p=101207"},"modified":"2024-09-03T14:56:37","modified_gmt":"2024-09-03T13:56:37","slug":"lessenziale-in-economia","status":"publish","type":"post","link":"https:\/\/www.fondazionepirelli.org\/it\/cultura-dimpresa\/lessenziale-in-economia\/","title":{"rendered":"L\u2019essenziale in economia"},"content":{"rendered":"<p><em>Un intervento del Governatore della Banca d\u2019Italia fornisce gli elementi utili per capire meglio il contesto in cui societ\u00e0 e imprese si muovono<\/em><\/p><p>L\u2019essenziale anche in economia. E nelle imprese. La valutazione, quindi, di cosa sia veramente irrinunciabile anche nelle scelte economiche e di produzione, nei mercati, nei rapporti di lavoro, nelle organizzazioni della produzione e nelle comunit\u00e0. Il tema, vario e complesso, \u00e8 stato affrontato recentemente dal Governatore di Banca d\u2019Italia, Fabio Panetta, in un suo intervento nel corso dell\u2019edizione 2024 del Meeting di Rimini.<\/p>\n<p>Panetta coglie l\u2019occasione per effettuare un ragionamento sull\u2019essenzialit\u00e0 in economia e nelle imprese, ponendo una particolare attenzione al contesto e cio\u00e8 all\u2019Europa, prima, e all\u2019Italia, poi. Il Governatore, prima di tutto, riassume le vicende storiche che hanno portato alla creazione dell\u2019Europa unita e in particolare all\u2019aspirazione di mantenere la pace nel Continente: condizione essenziale ancora oggi. Viene quindi ricordato come l\u2019Europa abbia portato una serie ormai fondamentale di vantaggi non solo dal punto di vista economico in senso stretto, ma anche sociale e umano in senso lato.<\/p>\n<p>\u201cIl progetto europeo \u2013 sottolinea per\u00f2 Panetta \u2013 si trova ora di fronte a sfide sia interne sia esterne che ne mettono alla prova la solidit\u00e0 e la coesione\u201d. I cambiamenti in corso nell\u2019economia e nel contesto internazionale (guerre e commerci), comportano un riesame delle condizioni di coesione dell\u2019Europa e un ritorno ai principi fondanti della stessa.<\/p>\n<p>Panetta indica una strada da percorrere, quella del rafforzamento dell\u2019Europa e dei suoi capisaldi. Un cammino lungo il quale la coesione e la crescita sono obiettivi da perseguire con forza e decisione. Tenendo conto di alcuni passaggi che sono, secondo il Governatore, rilevanti.<\/p>\n<p>Ci si sofferma cos\u00ec su temi come la demografia e il lavoro, la produttivit\u00e0 e la tecnologia. Sono questi alcuni dei \u201cterritori\u201d nei quali l\u2019Europa giocher\u00e0 il suo futuro e per i quali il tema dell\u2019essenzialit\u00e0 torna con forza.<\/p>\n<p>Ma il Governatore non si limita a questo chiedendosi quale sia l\u2019essenziale per l\u2019Europa e per l\u2019Italia. Il messaggio che viene fornito si basa, quindi, sulla prudenza e sulla saggezza nell\u2019amministrazione dei conti pubblici cos\u00ec come sulla necessit\u00e0 di aumentare la produttivit\u00e0 e quindi la crescita. L\u2019irrinunciabilit\u00e0 dell\u2019equilibrio pare essere il fulcro sul quale fare perno per dare un futuro all\u2019Europa.<\/p>\n<p>L\u2019intervento del Governatore di Banca d\u2019Italia fornisce in poche pagine una sintesi utile a chi fa impresa, ma anche a chi voglia guardare con pi\u00f9 consapevolezza a quanto sta accadendo oggi nell\u2019economia e nella societ\u00e0.<\/p><p><strong>45a edizione del Meeting per l\u2019amicizia tra i popoli<\/strong><\/p>\n<p><a href=\"https:\/\/wpsite-assets.fondazionepirelli.org\/wp-content\/uploads\/2024\/09\/02120647\/PANETTA_21.08.2024-2024-09-01-13_50_15.pdf\"><strong>Se non siamo alla ricerca dell\u2019essenziale, allora cosa cerchiamo?<\/strong><\/a><\/p>\n<p>Intervento di Fabio Panetta, Governatore della Banca d\u2019Italia<\/p>\n<p>Rimini, 21 agosto 2024<\/p>\n","protected":false},"excerpt":{"rendered":"<p>Un intervento del Governatore della Banca d\u2019Italia fornisce gli elementi utili per capire meglio il contesto in cui societ\u00e0 e imprese si muovonoL\u2019essenziale anche in economia. E nelle imprese. La valutazione, quindi, di cosa sia veramente irrinunciabile anche nelle scelte economiche e di produzione, nei mercati, nei rapporti di lavoro, nelle organizzazioni della produzione e [&hellip;]<\/p>\n","protected":false},"author":1,"featured_media":0,"comment_status":"open","ping_status":"open","sticky":false,"template":"","format":"standard","meta":{"footnotes":""},"categories":[54,52],"tags":[],"class_list":["post-101207","post","type-post","status-publish","format-standard","hentry","category-approfondimenti","category-cultura-dimpresa"],"acf":[],"yoast_head":"<!-- This site is optimized with the Yoast SEO plugin v25.0 - https:\/\/yoast.com\/wordpress\/plugins\/seo\/ -->\n<title>L\u2019essenziale in economia - Fondazione Pirelli<\/title>\n<meta name=\"robots\" content=\"index, follow, max-snippet:-1, max-image-preview:large, max-video-preview:-1\" \/>\n<link rel=\"canonical\" href=\"https:\/\/www.fondazionepirelli.org\/it\/cultura-dimpresa\/lessenziale-in-economia\/\" \/>\n<meta property=\"og:locale\" content=\"it_IT\" \/>\n<meta property=\"og:type\" content=\"article\" \/>\n<meta property=\"og:title\" content=\"L\u2019essenziale in economia - Fondazione Pirelli\" \/>\n<meta property=\"og:description\" content=\"Un intervento del Governatore della Banca d\u2019Italia fornisce gli elementi utili per capire meglio il contesto in cui societ\u00e0 e imprese si muovonoL\u2019essenziale anche in economia. E nelle imprese. La valutazione, quindi, di cosa sia veramente irrinunciabile anche nelle scelte economiche e di produzione, nei mercati, nei rapporti di lavoro, nelle organizzazioni della produzione e [&hellip;]\" \/>\n<meta property=\"og:url\" content=\"https:\/\/127.0.0.1\/it\/cultura-dimpresa\/lessenziale-in-economia\/\" \/>\n<meta property=\"og:site_name\" content=\"Fondazione Pirelli\" \/>\n<meta property=\"article:published_time\" content=\"2024-09-03T08:42:32+00:00\" \/>\n<meta property=\"article:modified_time\" content=\"2024-09-03T13:56:37+00:00\" \/>\n<meta name=\"author\" content=\"fondadmin\" \/>\n<meta name=\"twitter:card\" content=\"summary_large_image\" \/>\n<meta name=\"twitter:label1\" content=\"Scritto da\" \/>\n\t<meta name=\"twitter:data1\" content=\"fondadmin\" \/>\n\t<meta name=\"twitter:label2\" content=\"Tempo di lettura stimato\" \/>\n\t<meta name=\"twitter:data2\" content=\"2 minuti\" \/>\n<script type=\"application\/ld+json\" class=\"yoast-schema-graph\">{\"@context\":\"https:\/\/schema.org\",\"@graph\":[{\"@type\":\"WebPage\",\"@id\":\"https:\/\/127.0.0.1\/it\/cultura-dimpresa\/lessenziale-in-economia\/\",\"url\":\"https:\/\/127.0.0.1\/it\/cultura-dimpresa\/lessenziale-in-economia\/\",\"name\":\"L\u2019essenziale in economia - Fondazione Pirelli\",\"isPartOf\":{\"@id\":\"https:\/\/www.fondazionepirelli.org\/it\/#website\"},\"datePublished\":\"2024-09-03T08:42:32+00:00\",\"dateModified\":\"2024-09-03T13:56:37+00:00\",\"author\":{\"@id\":\"https:\/\/www.fondazionepirelli.org\/it\/#\/schema\/person\/f47d097000832c4a6e54538c791fdf25\"},\"breadcrumb\":{\"@id\":\"https:\/\/127.0.0.1\/it\/cultura-dimpresa\/lessenziale-in-economia\/#breadcrumb\"},\"inLanguage\":\"it-IT\",\"potentialAction\":[{\"@type\":\"ReadAction\",\"target\":[\"https:\/\/127.0.0.1\/it\/cultura-dimpresa\/lessenziale-in-economia\/\"]}]},{\"@type\":\"BreadcrumbList\",\"@id\":\"https:\/\/127.0.0.1\/it\/cultura-dimpresa\/lessenziale-in-economia\/#breadcrumb\",\"itemListElement\":[{\"@type\":\"ListItem\",\"position\":1,\"name\":\"Home\",\"item\":\"https:\/\/www.fondazionepirelli.org\/it\/\"},{\"@type\":\"ListItem\",\"position\":2,\"name\":\"L\u2019essenziale in economia\"}]},{\"@type\":\"WebSite\",\"@id\":\"https:\/\/www.fondazionepirelli.org\/it\/#website\",\"url\":\"https:\/\/www.fondazionepirelli.org\/it\/\",\"name\":\"Fondazione Pirelli\",\"description\":\"\",\"potentialAction\":[{\"@type\":\"SearchAction\",\"target\":{\"@type\":\"EntryPoint\",\"urlTemplate\":\"https:\/\/www.fondazionepirelli.org\/it\/?s={search_term_string}\"},\"query-input\":{\"@type\":\"PropertyValueSpecification\",\"valueRequired\":true,\"valueName\":\"search_term_string\"}}],\"inLanguage\":\"it-IT\"},{\"@type\":\"Person\",\"@id\":\"https:\/\/www.fondazionepirelli.org\/it\/#\/schema\/person\/f47d097000832c4a6e54538c791fdf25\",\"name\":\"fondadmin\",\"image\":{\"@type\":\"ImageObject\",\"inLanguage\":\"it-IT\",\"@id\":\"https:\/\/www.fondazionepirelli.org\/it\/#\/schema\/person\/image\/\",\"url\":\"https:\/\/secure.gravatar.com\/avatar\/e69498a9175ca244966e51e53c88712c024fcebe41f9a05f75657f1bb25e489b?s=96&d=mm&r=g\",\"contentUrl\":\"https:\/\/secure.gravatar.com\/avatar\/e69498a9175ca244966e51e53c88712c024fcebe41f9a05f75657f1bb25e489b?s=96&d=mm&r=g\",\"caption\":\"fondadmin\"},\"url\":\"https:\/\/www.fondazionepirelli.org\/it\/author\/fondadmin\/\"}]}<\/script>\n<!-- \/ Yoast SEO plugin. -->","yoast_head_json":{"title":"L\u2019essenziale in economia - Fondazione Pirelli","robots":{"index":"index","follow":"follow","max-snippet":"max-snippet:-1","max-image-preview":"max-image-preview:large","max-video-preview":"max-video-preview:-1"},"canonical":"https:\/\/www.fondazionepirelli.org\/it\/cultura-dimpresa\/lessenziale-in-economia\/","og_locale":"it_IT","og_type":"article","og_title":"L\u2019essenziale in economia - Fondazione Pirelli","og_description":"Un intervento del Governatore della Banca d\u2019Italia fornisce gli elementi utili per capire meglio il contesto in cui societ\u00e0 e imprese si muovonoL\u2019essenziale anche in economia. E nelle imprese. La valutazione, quindi, di cosa sia veramente irrinunciabile anche nelle scelte economiche e di produzione, nei mercati, nei rapporti di lavoro, nelle organizzazioni della produzione e [&hellip;]","og_url":"https:\/\/127.0.0.1\/it\/cultura-dimpresa\/lessenziale-in-economia\/","og_site_name":"Fondazione Pirelli","article_published_time":"2024-09-03T08:42:32+00:00","article_modified_time":"2024-09-03T13:56:37+00:00","author":"fondadmin","twitter_card":"summary_large_image","twitter_misc":{"Scritto da":"fondadmin","Tempo di lettura stimato":"2 minuti"},"schema":{"@context":"https:\/\/schema.org","@graph":[{"@type":"WebPage","@id":"https:\/\/127.0.0.1\/it\/cultura-dimpresa\/lessenziale-in-economia\/","url":"https:\/\/127.0.0.1\/it\/cultura-dimpresa\/lessenziale-in-economia\/","name":"L\u2019essenziale in economia - Fondazione Pirelli","isPartOf":{"@id":"https:\/\/www.fondazionepirelli.org\/it\/#website"},"datePublished":"2024-09-03T08:42:32+00:00","dateModified":"2024-09-03T13:56:37+00:00","author":{"@id":"https:\/\/www.fondazionepirelli.org\/it\/#\/schema\/person\/f47d097000832c4a6e54538c791fdf25"},"breadcrumb":{"@id":"https:\/\/127.0.0.1\/it\/cultura-dimpresa\/lessenziale-in-economia\/#breadcrumb"},"inLanguage":"it-IT","potentialAction":[{"@type":"ReadAction","target":["https:\/\/127.0.0.1\/it\/cultura-dimpresa\/lessenziale-in-economia\/"]}]},{"@type":"BreadcrumbList","@id":"https:\/\/127.0.0.1\/it\/cultura-dimpresa\/lessenziale-in-economia\/#breadcrumb","itemListElement":[{"@type":"ListItem","position":1,"name":"Home","item":"https:\/\/www.fondazionepirelli.org\/it\/"},{"@type":"ListItem","position":2,"name":"L\u2019essenziale in economia"}]},{"@type":"WebSite","@id":"https:\/\/www.fondazionepirelli.org\/it\/#website","url":"https:\/\/www.fondazionepirelli.org\/it\/","name":"Fondazione Pirelli","description":"","potentialAction":[{"@type":"SearchAction","target":{"@type":"EntryPoint","urlTemplate":"https:\/\/www.fondazionepirelli.org\/it\/?s={search_term_string}"},"query-input":{"@type":"PropertyValueSpecification","valueRequired":true,"valueName":"search_term_string"}}],"inLanguage":"it-IT"},{"@type":"Person","@id":"https:\/\/www.fondazionepirelli.org\/it\/#\/schema\/person\/f47d097000832c4a6e54538c791fdf25","name":"fondadmin","image":{"@type":"ImageObject","inLanguage":"it-IT","@id":"https:\/\/www.fondazionepirelli.org\/it\/#\/schema\/person\/image\/","url":"https:\/\/secure.gravatar.com\/avatar\/e69498a9175ca244966e51e53c88712c024fcebe41f9a05f75657f1bb25e489b?s=96&d=mm&r=g","contentUrl":"https:\/\/secure.gravatar.com\/avatar\/e69498a9175ca244966e51e53c88712c024fcebe41f9a05f75657f1bb25e489b?s=96&d=mm&r=g","caption":"fondadmin"},"url":"https:\/\/www.fondazionepirelli.org\/it\/author\/fondadmin\/"}]}},"_links":{"self":[{"href":"https:\/\/www.fondazionepirelli.org\/it\/wp-json\/wp\/v2\/posts\/101207\/"}],"collection":[{"href":"https:\/\/www.fondazionepirelli.org\/it\/wp-json\/wp\/v2\/posts\/"}],"about":[{"href":"https:\/\/www.fondazionepirelli.org\/it\/wp-json\/wp\/v2\/types\/post\/"}],"author":[{"embeddable":true,"href":"https:\/\/www.fondazionepirelli.org\/it\/wp-json\/wp\/v2\/users\/1\/"}],"replies":[{"embeddable":true,"href":"https:\/\/www.fondazionepirelli.org\/it\/wp-json\/wp\/v2\/comments\/?post=101207"}],"version-history":[{"count":3,"href":"https:\/\/www.fondazionepirelli.org\/it\/wp-json\/wp\/v2\/posts\/101207\/revisions\/"}],"predecessor-version":[{"id":101225,"href":"https:\/\/www.fondazionepirelli.org\/it\/wp-json\/wp\/v2\/posts\/101207\/revisions\/101225\/"}],"wp:attachment":[{"href":"https:\/\/www.fondazionepirelli.org\/it\/wp-json\/wp\/v2\/media\/?parent=101207"}],"wp:term":[{"taxonomy":"category","embeddable":true,"href":"https:\/\/www.fondazionepirelli.org\/it\/wp-json\/wp\/v2\/categories\/?post=101207"},{"taxonomy":"post_tag","embeddable":true,"href":"https:\/\/www.fondazionepirelli.org\/it\/wp-json\/wp\/v2\/tags\/?post=101207"}],"curies":[{"name":"wp","href":"https:\/\/api.w.org\/{rel}","templated":true}]}}