{"id":101243,"date":"2024-09-10T12:11:00","date_gmt":"2024-09-10T11:11:00","guid":{"rendered":"https:\/\/www.fondazionepirelli.org\/?p=101243"},"modified":"2024-09-10T12:11:00","modified_gmt":"2024-09-10T11:11:00","slug":"quale-potere-con-la-ia","status":"publish","type":"post","link":"https:\/\/www.fondazionepirelli.org\/it\/cultura-dimpresa\/quale-potere-con-la-ia\/","title":{"rendered":"Quale potere con la IA"},"content":{"rendered":"<p><em>Appena pubblicato in Italia un libro che esplora le relazioni tra le capacit\u00e0 dell\u2019Intelligenza Artificiale e i suoi effetti nell\u2019economia e nella societ\u00e0<\/em><\/p>\n<p><strong>\u00a0<\/strong><\/p>\n<p>E\u2019 l\u2019Intelligenza Artificiale (IA) il nuovo orizzonte dell\u2019economia e della produzione oltre che della societ\u00e0. Cos\u00ec, almeno, sembra essere. Ma su quali siano i meccanismi d\u2019uso, quelli di tutela e, soprattutto, gli effetti dell\u2019IA, sono molti ancora gli interrogativi ai quali rispondere. Per provarci \u00e8 utile leggere \u201cPotere e previsione. L&#8217;economia dirompente dell&#8217;intelligenza artificiale\u201d scritto a sei mani da Ajay Agrawal, Joshua Gans e Avi Goldfarb e da poco pubblicato anche in Italia.<\/p>\n<p>Il libro prende le mosse da una constatazione. L&#8217;IA ha gi\u00e0 avuto un impatto significativo su molti settori economici \u2013 sulla finanza, sulla farmaceutica, sull&#8217;industria automobilistica, nell&#8217;ambito medico, in quello manifatturiero e sul commercio mondiale \u2013 ma il percorso verso una sua efficace e corretta applicazione \u00e8, di fatto, appena cominciato. Soprattutto per quanto riguarda, \u00e8 il parere dei tre autori, le previsioni economiche che potranno essere pi\u00f9 precise e pi\u00f9 rapide, in grado di guidare le decisioni strategiche.<br \/>\nUsare la IA, dunque, per prevedere quanto potr\u00e0 accadere nell\u2019economia. Il libro spiega come i due ingredienti chiave del processo decisionale, la previsione e il giudizio, siano elaborati contestualmente dalla nostra mente, spesso senza che noi ce ne rendiamo conto. L&#8217;ascesa dell&#8217;IA sta spostando il compito di effettuare previsioni dagli esseri umani alle macchine, sollevando i primi da questo carico cognitivo e aumentando la velocit\u00e0 e l&#8217;accuratezza delle decisioni. La realizzazione di un orizzonte di questo genere deve per\u00f2 passare dalla riprogettazione di una corposa serie di sistemi e di procedure. Ed \u00e8 su questa fase che si concentra il libro.<\/p>\n<p>Agrawal, Gans e Goldfarb conducono quindi chi legge attraverso le regole e i sistemi da applicare ma, soprattutto, approfondiscono il tema del potere conferito a chi potr\u00e0 usare l\u2019IA. Il processo decisionale, viene infatti notato, conferisce potere. E nell\u2019economia il potere genera profitti; nella societ\u00e0, il potere permette il controllo. Tutto questo condurr\u00e0 ad un profondo rimescolamento degli assetti economici e sociali. Le aziende potranno sfruttare le opportunit\u00e0 che si apriranno e dovranno proteggere le loro posizioni. La societ\u00e0 dovr\u00e0 riscrivere assetti e diritti.<\/p>\n<p>Il libro di Agrawal, Gans e Goldfarb \u00e8 una di quelle letture da compiere con attenzione e senso critico. Lettura utile e importante. Che chi vuole essere cittadino consapevole oppure imprenditore avveduto dovrebbe fare.<\/p><p><strong>Potere e previsione. L&#8217;economia dirompente dell&#8217;intelligenza artificiale<\/strong><\/p>\n<p>Ajay Agrawal, Joshua Gans, Avi Goldfarb<\/p>\n<p>Franco Angeli, 2024<\/p>\n","protected":false},"excerpt":{"rendered":"<p>Appena pubblicato in Italia un libro che esplora le relazioni tra le capacit\u00e0 dell\u2019Intelligenza Artificiale e i suoi effetti nell\u2019economia e nella societ\u00e0 \u00a0 E\u2019 l\u2019Intelligenza Artificiale (IA) il nuovo orizzonte dell\u2019economia e della produzione oltre che della societ\u00e0. Cos\u00ec, almeno, sembra essere. Ma su quali siano i meccanismi d\u2019uso, quelli di tutela e, soprattutto, [&hellip;]<\/p>\n","protected":false},"author":1,"featured_media":101245,"comment_status":"open","ping_status":"open","sticky":false,"template":"","format":"standard","meta":{"footnotes":""},"categories":[52,58],"tags":[],"class_list":["post-101243","post","type-post","status-publish","format-standard","has-post-thumbnail","hentry","category-cultura-dimpresa","category-recensioni-libri"],"acf":[],"yoast_head":"<!-- This site is optimized with the Yoast SEO plugin v25.0 - https:\/\/yoast.com\/wordpress\/plugins\/seo\/ -->\n<title>Quale potere con la IA - Fondazione Pirelli<\/title>\n<meta name=\"robots\" content=\"index, follow, max-snippet:-1, max-image-preview:large, max-video-preview:-1\" \/>\n<link rel=\"canonical\" href=\"https:\/\/www.fondazionepirelli.org\/it\/cultura-dimpresa\/quale-potere-con-la-ia\/\" \/>\n<meta property=\"og:locale\" content=\"it_IT\" \/>\n<meta property=\"og:type\" content=\"article\" \/>\n<meta property=\"og:title\" content=\"Quale potere con la IA - Fondazione Pirelli\" \/>\n<meta property=\"og:description\" content=\"Appena pubblicato in Italia un libro che esplora le relazioni tra le capacit\u00e0 dell\u2019Intelligenza Artificiale e i suoi effetti nell\u2019economia e nella societ\u00e0 \u00a0 E\u2019 l\u2019Intelligenza Artificiale (IA) il nuovo orizzonte dell\u2019economia e della produzione oltre che della societ\u00e0. Cos\u00ec, almeno, sembra essere. Ma su quali siano i meccanismi d\u2019uso, quelli di tutela e, soprattutto, [&hellip;]\" \/>\n<meta property=\"og:url\" content=\"https:\/\/www.fondazionepirelli.org\/it\/cultura-dimpresa\/quale-potere-con-la-ia\/\" \/>\n<meta property=\"og:site_name\" content=\"Fondazione Pirelli\" \/>\n<meta property=\"article:published_time\" content=\"2024-09-10T11:11:00+00:00\" \/>\n<meta property=\"og:image\" content=\"https:\/\/wpsite-assets.fondazionepirelli.org\/wp-content\/uploads\/2024\/09\/09081716\/IMG_0073.jpeg\" \/>\n\t<meta property=\"og:image:width\" content=\"400\" \/>\n\t<meta property=\"og:image:height\" content=\"596\" \/>\n\t<meta property=\"og:image:type\" content=\"image\/jpeg\" \/>\n<meta name=\"author\" content=\"fondadmin\" \/>\n<meta name=\"twitter:card\" content=\"summary_large_image\" \/>\n<meta name=\"twitter:label1\" content=\"Scritto da\" \/>\n\t<meta name=\"twitter:data1\" content=\"fondadmin\" \/>\n\t<meta name=\"twitter:label2\" content=\"Tempo di lettura stimato\" \/>\n\t<meta name=\"twitter:data2\" content=\"2 minuti\" \/>\n<script type=\"application\/ld+json\" class=\"yoast-schema-graph\">{\"@context\":\"https:\/\/schema.org\",\"@graph\":[{\"@type\":\"WebPage\",\"@id\":\"https:\/\/www.fondazionepirelli.org\/it\/cultura-dimpresa\/quale-potere-con-la-ia\/\",\"url\":\"https:\/\/www.fondazionepirelli.org\/it\/cultura-dimpresa\/quale-potere-con-la-ia\/\",\"name\":\"Quale potere con la IA - Fondazione Pirelli\",\"isPartOf\":{\"@id\":\"https:\/\/www.fondazionepirelli.org\/it\/#website\"},\"primaryImageOfPage\":{\"@id\":\"https:\/\/www.fondazionepirelli.org\/it\/cultura-dimpresa\/quale-potere-con-la-ia\/#primaryimage\"},\"image\":{\"@id\":\"https:\/\/www.fondazionepirelli.org\/it\/cultura-dimpresa\/quale-potere-con-la-ia\/#primaryimage\"},\"thumbnailUrl\":\"https:\/\/wpsite-assets.fondazionepirelli.org\/wp-content\/uploads\/2024\/09\/09081716\/IMG_0073.jpeg\",\"datePublished\":\"2024-09-10T11:11:00+00:00\",\"author\":{\"@id\":\"https:\/\/www.fondazionepirelli.org\/it\/#\/schema\/person\/f47d097000832c4a6e54538c791fdf25\"},\"breadcrumb\":{\"@id\":\"https:\/\/www.fondazionepirelli.org\/it\/cultura-dimpresa\/quale-potere-con-la-ia\/#breadcrumb\"},\"inLanguage\":\"it-IT\",\"potentialAction\":[{\"@type\":\"ReadAction\",\"target\":[\"https:\/\/www.fondazionepirelli.org\/it\/cultura-dimpresa\/quale-potere-con-la-ia\/\"]}]},{\"@type\":\"ImageObject\",\"inLanguage\":\"it-IT\",\"@id\":\"https:\/\/www.fondazionepirelli.org\/it\/cultura-dimpresa\/quale-potere-con-la-ia\/#primaryimage\",\"url\":\"https:\/\/wpsite-assets.fondazionepirelli.org\/wp-content\/uploads\/2024\/09\/09081716\/IMG_0073.jpeg\",\"contentUrl\":\"https:\/\/wpsite-assets.fondazionepirelli.org\/wp-content\/uploads\/2024\/09\/09081716\/IMG_0073.jpeg\",\"width\":400,\"height\":596},{\"@type\":\"BreadcrumbList\",\"@id\":\"https:\/\/www.fondazionepirelli.org\/it\/cultura-dimpresa\/quale-potere-con-la-ia\/#breadcrumb\",\"itemListElement\":[{\"@type\":\"ListItem\",\"position\":1,\"name\":\"Home\",\"item\":\"https:\/\/www.fondazionepirelli.org\/it\/\"},{\"@type\":\"ListItem\",\"position\":2,\"name\":\"Quale potere con la IA\"}]},{\"@type\":\"WebSite\",\"@id\":\"https:\/\/www.fondazionepirelli.org\/it\/#website\",\"url\":\"https:\/\/www.fondazionepirelli.org\/it\/\",\"name\":\"Fondazione Pirelli\",\"description\":\"\",\"potentialAction\":[{\"@type\":\"SearchAction\",\"target\":{\"@type\":\"EntryPoint\",\"urlTemplate\":\"https:\/\/www.fondazionepirelli.org\/it\/?s={search_term_string}\"},\"query-input\":{\"@type\":\"PropertyValueSpecification\",\"valueRequired\":true,\"valueName\":\"search_term_string\"}}],\"inLanguage\":\"it-IT\"},{\"@type\":\"Person\",\"@id\":\"https:\/\/www.fondazionepirelli.org\/it\/#\/schema\/person\/f47d097000832c4a6e54538c791fdf25\",\"name\":\"fondadmin\",\"image\":{\"@type\":\"ImageObject\",\"inLanguage\":\"it-IT\",\"@id\":\"https:\/\/www.fondazionepirelli.org\/it\/#\/schema\/person\/image\/\",\"url\":\"https:\/\/secure.gravatar.com\/avatar\/e69498a9175ca244966e51e53c88712c024fcebe41f9a05f75657f1bb25e489b?s=96&d=mm&r=g\",\"contentUrl\":\"https:\/\/secure.gravatar.com\/avatar\/e69498a9175ca244966e51e53c88712c024fcebe41f9a05f75657f1bb25e489b?s=96&d=mm&r=g\",\"caption\":\"fondadmin\"},\"url\":\"https:\/\/www.fondazionepirelli.org\/it\/author\/fondadmin\/\"}]}<\/script>\n<!-- \/ Yoast SEO plugin. -->","yoast_head_json":{"title":"Quale potere con la IA - Fondazione Pirelli","robots":{"index":"index","follow":"follow","max-snippet":"max-snippet:-1","max-image-preview":"max-image-preview:large","max-video-preview":"max-video-preview:-1"},"canonical":"https:\/\/www.fondazionepirelli.org\/it\/cultura-dimpresa\/quale-potere-con-la-ia\/","og_locale":"it_IT","og_type":"article","og_title":"Quale potere con la IA - Fondazione Pirelli","og_description":"Appena pubblicato in Italia un libro che esplora le relazioni tra le capacit\u00e0 dell\u2019Intelligenza Artificiale e i suoi effetti nell\u2019economia e nella societ\u00e0 \u00a0 E\u2019 l\u2019Intelligenza Artificiale (IA) il nuovo orizzonte dell\u2019economia e della produzione oltre che della societ\u00e0. Cos\u00ec, almeno, sembra essere. Ma su quali siano i meccanismi d\u2019uso, quelli di tutela e, soprattutto, [&hellip;]","og_url":"https:\/\/www.fondazionepirelli.org\/it\/cultura-dimpresa\/quale-potere-con-la-ia\/","og_site_name":"Fondazione Pirelli","article_published_time":"2024-09-10T11:11:00+00:00","og_image":[{"width":400,"height":596,"url":"https:\/\/wpsite-assets.fondazionepirelli.org\/wp-content\/uploads\/2024\/09\/09081716\/IMG_0073.jpeg","type":"image\/jpeg"}],"author":"fondadmin","twitter_card":"summary_large_image","twitter_misc":{"Scritto da":"fondadmin","Tempo di lettura stimato":"2 minuti"},"schema":{"@context":"https:\/\/schema.org","@graph":[{"@type":"WebPage","@id":"https:\/\/www.fondazionepirelli.org\/it\/cultura-dimpresa\/quale-potere-con-la-ia\/","url":"https:\/\/www.fondazionepirelli.org\/it\/cultura-dimpresa\/quale-potere-con-la-ia\/","name":"Quale potere con la IA - Fondazione Pirelli","isPartOf":{"@id":"https:\/\/www.fondazionepirelli.org\/it\/#website"},"primaryImageOfPage":{"@id":"https:\/\/www.fondazionepirelli.org\/it\/cultura-dimpresa\/quale-potere-con-la-ia\/#primaryimage"},"image":{"@id":"https:\/\/www.fondazionepirelli.org\/it\/cultura-dimpresa\/quale-potere-con-la-ia\/#primaryimage"},"thumbnailUrl":"https:\/\/wpsite-assets.fondazionepirelli.org\/wp-content\/uploads\/2024\/09\/09081716\/IMG_0073.jpeg","datePublished":"2024-09-10T11:11:00+00:00","author":{"@id":"https:\/\/www.fondazionepirelli.org\/it\/#\/schema\/person\/f47d097000832c4a6e54538c791fdf25"},"breadcrumb":{"@id":"https:\/\/www.fondazionepirelli.org\/it\/cultura-dimpresa\/quale-potere-con-la-ia\/#breadcrumb"},"inLanguage":"it-IT","potentialAction":[{"@type":"ReadAction","target":["https:\/\/www.fondazionepirelli.org\/it\/cultura-dimpresa\/quale-potere-con-la-ia\/"]}]},{"@type":"ImageObject","inLanguage":"it-IT","@id":"https:\/\/www.fondazionepirelli.org\/it\/cultura-dimpresa\/quale-potere-con-la-ia\/#primaryimage","url":"https:\/\/wpsite-assets.fondazionepirelli.org\/wp-content\/uploads\/2024\/09\/09081716\/IMG_0073.jpeg","contentUrl":"https:\/\/wpsite-assets.fondazionepirelli.org\/wp-content\/uploads\/2024\/09\/09081716\/IMG_0073.jpeg","width":400,"height":596},{"@type":"BreadcrumbList","@id":"https:\/\/www.fondazionepirelli.org\/it\/cultura-dimpresa\/quale-potere-con-la-ia\/#breadcrumb","itemListElement":[{"@type":"ListItem","position":1,"name":"Home","item":"https:\/\/www.fondazionepirelli.org\/it\/"},{"@type":"ListItem","position":2,"name":"Quale potere con la IA"}]},{"@type":"WebSite","@id":"https:\/\/www.fondazionepirelli.org\/it\/#website","url":"https:\/\/www.fondazionepirelli.org\/it\/","name":"Fondazione Pirelli","description":"","potentialAction":[{"@type":"SearchAction","target":{"@type":"EntryPoint","urlTemplate":"https:\/\/www.fondazionepirelli.org\/it\/?s={search_term_string}"},"query-input":{"@type":"PropertyValueSpecification","valueRequired":true,"valueName":"search_term_string"}}],"inLanguage":"it-IT"},{"@type":"Person","@id":"https:\/\/www.fondazionepirelli.org\/it\/#\/schema\/person\/f47d097000832c4a6e54538c791fdf25","name":"fondadmin","image":{"@type":"ImageObject","inLanguage":"it-IT","@id":"https:\/\/www.fondazionepirelli.org\/it\/#\/schema\/person\/image\/","url":"https:\/\/secure.gravatar.com\/avatar\/e69498a9175ca244966e51e53c88712c024fcebe41f9a05f75657f1bb25e489b?s=96&d=mm&r=g","contentUrl":"https:\/\/secure.gravatar.com\/avatar\/e69498a9175ca244966e51e53c88712c024fcebe41f9a05f75657f1bb25e489b?s=96&d=mm&r=g","caption":"fondadmin"},"url":"https:\/\/www.fondazionepirelli.org\/it\/author\/fondadmin\/"}]}},"_links":{"self":[{"href":"https:\/\/www.fondazionepirelli.org\/it\/wp-json\/wp\/v2\/posts\/101243\/"}],"collection":[{"href":"https:\/\/www.fondazionepirelli.org\/it\/wp-json\/wp\/v2\/posts\/"}],"about":[{"href":"https:\/\/www.fondazionepirelli.org\/it\/wp-json\/wp\/v2\/types\/post\/"}],"author":[{"embeddable":true,"href":"https:\/\/www.fondazionepirelli.org\/it\/wp-json\/wp\/v2\/users\/1\/"}],"replies":[{"embeddable":true,"href":"https:\/\/www.fondazionepirelli.org\/it\/wp-json\/wp\/v2\/comments\/?post=101243"}],"version-history":[{"count":2,"href":"https:\/\/www.fondazionepirelli.org\/it\/wp-json\/wp\/v2\/posts\/101243\/revisions\/"}],"predecessor-version":[{"id":101404,"href":"https:\/\/www.fondazionepirelli.org\/it\/wp-json\/wp\/v2\/posts\/101243\/revisions\/101404\/"}],"wp:featuredmedia":[{"embeddable":true,"href":"https:\/\/www.fondazionepirelli.org\/it\/wp-json\/wp\/v2\/media\/101245\/"}],"wp:attachment":[{"href":"https:\/\/www.fondazionepirelli.org\/it\/wp-json\/wp\/v2\/media\/?parent=101243"}],"wp:term":[{"taxonomy":"category","embeddable":true,"href":"https:\/\/www.fondazionepirelli.org\/it\/wp-json\/wp\/v2\/categories\/?post=101243"},{"taxonomy":"post_tag","embeddable":true,"href":"https:\/\/www.fondazionepirelli.org\/it\/wp-json\/wp\/v2\/tags\/?post=101243"}],"curies":[{"name":"wp","href":"https:\/\/api.w.org\/{rel}","templated":true}]}}