{"id":101247,"date":"2024-09-10T12:10:39","date_gmt":"2024-09-10T11:10:39","guid":{"rendered":"https:\/\/www.fondazionepirelli.org\/?p=101247"},"modified":"2024-09-10T12:10:39","modified_gmt":"2024-09-10T11:10:39","slug":"limpresa-del-bene-comune","status":"publish","type":"post","link":"https:\/\/www.fondazionepirelli.org\/it\/cultura-dimpresa\/limpresa-del-bene-comune\/","title":{"rendered":"L\u2019impresa del bene comune"},"content":{"rendered":"<p><em>Sintetizzati i tratti salienti del dibattito sulle nuove forme di economia e produzione<\/em><\/p><p>Individuare gli errori per fare meglio dopo. E porre come obiettivo dell\u2019attivit\u00e0 d\u2019impresa non semplicemente \u201cl\u2019utilit\u00e0\u201d (e il profitto), ma anche altro. E\u2019 attorno a questi temi che ruota buona parte dell\u2019attuale dibattito sui fini dell\u2019attivit\u00e0 economica. Una discussione che si fa spesso ragionamento costruttivo, ma che necessita di periodiche messe a punto per non perdersi in divagazioni e fraintendimenti. E\u2019 a questo che serve il contributo di Elena Beccalli apparso recentemente su Nuova Rivista di Teologia Morale. \u201c<em>Oeconomicae et pecuniariae quaestiones<\/em> e <em>The economy of Francesco<\/em>: nuove prospettive di riflessione etica e di impegno culturale in ambito economico-finanziario\u201d, \u00e8 una valida sintesi del tema che parte dall\u2019imprescindibile dimensione etica propria dell\u2019economia e della finanza intese come attivit\u00e0 umane. L\u2019intervento si propone quindi di mettere a fuoco, in primo luogo, i principali errori ai quali, secondo Beccalli, \u201cinduce il modello economico utilitaristico che per decenni ha dominato la teoria economica e, conseguentemente, la prassi operativa\u201d. La ricerca, quindi, propone \u201cil valore positivo della biodiversit\u00e0 economica e analizza le potenzialit\u00e0 dei modelli di impresa sociale nelle sue varie possibili forme\u201d. Infine, Beccalli approfondisce il nuovo ruolo della finanza \u201cnell\u2019intersezione con la sostenibilit\u00e0 e forme positive come il microcredito e le banche di comunit\u00e0\u201d. Fanno da \u201cbase\u201d del ragionamento alcuni spunti proposti nel documento vaticano <em>Oeconomicae et pecuniariae quaestiones<\/em> e dall\u2019iniziativa <em><u>The Economy of Francesco<\/u><\/em>.<\/p>\n<p>Il percorso seguito da Elena Beccalli \u00e8 semplice: dopo una introduzione che serve ad inquadrare il tema, vengono prima ripercorsi i tratti del paradigma economico tradizionale e, poi, viene ripensato il concetto di impresa secondo indicazioni diverse da quelle consuete (una parte che arriva a toccare il <em>welfare <\/em>e l\u2019impresa sociale), per arrivare quindi alle relazioni tra finanza e nuova economia.<\/p>\n<p>Scrive Beccalli in uno dei passaggi pi\u00f9 significativi della sua indagine: \u201cNon si pu\u00f2 sacrificare il bene di qualcuno per migliorare il bene di qualcun altro e, in altre parole, il bene di ognuno non pu\u00f2 essere fruito se non lo \u00e8 anche degli altri (l\u2019interesse di ognuno si realizza assieme a quello degli altri, n\u00e9 contro n\u00e9 a prescindere)\u201d.<\/p><p><a href=\"https:\/\/riviste.gruppostudium.it\/sites\/default\/files\/1.e._beccalli_-_nuova_rivista_di_teologia_morale_-_anno_i_2024_n._1.pdf\"><strong><em>Oeconomicae et pecuniariae quaestiones<\/em><\/strong><strong> e <em>The economy of Francesco<\/em>: nuove prospettive di riflessione etica e di impegno culturale in ambito economico-finanziario <\/strong><\/a><\/p>\n<p>Elena Beccalli<\/p>\n<p>Nuova Rivista di Teologia Morale, 2024 n. 1<\/p>","protected":false},"excerpt":{"rendered":"<p>Sintetizzati i tratti salienti del dibattito sulle nuove forme di economia e produzioneIndividuare gli errori per fare meglio dopo. E porre come obiettivo dell\u2019attivit\u00e0 d\u2019impresa non semplicemente \u201cl\u2019utilit\u00e0\u201d (e il profitto), ma anche altro. E\u2019 attorno a questi temi che ruota buona parte dell\u2019attuale dibattito sui fini dell\u2019attivit\u00e0 economica. Una discussione che si fa spesso [&hellip;]<\/p>\n","protected":false},"author":1,"featured_media":0,"comment_status":"open","ping_status":"open","sticky":false,"template":"","format":"standard","meta":{"footnotes":""},"categories":[54,52],"tags":[],"class_list":["post-101247","post","type-post","status-publish","format-standard","hentry","category-approfondimenti","category-cultura-dimpresa"],"acf":[],"yoast_head":"<!-- This site is optimized with the Yoast SEO plugin v25.0 - https:\/\/yoast.com\/wordpress\/plugins\/seo\/ -->\n<title>L\u2019impresa del bene comune - Fondazione Pirelli<\/title>\n<meta name=\"robots\" content=\"index, follow, max-snippet:-1, max-image-preview:large, max-video-preview:-1\" \/>\n<link rel=\"canonical\" href=\"https:\/\/www.fondazionepirelli.org\/it\/cultura-dimpresa\/limpresa-del-bene-comune\/\" \/>\n<meta property=\"og:locale\" content=\"it_IT\" \/>\n<meta property=\"og:type\" content=\"article\" \/>\n<meta property=\"og:title\" content=\"L\u2019impresa del bene comune - Fondazione Pirelli\" \/>\n<meta property=\"og:description\" content=\"Sintetizzati i tratti salienti del dibattito sulle nuove forme di economia e produzioneIndividuare gli errori per fare meglio dopo. E porre come obiettivo dell\u2019attivit\u00e0 d\u2019impresa non semplicemente \u201cl\u2019utilit\u00e0\u201d (e il profitto), ma anche altro. E\u2019 attorno a questi temi che ruota buona parte dell\u2019attuale dibattito sui fini dell\u2019attivit\u00e0 economica. Una discussione che si fa spesso [&hellip;]\" \/>\n<meta property=\"og:url\" content=\"https:\/\/127.0.0.1\/it\/cultura-dimpresa\/limpresa-del-bene-comune\/\" \/>\n<meta property=\"og:site_name\" content=\"Fondazione Pirelli\" \/>\n<meta property=\"article:published_time\" content=\"2024-09-10T11:10:39+00:00\" \/>\n<meta name=\"author\" content=\"fondadmin\" \/>\n<meta name=\"twitter:card\" content=\"summary_large_image\" \/>\n<meta name=\"twitter:label1\" content=\"Scritto da\" \/>\n\t<meta name=\"twitter:data1\" content=\"fondadmin\" \/>\n\t<meta name=\"twitter:label2\" content=\"Tempo di lettura stimato\" \/>\n\t<meta name=\"twitter:data2\" content=\"2 minuti\" \/>\n<script type=\"application\/ld+json\" class=\"yoast-schema-graph\">{\"@context\":\"https:\/\/schema.org\",\"@graph\":[{\"@type\":\"WebPage\",\"@id\":\"https:\/\/127.0.0.1\/it\/cultura-dimpresa\/limpresa-del-bene-comune\/\",\"url\":\"https:\/\/127.0.0.1\/it\/cultura-dimpresa\/limpresa-del-bene-comune\/\",\"name\":\"L\u2019impresa del bene comune - Fondazione Pirelli\",\"isPartOf\":{\"@id\":\"https:\/\/www.fondazionepirelli.org\/it\/#website\"},\"datePublished\":\"2024-09-10T11:10:39+00:00\",\"author\":{\"@id\":\"https:\/\/www.fondazionepirelli.org\/it\/#\/schema\/person\/f47d097000832c4a6e54538c791fdf25\"},\"breadcrumb\":{\"@id\":\"https:\/\/127.0.0.1\/it\/cultura-dimpresa\/limpresa-del-bene-comune\/#breadcrumb\"},\"inLanguage\":\"it-IT\",\"potentialAction\":[{\"@type\":\"ReadAction\",\"target\":[\"https:\/\/127.0.0.1\/it\/cultura-dimpresa\/limpresa-del-bene-comune\/\"]}]},{\"@type\":\"BreadcrumbList\",\"@id\":\"https:\/\/127.0.0.1\/it\/cultura-dimpresa\/limpresa-del-bene-comune\/#breadcrumb\",\"itemListElement\":[{\"@type\":\"ListItem\",\"position\":1,\"name\":\"Home\",\"item\":\"https:\/\/www.fondazionepirelli.org\/it\/\"},{\"@type\":\"ListItem\",\"position\":2,\"name\":\"L\u2019impresa del bene comune\"}]},{\"@type\":\"WebSite\",\"@id\":\"https:\/\/www.fondazionepirelli.org\/it\/#website\",\"url\":\"https:\/\/www.fondazionepirelli.org\/it\/\",\"name\":\"Fondazione Pirelli\",\"description\":\"\",\"potentialAction\":[{\"@type\":\"SearchAction\",\"target\":{\"@type\":\"EntryPoint\",\"urlTemplate\":\"https:\/\/www.fondazionepirelli.org\/it\/?s={search_term_string}\"},\"query-input\":{\"@type\":\"PropertyValueSpecification\",\"valueRequired\":true,\"valueName\":\"search_term_string\"}}],\"inLanguage\":\"it-IT\"},{\"@type\":\"Person\",\"@id\":\"https:\/\/www.fondazionepirelli.org\/it\/#\/schema\/person\/f47d097000832c4a6e54538c791fdf25\",\"name\":\"fondadmin\",\"image\":{\"@type\":\"ImageObject\",\"inLanguage\":\"it-IT\",\"@id\":\"https:\/\/www.fondazionepirelli.org\/it\/#\/schema\/person\/image\/\",\"url\":\"https:\/\/secure.gravatar.com\/avatar\/e69498a9175ca244966e51e53c88712c024fcebe41f9a05f75657f1bb25e489b?s=96&d=mm&r=g\",\"contentUrl\":\"https:\/\/secure.gravatar.com\/avatar\/e69498a9175ca244966e51e53c88712c024fcebe41f9a05f75657f1bb25e489b?s=96&d=mm&r=g\",\"caption\":\"fondadmin\"},\"url\":\"https:\/\/www.fondazionepirelli.org\/it\/author\/fondadmin\/\"}]}<\/script>\n<!-- \/ Yoast SEO plugin. -->","yoast_head_json":{"title":"L\u2019impresa del bene comune - Fondazione Pirelli","robots":{"index":"index","follow":"follow","max-snippet":"max-snippet:-1","max-image-preview":"max-image-preview:large","max-video-preview":"max-video-preview:-1"},"canonical":"https:\/\/www.fondazionepirelli.org\/it\/cultura-dimpresa\/limpresa-del-bene-comune\/","og_locale":"it_IT","og_type":"article","og_title":"L\u2019impresa del bene comune - Fondazione Pirelli","og_description":"Sintetizzati i tratti salienti del dibattito sulle nuove forme di economia e produzioneIndividuare gli errori per fare meglio dopo. E porre come obiettivo dell\u2019attivit\u00e0 d\u2019impresa non semplicemente \u201cl\u2019utilit\u00e0\u201d (e il profitto), ma anche altro. E\u2019 attorno a questi temi che ruota buona parte dell\u2019attuale dibattito sui fini dell\u2019attivit\u00e0 economica. Una discussione che si fa spesso [&hellip;]","og_url":"https:\/\/127.0.0.1\/it\/cultura-dimpresa\/limpresa-del-bene-comune\/","og_site_name":"Fondazione Pirelli","article_published_time":"2024-09-10T11:10:39+00:00","author":"fondadmin","twitter_card":"summary_large_image","twitter_misc":{"Scritto da":"fondadmin","Tempo di lettura stimato":"2 minuti"},"schema":{"@context":"https:\/\/schema.org","@graph":[{"@type":"WebPage","@id":"https:\/\/127.0.0.1\/it\/cultura-dimpresa\/limpresa-del-bene-comune\/","url":"https:\/\/127.0.0.1\/it\/cultura-dimpresa\/limpresa-del-bene-comune\/","name":"L\u2019impresa del bene comune - Fondazione Pirelli","isPartOf":{"@id":"https:\/\/www.fondazionepirelli.org\/it\/#website"},"datePublished":"2024-09-10T11:10:39+00:00","author":{"@id":"https:\/\/www.fondazionepirelli.org\/it\/#\/schema\/person\/f47d097000832c4a6e54538c791fdf25"},"breadcrumb":{"@id":"https:\/\/127.0.0.1\/it\/cultura-dimpresa\/limpresa-del-bene-comune\/#breadcrumb"},"inLanguage":"it-IT","potentialAction":[{"@type":"ReadAction","target":["https:\/\/127.0.0.1\/it\/cultura-dimpresa\/limpresa-del-bene-comune\/"]}]},{"@type":"BreadcrumbList","@id":"https:\/\/127.0.0.1\/it\/cultura-dimpresa\/limpresa-del-bene-comune\/#breadcrumb","itemListElement":[{"@type":"ListItem","position":1,"name":"Home","item":"https:\/\/www.fondazionepirelli.org\/it\/"},{"@type":"ListItem","position":2,"name":"L\u2019impresa del bene comune"}]},{"@type":"WebSite","@id":"https:\/\/www.fondazionepirelli.org\/it\/#website","url":"https:\/\/www.fondazionepirelli.org\/it\/","name":"Fondazione Pirelli","description":"","potentialAction":[{"@type":"SearchAction","target":{"@type":"EntryPoint","urlTemplate":"https:\/\/www.fondazionepirelli.org\/it\/?s={search_term_string}"},"query-input":{"@type":"PropertyValueSpecification","valueRequired":true,"valueName":"search_term_string"}}],"inLanguage":"it-IT"},{"@type":"Person","@id":"https:\/\/www.fondazionepirelli.org\/it\/#\/schema\/person\/f47d097000832c4a6e54538c791fdf25","name":"fondadmin","image":{"@type":"ImageObject","inLanguage":"it-IT","@id":"https:\/\/www.fondazionepirelli.org\/it\/#\/schema\/person\/image\/","url":"https:\/\/secure.gravatar.com\/avatar\/e69498a9175ca244966e51e53c88712c024fcebe41f9a05f75657f1bb25e489b?s=96&d=mm&r=g","contentUrl":"https:\/\/secure.gravatar.com\/avatar\/e69498a9175ca244966e51e53c88712c024fcebe41f9a05f75657f1bb25e489b?s=96&d=mm&r=g","caption":"fondadmin"},"url":"https:\/\/www.fondazionepirelli.org\/it\/author\/fondadmin\/"}]}},"_links":{"self":[{"href":"https:\/\/www.fondazionepirelli.org\/it\/wp-json\/wp\/v2\/posts\/101247\/"}],"collection":[{"href":"https:\/\/www.fondazionepirelli.org\/it\/wp-json\/wp\/v2\/posts\/"}],"about":[{"href":"https:\/\/www.fondazionepirelli.org\/it\/wp-json\/wp\/v2\/types\/post\/"}],"author":[{"embeddable":true,"href":"https:\/\/www.fondazionepirelli.org\/it\/wp-json\/wp\/v2\/users\/1\/"}],"replies":[{"embeddable":true,"href":"https:\/\/www.fondazionepirelli.org\/it\/wp-json\/wp\/v2\/comments\/?post=101247"}],"version-history":[{"count":1,"href":"https:\/\/www.fondazionepirelli.org\/it\/wp-json\/wp\/v2\/posts\/101247\/revisions\/"}],"predecessor-version":[{"id":101251,"href":"https:\/\/www.fondazionepirelli.org\/it\/wp-json\/wp\/v2\/posts\/101247\/revisions\/101251\/"}],"wp:attachment":[{"href":"https:\/\/www.fondazionepirelli.org\/it\/wp-json\/wp\/v2\/media\/?parent=101247"}],"wp:term":[{"taxonomy":"category","embeddable":true,"href":"https:\/\/www.fondazionepirelli.org\/it\/wp-json\/wp\/v2\/categories\/?post=101247"},{"taxonomy":"post_tag","embeddable":true,"href":"https:\/\/www.fondazionepirelli.org\/it\/wp-json\/wp\/v2\/tags\/?post=101247"}],"curies":[{"name":"wp","href":"https:\/\/api.w.org\/{rel}","templated":true}]}}