{"id":101458,"date":"2024-09-12T16:42:56","date_gmt":"2024-09-12T15:42:56","guid":{"rendered":"https:\/\/www.fondazionepirelli.org\/?p=101458"},"modified":"2024-09-13T13:37:59","modified_gmt":"2024-09-13T12:37:59","slug":"tutti-pronti-per-lofficina-delle-idee-il-nuovo-programma-didattico-fondazione-pirelli-educational","status":"publish","type":"post","link":"https:\/\/www.fondazionepirelli.org\/it\/education\/tutti-pronti-per-lofficina-delle-idee-il-nuovo-programma-didattico-fondazione-pirelli-educational\/","title":{"rendered":"Tutti pronti per<br> \u201cL\u2019officina delle idee\u201d,<br> il nuovo programma didattico Fondazione Pirelli Educational"},"content":{"rendered":"<p>L\u2019inizio del nuovo anno scolastico \u00e8 alle porte e anche i percorsi di Fondazione Pirelli Educational dedicati alle scuole primarie e secondarie stanno per tornare. \u201cL\u2019officina delle idee\u201d \u00e8 il titolo del nuovo programma pensato da Fondazione Pirelli per il mondo della scuola che vedr\u00e0 studenti e studentesse confrontarsi con la cultura d\u2019impresa di Pirelli per acquisire maggiore consapevolezza sul mondo del lavoro, fatto di persone, processi e prodotti, ma soprattutto idee.<br \/>\nNella storia dell\u2019impresa l\u2019officina \u00e8 un luogo speciale dove si svolgono attivit\u00e0 pratiche che richiedono grandi abilit\u00e0 tecniche ma anche creativit\u00e0, intelligenza, passione. La nuova proposta didattica nasce con lo scopo principale di far accrescere la conoscenza dei pi\u00f9 giovani rispetto al mondo della produzione industriale e del lavoro e di stimolare la loro fantasia nell\u2019ideazione e realizzazione di progetti creativi, prendendo spunto e ispirazione dal ricco patrimonio di bozzetti, documenti, fotografie e audiovisivi conservati nell\u2019Archivio Storico Pirelli.<br \/>\nSostenibilit\u00e0, innovazione e sviluppo tecnologico, storia d\u2019impresa, grafica e comunicazione visiva saranno alcuni dei temi approfonditi nel corso dei laboratori formativi gratuiti che si svolgeranno in presenza, presso la sede di Fondazione Pirelli a Milano, oppure in diretta online.<br \/>\nParticolare attenzione durante i percorsi sar\u00e0 riservata al profondo legame che unisce Pirelli allo sport in tutte le sue dimensioni e ai valori condivisi tra cultura sportiva e cultura d\u2019impresa. A partire dai contenuti del nuovo progetto editoriale di Fondazione Pirelli \u201cL\u2019officina dello sport\u201d e dal nuovo percorso espositivo degli spazi di Fondazione Pirelli, parleremo dell\u2019importanza del gioco di squadra, di potenza e controllo, di passione e innovazione. Storie di campioni e campionesse, sfide e vittorie, e tanto altro.<br \/>\nQuest\u2019anno l\u2019appuntamento per scoprire i dettagli dei contenuti e delle modalit\u00e0 di partecipazione ai percorsi didattici raddoppia. Due gli incontri online in programma tra cui scegliere: il 18 o il 24 settembre, sempre alle ore 17.00. Per prendere parte alla presentazione online (piattaforma Microsoft Teams) cliccare <a href=\"https:\/\/www.fondazionepirelli.org\/it\/prenotazione\/fondazione-pirellipresentazione-online-programma-didattico-2024-2025\/\">QUI<\/a>. Le iscrizioni sono aperte con prenotazione obbligatoria.<\/p>\n","protected":false},"excerpt":{"rendered":"<p>L\u2019inizio del nuovo anno scolastico \u00e8 alle porte e anche i percorsi di Fondazione Pirelli Educational dedicati alle scuole primarie e secondarie stanno per tornare. \u201cL\u2019officina delle idee\u201d \u00e8 il titolo del nuovo programma pensato da Fondazione Pirelli per il mondo della scuola che vedr\u00e0 studenti e studentesse confrontarsi con la cultura d\u2019impresa di Pirelli [&hellip;]<\/p>\n","protected":false},"author":9,"featured_media":101464,"comment_status":"open","ping_status":"open","sticky":false,"template":"","format":"standard","meta":{"footnotes":""},"categories":[59,120],"tags":[],"class_list":["post-101458","post","type-post","status-publish","format-standard","has-post-thumbnail","hentry","category-education","category-fondazione-pirelli-educational"],"acf":[],"yoast_head":"<!-- This site is optimized with the Yoast SEO plugin v25.0 - https:\/\/yoast.com\/wordpress\/plugins\/seo\/ -->\n<title>Tutti pronti per \u201cL\u2019officina delle idee\u201d, il nuovo programma didattico Fondazione Pirelli Educational - Fondazione Pirelli<\/title>\n<meta name=\"robots\" content=\"index, follow, max-snippet:-1, max-image-preview:large, max-video-preview:-1\" \/>\n<link rel=\"canonical\" href=\"https:\/\/www.fondazionepirelli.org\/it\/education\/tutti-pronti-per-lofficina-delle-idee-il-nuovo-programma-didattico-fondazione-pirelli-educational\/\" \/>\n<meta property=\"og:locale\" content=\"it_IT\" \/>\n<meta property=\"og:type\" content=\"article\" \/>\n<meta property=\"og:title\" content=\"Tutti pronti per \u201cL\u2019officina delle idee\u201d, il nuovo programma didattico Fondazione Pirelli Educational - Fondazione Pirelli\" \/>\n<meta property=\"og:description\" content=\"L\u2019inizio del nuovo anno scolastico \u00e8 alle porte e anche i percorsi di Fondazione Pirelli Educational dedicati alle scuole primarie e secondarie stanno per tornare. \u201cL\u2019officina delle idee\u201d \u00e8 il titolo del nuovo programma pensato da Fondazione Pirelli per il mondo della scuola che vedr\u00e0 studenti e studentesse confrontarsi con la cultura d\u2019impresa di Pirelli [&hellip;]\" \/>\n<meta property=\"og:url\" content=\"https:\/\/www.fondazionepirelli.org\/it\/education\/tutti-pronti-per-lofficina-delle-idee-il-nuovo-programma-didattico-fondazione-pirelli-educational\/\" \/>\n<meta property=\"og:site_name\" content=\"Fondazione Pirelli\" \/>\n<meta property=\"article:published_time\" content=\"2024-09-12T15:42:56+00:00\" \/>\n<meta property=\"article:modified_time\" content=\"2024-09-13T12:37:59+00:00\" \/>\n<meta property=\"og:image\" content=\"https:\/\/wpsite-assets.fondazionepirelli.org\/wp-content\/uploads\/2024\/09\/12164220\/FP-EDU-2024_STD_05-scaled-e1726155823872.jpg\" \/>\n\t<meta property=\"og:image:width\" content=\"2342\" \/>\n\t<meta property=\"og:image:height\" content=\"1442\" \/>\n\t<meta property=\"og:image:type\" content=\"image\/jpeg\" \/>\n<meta name=\"author\" content=\"fondazionepirelli\" \/>\n<meta name=\"twitter:card\" content=\"summary_large_image\" \/>\n<meta name=\"twitter:label1\" content=\"Scritto da\" \/>\n\t<meta name=\"twitter:data1\" content=\"fondazionepirelli\" \/>\n\t<meta name=\"twitter:label2\" content=\"Tempo di lettura stimato\" \/>\n\t<meta name=\"twitter:data2\" content=\"2 minuti\" \/>\n<script type=\"application\/ld+json\" class=\"yoast-schema-graph\">{\"@context\":\"https:\/\/schema.org\",\"@graph\":[{\"@type\":\"WebPage\",\"@id\":\"https:\/\/www.fondazionepirelli.org\/it\/education\/tutti-pronti-per-lofficina-delle-idee-il-nuovo-programma-didattico-fondazione-pirelli-educational\/\",\"url\":\"https:\/\/www.fondazionepirelli.org\/it\/education\/tutti-pronti-per-lofficina-delle-idee-il-nuovo-programma-didattico-fondazione-pirelli-educational\/\",\"name\":\"Tutti pronti per \u201cL\u2019officina delle idee\u201d, il nuovo programma didattico Fondazione Pirelli Educational - Fondazione Pirelli\",\"isPartOf\":{\"@id\":\"https:\/\/www.fondazionepirelli.org\/it\/#website\"},\"primaryImageOfPage\":{\"@id\":\"https:\/\/www.fondazionepirelli.org\/it\/education\/tutti-pronti-per-lofficina-delle-idee-il-nuovo-programma-didattico-fondazione-pirelli-educational\/#primaryimage\"},\"image\":{\"@id\":\"https:\/\/www.fondazionepirelli.org\/it\/education\/tutti-pronti-per-lofficina-delle-idee-il-nuovo-programma-didattico-fondazione-pirelli-educational\/#primaryimage\"},\"thumbnailUrl\":\"https:\/\/wpsite-assets.fondazionepirelli.org\/wp-content\/uploads\/2024\/09\/12164220\/FP-EDU-2024_STD_05-scaled-e1726155823872.jpg\",\"datePublished\":\"2024-09-12T15:42:56+00:00\",\"dateModified\":\"2024-09-13T12:37:59+00:00\",\"author\":{\"@id\":\"https:\/\/www.fondazionepirelli.org\/it\/#\/schema\/person\/c31fcf5937a0e6afa45497f3f8b6d7a0\"},\"breadcrumb\":{\"@id\":\"https:\/\/www.fondazionepirelli.org\/it\/education\/tutti-pronti-per-lofficina-delle-idee-il-nuovo-programma-didattico-fondazione-pirelli-educational\/#breadcrumb\"},\"inLanguage\":\"it-IT\",\"potentialAction\":[{\"@type\":\"ReadAction\",\"target\":[\"https:\/\/www.fondazionepirelli.org\/it\/education\/tutti-pronti-per-lofficina-delle-idee-il-nuovo-programma-didattico-fondazione-pirelli-educational\/\"]}]},{\"@type\":\"ImageObject\",\"inLanguage\":\"it-IT\",\"@id\":\"https:\/\/www.fondazionepirelli.org\/it\/education\/tutti-pronti-per-lofficina-delle-idee-il-nuovo-programma-didattico-fondazione-pirelli-educational\/#primaryimage\",\"url\":\"https:\/\/wpsite-assets.fondazionepirelli.org\/wp-content\/uploads\/2024\/09\/12164220\/FP-EDU-2024_STD_05-scaled-e1726155823872.jpg\",\"contentUrl\":\"https:\/\/wpsite-assets.fondazionepirelli.org\/wp-content\/uploads\/2024\/09\/12164220\/FP-EDU-2024_STD_05-scaled-e1726155823872.jpg\",\"width\":2342,\"height\":1442},{\"@type\":\"BreadcrumbList\",\"@id\":\"https:\/\/www.fondazionepirelli.org\/it\/education\/tutti-pronti-per-lofficina-delle-idee-il-nuovo-programma-didattico-fondazione-pirelli-educational\/#breadcrumb\",\"itemListElement\":[{\"@type\":\"ListItem\",\"position\":1,\"name\":\"Home\",\"item\":\"https:\/\/www.fondazionepirelli.org\/it\/\"},{\"@type\":\"ListItem\",\"position\":2,\"name\":\"Tutti pronti per \u201cL\u2019officina delle idee\u201d, il nuovo programma didattico Fondazione Pirelli Educational\"}]},{\"@type\":\"WebSite\",\"@id\":\"https:\/\/www.fondazionepirelli.org\/it\/#website\",\"url\":\"https:\/\/www.fondazionepirelli.org\/it\/\",\"name\":\"Fondazione Pirelli\",\"description\":\"\",\"potentialAction\":[{\"@type\":\"SearchAction\",\"target\":{\"@type\":\"EntryPoint\",\"urlTemplate\":\"https:\/\/www.fondazionepirelli.org\/it\/?s={search_term_string}\"},\"query-input\":{\"@type\":\"PropertyValueSpecification\",\"valueRequired\":true,\"valueName\":\"search_term_string\"}}],\"inLanguage\":\"it-IT\"},{\"@type\":\"Person\",\"@id\":\"https:\/\/www.fondazionepirelli.org\/it\/#\/schema\/person\/c31fcf5937a0e6afa45497f3f8b6d7a0\",\"name\":\"fondazionepirelli\",\"image\":{\"@type\":\"ImageObject\",\"inLanguage\":\"it-IT\",\"@id\":\"https:\/\/www.fondazionepirelli.org\/it\/#\/schema\/person\/image\/\",\"url\":\"https:\/\/secure.gravatar.com\/avatar\/9cb486421ce1d6eddbf6c4fb66841b4325b786695f7aedf1dde2222428218696?s=96&d=mm&r=g\",\"contentUrl\":\"https:\/\/secure.gravatar.com\/avatar\/9cb486421ce1d6eddbf6c4fb66841b4325b786695f7aedf1dde2222428218696?s=96&d=mm&r=g\",\"caption\":\"fondazionepirelli\"},\"url\":\"https:\/\/www.fondazionepirelli.org\/it\/author\/fondazionepirelli\/\"}]}<\/script>\n<!-- \/ Yoast SEO plugin. -->","yoast_head_json":{"title":"Tutti pronti per \u201cL\u2019officina delle idee\u201d, il nuovo programma didattico Fondazione Pirelli Educational - Fondazione Pirelli","robots":{"index":"index","follow":"follow","max-snippet":"max-snippet:-1","max-image-preview":"max-image-preview:large","max-video-preview":"max-video-preview:-1"},"canonical":"https:\/\/www.fondazionepirelli.org\/it\/education\/tutti-pronti-per-lofficina-delle-idee-il-nuovo-programma-didattico-fondazione-pirelli-educational\/","og_locale":"it_IT","og_type":"article","og_title":"Tutti pronti per \u201cL\u2019officina delle idee\u201d, il nuovo programma didattico Fondazione Pirelli Educational - Fondazione Pirelli","og_description":"L\u2019inizio del nuovo anno scolastico \u00e8 alle porte e anche i percorsi di Fondazione Pirelli Educational dedicati alle scuole primarie e secondarie stanno per tornare. \u201cL\u2019officina delle idee\u201d \u00e8 il titolo del nuovo programma pensato da Fondazione Pirelli per il mondo della scuola che vedr\u00e0 studenti e studentesse confrontarsi con la cultura d\u2019impresa di Pirelli [&hellip;]","og_url":"https:\/\/www.fondazionepirelli.org\/it\/education\/tutti-pronti-per-lofficina-delle-idee-il-nuovo-programma-didattico-fondazione-pirelli-educational\/","og_site_name":"Fondazione Pirelli","article_published_time":"2024-09-12T15:42:56+00:00","article_modified_time":"2024-09-13T12:37:59+00:00","og_image":[{"width":2342,"height":1442,"url":"https:\/\/wpsite-assets.fondazionepirelli.org\/wp-content\/uploads\/2024\/09\/12164220\/FP-EDU-2024_STD_05-scaled-e1726155823872.jpg","type":"image\/jpeg"}],"author":"fondazionepirelli","twitter_card":"summary_large_image","twitter_misc":{"Scritto da":"fondazionepirelli","Tempo di lettura stimato":"2 minuti"},"schema":{"@context":"https:\/\/schema.org","@graph":[{"@type":"WebPage","@id":"https:\/\/www.fondazionepirelli.org\/it\/education\/tutti-pronti-per-lofficina-delle-idee-il-nuovo-programma-didattico-fondazione-pirelli-educational\/","url":"https:\/\/www.fondazionepirelli.org\/it\/education\/tutti-pronti-per-lofficina-delle-idee-il-nuovo-programma-didattico-fondazione-pirelli-educational\/","name":"Tutti pronti per \u201cL\u2019officina delle idee\u201d, il nuovo programma didattico Fondazione Pirelli Educational - Fondazione Pirelli","isPartOf":{"@id":"https:\/\/www.fondazionepirelli.org\/it\/#website"},"primaryImageOfPage":{"@id":"https:\/\/www.fondazionepirelli.org\/it\/education\/tutti-pronti-per-lofficina-delle-idee-il-nuovo-programma-didattico-fondazione-pirelli-educational\/#primaryimage"},"image":{"@id":"https:\/\/www.fondazionepirelli.org\/it\/education\/tutti-pronti-per-lofficina-delle-idee-il-nuovo-programma-didattico-fondazione-pirelli-educational\/#primaryimage"},"thumbnailUrl":"https:\/\/wpsite-assets.fondazionepirelli.org\/wp-content\/uploads\/2024\/09\/12164220\/FP-EDU-2024_STD_05-scaled-e1726155823872.jpg","datePublished":"2024-09-12T15:42:56+00:00","dateModified":"2024-09-13T12:37:59+00:00","author":{"@id":"https:\/\/www.fondazionepirelli.org\/it\/#\/schema\/person\/c31fcf5937a0e6afa45497f3f8b6d7a0"},"breadcrumb":{"@id":"https:\/\/www.fondazionepirelli.org\/it\/education\/tutti-pronti-per-lofficina-delle-idee-il-nuovo-programma-didattico-fondazione-pirelli-educational\/#breadcrumb"},"inLanguage":"it-IT","potentialAction":[{"@type":"ReadAction","target":["https:\/\/www.fondazionepirelli.org\/it\/education\/tutti-pronti-per-lofficina-delle-idee-il-nuovo-programma-didattico-fondazione-pirelli-educational\/"]}]},{"@type":"ImageObject","inLanguage":"it-IT","@id":"https:\/\/www.fondazionepirelli.org\/it\/education\/tutti-pronti-per-lofficina-delle-idee-il-nuovo-programma-didattico-fondazione-pirelli-educational\/#primaryimage","url":"https:\/\/wpsite-assets.fondazionepirelli.org\/wp-content\/uploads\/2024\/09\/12164220\/FP-EDU-2024_STD_05-scaled-e1726155823872.jpg","contentUrl":"https:\/\/wpsite-assets.fondazionepirelli.org\/wp-content\/uploads\/2024\/09\/12164220\/FP-EDU-2024_STD_05-scaled-e1726155823872.jpg","width":2342,"height":1442},{"@type":"BreadcrumbList","@id":"https:\/\/www.fondazionepirelli.org\/it\/education\/tutti-pronti-per-lofficina-delle-idee-il-nuovo-programma-didattico-fondazione-pirelli-educational\/#breadcrumb","itemListElement":[{"@type":"ListItem","position":1,"name":"Home","item":"https:\/\/www.fondazionepirelli.org\/it\/"},{"@type":"ListItem","position":2,"name":"Tutti pronti per \u201cL\u2019officina delle idee\u201d, il nuovo programma didattico Fondazione Pirelli Educational"}]},{"@type":"WebSite","@id":"https:\/\/www.fondazionepirelli.org\/it\/#website","url":"https:\/\/www.fondazionepirelli.org\/it\/","name":"Fondazione Pirelli","description":"","potentialAction":[{"@type":"SearchAction","target":{"@type":"EntryPoint","urlTemplate":"https:\/\/www.fondazionepirelli.org\/it\/?s={search_term_string}"},"query-input":{"@type":"PropertyValueSpecification","valueRequired":true,"valueName":"search_term_string"}}],"inLanguage":"it-IT"},{"@type":"Person","@id":"https:\/\/www.fondazionepirelli.org\/it\/#\/schema\/person\/c31fcf5937a0e6afa45497f3f8b6d7a0","name":"fondazionepirelli","image":{"@type":"ImageObject","inLanguage":"it-IT","@id":"https:\/\/www.fondazionepirelli.org\/it\/#\/schema\/person\/image\/","url":"https:\/\/secure.gravatar.com\/avatar\/9cb486421ce1d6eddbf6c4fb66841b4325b786695f7aedf1dde2222428218696?s=96&d=mm&r=g","contentUrl":"https:\/\/secure.gravatar.com\/avatar\/9cb486421ce1d6eddbf6c4fb66841b4325b786695f7aedf1dde2222428218696?s=96&d=mm&r=g","caption":"fondazionepirelli"},"url":"https:\/\/www.fondazionepirelli.org\/it\/author\/fondazionepirelli\/"}]}},"_links":{"self":[{"href":"https:\/\/www.fondazionepirelli.org\/it\/wp-json\/wp\/v2\/posts\/101458\/"}],"collection":[{"href":"https:\/\/www.fondazionepirelli.org\/it\/wp-json\/wp\/v2\/posts\/"}],"about":[{"href":"https:\/\/www.fondazionepirelli.org\/it\/wp-json\/wp\/v2\/types\/post\/"}],"author":[{"embeddable":true,"href":"https:\/\/www.fondazionepirelli.org\/it\/wp-json\/wp\/v2\/users\/9\/"}],"replies":[{"embeddable":true,"href":"https:\/\/www.fondazionepirelli.org\/it\/wp-json\/wp\/v2\/comments\/?post=101458"}],"version-history":[{"count":8,"href":"https:\/\/www.fondazionepirelli.org\/it\/wp-json\/wp\/v2\/posts\/101458\/revisions\/"}],"predecessor-version":[{"id":101505,"href":"https:\/\/www.fondazionepirelli.org\/it\/wp-json\/wp\/v2\/posts\/101458\/revisions\/101505\/"}],"wp:featuredmedia":[{"embeddable":true,"href":"https:\/\/www.fondazionepirelli.org\/it\/wp-json\/wp\/v2\/media\/101464\/"}],"wp:attachment":[{"href":"https:\/\/www.fondazionepirelli.org\/it\/wp-json\/wp\/v2\/media\/?parent=101458"}],"wp:term":[{"taxonomy":"category","embeddable":true,"href":"https:\/\/www.fondazionepirelli.org\/it\/wp-json\/wp\/v2\/categories\/?post=101458"},{"taxonomy":"post_tag","embeddable":true,"href":"https:\/\/www.fondazionepirelli.org\/it\/wp-json\/wp\/v2\/tags\/?post=101458"}],"curies":[{"name":"wp","href":"https:\/\/api.w.org\/{rel}","templated":true}]}}