{"id":101792,"date":"2024-10-01T10:19:57","date_gmt":"2024-10-01T09:19:57","guid":{"rendered":"https:\/\/www.fondazionepirelli.org\/?p=101792"},"modified":"2024-10-01T10:19:57","modified_gmt":"2024-10-01T09:19:57","slug":"conoscere-per-decidere-e-crescere","status":"publish","type":"post","link":"https:\/\/www.fondazionepirelli.org\/it\/cultura-dimpresa\/conoscere-per-decidere-e-crescere\/","title":{"rendered":"Conoscere per decidere e crescere"},"content":{"rendered":"<p><em>Un intervento del Governatore di Banca d\u2019Italia come esempio di lucida analisi della realt\u00e0 che aiuta cittadini e imprese.<\/em><\/p><p>Avere davanti la descrizione pi\u00f9 affidabile possibile della realt\u00e0 che ci circonda e potere, cos\u00ec, assumere decisioni e scelte attente e oculate. Conoscere per decidere, dunque, riprendendo un\u2019affermazione di diversi decenni fa di Luigi Einaudi. L\u2019indicazione vale forse oggi pi\u00f9 di ieri. Ed \u00e8 per questo che \u00e8 utile leggere \u2013 e con attenzione \u2013 l\u2019intervento del Governatore di Banca d\u2019Italia, Fabio Panetta, nell\u2019ambito degli eventi \u201cIn viaggio con la Banca d\u2019Italia\u201d e dedicato in particolare all\u2019economia del Mezzogiorno.<\/p>\n<p>\u201cEppur si muove: l\u2019economia del Mezzogiorno dopo la crisi\u201d \u2013 del 19 settembre 2024 &#8211; \u00e8 un lucido racconto dell\u2019evoluzione dell\u2019economia e dei risultati del sud d\u2019Italia rapportati con il resto del Paese. Un racconto che contrasta una falsa informazione e cio\u00e8 che il Mezzogiorno non riesca ad avere buoni risultati economici. Certo, il divario c\u2019\u00e8 sempre ma Panetta illustra come negli ultimi tempi \u201cl\u2019espansione dell\u2019economia meridionale\u201d si sia fatta vedere e sentire. \u201cNel periodo successivo alla pandemia \u2013 scrive il Governatore &#8211; il Mezzogiorno ha invece conseguito risultati migliori di quelli dell\u2019intera economia italiana\u201d.\u00a0 Segnali buoni, spesso molto pi\u00f9 buoni di quelli che arrivano dal centro-nord, si sono registrati un po\u2019 in tutti i comparti economici, sociali e istituzionali del Mezzogiorno.<\/p>\n<p>Panetta avverte: \u201cQuesti positivi andamenti vanno valutati con cautela. Essi costituiscono indizi, non prove, di un possibile miglioramento della capacit\u00e0 competitiva dell\u2019economia meridionale. Potrebbero inoltre avere natura temporanea o episodica, e sarebbero in ogni caso insufficienti a colmare i profondi divari territoriali che ho descritto in precedenza. Al tempo stesso, non possiamo trascurarli. Essi denotano l\u2019esistenza di un potenziale di sviluppo del Mezzogiorno che pu\u00f2 essere liberato con politiche appropriate\u201d. Che, detto in altri termini, implica non solo grande attenzione ma grande impegno a \u201cdare continuit\u00e0 alla ripresa (\u2026) sostenendo e rafforzando queste tendenze\u201d. Servono quindi buona politica, istituzioni attente e buone imprese, donne e uomini consapevoli del loro ruolo e del loro impegno. Molto ovviamente c\u2019\u00e8 ancora da fare.<\/p>\n<p>L\u2019intervento di Fabio Panetta contiene un grande insegnamento: il valore della conoscenza della realt\u00e0 che diventa strumento di responsabilit\u00e0 nelle scelte ma anche di sviluppo.<\/p><p><a href=\"https:\/\/wpsite-assets.fondazionepirelli.org\/wp-content\/uploads\/2024\/09\/30111444\/Panetta-2024.09.19-2024-09-22-17_09_05.pdf\"><strong><em>Eppur si muove<\/em><\/strong><strong>: l\u2019economia del Mezzogiorno dopo la crisi<\/strong><\/a><\/p>\n<p>Fabio Panetta<\/p>\n<p>In viaggio con la Banca d&#8217;Italia <em>Il polso dell\u2019economia &#8211; il Mezzogiorno<\/em>*<\/p>\n<p>Catania, 19 settembre 2024<\/p>\n","protected":false},"excerpt":{"rendered":"<p>Un intervento del Governatore di Banca d\u2019Italia come esempio di lucida analisi della realt\u00e0 che aiuta cittadini e imprese.Avere davanti la descrizione pi\u00f9 affidabile possibile della realt\u00e0 che ci circonda e potere, cos\u00ec, assumere decisioni e scelte attente e oculate. Conoscere per decidere, dunque, riprendendo un\u2019affermazione di diversi decenni fa di Luigi Einaudi. L\u2019indicazione vale [&hellip;]<\/p>\n","protected":false},"author":1,"featured_media":0,"comment_status":"open","ping_status":"open","sticky":false,"template":"","format":"standard","meta":{"footnotes":""},"categories":[54,52],"tags":[],"class_list":["post-101792","post","type-post","status-publish","format-standard","hentry","category-approfondimenti","category-cultura-dimpresa"],"acf":[],"yoast_head":"<!-- This site is optimized with the Yoast SEO plugin v25.0 - https:\/\/yoast.com\/wordpress\/plugins\/seo\/ -->\n<title>Conoscere per decidere e crescere - Fondazione Pirelli<\/title>\n<meta name=\"robots\" content=\"index, follow, max-snippet:-1, max-image-preview:large, max-video-preview:-1\" \/>\n<link rel=\"canonical\" href=\"https:\/\/www.fondazionepirelli.org\/it\/cultura-dimpresa\/conoscere-per-decidere-e-crescere\/\" \/>\n<meta property=\"og:locale\" content=\"it_IT\" \/>\n<meta property=\"og:type\" content=\"article\" \/>\n<meta property=\"og:title\" content=\"Conoscere per decidere e crescere - Fondazione Pirelli\" \/>\n<meta property=\"og:description\" content=\"Un intervento del Governatore di Banca d\u2019Italia come esempio di lucida analisi della realt\u00e0 che aiuta cittadini e imprese.Avere davanti la descrizione pi\u00f9 affidabile possibile della realt\u00e0 che ci circonda e potere, cos\u00ec, assumere decisioni e scelte attente e oculate. Conoscere per decidere, dunque, riprendendo un\u2019affermazione di diversi decenni fa di Luigi Einaudi. L\u2019indicazione vale [&hellip;]\" \/>\n<meta property=\"og:url\" content=\"https:\/\/www.fondazionepirelli.org\/it\/cultura-dimpresa\/conoscere-per-decidere-e-crescere\/\" \/>\n<meta property=\"og:site_name\" content=\"Fondazione Pirelli\" \/>\n<meta property=\"article:published_time\" content=\"2024-10-01T09:19:57+00:00\" \/>\n<meta name=\"author\" content=\"fondadmin\" \/>\n<meta name=\"twitter:card\" content=\"summary_large_image\" \/>\n<meta name=\"twitter:label1\" content=\"Scritto da\" \/>\n\t<meta name=\"twitter:data1\" content=\"fondadmin\" \/>\n\t<meta name=\"twitter:label2\" content=\"Tempo di lettura stimato\" \/>\n\t<meta name=\"twitter:data2\" content=\"2 minuti\" \/>\n<script type=\"application\/ld+json\" class=\"yoast-schema-graph\">{\"@context\":\"https:\/\/schema.org\",\"@graph\":[{\"@type\":\"WebPage\",\"@id\":\"https:\/\/www.fondazionepirelli.org\/it\/cultura-dimpresa\/conoscere-per-decidere-e-crescere\/\",\"url\":\"https:\/\/www.fondazionepirelli.org\/it\/cultura-dimpresa\/conoscere-per-decidere-e-crescere\/\",\"name\":\"Conoscere per decidere e crescere - Fondazione Pirelli\",\"isPartOf\":{\"@id\":\"https:\/\/www.fondazionepirelli.org\/it\/#website\"},\"datePublished\":\"2024-10-01T09:19:57+00:00\",\"author\":{\"@id\":\"https:\/\/www.fondazionepirelli.org\/it\/#\/schema\/person\/f47d097000832c4a6e54538c791fdf25\"},\"breadcrumb\":{\"@id\":\"https:\/\/www.fondazionepirelli.org\/it\/cultura-dimpresa\/conoscere-per-decidere-e-crescere\/#breadcrumb\"},\"inLanguage\":\"it-IT\",\"potentialAction\":[{\"@type\":\"ReadAction\",\"target\":[\"https:\/\/www.fondazionepirelli.org\/it\/cultura-dimpresa\/conoscere-per-decidere-e-crescere\/\"]}]},{\"@type\":\"BreadcrumbList\",\"@id\":\"https:\/\/www.fondazionepirelli.org\/it\/cultura-dimpresa\/conoscere-per-decidere-e-crescere\/#breadcrumb\",\"itemListElement\":[{\"@type\":\"ListItem\",\"position\":1,\"name\":\"Home\",\"item\":\"https:\/\/www.fondazionepirelli.org\/it\/\"},{\"@type\":\"ListItem\",\"position\":2,\"name\":\"Conoscere per decidere e crescere\"}]},{\"@type\":\"WebSite\",\"@id\":\"https:\/\/www.fondazionepirelli.org\/it\/#website\",\"url\":\"https:\/\/www.fondazionepirelli.org\/it\/\",\"name\":\"Fondazione Pirelli\",\"description\":\"\",\"potentialAction\":[{\"@type\":\"SearchAction\",\"target\":{\"@type\":\"EntryPoint\",\"urlTemplate\":\"https:\/\/www.fondazionepirelli.org\/it\/?s={search_term_string}\"},\"query-input\":{\"@type\":\"PropertyValueSpecification\",\"valueRequired\":true,\"valueName\":\"search_term_string\"}}],\"inLanguage\":\"it-IT\"},{\"@type\":\"Person\",\"@id\":\"https:\/\/www.fondazionepirelli.org\/it\/#\/schema\/person\/f47d097000832c4a6e54538c791fdf25\",\"name\":\"fondadmin\",\"image\":{\"@type\":\"ImageObject\",\"inLanguage\":\"it-IT\",\"@id\":\"https:\/\/www.fondazionepirelli.org\/it\/#\/schema\/person\/image\/\",\"url\":\"https:\/\/secure.gravatar.com\/avatar\/e69498a9175ca244966e51e53c88712c024fcebe41f9a05f75657f1bb25e489b?s=96&d=mm&r=g\",\"contentUrl\":\"https:\/\/secure.gravatar.com\/avatar\/e69498a9175ca244966e51e53c88712c024fcebe41f9a05f75657f1bb25e489b?s=96&d=mm&r=g\",\"caption\":\"fondadmin\"},\"url\":\"https:\/\/www.fondazionepirelli.org\/it\/author\/fondadmin\/\"}]}<\/script>\n<!-- \/ Yoast SEO plugin. -->","yoast_head_json":{"title":"Conoscere per decidere e crescere - Fondazione Pirelli","robots":{"index":"index","follow":"follow","max-snippet":"max-snippet:-1","max-image-preview":"max-image-preview:large","max-video-preview":"max-video-preview:-1"},"canonical":"https:\/\/www.fondazionepirelli.org\/it\/cultura-dimpresa\/conoscere-per-decidere-e-crescere\/","og_locale":"it_IT","og_type":"article","og_title":"Conoscere per decidere e crescere - Fondazione Pirelli","og_description":"Un intervento del Governatore di Banca d\u2019Italia come esempio di lucida analisi della realt\u00e0 che aiuta cittadini e imprese.Avere davanti la descrizione pi\u00f9 affidabile possibile della realt\u00e0 che ci circonda e potere, cos\u00ec, assumere decisioni e scelte attente e oculate. Conoscere per decidere, dunque, riprendendo un\u2019affermazione di diversi decenni fa di Luigi Einaudi. L\u2019indicazione vale [&hellip;]","og_url":"https:\/\/www.fondazionepirelli.org\/it\/cultura-dimpresa\/conoscere-per-decidere-e-crescere\/","og_site_name":"Fondazione Pirelli","article_published_time":"2024-10-01T09:19:57+00:00","author":"fondadmin","twitter_card":"summary_large_image","twitter_misc":{"Scritto da":"fondadmin","Tempo di lettura stimato":"2 minuti"},"schema":{"@context":"https:\/\/schema.org","@graph":[{"@type":"WebPage","@id":"https:\/\/www.fondazionepirelli.org\/it\/cultura-dimpresa\/conoscere-per-decidere-e-crescere\/","url":"https:\/\/www.fondazionepirelli.org\/it\/cultura-dimpresa\/conoscere-per-decidere-e-crescere\/","name":"Conoscere per decidere e crescere - Fondazione Pirelli","isPartOf":{"@id":"https:\/\/www.fondazionepirelli.org\/it\/#website"},"datePublished":"2024-10-01T09:19:57+00:00","author":{"@id":"https:\/\/www.fondazionepirelli.org\/it\/#\/schema\/person\/f47d097000832c4a6e54538c791fdf25"},"breadcrumb":{"@id":"https:\/\/www.fondazionepirelli.org\/it\/cultura-dimpresa\/conoscere-per-decidere-e-crescere\/#breadcrumb"},"inLanguage":"it-IT","potentialAction":[{"@type":"ReadAction","target":["https:\/\/www.fondazionepirelli.org\/it\/cultura-dimpresa\/conoscere-per-decidere-e-crescere\/"]}]},{"@type":"BreadcrumbList","@id":"https:\/\/www.fondazionepirelli.org\/it\/cultura-dimpresa\/conoscere-per-decidere-e-crescere\/#breadcrumb","itemListElement":[{"@type":"ListItem","position":1,"name":"Home","item":"https:\/\/www.fondazionepirelli.org\/it\/"},{"@type":"ListItem","position":2,"name":"Conoscere per decidere e crescere"}]},{"@type":"WebSite","@id":"https:\/\/www.fondazionepirelli.org\/it\/#website","url":"https:\/\/www.fondazionepirelli.org\/it\/","name":"Fondazione Pirelli","description":"","potentialAction":[{"@type":"SearchAction","target":{"@type":"EntryPoint","urlTemplate":"https:\/\/www.fondazionepirelli.org\/it\/?s={search_term_string}"},"query-input":{"@type":"PropertyValueSpecification","valueRequired":true,"valueName":"search_term_string"}}],"inLanguage":"it-IT"},{"@type":"Person","@id":"https:\/\/www.fondazionepirelli.org\/it\/#\/schema\/person\/f47d097000832c4a6e54538c791fdf25","name":"fondadmin","image":{"@type":"ImageObject","inLanguage":"it-IT","@id":"https:\/\/www.fondazionepirelli.org\/it\/#\/schema\/person\/image\/","url":"https:\/\/secure.gravatar.com\/avatar\/e69498a9175ca244966e51e53c88712c024fcebe41f9a05f75657f1bb25e489b?s=96&d=mm&r=g","contentUrl":"https:\/\/secure.gravatar.com\/avatar\/e69498a9175ca244966e51e53c88712c024fcebe41f9a05f75657f1bb25e489b?s=96&d=mm&r=g","caption":"fondadmin"},"url":"https:\/\/www.fondazionepirelli.org\/it\/author\/fondadmin\/"}]}},"_links":{"self":[{"href":"https:\/\/www.fondazionepirelli.org\/it\/wp-json\/wp\/v2\/posts\/101792\/"}],"collection":[{"href":"https:\/\/www.fondazionepirelli.org\/it\/wp-json\/wp\/v2\/posts\/"}],"about":[{"href":"https:\/\/www.fondazionepirelli.org\/it\/wp-json\/wp\/v2\/types\/post\/"}],"author":[{"embeddable":true,"href":"https:\/\/www.fondazionepirelli.org\/it\/wp-json\/wp\/v2\/users\/1\/"}],"replies":[{"embeddable":true,"href":"https:\/\/www.fondazionepirelli.org\/it\/wp-json\/wp\/v2\/comments\/?post=101792"}],"version-history":[{"count":1,"href":"https:\/\/www.fondazionepirelli.org\/it\/wp-json\/wp\/v2\/posts\/101792\/revisions\/"}],"predecessor-version":[{"id":101795,"href":"https:\/\/www.fondazionepirelli.org\/it\/wp-json\/wp\/v2\/posts\/101792\/revisions\/101795\/"}],"wp:attachment":[{"href":"https:\/\/www.fondazionepirelli.org\/it\/wp-json\/wp\/v2\/media\/?parent=101792"}],"wp:term":[{"taxonomy":"category","embeddable":true,"href":"https:\/\/www.fondazionepirelli.org\/it\/wp-json\/wp\/v2\/categories\/?post=101792"},{"taxonomy":"post_tag","embeddable":true,"href":"https:\/\/www.fondazionepirelli.org\/it\/wp-json\/wp\/v2\/tags\/?post=101792"}],"curies":[{"name":"wp","href":"https:\/\/api.w.org\/{rel}","templated":true}]}}