{"id":101854,"date":"2024-10-08T09:24:04","date_gmt":"2024-10-08T08:24:04","guid":{"rendered":"https:\/\/www.fondazionepirelli.org\/?p=101854"},"modified":"2024-10-08T10:16:56","modified_gmt":"2024-10-08T09:16:56","slug":"portare-le-biblioteche-in-fabbrica-per-migliorare-conoscenze-fantasia-e-qualita-di-vita-e-lavoro","status":"publish","type":"post","link":"https:\/\/www.fondazionepirelli.org\/it\/cultura-dimpresa\/blog\/portare-le-biblioteche-in-fabbrica-per-migliorare-conoscenze-fantasia-e-qualita-di-vita-e-lavoro\/","title":{"rendered":"Portare le biblioteche in fabbrica, per migliorare conoscenze, fantasia e qualit\u00e0 di vita e lavoro"},"content":{"rendered":"<p>I libri in fabbrica. Ce li porta il <strong>Premio Campiello<\/strong>, cominciando dalle <strong>aree industriali del Nord Est<\/strong>. Ma in alcune imprese ci sono gi\u00e0, nelle biblioteche aziendali, come in <strong>Pirelli<\/strong> a <strong>Milano Bicocca<\/strong>, a <strong>Bollate<\/strong> e a <strong>Settimo Torinese<\/strong>. E la loro presenza apre nuovi spazi non soltanto a un rafforzamento della conoscenza generale di operai, impiegati, manager e imprenditori (e dei loro familiari) ma soprattutto alla diffusione di un vero e proprio piacere legato alla lettura: la scoperta di fatti e personaggi sino a quel momento ignoti, lo stimolo all\u2019immaginazione e alla fantasia, l\u2019ingresso in nuovi mondi, altre vite, sorprendenti storie. L\u2019avventura del \u201cpiacere del testo\u201d, insomma. E, per questa strada, si arriva anche a un miglioramento della qualit\u00e0 della vita, della consapevolezza dei tanti volti della condizione umana, del consolidamento dei legami di comunit\u00e0 e di civilt\u00e0.<\/p>\n<p>L\u2019iniziativa del \u201c<strong>Campiello in fabbrica<\/strong>\u201d ha preso le mosse un paio d\u2019anni fa, come articolazione delle tante iniziative di diffusione di un premio che era nato nel 1962, per iniziativa degli industriali veneti e con l\u2019obiettivo di radicare la cultura delle imprese nel pi\u00f9 ampio mondo culturale e sociale regionale e poi italiano. Ha affiancato, accanto al premio principale (cinque libri di letteratura, selezionati da una giuria tecnica e sottoposti al giudizio finale di una giuria popolare di lettori), il <strong>Campiello Giovani<\/strong> (per gli scrittori emergenti), il <strong>Campiello \u201copera prima\u201d<\/strong>, il <strong>Campiello Junior<\/strong> (destinato ai autori di libri per bambini e ragazzi) e il <strong>Campiello Natura<\/strong>. E ha lo scopo di <strong>\u201cavvicinare le maestranze alla cultura e contribuire a divulgare i valori culturali e sociali delle nostre imprese e approfondire, grazie anche alla buona letteratura, gli scenari dello sviluppo economico e della sostenibilit\u00e0 ambientale e sociale\u201d<\/strong>, come spiega <strong>Mariacristina Gribaudi<\/strong>, imprenditrice metalmeccanica e <strong>presidente del Comitato di gestione del Premio Campiello<\/strong>.<\/p>\n<p>Le fabbriche coinvolte sono, finora, il polo petrolchimico Eni di Marghera e altre imprese a Montebelluna, Sacile e Torreglia, nelle pi\u00f9 dinamiche aree industriali del Veneto e del Friuli Venezia Giulia. \u201cPartecipazione appassionata di oltre 600 operai, curiosit\u00e0, attenzione, voglia di sapere\u201d, racconta Gribaudi. E aggiunge: \u201cLa nostra intenzione, nel corso del tempo, \u00e8 allargare l\u2019iniziativa anche ad altre regioni\u201d. E la collaborazione con biblioteche pubbliche e private nei territori, con circoli di lettura, con scuole e universit\u00e0 e, perch\u00e9 no? con altre iniziative e festival culturali di vario tipo pu\u00f2 essere una strada da percorrere.<\/p>\n<p>Crescono infatti anche i premi e i festival dedicati alla <strong>letteratura d\u2019impresa<\/strong> (a Biella, il pi\u00f9 antico ma di recente anche a Bergamo, per iniziativa del gruppo editoriale Italy Post e a Verona, per le migliori monografie d\u2019impresa, tanto per fare solo pochi esempi). E si rileggono, in scuole e universit\u00e0, i testi letterari che hanno al centro l\u2019impresa, il lavoro, la capacit\u00e0 del fare, la fabbrica (da <strong>\u201cLa chiave a stella\u201d<\/strong> di <strong>Primo Levi<\/strong> all\u2019appena ripubblicato <strong>\u201cLa linea gotica\u201d<\/strong> di <strong>Ottiero Ottieri<\/strong>, lucido e dolente racconto della \u201cfaccia triste del boom\u201d dell\u2019economia italiana degli anni Sessanta del Novecento, per riprendere una sintesi di Edoardo Albinati che ne firma la prefazione).<\/p>\n<p>D\u2019altronde, proprio nel <strong>mondo dell\u2019impresa<\/strong>, cresce una consapevolezza: dopo una lunga stagione in cui gli imprenditori si sono descritti come \u201cgente del fare\u201d, \u201cmolti fatti, poche parole\u201d, \u00e8 necessario adesso impegnarsi non solo a migliorare il \u201csaper fare\u201d ma anche a rafforzare il \u201cfar sapere\u201d, il racconto dell\u2019industria, della manifattura, delle tecnologie, dell\u2019intraprendenza e del lavoro. Per contrastare una cultura anti-impresa che continua a essere fin troppo diffusa in ampi strati dell\u2019opinione pubblica (anche anti-tecnologia, anti-scienza, anti-innovazione). Ma soprattutto per stimolare nelle nuove generazioni la consapevolezza che proprio le imprese, le industrie del miglior made in Italy (metalmeccanica e meccatronica, avionica, cantieristica navale, chimica, farmaceutica, <em>automotive<\/em>, robotica oltre che agroalimentare, arredamento e abbigliamento) e i servizi collegati all\u2019impresa, insomma il mondo della \u201ceconomia reale\u201d e della produzione sono luoghi in cui investire le loro conoscenze e indirizzare le ambizioni di crescita e di miglior futuro.<\/p>\n<p>Anche la promozione e lo sviluppo delle <strong>biblioteche aziendali<\/strong> rientrano in questo contesto, spesso collegate pure alla nascita di <strong>musei d\u2019impresa<\/strong> e di <strong>archivi storici economici<\/strong>. E delle biblioteche pubbliche che si raccordano alle imprese di un territorio: la Biblioteca Civica Multimediale \u201cArchimede\u201d di Settimo Torinese e il \u201cMultiplo\u201d, Centro di Cultura di Cavriago, in provincia di Reggio Emilia, ne sono ottimi esempi.<\/p>\n<p>Nell\u2019era del primato della \u201c<strong>economia della conoscenza<\/strong>\u201d, d\u2019altronde, serve avere in azienda non solo persone tecnicamente ben formate, ma anche ragazze e ragazzi curiosi delle dimensioni e delle evoluzioni del mondo, pronti a vivere nuove esperienze, inedite avventure personali e professionali, a coltivare l\u2019attitudine generosa alla speranza e all\u2019avere <strong>\u201cuna visione\u201d<\/strong>, una responsabilit\u00e0, una \u201cmissione\u201d. E a cercare di governare le nuove tecnologie digitali, a cominciare dall\u2019Intelligenza Artificiale.<\/p>\n<p>Le pagine di un libro, con una storia ben raccontata (anche le pagine in formato digitale) sono strumenti preziosi. Non tanto e non soltanto perch\u00e9 \u201cil mondo, alla fine, \u00e8 fatto per finire in un bel libro\u201d, come amava dire St\u00e9phane Mallarm\u00e9. Quanto perch\u00e9, senza le parole di un libro, non si immaginano n\u00e9 si costruiscono nuovi mondi, anche un po\u2019 migliori di quelli in cui stiamo adesso vivendo.<\/p>\n<p>Vale, come riferimento, una delle migliori lezioni del Novecento, le <strong>\u201cMemorie di Adriano\u201d<\/strong> di <strong>Marguerite Yourcenar<\/strong>: <strong>\u201cFondare biblioteche \u00e8 un po\u2019 come costruire granai pubblici, ammassare riserve contro un inverno dello spirito che, da molti indizi, nonostante tutto, vedo venire\u201d<\/strong>.<\/p>","protected":false},"excerpt":{"rendered":"<p>I libri in fabbrica. Ce li porta il Premio Campiello, cominciando dalle aree industriali del Nord Est. Ma in alcune imprese ci sono gi\u00e0, nelle biblioteche aziendali, come in Pirelli a Milano Bicocca, a Bollate e a Settimo Torinese. E la loro presenza apre nuovi spazi non soltanto a un rafforzamento della conoscenza generale di [&hellip;]<\/p>\n","protected":false},"author":1,"featured_media":101855,"comment_status":"open","ping_status":"open","sticky":false,"template":"","format":"standard","meta":{"footnotes":""},"categories":[53,52],"tags":[],"class_list":["post-101854","post","type-post","status-publish","format-standard","has-post-thumbnail","hentry","category-blog","category-cultura-dimpresa"],"acf":[],"yoast_head":"<!-- This site is optimized with the Yoast SEO plugin v25.0 - https:\/\/yoast.com\/wordpress\/plugins\/seo\/ -->\n<title>Portare le biblioteche in fabbrica, per migliorare conoscenze, fantasia e qualit\u00e0 di vita e lavoro - Fondazione Pirelli<\/title>\n<meta name=\"robots\" content=\"index, follow, max-snippet:-1, max-image-preview:large, max-video-preview:-1\" \/>\n<link rel=\"canonical\" href=\"https:\/\/www.fondazionepirelli.org\/it\/cultura-dimpresa\/blog\/portare-le-biblioteche-in-fabbrica-per-migliorare-conoscenze-fantasia-e-qualita-di-vita-e-lavoro\/\" \/>\n<meta property=\"og:locale\" content=\"it_IT\" \/>\n<meta property=\"og:type\" content=\"article\" \/>\n<meta property=\"og:title\" content=\"Portare le biblioteche in fabbrica, per migliorare conoscenze, fantasia e qualit\u00e0 di vita e lavoro - Fondazione Pirelli\" \/>\n<meta property=\"og:description\" content=\"I libri in fabbrica. Ce li porta il Premio Campiello, cominciando dalle aree industriali del Nord Est. Ma in alcune imprese ci sono gi\u00e0, nelle biblioteche aziendali, come in Pirelli a Milano Bicocca, a Bollate e a Settimo Torinese. E la loro presenza apre nuovi spazi non soltanto a un rafforzamento della conoscenza generale di [&hellip;]\" \/>\n<meta property=\"og:url\" content=\"https:\/\/127.0.0.1\/it\/cultura-dimpresa\/blog\/portare-le-biblioteche-in-fabbrica-per-migliorare-conoscenze-fantasia-e-qualita-di-vita-e-lavoro\/\" \/>\n<meta property=\"og:site_name\" content=\"Fondazione Pirelli\" \/>\n<meta property=\"article:published_time\" content=\"2024-10-08T08:24:04+00:00\" \/>\n<meta property=\"article:modified_time\" content=\"2024-10-08T09:16:56+00:00\" \/>\n<meta property=\"og:image\" content=\"https:\/\/wpsite-assets.fondazionepirelli.org\/wp-content\/uploads\/2024\/10\/08092257\/Pirelli-Biblioteca-Bollate-1259-_SQU0351-scaled.jpg\" \/>\n\t<meta property=\"og:image:width\" content=\"2560\" \/>\n\t<meta property=\"og:image:height\" content=\"1704\" \/>\n\t<meta property=\"og:image:type\" content=\"image\/jpeg\" \/>\n<meta name=\"author\" content=\"fondadmin\" \/>\n<meta name=\"twitter:card\" content=\"summary_large_image\" \/>\n<meta name=\"twitter:label1\" content=\"Scritto da\" \/>\n\t<meta name=\"twitter:data1\" content=\"fondadmin\" \/>\n\t<meta name=\"twitter:label2\" content=\"Tempo di lettura stimato\" \/>\n\t<meta name=\"twitter:data2\" content=\"5 minuti\" \/>\n<script type=\"application\/ld+json\" class=\"yoast-schema-graph\">{\"@context\":\"https:\/\/schema.org\",\"@graph\":[{\"@type\":\"WebPage\",\"@id\":\"https:\/\/127.0.0.1\/it\/cultura-dimpresa\/blog\/portare-le-biblioteche-in-fabbrica-per-migliorare-conoscenze-fantasia-e-qualita-di-vita-e-lavoro\/\",\"url\":\"https:\/\/127.0.0.1\/it\/cultura-dimpresa\/blog\/portare-le-biblioteche-in-fabbrica-per-migliorare-conoscenze-fantasia-e-qualita-di-vita-e-lavoro\/\",\"name\":\"Portare le biblioteche in fabbrica, per migliorare conoscenze, fantasia e qualit\u00e0 di vita e lavoro - Fondazione Pirelli\",\"isPartOf\":{\"@id\":\"https:\/\/www.fondazionepirelli.org\/it\/#website\"},\"primaryImageOfPage\":{\"@id\":\"https:\/\/127.0.0.1\/it\/cultura-dimpresa\/blog\/portare-le-biblioteche-in-fabbrica-per-migliorare-conoscenze-fantasia-e-qualita-di-vita-e-lavoro\/#primaryimage\"},\"image\":{\"@id\":\"https:\/\/127.0.0.1\/it\/cultura-dimpresa\/blog\/portare-le-biblioteche-in-fabbrica-per-migliorare-conoscenze-fantasia-e-qualita-di-vita-e-lavoro\/#primaryimage\"},\"thumbnailUrl\":\"https:\/\/wpsite-assets.fondazionepirelli.org\/wp-content\/uploads\/2024\/10\/08092257\/Pirelli-Biblioteca-Bollate-1259-_SQU0351-scaled.jpg\",\"datePublished\":\"2024-10-08T08:24:04+00:00\",\"dateModified\":\"2024-10-08T09:16:56+00:00\",\"author\":{\"@id\":\"https:\/\/www.fondazionepirelli.org\/it\/#\/schema\/person\/f47d097000832c4a6e54538c791fdf25\"},\"breadcrumb\":{\"@id\":\"https:\/\/127.0.0.1\/it\/cultura-dimpresa\/blog\/portare-le-biblioteche-in-fabbrica-per-migliorare-conoscenze-fantasia-e-qualita-di-vita-e-lavoro\/#breadcrumb\"},\"inLanguage\":\"it-IT\",\"potentialAction\":[{\"@type\":\"ReadAction\",\"target\":[\"https:\/\/127.0.0.1\/it\/cultura-dimpresa\/blog\/portare-le-biblioteche-in-fabbrica-per-migliorare-conoscenze-fantasia-e-qualita-di-vita-e-lavoro\/\"]}]},{\"@type\":\"ImageObject\",\"inLanguage\":\"it-IT\",\"@id\":\"https:\/\/127.0.0.1\/it\/cultura-dimpresa\/blog\/portare-le-biblioteche-in-fabbrica-per-migliorare-conoscenze-fantasia-e-qualita-di-vita-e-lavoro\/#primaryimage\",\"url\":\"https:\/\/wpsite-assets.fondazionepirelli.org\/wp-content\/uploads\/2024\/10\/08092257\/Pirelli-Biblioteca-Bollate-1259-_SQU0351-scaled.jpg\",\"contentUrl\":\"https:\/\/wpsite-assets.fondazionepirelli.org\/wp-content\/uploads\/2024\/10\/08092257\/Pirelli-Biblioteca-Bollate-1259-_SQU0351-scaled.jpg\",\"width\":2560,\"height\":1704},{\"@type\":\"BreadcrumbList\",\"@id\":\"https:\/\/127.0.0.1\/it\/cultura-dimpresa\/blog\/portare-le-biblioteche-in-fabbrica-per-migliorare-conoscenze-fantasia-e-qualita-di-vita-e-lavoro\/#breadcrumb\",\"itemListElement\":[{\"@type\":\"ListItem\",\"position\":1,\"name\":\"Home\",\"item\":\"https:\/\/www.fondazionepirelli.org\/it\/\"},{\"@type\":\"ListItem\",\"position\":2,\"name\":\"Portare le biblioteche in fabbrica, per migliorare conoscenze, fantasia e qualit\u00e0 di vita e lavoro\"}]},{\"@type\":\"WebSite\",\"@id\":\"https:\/\/www.fondazionepirelli.org\/it\/#website\",\"url\":\"https:\/\/www.fondazionepirelli.org\/it\/\",\"name\":\"Fondazione Pirelli\",\"description\":\"\",\"potentialAction\":[{\"@type\":\"SearchAction\",\"target\":{\"@type\":\"EntryPoint\",\"urlTemplate\":\"https:\/\/www.fondazionepirelli.org\/it\/?s={search_term_string}\"},\"query-input\":{\"@type\":\"PropertyValueSpecification\",\"valueRequired\":true,\"valueName\":\"search_term_string\"}}],\"inLanguage\":\"it-IT\"},{\"@type\":\"Person\",\"@id\":\"https:\/\/www.fondazionepirelli.org\/it\/#\/schema\/person\/f47d097000832c4a6e54538c791fdf25\",\"name\":\"fondadmin\",\"image\":{\"@type\":\"ImageObject\",\"inLanguage\":\"it-IT\",\"@id\":\"https:\/\/www.fondazionepirelli.org\/it\/#\/schema\/person\/image\/\",\"url\":\"https:\/\/secure.gravatar.com\/avatar\/e69498a9175ca244966e51e53c88712c024fcebe41f9a05f75657f1bb25e489b?s=96&d=mm&r=g\",\"contentUrl\":\"https:\/\/secure.gravatar.com\/avatar\/e69498a9175ca244966e51e53c88712c024fcebe41f9a05f75657f1bb25e489b?s=96&d=mm&r=g\",\"caption\":\"fondadmin\"},\"url\":\"https:\/\/www.fondazionepirelli.org\/it\/author\/fondadmin\/\"}]}<\/script>\n<!-- \/ Yoast SEO plugin. -->","yoast_head_json":{"title":"Portare le biblioteche in fabbrica, per migliorare conoscenze, fantasia e qualit\u00e0 di vita e lavoro - Fondazione Pirelli","robots":{"index":"index","follow":"follow","max-snippet":"max-snippet:-1","max-image-preview":"max-image-preview:large","max-video-preview":"max-video-preview:-1"},"canonical":"https:\/\/www.fondazionepirelli.org\/it\/cultura-dimpresa\/blog\/portare-le-biblioteche-in-fabbrica-per-migliorare-conoscenze-fantasia-e-qualita-di-vita-e-lavoro\/","og_locale":"it_IT","og_type":"article","og_title":"Portare le biblioteche in fabbrica, per migliorare conoscenze, fantasia e qualit\u00e0 di vita e lavoro - Fondazione Pirelli","og_description":"I libri in fabbrica. Ce li porta il Premio Campiello, cominciando dalle aree industriali del Nord Est. Ma in alcune imprese ci sono gi\u00e0, nelle biblioteche aziendali, come in Pirelli a Milano Bicocca, a Bollate e a Settimo Torinese. E la loro presenza apre nuovi spazi non soltanto a un rafforzamento della conoscenza generale di [&hellip;]","og_url":"https:\/\/127.0.0.1\/it\/cultura-dimpresa\/blog\/portare-le-biblioteche-in-fabbrica-per-migliorare-conoscenze-fantasia-e-qualita-di-vita-e-lavoro\/","og_site_name":"Fondazione Pirelli","article_published_time":"2024-10-08T08:24:04+00:00","article_modified_time":"2024-10-08T09:16:56+00:00","og_image":[{"width":2560,"height":1704,"url":"https:\/\/wpsite-assets.fondazionepirelli.org\/wp-content\/uploads\/2024\/10\/08092257\/Pirelli-Biblioteca-Bollate-1259-_SQU0351-scaled.jpg","type":"image\/jpeg"}],"author":"fondadmin","twitter_card":"summary_large_image","twitter_misc":{"Scritto da":"fondadmin","Tempo di lettura stimato":"5 minuti"},"schema":{"@context":"https:\/\/schema.org","@graph":[{"@type":"WebPage","@id":"https:\/\/127.0.0.1\/it\/cultura-dimpresa\/blog\/portare-le-biblioteche-in-fabbrica-per-migliorare-conoscenze-fantasia-e-qualita-di-vita-e-lavoro\/","url":"https:\/\/127.0.0.1\/it\/cultura-dimpresa\/blog\/portare-le-biblioteche-in-fabbrica-per-migliorare-conoscenze-fantasia-e-qualita-di-vita-e-lavoro\/","name":"Portare le biblioteche in fabbrica, per migliorare conoscenze, fantasia e qualit\u00e0 di vita e lavoro - Fondazione Pirelli","isPartOf":{"@id":"https:\/\/www.fondazionepirelli.org\/it\/#website"},"primaryImageOfPage":{"@id":"https:\/\/127.0.0.1\/it\/cultura-dimpresa\/blog\/portare-le-biblioteche-in-fabbrica-per-migliorare-conoscenze-fantasia-e-qualita-di-vita-e-lavoro\/#primaryimage"},"image":{"@id":"https:\/\/127.0.0.1\/it\/cultura-dimpresa\/blog\/portare-le-biblioteche-in-fabbrica-per-migliorare-conoscenze-fantasia-e-qualita-di-vita-e-lavoro\/#primaryimage"},"thumbnailUrl":"https:\/\/wpsite-assets.fondazionepirelli.org\/wp-content\/uploads\/2024\/10\/08092257\/Pirelli-Biblioteca-Bollate-1259-_SQU0351-scaled.jpg","datePublished":"2024-10-08T08:24:04+00:00","dateModified":"2024-10-08T09:16:56+00:00","author":{"@id":"https:\/\/www.fondazionepirelli.org\/it\/#\/schema\/person\/f47d097000832c4a6e54538c791fdf25"},"breadcrumb":{"@id":"https:\/\/127.0.0.1\/it\/cultura-dimpresa\/blog\/portare-le-biblioteche-in-fabbrica-per-migliorare-conoscenze-fantasia-e-qualita-di-vita-e-lavoro\/#breadcrumb"},"inLanguage":"it-IT","potentialAction":[{"@type":"ReadAction","target":["https:\/\/127.0.0.1\/it\/cultura-dimpresa\/blog\/portare-le-biblioteche-in-fabbrica-per-migliorare-conoscenze-fantasia-e-qualita-di-vita-e-lavoro\/"]}]},{"@type":"ImageObject","inLanguage":"it-IT","@id":"https:\/\/127.0.0.1\/it\/cultura-dimpresa\/blog\/portare-le-biblioteche-in-fabbrica-per-migliorare-conoscenze-fantasia-e-qualita-di-vita-e-lavoro\/#primaryimage","url":"https:\/\/wpsite-assets.fondazionepirelli.org\/wp-content\/uploads\/2024\/10\/08092257\/Pirelli-Biblioteca-Bollate-1259-_SQU0351-scaled.jpg","contentUrl":"https:\/\/wpsite-assets.fondazionepirelli.org\/wp-content\/uploads\/2024\/10\/08092257\/Pirelli-Biblioteca-Bollate-1259-_SQU0351-scaled.jpg","width":2560,"height":1704},{"@type":"BreadcrumbList","@id":"https:\/\/127.0.0.1\/it\/cultura-dimpresa\/blog\/portare-le-biblioteche-in-fabbrica-per-migliorare-conoscenze-fantasia-e-qualita-di-vita-e-lavoro\/#breadcrumb","itemListElement":[{"@type":"ListItem","position":1,"name":"Home","item":"https:\/\/www.fondazionepirelli.org\/it\/"},{"@type":"ListItem","position":2,"name":"Portare le biblioteche in fabbrica, per migliorare conoscenze, fantasia e qualit\u00e0 di vita e lavoro"}]},{"@type":"WebSite","@id":"https:\/\/www.fondazionepirelli.org\/it\/#website","url":"https:\/\/www.fondazionepirelli.org\/it\/","name":"Fondazione Pirelli","description":"","potentialAction":[{"@type":"SearchAction","target":{"@type":"EntryPoint","urlTemplate":"https:\/\/www.fondazionepirelli.org\/it\/?s={search_term_string}"},"query-input":{"@type":"PropertyValueSpecification","valueRequired":true,"valueName":"search_term_string"}}],"inLanguage":"it-IT"},{"@type":"Person","@id":"https:\/\/www.fondazionepirelli.org\/it\/#\/schema\/person\/f47d097000832c4a6e54538c791fdf25","name":"fondadmin","image":{"@type":"ImageObject","inLanguage":"it-IT","@id":"https:\/\/www.fondazionepirelli.org\/it\/#\/schema\/person\/image\/","url":"https:\/\/secure.gravatar.com\/avatar\/e69498a9175ca244966e51e53c88712c024fcebe41f9a05f75657f1bb25e489b?s=96&d=mm&r=g","contentUrl":"https:\/\/secure.gravatar.com\/avatar\/e69498a9175ca244966e51e53c88712c024fcebe41f9a05f75657f1bb25e489b?s=96&d=mm&r=g","caption":"fondadmin"},"url":"https:\/\/www.fondazionepirelli.org\/it\/author\/fondadmin\/"}]}},"_links":{"self":[{"href":"https:\/\/www.fondazionepirelli.org\/it\/wp-json\/wp\/v2\/posts\/101854\/"}],"collection":[{"href":"https:\/\/www.fondazionepirelli.org\/it\/wp-json\/wp\/v2\/posts\/"}],"about":[{"href":"https:\/\/www.fondazionepirelli.org\/it\/wp-json\/wp\/v2\/types\/post\/"}],"author":[{"embeddable":true,"href":"https:\/\/www.fondazionepirelli.org\/it\/wp-json\/wp\/v2\/users\/1\/"}],"replies":[{"embeddable":true,"href":"https:\/\/www.fondazionepirelli.org\/it\/wp-json\/wp\/v2\/comments\/?post=101854"}],"version-history":[{"count":2,"href":"https:\/\/www.fondazionepirelli.org\/it\/wp-json\/wp\/v2\/posts\/101854\/revisions\/"}],"predecessor-version":[{"id":101863,"href":"https:\/\/www.fondazionepirelli.org\/it\/wp-json\/wp\/v2\/posts\/101854\/revisions\/101863\/"}],"wp:featuredmedia":[{"embeddable":true,"href":"https:\/\/www.fondazionepirelli.org\/it\/wp-json\/wp\/v2\/media\/101855\/"}],"wp:attachment":[{"href":"https:\/\/www.fondazionepirelli.org\/it\/wp-json\/wp\/v2\/media\/?parent=101854"}],"wp:term":[{"taxonomy":"category","embeddable":true,"href":"https:\/\/www.fondazionepirelli.org\/it\/wp-json\/wp\/v2\/categories\/?post=101854"},{"taxonomy":"post_tag","embeddable":true,"href":"https:\/\/www.fondazionepirelli.org\/it\/wp-json\/wp\/v2\/tags\/?post=101854"}],"curies":[{"name":"wp","href":"https:\/\/api.w.org\/{rel}","templated":true}]}}