{"id":101866,"date":"2024-10-14T15:35:43","date_gmt":"2024-10-14T14:35:43","guid":{"rendered":"https:\/\/www.fondazionepirelli.org\/?p=101866"},"modified":"2026-01-22T10:14:44","modified_gmt":"2026-01-22T09:14:44","slug":"lofficina-dello-sport-la-nuova-mostra-di-fondazione-pirelli","status":"publish","type":"post","link":"https:\/\/www.fondazionepirelli.org\/it\/la-fondazione\/lofficina-dello-sport-la-nuova-mostra-di-fondazione-pirelli\/","title":{"rendered":"&#8220;L\u2019officina dello sport&#8221;, la mostra di Fondazione Pirelli"},"content":{"rendered":"<p>La cultura dello sport, i suoi valori condivisi con il mondo dell\u2019impresa e lo storico legame tra Pirelli e le competizioni sportive. <strong>\u201cL\u2019officina dello sport\u201d,<\/strong> la <strong>nuova mostra<\/strong> di Fondazione Pirelli, riprende le tematiche che hanno portato, lo scorso giugno, alla pubblicazione dell\u2019omonimo volume edito da Marsilio Arte: un percorso espositivo che accompagna il visitatore attraverso oggetti iconici, documenti d\u2019archivio e testimonianze senza tempo della comunicazione visiva aziendale.<\/p>\n<p>La mostra si apre con una <strong>Wunderkammer<\/strong>, una \u201ccamera delle meraviglie\u201d che racconta, attraverso un ambiente digitale interattivo, <strong>l\u2019innovazione dei prodotti della \u201cP lunga\u201d<\/strong> <strong>in ambito sportivo<\/strong>, tra passato e presente. Show tyre, preziosi cataloghi di inizio Novecento e celebri campagne pubblicitarie guidano i visitatori alla scoperta dei pi\u00f9 importanti pneumatici delle gare automobilistiche, motociclistiche e ciclistiche. Non \u00e8 per\u00f2 solo una storia di corse quella scritta da Pirelli nel mondo sportivo: articoli storici realizzati dall\u2019azienda \u2013 dalla \u201ccorazze per foot-ball\u201d alla palla da tennis \u201cche guizza e rimbalza\u201d \u2013 si affiancano alla narrazione della recente collaborazione del Gruppo per i Campionati del Mondo di sci alpino, fino alle sfide tecnologiche \u201cper mare\u201d di <em>Luna Rossa Prada Pirelli<\/em> e <em>Alla Grande-Pirelli<\/em>.<\/p>\n<p>Il <strong>ricco patrimonio fotografico<\/strong> conservato nell\u2019Archivio Storico \u00e8 valorizzato attraverso l\u2019esposizione di scatti raffiguranti le pi\u00f9 rinomate competizioni su pista, la cultura del \u201csaper fare\u201d dei lavoratori, i processi produttivi all\u2019interno delle fabbriche storiche e attuali dedicate ai prodotti sportivi, dalle mescole create nel Polo Industriale di Settimo Torinese ai pneumatici <em>racing <\/em>realizzati negli stabilimenti di Slatina e \u0130zmit, tra gli altri. \u00a0Lo \u00a0sport \u00e8 al centro anche del <strong>welfare aziendale<\/strong>, caposaldo della cultura d\u2019impresa di Pirelli, ieri come oggi: \u00e8 a partire dagli anni Venti, infatti, che il Gruppo Sportivo Pirelli allarga sempre di pi\u00f9 il ventaglio delle discipline offerte, includendo le sezioni calcio, tennis, pallacanestro, scherma, atletica, bocce, sci e alpinismo e molto altro, vantando tra gli iscritti anche alcuni campioni olimpici, come il discobolo <strong>Adolfo Consolini<\/strong>, oro a Londra 1948.<\/p>\n<p>La sezione iconografica della mostra si amplia nell\u2019Open space, sala espositiva al primo piano della Fondazione, con la presenza delle tavole illustrate realizzate dall\u2019artista\u00a0<strong>Lorenzo Mattotti <\/strong>per il volume \u201cL\u2019officina dello sport\u201d, le pi\u00f9 importanti campagne pubblicitarie ideate da designer italiani e internazionali con al centro i <strong>protagonisti del mondo sportivo<\/strong> \u2013 da Alberto Ascari ad Adriano Panatta, fino all\u2019iconico \u201cLa potenza \u00e8 nulla senza controllo\u201d con Carl Lewis, Ronaldo e Marie-Jos\u00e9 P\u00e9rec \u2013 e immagini fotografiche che immortalano il <em>backstage<\/em> delle competizioni, il ruolo del team dietro le vittorie dei campioni, l\u2019importanza della ricerca tecnologica e della sperimentazione per raggiungere prodotti sempre pi\u00f9 innovativi, sicuri e sostenibili, la passione che spinge ai massimi livelli la performance degli atleti.<\/p>\n<p>La ricchezza del patrimonio conservato in Fondazione \u2013 diapositive, negativi su lastra e su pellicola, materiali audiovisivi, bozzetti e manifesti \u2013 \u00e8 inoltre esplorabile mediante una <strong>parete digitale interattiva<\/strong>, una vera e propria \u201cfinestra sull\u2019archivio\u201d che permette anche di ripercorre pi\u00f9 di 150 anni di storia aziendale e di successi sportivi attraverso due <strong>timeline tematiche<\/strong>.<br \/>\nIl percorso espositivo si delinea dunque come un\u2019esperienza immersiva in un mondo di adrenalina, emozioni e innovazioni, un racconto dello sport come conoscenza, competenza e comunit\u00e0, una storia di competizioni fuori e dentro la pista che inizia quasi contemporaneamente alla nascita dell\u2019azienda e che continua ancora oggi.<\/p><p><strong>Graphic and Exhibition Design<\/strong>: Dotdotdot, Leftloft<\/p>\n<p><strong>Multimedial environments<\/strong>: Dotdotdot<\/p>\n<p><strong>Exhibition Installation<\/strong>: Avuelle, Benfenati Allestimenti, Neon Stella<\/p>\n","protected":false},"excerpt":{"rendered":"<p>La cultura dello sport, i suoi valori condivisi con il mondo dell\u2019impresa e lo storico legame tra Pirelli e le competizioni sportive. \u201cL\u2019officina dello sport\u201d, la nuova mostra di Fondazione Pirelli, riprende le tematiche che hanno portato, lo scorso giugno, alla pubblicazione dell\u2019omonimo volume edito da Marsilio Arte: un percorso espositivo che accompagna il visitatore [&hellip;]<\/p>\n","protected":false},"author":9,"featured_media":101890,"comment_status":"open","ping_status":"open","sticky":false,"template":"","format":"standard","meta":{"footnotes":""},"categories":[60,63,64,77],"tags":[],"class_list":["post-101866","post","type-post","status-publish","format-standard","has-post-thumbnail","hentry","category-iniziative","category-la-fondazione","category-la-fondazione-pirelli","category-le-mostre"],"acf":[],"yoast_head":"<!-- This site is optimized with the Yoast SEO plugin v25.0 - https:\/\/yoast.com\/wordpress\/plugins\/seo\/ -->\n<title>&quot;L\u2019officina dello sport&quot;, la mostra di Fondazione Pirelli - Fondazione Pirelli<\/title>\n<meta name=\"robots\" content=\"index, follow, max-snippet:-1, max-image-preview:large, max-video-preview:-1\" \/>\n<link rel=\"canonical\" href=\"https:\/\/www.fondazionepirelli.org\/it\/la-fondazione\/lofficina-dello-sport-la-nuova-mostra-di-fondazione-pirelli\/\" \/>\n<meta property=\"og:locale\" content=\"it_IT\" \/>\n<meta property=\"og:type\" content=\"article\" \/>\n<meta property=\"og:title\" content=\"&quot;L\u2019officina dello sport&quot;, la mostra di Fondazione Pirelli - Fondazione Pirelli\" \/>\n<meta property=\"og:description\" content=\"La cultura dello sport, i suoi valori condivisi con il mondo dell\u2019impresa e lo storico legame tra Pirelli e le competizioni sportive. \u201cL\u2019officina dello sport\u201d, la nuova mostra di Fondazione Pirelli, riprende le tematiche che hanno portato, lo scorso giugno, alla pubblicazione dell\u2019omonimo volume edito da Marsilio Arte: un percorso espositivo che accompagna il visitatore [&hellip;]\" \/>\n<meta property=\"og:url\" content=\"https:\/\/www.fondazionepirelli.org\/it\/la-fondazione\/lofficina-dello-sport-la-nuova-mostra-di-fondazione-pirelli\/\" \/>\n<meta property=\"og:site_name\" content=\"Fondazione Pirelli\" \/>\n<meta property=\"article:published_time\" content=\"2024-10-14T14:35:43+00:00\" \/>\n<meta property=\"article:modified_time\" content=\"2026-01-22T09:14:44+00:00\" \/>\n<meta property=\"og:image\" content=\"https:\/\/wpsite-assets.fondazionepirelli.org\/wp-content\/uploads\/2024\/10\/09135309\/Allestimenti2024-1554-0292-scaled-e1730208527630.jpg\" \/>\n\t<meta property=\"og:image:width\" content=\"800\" \/>\n\t<meta property=\"og:image:height\" content=\"533\" \/>\n\t<meta property=\"og:image:type\" content=\"image\/jpeg\" \/>\n<meta name=\"author\" content=\"fondazionepirelli\" \/>\n<meta name=\"twitter:card\" content=\"summary_large_image\" \/>\n<meta name=\"twitter:label1\" content=\"Scritto da\" \/>\n\t<meta name=\"twitter:data1\" content=\"fondazionepirelli\" \/>\n\t<meta name=\"twitter:label2\" content=\"Tempo di lettura stimato\" \/>\n\t<meta name=\"twitter:data2\" content=\"4 minuti\" \/>\n<script type=\"application\/ld+json\" class=\"yoast-schema-graph\">{\"@context\":\"https:\/\/schema.org\",\"@graph\":[{\"@type\":\"WebPage\",\"@id\":\"https:\/\/www.fondazionepirelli.org\/it\/la-fondazione\/lofficina-dello-sport-la-nuova-mostra-di-fondazione-pirelli\/\",\"url\":\"https:\/\/www.fondazionepirelli.org\/it\/la-fondazione\/lofficina-dello-sport-la-nuova-mostra-di-fondazione-pirelli\/\",\"name\":\"\\\"L\u2019officina dello sport\\\", la mostra di Fondazione Pirelli - Fondazione Pirelli\",\"isPartOf\":{\"@id\":\"https:\/\/www.fondazionepirelli.org\/it\/#website\"},\"primaryImageOfPage\":{\"@id\":\"https:\/\/www.fondazionepirelli.org\/it\/la-fondazione\/lofficina-dello-sport-la-nuova-mostra-di-fondazione-pirelli\/#primaryimage\"},\"image\":{\"@id\":\"https:\/\/www.fondazionepirelli.org\/it\/la-fondazione\/lofficina-dello-sport-la-nuova-mostra-di-fondazione-pirelli\/#primaryimage\"},\"thumbnailUrl\":\"https:\/\/wpsite-assets.fondazionepirelli.org\/wp-content\/uploads\/2024\/10\/09135309\/Allestimenti2024-1554-0292-scaled-e1730208527630.jpg\",\"datePublished\":\"2024-10-14T14:35:43+00:00\",\"dateModified\":\"2026-01-22T09:14:44+00:00\",\"author\":{\"@id\":\"https:\/\/www.fondazionepirelli.org\/it\/#\/schema\/person\/c31fcf5937a0e6afa45497f3f8b6d7a0\"},\"breadcrumb\":{\"@id\":\"https:\/\/www.fondazionepirelli.org\/it\/la-fondazione\/lofficina-dello-sport-la-nuova-mostra-di-fondazione-pirelli\/#breadcrumb\"},\"inLanguage\":\"it-IT\",\"potentialAction\":[{\"@type\":\"ReadAction\",\"target\":[\"https:\/\/www.fondazionepirelli.org\/it\/la-fondazione\/lofficina-dello-sport-la-nuova-mostra-di-fondazione-pirelli\/\"]}]},{\"@type\":\"ImageObject\",\"inLanguage\":\"it-IT\",\"@id\":\"https:\/\/www.fondazionepirelli.org\/it\/la-fondazione\/lofficina-dello-sport-la-nuova-mostra-di-fondazione-pirelli\/#primaryimage\",\"url\":\"https:\/\/wpsite-assets.fondazionepirelli.org\/wp-content\/uploads\/2024\/10\/09135309\/Allestimenti2024-1554-0292-scaled-e1730208527630.jpg\",\"contentUrl\":\"https:\/\/wpsite-assets.fondazionepirelli.org\/wp-content\/uploads\/2024\/10\/09135309\/Allestimenti2024-1554-0292-scaled-e1730208527630.jpg\",\"width\":800,\"height\":533},{\"@type\":\"BreadcrumbList\",\"@id\":\"https:\/\/www.fondazionepirelli.org\/it\/la-fondazione\/lofficina-dello-sport-la-nuova-mostra-di-fondazione-pirelli\/#breadcrumb\",\"itemListElement\":[{\"@type\":\"ListItem\",\"position\":1,\"name\":\"Home\",\"item\":\"https:\/\/www.fondazionepirelli.org\/it\/\"},{\"@type\":\"ListItem\",\"position\":2,\"name\":\"&#8220;L\u2019officina dello sport&#8221;, la mostra di Fondazione Pirelli\"}]},{\"@type\":\"WebSite\",\"@id\":\"https:\/\/www.fondazionepirelli.org\/it\/#website\",\"url\":\"https:\/\/www.fondazionepirelli.org\/it\/\",\"name\":\"Fondazione Pirelli\",\"description\":\"\",\"potentialAction\":[{\"@type\":\"SearchAction\",\"target\":{\"@type\":\"EntryPoint\",\"urlTemplate\":\"https:\/\/www.fondazionepirelli.org\/it\/?s={search_term_string}\"},\"query-input\":{\"@type\":\"PropertyValueSpecification\",\"valueRequired\":true,\"valueName\":\"search_term_string\"}}],\"inLanguage\":\"it-IT\"},{\"@type\":\"Person\",\"@id\":\"https:\/\/www.fondazionepirelli.org\/it\/#\/schema\/person\/c31fcf5937a0e6afa45497f3f8b6d7a0\",\"name\":\"fondazionepirelli\",\"image\":{\"@type\":\"ImageObject\",\"inLanguage\":\"it-IT\",\"@id\":\"https:\/\/www.fondazionepirelli.org\/it\/#\/schema\/person\/image\/\",\"url\":\"https:\/\/secure.gravatar.com\/avatar\/9cb486421ce1d6eddbf6c4fb66841b4325b786695f7aedf1dde2222428218696?s=96&d=mm&r=g\",\"contentUrl\":\"https:\/\/secure.gravatar.com\/avatar\/9cb486421ce1d6eddbf6c4fb66841b4325b786695f7aedf1dde2222428218696?s=96&d=mm&r=g\",\"caption\":\"fondazionepirelli\"},\"url\":\"https:\/\/www.fondazionepirelli.org\/it\/author\/fondazionepirelli\/\"}]}<\/script>\n<!-- \/ Yoast SEO plugin. -->","yoast_head_json":{"title":"\"L\u2019officina dello sport\", la mostra di Fondazione Pirelli - Fondazione Pirelli","robots":{"index":"index","follow":"follow","max-snippet":"max-snippet:-1","max-image-preview":"max-image-preview:large","max-video-preview":"max-video-preview:-1"},"canonical":"https:\/\/www.fondazionepirelli.org\/it\/la-fondazione\/lofficina-dello-sport-la-nuova-mostra-di-fondazione-pirelli\/","og_locale":"it_IT","og_type":"article","og_title":"\"L\u2019officina dello sport\", la mostra di Fondazione Pirelli - Fondazione Pirelli","og_description":"La cultura dello sport, i suoi valori condivisi con il mondo dell\u2019impresa e lo storico legame tra Pirelli e le competizioni sportive. \u201cL\u2019officina dello sport\u201d, la nuova mostra di Fondazione Pirelli, riprende le tematiche che hanno portato, lo scorso giugno, alla pubblicazione dell\u2019omonimo volume edito da Marsilio Arte: un percorso espositivo che accompagna il visitatore [&hellip;]","og_url":"https:\/\/www.fondazionepirelli.org\/it\/la-fondazione\/lofficina-dello-sport-la-nuova-mostra-di-fondazione-pirelli\/","og_site_name":"Fondazione Pirelli","article_published_time":"2024-10-14T14:35:43+00:00","article_modified_time":"2026-01-22T09:14:44+00:00","og_image":[{"width":800,"height":533,"url":"https:\/\/wpsite-assets.fondazionepirelli.org\/wp-content\/uploads\/2024\/10\/09135309\/Allestimenti2024-1554-0292-scaled-e1730208527630.jpg","type":"image\/jpeg"}],"author":"fondazionepirelli","twitter_card":"summary_large_image","twitter_misc":{"Scritto da":"fondazionepirelli","Tempo di lettura stimato":"4 minuti"},"schema":{"@context":"https:\/\/schema.org","@graph":[{"@type":"WebPage","@id":"https:\/\/www.fondazionepirelli.org\/it\/la-fondazione\/lofficina-dello-sport-la-nuova-mostra-di-fondazione-pirelli\/","url":"https:\/\/www.fondazionepirelli.org\/it\/la-fondazione\/lofficina-dello-sport-la-nuova-mostra-di-fondazione-pirelli\/","name":"\"L\u2019officina dello sport\", la mostra di Fondazione Pirelli - Fondazione Pirelli","isPartOf":{"@id":"https:\/\/www.fondazionepirelli.org\/it\/#website"},"primaryImageOfPage":{"@id":"https:\/\/www.fondazionepirelli.org\/it\/la-fondazione\/lofficina-dello-sport-la-nuova-mostra-di-fondazione-pirelli\/#primaryimage"},"image":{"@id":"https:\/\/www.fondazionepirelli.org\/it\/la-fondazione\/lofficina-dello-sport-la-nuova-mostra-di-fondazione-pirelli\/#primaryimage"},"thumbnailUrl":"https:\/\/wpsite-assets.fondazionepirelli.org\/wp-content\/uploads\/2024\/10\/09135309\/Allestimenti2024-1554-0292-scaled-e1730208527630.jpg","datePublished":"2024-10-14T14:35:43+00:00","dateModified":"2026-01-22T09:14:44+00:00","author":{"@id":"https:\/\/www.fondazionepirelli.org\/it\/#\/schema\/person\/c31fcf5937a0e6afa45497f3f8b6d7a0"},"breadcrumb":{"@id":"https:\/\/www.fondazionepirelli.org\/it\/la-fondazione\/lofficina-dello-sport-la-nuova-mostra-di-fondazione-pirelli\/#breadcrumb"},"inLanguage":"it-IT","potentialAction":[{"@type":"ReadAction","target":["https:\/\/www.fondazionepirelli.org\/it\/la-fondazione\/lofficina-dello-sport-la-nuova-mostra-di-fondazione-pirelli\/"]}]},{"@type":"ImageObject","inLanguage":"it-IT","@id":"https:\/\/www.fondazionepirelli.org\/it\/la-fondazione\/lofficina-dello-sport-la-nuova-mostra-di-fondazione-pirelli\/#primaryimage","url":"https:\/\/wpsite-assets.fondazionepirelli.org\/wp-content\/uploads\/2024\/10\/09135309\/Allestimenti2024-1554-0292-scaled-e1730208527630.jpg","contentUrl":"https:\/\/wpsite-assets.fondazionepirelli.org\/wp-content\/uploads\/2024\/10\/09135309\/Allestimenti2024-1554-0292-scaled-e1730208527630.jpg","width":800,"height":533},{"@type":"BreadcrumbList","@id":"https:\/\/www.fondazionepirelli.org\/it\/la-fondazione\/lofficina-dello-sport-la-nuova-mostra-di-fondazione-pirelli\/#breadcrumb","itemListElement":[{"@type":"ListItem","position":1,"name":"Home","item":"https:\/\/www.fondazionepirelli.org\/it\/"},{"@type":"ListItem","position":2,"name":"&#8220;L\u2019officina dello sport&#8221;, la mostra di Fondazione Pirelli"}]},{"@type":"WebSite","@id":"https:\/\/www.fondazionepirelli.org\/it\/#website","url":"https:\/\/www.fondazionepirelli.org\/it\/","name":"Fondazione Pirelli","description":"","potentialAction":[{"@type":"SearchAction","target":{"@type":"EntryPoint","urlTemplate":"https:\/\/www.fondazionepirelli.org\/it\/?s={search_term_string}"},"query-input":{"@type":"PropertyValueSpecification","valueRequired":true,"valueName":"search_term_string"}}],"inLanguage":"it-IT"},{"@type":"Person","@id":"https:\/\/www.fondazionepirelli.org\/it\/#\/schema\/person\/c31fcf5937a0e6afa45497f3f8b6d7a0","name":"fondazionepirelli","image":{"@type":"ImageObject","inLanguage":"it-IT","@id":"https:\/\/www.fondazionepirelli.org\/it\/#\/schema\/person\/image\/","url":"https:\/\/secure.gravatar.com\/avatar\/9cb486421ce1d6eddbf6c4fb66841b4325b786695f7aedf1dde2222428218696?s=96&d=mm&r=g","contentUrl":"https:\/\/secure.gravatar.com\/avatar\/9cb486421ce1d6eddbf6c4fb66841b4325b786695f7aedf1dde2222428218696?s=96&d=mm&r=g","caption":"fondazionepirelli"},"url":"https:\/\/www.fondazionepirelli.org\/it\/author\/fondazionepirelli\/"}]}},"_links":{"self":[{"href":"https:\/\/www.fondazionepirelli.org\/it\/wp-json\/wp\/v2\/posts\/101866\/"}],"collection":[{"href":"https:\/\/www.fondazionepirelli.org\/it\/wp-json\/wp\/v2\/posts\/"}],"about":[{"href":"https:\/\/www.fondazionepirelli.org\/it\/wp-json\/wp\/v2\/types\/post\/"}],"author":[{"embeddable":true,"href":"https:\/\/www.fondazionepirelli.org\/it\/wp-json\/wp\/v2\/users\/9\/"}],"replies":[{"embeddable":true,"href":"https:\/\/www.fondazionepirelli.org\/it\/wp-json\/wp\/v2\/comments\/?post=101866"}],"version-history":[{"count":16,"href":"https:\/\/www.fondazionepirelli.org\/it\/wp-json\/wp\/v2\/posts\/101866\/revisions\/"}],"predecessor-version":[{"id":106386,"href":"https:\/\/www.fondazionepirelli.org\/it\/wp-json\/wp\/v2\/posts\/101866\/revisions\/106386\/"}],"wp:featuredmedia":[{"embeddable":true,"href":"https:\/\/www.fondazionepirelli.org\/it\/wp-json\/wp\/v2\/media\/101890\/"}],"wp:attachment":[{"href":"https:\/\/www.fondazionepirelli.org\/it\/wp-json\/wp\/v2\/media\/?parent=101866"}],"wp:term":[{"taxonomy":"category","embeddable":true,"href":"https:\/\/www.fondazionepirelli.org\/it\/wp-json\/wp\/v2\/categories\/?post=101866"},{"taxonomy":"post_tag","embeddable":true,"href":"https:\/\/www.fondazionepirelli.org\/it\/wp-json\/wp\/v2\/tags\/?post=101866"}],"curies":[{"name":"wp","href":"https:\/\/api.w.org\/{rel}","templated":true}]}}