{"id":102083,"date":"2024-10-22T09:41:05","date_gmt":"2024-10-22T08:41:05","guid":{"rendered":"https:\/\/www.fondazionepirelli.org\/?p=102083"},"modified":"2024-10-22T09:41:05","modified_gmt":"2024-10-22T08:41:05","slug":"le-fragilita-dellitalia-tra-economia-sommersa-e-lavoro-povero-e-le-risposte-da-cercare-nello-sviluppo-dellindustria-di-qualita","status":"publish","type":"post","link":"https:\/\/www.fondazionepirelli.org\/it\/cultura-dimpresa\/blog\/le-fragilita-dellitalia-tra-economia-sommersa-e-lavoro-povero-e-le-risposte-da-cercare-nello-sviluppo-dellindustria-di-qualita\/","title":{"rendered":"Le fragilit\u00e0 dell\u2019Italia, tra economia sommersa e lavoro povero e le risposte da cercare nello sviluppo dell\u2019industria di qualit\u00e0"},"content":{"rendered":"<p>L\u2019occupazione in Italia cresce, superando il tetto dei <strong>24 milioni di persone<\/strong> con un lavoro, pi\u00f9 o meno stabile, pi\u00f9 o meno all\u2019altezza dei propri bisogni e delle proprie aspettative. I disoccupati sono appena il 6,2%, mai cos\u00ec pochi almeno dal 2009. I mercati finanziari tutto sommato non mostrano particolari preoccupazioni sulla tenuta del sistema Italia e dei conti pubblici, senza far crescere lo spread. E il governo Meloni ha ragione di vedere il bicchiere dell\u2019economia mezzo pieno, anche se sono sempre sempre meno le possibilit\u00e0 di arrivare alla fine dell\u2019anno a una crescita del Pil dell\u20191%, cos\u00ec come previsto da Palazzo Chigi (la Banca d\u2019Italia stima ragionevolmente un +0,8%).<\/p>\n<p>\u201cParadossi (e record) del lavoro\u201d, scrive Ferruccio de Bortoli sul Corriere della Sera (20 ottobre) mettendo in evidenza \u201ci timori\u201d legati a una situazione in cui il tasso di occupazione italiano \u00e8 al <strong>62,3%<\/strong> mentre negli altri grandi paesi Ue \u00e8 attorno all\u201980% e i giovani e le donne continuano a essere in buona parte estranei al mercato del lavoro. <strong>Bassi salari<\/strong>, che non hanno recuperato l\u2019inflazione degli ultimi anni. Crescente disaffezione rispetto alle imprese e alla pubblica amministrazione in cui si \u00e8 occupati. Carenza di mano d\u2019opera, aggravata dalle prospettive di \u201c<strong>inverno demografico<\/strong>\u201d. E un clima generale che fa temere che il dinamismo di cui l\u2019Italia aveva dato prova proprio nel post Covid, pi\u00f9 che in altre aree europee, tenda a scemare.<\/p>\n<p>A guardare bene le cronache delle ultime settimane, al di l\u00e0 dell\u2019andamento della congiuntura, si intravvedono per\u00f2 degli elementi di fragilit\u00e0 che \u00e8 indispensabile tenere ben presenti, proprio per poter impostare politiche economiche e sociali in grado di rianimare l\u2019economia e impostare una ripresa pi\u00f9 solida, pi\u00f9 duratura. E quegli elementi sono sia la crescita del peso dell\u2019<strong>economia sommersa<\/strong> <strong>e illegale<\/strong> sia l\u2019<strong>aumento della povert\u00e0<\/strong>, anche tra i lavoratori.<\/p>\n<p>L\u2019allarme risuona nelle parole del presidente della Repubblica <strong>Sergio Mattarella<\/strong>: \u201cSacche di salari bassi lacerano la coesione sociale\u201d, ha detto, alla cerimonia delle Stelle al merito per chi si \u00e8 distinto nella sua attivit\u00e0 lavorativa (<strong>Il Sole24Ore, 18 ottobre<\/strong>). Non si tratta solo di una questione economica. Ma di una ferita nel corpo del Paese, con conseguenze rilevanti sulla tenuta delle relazioni e sulla stessa solidit\u00e0 della comunit\u00e0 nazionale. La coesione sociale, infatti, \u00e8 fondamentale per la democrazia. E senza questa coesione sono in discussione anche le possibilit\u00e0 di costruire robuste ipotesi di futuro e di sviluppo sostenibile per le nuove generazioni. Una democrazia solida \u00e8 quella che riesce a tenere insieme le libert\u00e0 politiche, sociali e civili, l\u2019economia di mercato e dunque l\u2019intraprendenza e la crescita economica e il welfare, il benessere diffuso. Altrimenti, la crisi si aggrava.<\/p>\n<p>Insiste dunque il presidente Mattarella: \u201cE\u2019 vero che i dati sulla crescita confortano. Ma \u00e8 anche vero che l\u2019occupazione si sta frammentando, tra una fascia alta in cui a qualit\u00e0 e professionalit\u00e0 corrispondono buone retribuzioni, mentre in basso si creano sacche di salari insufficienti, alimentati anche da part time involontari e da precariet\u00e0. Si tratta di un elemento si preoccupante lacerazione della coesione sociale\u201d.<\/p>\n<p>Vediamo i dati, allora. Ci sono in Italia, secondo l\u2019Istat (dati \u201823) <strong>5,7 milioni di persone in povert\u00e0 assoluta<\/strong> (erano 4,1 milione dieci anni fa) e le famiglie sono 2,2 milioni, con una percentuale dell\u20198,4%, in crescita rispetto al 6,2% del 2014. La povert\u00e0 colpisce anche le famiglie che hanno come persona di riferimento un operaio: sale al 16,5% la loro quota, dal 14,7% del \u201822. Il Mezzogiorno \u00e8 l\u2019area pi\u00f9 colpita.<\/p>\n<p>\u00c8 vero che aumenta l\u2019occupazione, dice sempre l\u2019Istat, ma l\u2019<strong>inflazione<\/strong> ha vanificato l\u2019incidenza positiva del salario conquistato sulle possibilit\u00e0 di spesa: un calo dell\u20191,5% in termini reali della spesa equivalente. E pi\u00f9 in generale, le retribuzioni reali hanno perso il 10% dal 2019 (dati Inps, Il Sole24Ore 18 ottobre).<\/p>\n<p>C\u2019\u00e8 un altro fatto su cui riflettere: l\u2019incidenza di povert\u00e0 assoluta tra i minori, che si attesta al 13,8% e riguarda 1,3 milioni di <strong>bambini e ragazzi<\/strong>: generazioni che vedono compromesso il loro futuro e che rischiano di ritrovarsi ai margini dello sviluppo economico e della vita civile, con drammatiche discriminazioni sulla formazione, la sanit\u00e0, la qualit\u00e0 della vita. Un\u2019alterazione profonda del dettato della Costituzione sull\u2019uguaglianza delle opportunit\u00e0 per i cittadini.<\/p>\n<p>Su queste condizioni incide molto l\u2019avere una economia \u201cin nero\u201d, sommersa o illegale: l<strong>avori poveri, bassa sicurezza, alta precariet\u00e0, carenza di diritti, misere prospettive<\/strong>. Ecco la seconda fragilit\u00e0. Cui non si pone sufficiente rimedio (la storica tendenza ai condoni, previdenziali e fiscali, non aiuta certo l\u2019emersione e la trasparenza economica).<\/p>\n<p>\u201c<strong>Economia sommersa e illegale<\/strong>: record a 202 miliardi (+9,6%), scrive Carlo Marroni sul Sole24Ore (19 ottobre). L\u2019economia sommersa vale <strong>182 miliardi<\/strong>, quella illegale, terreno di potere e violenza di \u2018ndrangheta, camorra e mafia oltre che delle varie altre organizzazioni criminali, sfiora i <strong>20 miliardi<\/strong>. I dati sono dell\u2019<strong>Istat<\/strong> e certificano come questa economia \u201cnera\u201d valga il 10% del Pil. Una crescente alterazione degli equilibri economici e sociali, un\u2019altra mina che mette seriamente in pericolo la coesione sociale del Paese e ne limita fortemente le possibilit\u00e0 di sviluppo sostenibile, ambientale ed sociale.<\/p>\n<p>Che risposta politica darne? Al di l\u00e0 delle misure, indispensabili, per tamponare le condizioni estreme di povert\u00e0 e delle iniziative di contrasto del lavoro \u201cin nero\u201d e dell\u2019evasione fiscale (si stanno recuperando risorse, ma poche e lentamente, con un Fisco che continua a gravare sul lavoro dipendente e le imprese in regola), serve una radicale, profonda <strong>politica economica e fiscale<\/strong> che promuova la crescita e la modernizzazione del Paese. E una politica industriale di respiro europeo che incoraggi gli investimenti nei settori che hanno pi\u00f9 futuro. A cominciare dall\u2019industria di qualit\u00e0. E dunque faccia crescere i salari, agganciandoli alla produttivit\u00e0 (e proprio su questo servirebbe avere una fiscalit\u00e0 di vantaggio).<\/p>\n<p>Vale la pena, per averne un\u2019indicazione, leggere le parole di <strong>Mario Carraro<\/strong>, uno dei migliori e pi\u00f9 lungimiranti imprenditori italiani, 95 anni, industria metalmeccanica di qualit\u00e0 a Campodarsego (Padova) e grande passione per la cultura: <strong>\u201cL\u2019amore per la fabbrica e la riflessione costante fanno nascere il futuro\u201d<\/strong>, ha detto in una intervista a Paolo Bricco (<strong>Il Sole24Ore, 20 ottobre<\/strong>). Ricerca, produttivit\u00e0, sguardo internazionale, politica di riforme, attenzione per l\u2019innovazione e le energie delle giovani generazioni.<\/p>\n<p>La crescita equilibrata del Paese, infatti, ha come cardine la sua industria migliore. Con la promozione e il sostegno fiscale a un <strong>made in Italy<\/strong> che non si concentri solo sul \u201ctipico\u201d ben conosciuto (<strong>abbigliamento, arredamento e agro-alimentare<\/strong>) ma faccia leva sui settori pi\u00f9 competitivi e produttivi, la <strong>meccatronica<\/strong> e la <strong>robotica<\/strong>, la <strong>chimica<\/strong> e la <strong>farmaceutica<\/strong>, la<strong> cantieristica navale<\/strong> e l\u2019<strong>aerospazio<\/strong>, la gomma e la componentistica <em>automotive, <\/em>cio\u00e8 su tutte quelle produzioni industriali che fanno da pilastro per quei 630 miliardi di export che tengono in piedi il sistema Paese e alimentano una lunga serie di servizi innovativi per l\u2019impresa. Qualit\u00e0, innovazione e sviluppo, insomma. Salari e benessere. L\u2019industria come cardine anche di quella <strong>coesione sociale<\/strong> che sta giustamente a cuore al presidente Mattarella e agli italiani pi\u00f9 responsabili.<\/p>\n","protected":false},"excerpt":{"rendered":"<p>L\u2019occupazione in Italia cresce, superando il tetto dei 24 milioni di persone con un lavoro, pi\u00f9 o meno stabile, pi\u00f9 o meno all\u2019altezza dei propri bisogni e delle proprie aspettative. I disoccupati sono appena il 6,2%, mai cos\u00ec pochi almeno dal 2009. I mercati finanziari tutto sommato non mostrano particolari preoccupazioni sulla tenuta del sistema [&hellip;]<\/p>\n","protected":false},"author":1,"featured_media":102086,"comment_status":"open","ping_status":"open","sticky":false,"template":"","format":"standard","meta":{"footnotes":""},"categories":[53,52],"tags":[],"class_list":["post-102083","post","type-post","status-publish","format-standard","has-post-thumbnail","hentry","category-blog","category-cultura-dimpresa"],"acf":[],"yoast_head":"<!-- This site is optimized with the Yoast SEO plugin v25.0 - https:\/\/yoast.com\/wordpress\/plugins\/seo\/ -->\n<title>Le fragilit\u00e0 dell\u2019Italia, tra economia sommersa e lavoro povero e le risposte da cercare nello sviluppo dell\u2019industria di qualit\u00e0 - Fondazione Pirelli<\/title>\n<meta name=\"robots\" content=\"index, follow, max-snippet:-1, max-image-preview:large, max-video-preview:-1\" \/>\n<link rel=\"canonical\" href=\"https:\/\/www.fondazionepirelli.org\/it\/cultura-dimpresa\/blog\/le-fragilita-dellitalia-tra-economia-sommersa-e-lavoro-povero-e-le-risposte-da-cercare-nello-sviluppo-dellindustria-di-qualita\/\" \/>\n<meta property=\"og:locale\" content=\"it_IT\" \/>\n<meta property=\"og:type\" content=\"article\" \/>\n<meta property=\"og:title\" content=\"Le fragilit\u00e0 dell\u2019Italia, tra economia sommersa e lavoro povero e le risposte da cercare nello sviluppo dell\u2019industria di qualit\u00e0 - Fondazione Pirelli\" \/>\n<meta property=\"og:description\" content=\"L\u2019occupazione in Italia cresce, superando il tetto dei 24 milioni di persone con un lavoro, pi\u00f9 o meno stabile, pi\u00f9 o meno all\u2019altezza dei propri bisogni e delle proprie aspettative. I disoccupati sono appena il 6,2%, mai cos\u00ec pochi almeno dal 2009. I mercati finanziari tutto sommato non mostrano particolari preoccupazioni sulla tenuta del sistema [&hellip;]\" \/>\n<meta property=\"og:url\" content=\"https:\/\/www.fondazionepirelli.org\/it\/cultura-dimpresa\/blog\/le-fragilita-dellitalia-tra-economia-sommersa-e-lavoro-povero-e-le-risposte-da-cercare-nello-sviluppo-dellindustria-di-qualita\/\" \/>\n<meta property=\"og:site_name\" content=\"Fondazione Pirelli\" \/>\n<meta property=\"article:published_time\" content=\"2024-10-22T08:41:05+00:00\" \/>\n<meta property=\"og:image\" content=\"https:\/\/wpsite-assets.fondazionepirelli.org\/wp-content\/uploads\/2024\/10\/22093859\/GettyImages-1303292812-scaled.jpg\" \/>\n\t<meta property=\"og:image:width\" content=\"2560\" \/>\n\t<meta property=\"og:image:height\" content=\"1647\" \/>\n\t<meta property=\"og:image:type\" content=\"image\/jpeg\" \/>\n<meta name=\"author\" content=\"fondadmin\" \/>\n<meta name=\"twitter:card\" content=\"summary_large_image\" \/>\n<meta name=\"twitter:label1\" content=\"Scritto da\" \/>\n\t<meta name=\"twitter:data1\" content=\"fondadmin\" \/>\n\t<meta name=\"twitter:label2\" content=\"Tempo di lettura stimato\" \/>\n\t<meta name=\"twitter:data2\" content=\"6 minuti\" \/>\n<script type=\"application\/ld+json\" class=\"yoast-schema-graph\">{\"@context\":\"https:\/\/schema.org\",\"@graph\":[{\"@type\":\"WebPage\",\"@id\":\"https:\/\/www.fondazionepirelli.org\/it\/cultura-dimpresa\/blog\/le-fragilita-dellitalia-tra-economia-sommersa-e-lavoro-povero-e-le-risposte-da-cercare-nello-sviluppo-dellindustria-di-qualita\/\",\"url\":\"https:\/\/www.fondazionepirelli.org\/it\/cultura-dimpresa\/blog\/le-fragilita-dellitalia-tra-economia-sommersa-e-lavoro-povero-e-le-risposte-da-cercare-nello-sviluppo-dellindustria-di-qualita\/\",\"name\":\"Le fragilit\u00e0 dell\u2019Italia, tra economia sommersa e lavoro povero e le risposte da cercare nello sviluppo dell\u2019industria di qualit\u00e0 - Fondazione Pirelli\",\"isPartOf\":{\"@id\":\"https:\/\/www.fondazionepirelli.org\/it\/#website\"},\"primaryImageOfPage\":{\"@id\":\"https:\/\/www.fondazionepirelli.org\/it\/cultura-dimpresa\/blog\/le-fragilita-dellitalia-tra-economia-sommersa-e-lavoro-povero-e-le-risposte-da-cercare-nello-sviluppo-dellindustria-di-qualita\/#primaryimage\"},\"image\":{\"@id\":\"https:\/\/www.fondazionepirelli.org\/it\/cultura-dimpresa\/blog\/le-fragilita-dellitalia-tra-economia-sommersa-e-lavoro-povero-e-le-risposte-da-cercare-nello-sviluppo-dellindustria-di-qualita\/#primaryimage\"},\"thumbnailUrl\":\"https:\/\/wpsite-assets.fondazionepirelli.org\/wp-content\/uploads\/2024\/10\/22093859\/GettyImages-1303292812-scaled.jpg\",\"datePublished\":\"2024-10-22T08:41:05+00:00\",\"author\":{\"@id\":\"https:\/\/www.fondazionepirelli.org\/it\/#\/schema\/person\/f47d097000832c4a6e54538c791fdf25\"},\"breadcrumb\":{\"@id\":\"https:\/\/www.fondazionepirelli.org\/it\/cultura-dimpresa\/blog\/le-fragilita-dellitalia-tra-economia-sommersa-e-lavoro-povero-e-le-risposte-da-cercare-nello-sviluppo-dellindustria-di-qualita\/#breadcrumb\"},\"inLanguage\":\"it-IT\",\"potentialAction\":[{\"@type\":\"ReadAction\",\"target\":[\"https:\/\/www.fondazionepirelli.org\/it\/cultura-dimpresa\/blog\/le-fragilita-dellitalia-tra-economia-sommersa-e-lavoro-povero-e-le-risposte-da-cercare-nello-sviluppo-dellindustria-di-qualita\/\"]}]},{\"@type\":\"ImageObject\",\"inLanguage\":\"it-IT\",\"@id\":\"https:\/\/www.fondazionepirelli.org\/it\/cultura-dimpresa\/blog\/le-fragilita-dellitalia-tra-economia-sommersa-e-lavoro-povero-e-le-risposte-da-cercare-nello-sviluppo-dellindustria-di-qualita\/#primaryimage\",\"url\":\"https:\/\/wpsite-assets.fondazionepirelli.org\/wp-content\/uploads\/2024\/10\/22093859\/GettyImages-1303292812-scaled.jpg\",\"contentUrl\":\"https:\/\/wpsite-assets.fondazionepirelli.org\/wp-content\/uploads\/2024\/10\/22093859\/GettyImages-1303292812-scaled.jpg\",\"width\":2560,\"height\":1647,\"caption\":\"Elderly woman counts small change in her hand, bills are on the table - selective focus, high angle view\"},{\"@type\":\"BreadcrumbList\",\"@id\":\"https:\/\/www.fondazionepirelli.org\/it\/cultura-dimpresa\/blog\/le-fragilita-dellitalia-tra-economia-sommersa-e-lavoro-povero-e-le-risposte-da-cercare-nello-sviluppo-dellindustria-di-qualita\/#breadcrumb\",\"itemListElement\":[{\"@type\":\"ListItem\",\"position\":1,\"name\":\"Home\",\"item\":\"https:\/\/www.fondazionepirelli.org\/it\/\"},{\"@type\":\"ListItem\",\"position\":2,\"name\":\"Le fragilit\u00e0 dell\u2019Italia, tra economia sommersa e lavoro povero e le risposte da cercare nello sviluppo dell\u2019industria di qualit\u00e0\"}]},{\"@type\":\"WebSite\",\"@id\":\"https:\/\/www.fondazionepirelli.org\/it\/#website\",\"url\":\"https:\/\/www.fondazionepirelli.org\/it\/\",\"name\":\"Fondazione Pirelli\",\"description\":\"\",\"potentialAction\":[{\"@type\":\"SearchAction\",\"target\":{\"@type\":\"EntryPoint\",\"urlTemplate\":\"https:\/\/www.fondazionepirelli.org\/it\/?s={search_term_string}\"},\"query-input\":{\"@type\":\"PropertyValueSpecification\",\"valueRequired\":true,\"valueName\":\"search_term_string\"}}],\"inLanguage\":\"it-IT\"},{\"@type\":\"Person\",\"@id\":\"https:\/\/www.fondazionepirelli.org\/it\/#\/schema\/person\/f47d097000832c4a6e54538c791fdf25\",\"name\":\"fondadmin\",\"image\":{\"@type\":\"ImageObject\",\"inLanguage\":\"it-IT\",\"@id\":\"https:\/\/www.fondazionepirelli.org\/it\/#\/schema\/person\/image\/\",\"url\":\"https:\/\/secure.gravatar.com\/avatar\/e69498a9175ca244966e51e53c88712c024fcebe41f9a05f75657f1bb25e489b?s=96&d=mm&r=g\",\"contentUrl\":\"https:\/\/secure.gravatar.com\/avatar\/e69498a9175ca244966e51e53c88712c024fcebe41f9a05f75657f1bb25e489b?s=96&d=mm&r=g\",\"caption\":\"fondadmin\"},\"url\":\"https:\/\/www.fondazionepirelli.org\/it\/author\/fondadmin\/\"}]}<\/script>\n<!-- \/ Yoast SEO plugin. -->","yoast_head_json":{"title":"Le fragilit\u00e0 dell\u2019Italia, tra economia sommersa e lavoro povero e le risposte da cercare nello sviluppo dell\u2019industria di qualit\u00e0 - Fondazione Pirelli","robots":{"index":"index","follow":"follow","max-snippet":"max-snippet:-1","max-image-preview":"max-image-preview:large","max-video-preview":"max-video-preview:-1"},"canonical":"https:\/\/www.fondazionepirelli.org\/it\/cultura-dimpresa\/blog\/le-fragilita-dellitalia-tra-economia-sommersa-e-lavoro-povero-e-le-risposte-da-cercare-nello-sviluppo-dellindustria-di-qualita\/","og_locale":"it_IT","og_type":"article","og_title":"Le fragilit\u00e0 dell\u2019Italia, tra economia sommersa e lavoro povero e le risposte da cercare nello sviluppo dell\u2019industria di qualit\u00e0 - Fondazione Pirelli","og_description":"L\u2019occupazione in Italia cresce, superando il tetto dei 24 milioni di persone con un lavoro, pi\u00f9 o meno stabile, pi\u00f9 o meno all\u2019altezza dei propri bisogni e delle proprie aspettative. I disoccupati sono appena il 6,2%, mai cos\u00ec pochi almeno dal 2009. I mercati finanziari tutto sommato non mostrano particolari preoccupazioni sulla tenuta del sistema [&hellip;]","og_url":"https:\/\/www.fondazionepirelli.org\/it\/cultura-dimpresa\/blog\/le-fragilita-dellitalia-tra-economia-sommersa-e-lavoro-povero-e-le-risposte-da-cercare-nello-sviluppo-dellindustria-di-qualita\/","og_site_name":"Fondazione Pirelli","article_published_time":"2024-10-22T08:41:05+00:00","og_image":[{"width":2560,"height":1647,"url":"https:\/\/wpsite-assets.fondazionepirelli.org\/wp-content\/uploads\/2024\/10\/22093859\/GettyImages-1303292812-scaled.jpg","type":"image\/jpeg"}],"author":"fondadmin","twitter_card":"summary_large_image","twitter_misc":{"Scritto da":"fondadmin","Tempo di lettura stimato":"6 minuti"},"schema":{"@context":"https:\/\/schema.org","@graph":[{"@type":"WebPage","@id":"https:\/\/www.fondazionepirelli.org\/it\/cultura-dimpresa\/blog\/le-fragilita-dellitalia-tra-economia-sommersa-e-lavoro-povero-e-le-risposte-da-cercare-nello-sviluppo-dellindustria-di-qualita\/","url":"https:\/\/www.fondazionepirelli.org\/it\/cultura-dimpresa\/blog\/le-fragilita-dellitalia-tra-economia-sommersa-e-lavoro-povero-e-le-risposte-da-cercare-nello-sviluppo-dellindustria-di-qualita\/","name":"Le fragilit\u00e0 dell\u2019Italia, tra economia sommersa e lavoro povero e le risposte da cercare nello sviluppo dell\u2019industria di qualit\u00e0 - Fondazione Pirelli","isPartOf":{"@id":"https:\/\/www.fondazionepirelli.org\/it\/#website"},"primaryImageOfPage":{"@id":"https:\/\/www.fondazionepirelli.org\/it\/cultura-dimpresa\/blog\/le-fragilita-dellitalia-tra-economia-sommersa-e-lavoro-povero-e-le-risposte-da-cercare-nello-sviluppo-dellindustria-di-qualita\/#primaryimage"},"image":{"@id":"https:\/\/www.fondazionepirelli.org\/it\/cultura-dimpresa\/blog\/le-fragilita-dellitalia-tra-economia-sommersa-e-lavoro-povero-e-le-risposte-da-cercare-nello-sviluppo-dellindustria-di-qualita\/#primaryimage"},"thumbnailUrl":"https:\/\/wpsite-assets.fondazionepirelli.org\/wp-content\/uploads\/2024\/10\/22093859\/GettyImages-1303292812-scaled.jpg","datePublished":"2024-10-22T08:41:05+00:00","author":{"@id":"https:\/\/www.fondazionepirelli.org\/it\/#\/schema\/person\/f47d097000832c4a6e54538c791fdf25"},"breadcrumb":{"@id":"https:\/\/www.fondazionepirelli.org\/it\/cultura-dimpresa\/blog\/le-fragilita-dellitalia-tra-economia-sommersa-e-lavoro-povero-e-le-risposte-da-cercare-nello-sviluppo-dellindustria-di-qualita\/#breadcrumb"},"inLanguage":"it-IT","potentialAction":[{"@type":"ReadAction","target":["https:\/\/www.fondazionepirelli.org\/it\/cultura-dimpresa\/blog\/le-fragilita-dellitalia-tra-economia-sommersa-e-lavoro-povero-e-le-risposte-da-cercare-nello-sviluppo-dellindustria-di-qualita\/"]}]},{"@type":"ImageObject","inLanguage":"it-IT","@id":"https:\/\/www.fondazionepirelli.org\/it\/cultura-dimpresa\/blog\/le-fragilita-dellitalia-tra-economia-sommersa-e-lavoro-povero-e-le-risposte-da-cercare-nello-sviluppo-dellindustria-di-qualita\/#primaryimage","url":"https:\/\/wpsite-assets.fondazionepirelli.org\/wp-content\/uploads\/2024\/10\/22093859\/GettyImages-1303292812-scaled.jpg","contentUrl":"https:\/\/wpsite-assets.fondazionepirelli.org\/wp-content\/uploads\/2024\/10\/22093859\/GettyImages-1303292812-scaled.jpg","width":2560,"height":1647,"caption":"Elderly woman counts small change in her hand, bills are on the table - selective focus, high angle view"},{"@type":"BreadcrumbList","@id":"https:\/\/www.fondazionepirelli.org\/it\/cultura-dimpresa\/blog\/le-fragilita-dellitalia-tra-economia-sommersa-e-lavoro-povero-e-le-risposte-da-cercare-nello-sviluppo-dellindustria-di-qualita\/#breadcrumb","itemListElement":[{"@type":"ListItem","position":1,"name":"Home","item":"https:\/\/www.fondazionepirelli.org\/it\/"},{"@type":"ListItem","position":2,"name":"Le fragilit\u00e0 dell\u2019Italia, tra economia sommersa e lavoro povero e le risposte da cercare nello sviluppo dell\u2019industria di qualit\u00e0"}]},{"@type":"WebSite","@id":"https:\/\/www.fondazionepirelli.org\/it\/#website","url":"https:\/\/www.fondazionepirelli.org\/it\/","name":"Fondazione Pirelli","description":"","potentialAction":[{"@type":"SearchAction","target":{"@type":"EntryPoint","urlTemplate":"https:\/\/www.fondazionepirelli.org\/it\/?s={search_term_string}"},"query-input":{"@type":"PropertyValueSpecification","valueRequired":true,"valueName":"search_term_string"}}],"inLanguage":"it-IT"},{"@type":"Person","@id":"https:\/\/www.fondazionepirelli.org\/it\/#\/schema\/person\/f47d097000832c4a6e54538c791fdf25","name":"fondadmin","image":{"@type":"ImageObject","inLanguage":"it-IT","@id":"https:\/\/www.fondazionepirelli.org\/it\/#\/schema\/person\/image\/","url":"https:\/\/secure.gravatar.com\/avatar\/e69498a9175ca244966e51e53c88712c024fcebe41f9a05f75657f1bb25e489b?s=96&d=mm&r=g","contentUrl":"https:\/\/secure.gravatar.com\/avatar\/e69498a9175ca244966e51e53c88712c024fcebe41f9a05f75657f1bb25e489b?s=96&d=mm&r=g","caption":"fondadmin"},"url":"https:\/\/www.fondazionepirelli.org\/it\/author\/fondadmin\/"}]}},"_links":{"self":[{"href":"https:\/\/www.fondazionepirelli.org\/it\/wp-json\/wp\/v2\/posts\/102083\/"}],"collection":[{"href":"https:\/\/www.fondazionepirelli.org\/it\/wp-json\/wp\/v2\/posts\/"}],"about":[{"href":"https:\/\/www.fondazionepirelli.org\/it\/wp-json\/wp\/v2\/types\/post\/"}],"author":[{"embeddable":true,"href":"https:\/\/www.fondazionepirelli.org\/it\/wp-json\/wp\/v2\/users\/1\/"}],"replies":[{"embeddable":true,"href":"https:\/\/www.fondazionepirelli.org\/it\/wp-json\/wp\/v2\/comments\/?post=102083"}],"version-history":[{"count":1,"href":"https:\/\/www.fondazionepirelli.org\/it\/wp-json\/wp\/v2\/posts\/102083\/revisions\/"}],"predecessor-version":[{"id":102088,"href":"https:\/\/www.fondazionepirelli.org\/it\/wp-json\/wp\/v2\/posts\/102083\/revisions\/102088\/"}],"wp:featuredmedia":[{"embeddable":true,"href":"https:\/\/www.fondazionepirelli.org\/it\/wp-json\/wp\/v2\/media\/102086\/"}],"wp:attachment":[{"href":"https:\/\/www.fondazionepirelli.org\/it\/wp-json\/wp\/v2\/media\/?parent=102083"}],"wp:term":[{"taxonomy":"category","embeddable":true,"href":"https:\/\/www.fondazionepirelli.org\/it\/wp-json\/wp\/v2\/categories\/?post=102083"},{"taxonomy":"post_tag","embeddable":true,"href":"https:\/\/www.fondazionepirelli.org\/it\/wp-json\/wp\/v2\/tags\/?post=102083"}],"curies":[{"name":"wp","href":"https:\/\/api.w.org\/{rel}","templated":true}]}}