{"id":102455,"date":"2024-11-12T10:15:59","date_gmt":"2024-11-12T09:15:59","guid":{"rendered":"https:\/\/www.fondazionepirelli.org\/?p=102455"},"modified":"2024-11-12T14:53:48","modified_gmt":"2024-11-12T13:53:48","slug":"viaggio-in-italia-motore-di-conoscenza-e-sviluppo-grazie-ai-valori-del-turismo-culturale-e-industriale","status":"publish","type":"post","link":"https:\/\/www.fondazionepirelli.org\/it\/cultura-dimpresa\/blog\/viaggio-in-italia-motore-di-conoscenza-e-sviluppo-grazie-ai-valori-del-turismo-culturale-e-industriale\/","title":{"rendered":"Viaggio in Italia: motore di conoscenza e sviluppo grazie ai valori del turismo culturale e industriale"},"content":{"rendered":"<p>Il viaggio in Italia \u00e8 un rito, di formazione e conoscenza, rilettura della storia e immaginazione del futuro. La riprova sta nelle pagine del <strong>Grand Tour di Goethe<\/strong>, <strong>Hou\u00ebl<\/strong>, <strong>Tocqueville<\/strong> e <strong>Dumas<\/strong> e in quelle pi\u00f9 recenti di <strong>Alberto Arbasino<\/strong> nelle tante edizioni di \u201cFratelli d\u2019Italia\u201d. Ma anche nelle esemplari inchieste giornalistiche negli anni Cinquanta e Sessanta firmate da <strong>Mario Soldati<\/strong> per la Rai, <strong>Guido Piovene<\/strong> per il \u201cCorriere della Sera\u201d e<strong> Giorgio Bocca<\/strong> per \u201cIl Giorno\u201d. O ancora in quell\u2019originale avventura corale di venti fotografi coordinati da <strong>Luigi Ghirri<\/strong> impegnati a raccontare, nel 1984, giusto quarant\u2019anni fa, il paesaggio di un paese in cambiamento (\u201cNoi, in viaggio con Ghirri nell\u2019Italia normale, per riconoscere come abitabili i luoghi abitati, ma disprezzati e ignorati\u201d, ricorda uno dei protagonisti, Vittore Fossati, su la Repubblica, 10 novembre).<\/p>\n<p>Il ritratto che ne emerge, con tutte le naturali differenze di cultura e di stile degli autori, \u00e8 quello di un paese carico di contrasti e aspetti controversi, con un paesaggio connotato da un\u2019emozionante bellezza ma anche segnato da laceranti devastazioni. E con una particolare capacit\u00e0 di tenere insieme cultura e intraprendenza, egoismi localistici e solidariet\u00e0, benessere diffuso e intollerabili povert\u00e0, economiche e di spirito.<\/p>\n<p>Un capitale sociale robusto comunque. Il ritratto mobile di una straordinaria umanit\u00e0.<\/p>\n<p>Il luogo comune dell\u2019Italia come \u201c<strong>museo a cielo aperto<\/strong>\u201d non rende giustizia di questa speciale condizione geografica, culturale, economica. E ha ragione <strong>Andrea Carandini<\/strong>, grande archeologo e storico dell\u2019arte, quando critica quella definizione (Corriere della Sera, 7 novembre) e spiega che il paese \u00e8 piuttosto \u201c<strong>un enorme contesto a cielo aperto, tra i pi\u00f9 belli del mondo<\/strong>\u201d. Contesto di interventi diversi, parti di una storia da raccontare. Nei suoi tanti aspetti. \u201cLe nostre citt\u00e0 &#8211; insiste Carandini, rivolgendosi al ministro della Cultura Giuli &#8211; sono contesti vivi. Ciascuna merita un museo che la spieghi. Partiamo da Roma e Napoli\u201d.<\/p>\n<p>Ecco il punto. Si ragiona, da tempo, sul valore economico della cultura, sui nessi tra patrimonio culturale e attrattivit\u00e0 turistica, sulle caratteristiche speciali che legano i territori alle imprese. E vale la pena, proprio adesso, dopo le polemiche estive sull\u2019<strong>overtourism<\/strong> e gli stravolgimenti delle principali citt\u00e0 d\u2019arte e le attese inquiete, a Roma, dei 35 milioni di pellegrini del Giubileo, provare a ragionare sulle caratteristiche del paesaggio italiano, cos\u00ec fortemente antropizzato ma anche cos\u00ec ricco e vario e sui valori della cultura d\u2019impresa come cultura sostenibile, dal punto di vista ambientale e sociale e come <strong>motore di sviluppo equilibrato<\/strong>.<\/p>\n<p>Una cultura che vale una quota considerevole del nostro Pil ma anche e soprattutto incide positivamente sui valori del <strong>Bes<\/strong>, l\u2019indicatore del \u201cbenessere equo e sostenibile\u201d messo a punto dall\u2019<strong>Istat<\/strong> per quantificare il valore della qualit\u00e0 della vita (su cui pesano conoscenza, istruzione, salute, relazioni sociali positive).<\/p>\n<p>Il sistema produttivo culturale e creativo, calcola il Rapporto \u201cIo sono cultura\u201d messo a. Punto da <strong>Symbola<\/strong>, <strong>Unioncamere, Centro Studi Tagliacarne e Deloitte<\/strong>, conta nel 2023 un valore aggiunto di <strong>104,3 miliardi<\/strong> di euro (in crescita del 5,5% sull\u2019anno precedente) e d\u00e0 lavoro a<strong> 1,5 milioni di addetti<\/strong>. Con un moltiplicatore di <strong>1,8<\/strong> in settori economici diversi, come i trasporti e il turismo, si generano altri <strong>192,6 miliardi.<\/strong> Il totale, tra ricchezza diretta della cultura e indiretta, arriva a<strong> 296,9 miliardi<\/strong>. Il <strong>15,8%<\/strong> del Pil italiano.<\/p>\n<p>Secondo <strong>Banca Ifis<\/strong>, nel suo studio recente sulla <strong>Economia della Bellezza, arte e cultura<\/strong> sono asset strategici per la competitivit\u00e0. Le imprese del settore sono 732 e producono 192 miliardi di ricavi annui.<\/p>\n<p>Comunque si calcolino i valori dell\u2019industria culturale e artistica (secondo Symbola ne fa parte anche l\u2019industria dei giochi), l\u2019incidenza sulla ricchezza nazionale \u00e8 rilevante. E il rapporto con l\u2019attrattivit\u00e0 del sistema Paese nel suo complesso \u00e8 di tutto rispetto.<\/p>\n<p>Ma torniamo a guardare in particolare al turismo. \u201cNegli ultimi dieci anni la motivazione di vacanza legata alla fruizione del patrimonio culturale \u00e8 passata del settimo al primo posto, facendo presa soprattutto sulla domanda turistica internazionale, che \u00e8 il 55% e su quella pi\u00f9 altospendente\u201d, sostiene <strong>Loretta Credaro<\/strong>, presidente di <strong>Isnart, l\u2019Istituto nazionale ricerche turistiche<\/strong> (Il Messaggero, 7 novembre). Un turismo attento ai territori, alle esperienze anche culturali legate s\u00ec all\u2019arte ma pure alla cucina, al vino, al design, alla moda e agli altri prodotti del made in Italy. E sensibile agli aspetti umani e sociali della qualit\u00e0 dell\u2019ospitalit\u00e0.<\/p>\n<p>Si muove in questo contesto, appunto, pure l\u2019idea del <strong>turismo industrial<\/strong>e come parte del capitolo del turismo culturale, facendo leva sui musei d\u2019impresa e gli archivi storici aziendali, riuniti in <strong>Museimpresa<\/strong> (150 aderenti, tra imprese grandi, medie e piccole e sostenitori istituzionali, come per esempio l\u2019Archivio dei Cavalieri del Lavoro). <strong>Storia d\u2019impresa<\/strong>. Non solo e non tanto come orgoglio per un passato d\u2019ingegno, impegno, lavoro, creativit\u00e0. Ma soprattutto come asset di competitivit\u00e0, come leva di identit\u00e0 per affermarsi su mercati internazionali molto selettivi e come stimolo d\u2019innovazione.<\/p>\n<p>In tempi di cambiamenti e grandi transizioni, infatti, lavorare sulla memoria del nostro passato e sulla valorizzazione dell\u2019enorme patrimonio culturale e industriale italiano \u00e8 un modo per testimoniare di essere parte di una cittadinanza attiva che consente di pensare alla qualit\u00e0 dello sviluppo e alla sua inclusivit\u00e0. Il saper fare italiano \u00e8 un punto distintivo, un dato etico del lavoro sul quale vale la pena concentrare la nostra attenzione.<\/p>\n<p>Nei nostri musei e archivi d\u2019impresa c\u2019\u00e8, appunto, la storia di donne e di uomini che hanno saputo, di fronte alle sfide del tempo che cambia e anche in condizioni di grande difficolt\u00e0, dare una risposta produttiva e commerciale ancora attuale, come dimostrano i dati di un export ancora forte, robusto. E queste testimonianze possono essere elemento di attrattivit\u00e0 e stimolo anche per le ragazze e i ragazzi che possono capire come le nostre imprese siano gli ambienti ideali per realizzare i loro progetti, fare valere la loro intraprendenza e la loro creativit\u00e0.<\/p>\n<p>Se il turismo stimola conoscenza, il turismo industriale nei territori del made in Italy pu\u00f2 avere un ruolo importante anche per imprese perennemente in cerca di persone di qualit\u00e0.<\/p>\n<p>I dati di un\u2019indagine condotta da<strong> Nomisma<\/strong> per Museimpresa documenta che <strong>quasi 6 milioni di italiani<\/strong> (5,8 milioni, per l\u2019esattezza), negli ultimi quattro anni, hanno visitato un <strong>museo d\u2019impresa<\/strong>, un archivio storico aziendale o un luogo d\u2019archeologia industriale. Sono stati mossi dal desiderio di capire meglio cosa c\u2019\u00e8 dietro gli oggetti icone del miglior made in Italy, di conoscere la storia delle imprese e l\u2019arte e il design collegati, di sapere quali siano i rapporti tra industrie e territori. Sono giovani (la maggior parte hanno fra i <strong>30 e i 44 anni<\/strong>), con un alto livello di istruzione, vengono soprattutto dalle regioni del Nord. E giudicano l\u2019esperienza fatta \u201ceducativa e formativa\u201d. E fra i 34milioni di italiani che, appunto negli ultimi quattro anni, hanno fatto un viaggio o almeno una gita fuori porta, oltre al 17% che ha gi\u00e0 visto un museo d\u2019impresa, c\u2019\u00e8 un buon 21% che volentieri ci andrebbe. Una occasione interessante per sviluppare il \u201cturismo industriale\u201d, dunque. E una prospettiva quanto mai stimolante per chi ha a cuore la conoscenza della storia economica, il rilancio della cultura d\u2019impresa e una pi\u00f9 diffusa e responsabile comprensione del ruolo delle nostre aziende manifatturiere e dei servizi per migliorare lo sviluppo economico del nostro paese.<\/p>\n<p>I musei pi\u00f9 frequentati? Quello della <strong>Ferrari<\/strong> a Maranello, seguito dal <strong>Villaggio Crespi d\u2019Adda<\/strong> in provincia di Bergamo, dal <strong>Museo storico Alfa Romeo<\/strong> ad Arese, dal<strong> Museo Lavazza<\/strong> a Torino e dall\u2019<strong>Archivio Storico Olivetti<\/strong> a Ivrea. C\u2019\u00e8 spazio per crescere e valorizzare altre realt\u00e0 un po\u2019 in tutta Italia.<\/p>\n<p>Il <strong>paesaggio industriale<\/strong> e il <strong>paesaggio culturale<\/strong> sono, insomma, parti dello stesso paesaggio. E con attenzione e rispetto ambientale e sociale possono fare da sempre pi\u00f9 solido motore di sviluppo. Di ricchezza diffusa. Di buona economia.<\/p><p>(foto Getty Images)<\/p>\n","protected":false},"excerpt":{"rendered":"<p>Il viaggio in Italia \u00e8 un rito, di formazione e conoscenza, rilettura della storia e immaginazione del futuro. La riprova sta nelle pagine del Grand Tour di Goethe, Hou\u00ebl, Tocqueville e Dumas e in quelle pi\u00f9 recenti di Alberto Arbasino nelle tante edizioni di \u201cFratelli d\u2019Italia\u201d. Ma anche nelle esemplari inchieste giornalistiche negli anni Cinquanta [&hellip;]<\/p>\n","protected":false},"author":1,"featured_media":102456,"comment_status":"open","ping_status":"open","sticky":false,"template":"","format":"standard","meta":{"footnotes":""},"categories":[53,52],"tags":[],"class_list":["post-102455","post","type-post","status-publish","format-standard","has-post-thumbnail","hentry","category-blog","category-cultura-dimpresa"],"acf":[],"yoast_head":"<!-- This site is optimized with the Yoast SEO plugin v25.0 - https:\/\/yoast.com\/wordpress\/plugins\/seo\/ -->\n<title>Viaggio in Italia: motore di conoscenza e sviluppo grazie ai valori del turismo culturale e industriale - Fondazione Pirelli<\/title>\n<meta name=\"robots\" content=\"index, follow, max-snippet:-1, max-image-preview:large, max-video-preview:-1\" \/>\n<link rel=\"canonical\" href=\"https:\/\/www.fondazionepirelli.org\/it\/cultura-dimpresa\/blog\/viaggio-in-italia-motore-di-conoscenza-e-sviluppo-grazie-ai-valori-del-turismo-culturale-e-industriale\/\" \/>\n<meta property=\"og:locale\" content=\"it_IT\" \/>\n<meta property=\"og:type\" content=\"article\" \/>\n<meta property=\"og:title\" content=\"Viaggio in Italia: motore di conoscenza e sviluppo grazie ai valori del turismo culturale e industriale - Fondazione Pirelli\" \/>\n<meta property=\"og:description\" content=\"Il viaggio in Italia \u00e8 un rito, di formazione e conoscenza, rilettura della storia e immaginazione del futuro. La riprova sta nelle pagine del Grand Tour di Goethe, Hou\u00ebl, Tocqueville e Dumas e in quelle pi\u00f9 recenti di Alberto Arbasino nelle tante edizioni di \u201cFratelli d\u2019Italia\u201d. Ma anche nelle esemplari inchieste giornalistiche negli anni Cinquanta [&hellip;]\" \/>\n<meta property=\"og:url\" content=\"https:\/\/www.fondazionepirelli.org\/it\/cultura-dimpresa\/blog\/viaggio-in-italia-motore-di-conoscenza-e-sviluppo-grazie-ai-valori-del-turismo-culturale-e-industriale\/\" \/>\n<meta property=\"og:site_name\" content=\"Fondazione Pirelli\" \/>\n<meta property=\"article:published_time\" content=\"2024-11-12T09:15:59+00:00\" \/>\n<meta property=\"article:modified_time\" content=\"2024-11-12T13:53:48+00:00\" \/>\n<meta property=\"og:image\" content=\"https:\/\/wpsite-assets.fondazionepirelli.org\/wp-content\/uploads\/2024\/11\/12101454\/GettyImages-2167524922-scaled.jpg\" \/>\n\t<meta property=\"og:image:width\" content=\"2560\" \/>\n\t<meta property=\"og:image:height\" content=\"1707\" \/>\n\t<meta property=\"og:image:type\" content=\"image\/jpeg\" \/>\n<meta name=\"author\" content=\"fondadmin\" \/>\n<meta name=\"twitter:card\" content=\"summary_large_image\" \/>\n<meta name=\"twitter:label1\" content=\"Scritto da\" \/>\n\t<meta name=\"twitter:data1\" content=\"fondadmin\" \/>\n\t<meta name=\"twitter:label2\" content=\"Tempo di lettura stimato\" \/>\n\t<meta name=\"twitter:data2\" content=\"6 minuti\" \/>\n<script type=\"application\/ld+json\" class=\"yoast-schema-graph\">{\"@context\":\"https:\/\/schema.org\",\"@graph\":[{\"@type\":\"WebPage\",\"@id\":\"https:\/\/www.fondazionepirelli.org\/it\/cultura-dimpresa\/blog\/viaggio-in-italia-motore-di-conoscenza-e-sviluppo-grazie-ai-valori-del-turismo-culturale-e-industriale\/\",\"url\":\"https:\/\/www.fondazionepirelli.org\/it\/cultura-dimpresa\/blog\/viaggio-in-italia-motore-di-conoscenza-e-sviluppo-grazie-ai-valori-del-turismo-culturale-e-industriale\/\",\"name\":\"Viaggio in Italia: motore di conoscenza e sviluppo grazie ai valori del turismo culturale e industriale - Fondazione Pirelli\",\"isPartOf\":{\"@id\":\"https:\/\/www.fondazionepirelli.org\/it\/#website\"},\"primaryImageOfPage\":{\"@id\":\"https:\/\/www.fondazionepirelli.org\/it\/cultura-dimpresa\/blog\/viaggio-in-italia-motore-di-conoscenza-e-sviluppo-grazie-ai-valori-del-turismo-culturale-e-industriale\/#primaryimage\"},\"image\":{\"@id\":\"https:\/\/www.fondazionepirelli.org\/it\/cultura-dimpresa\/blog\/viaggio-in-italia-motore-di-conoscenza-e-sviluppo-grazie-ai-valori-del-turismo-culturale-e-industriale\/#primaryimage\"},\"thumbnailUrl\":\"https:\/\/wpsite-assets.fondazionepirelli.org\/wp-content\/uploads\/2024\/11\/12101454\/GettyImages-2167524922-scaled.jpg\",\"datePublished\":\"2024-11-12T09:15:59+00:00\",\"dateModified\":\"2024-11-12T13:53:48+00:00\",\"author\":{\"@id\":\"https:\/\/www.fondazionepirelli.org\/it\/#\/schema\/person\/f47d097000832c4a6e54538c791fdf25\"},\"breadcrumb\":{\"@id\":\"https:\/\/www.fondazionepirelli.org\/it\/cultura-dimpresa\/blog\/viaggio-in-italia-motore-di-conoscenza-e-sviluppo-grazie-ai-valori-del-turismo-culturale-e-industriale\/#breadcrumb\"},\"inLanguage\":\"it-IT\",\"potentialAction\":[{\"@type\":\"ReadAction\",\"target\":[\"https:\/\/www.fondazionepirelli.org\/it\/cultura-dimpresa\/blog\/viaggio-in-italia-motore-di-conoscenza-e-sviluppo-grazie-ai-valori-del-turismo-culturale-e-industriale\/\"]}]},{\"@type\":\"ImageObject\",\"inLanguage\":\"it-IT\",\"@id\":\"https:\/\/www.fondazionepirelli.org\/it\/cultura-dimpresa\/blog\/viaggio-in-italia-motore-di-conoscenza-e-sviluppo-grazie-ai-valori-del-turismo-culturale-e-industriale\/#primaryimage\",\"url\":\"https:\/\/wpsite-assets.fondazionepirelli.org\/wp-content\/uploads\/2024\/11\/12101454\/GettyImages-2167524922-scaled.jpg\",\"contentUrl\":\"https:\/\/wpsite-assets.fondazionepirelli.org\/wp-content\/uploads\/2024\/11\/12101454\/GettyImages-2167524922-scaled.jpg\",\"width\":2560,\"height\":1707,\"caption\":\"Photo taken in Palmanova, Italy\"},{\"@type\":\"BreadcrumbList\",\"@id\":\"https:\/\/www.fondazionepirelli.org\/it\/cultura-dimpresa\/blog\/viaggio-in-italia-motore-di-conoscenza-e-sviluppo-grazie-ai-valori-del-turismo-culturale-e-industriale\/#breadcrumb\",\"itemListElement\":[{\"@type\":\"ListItem\",\"position\":1,\"name\":\"Home\",\"item\":\"https:\/\/www.fondazionepirelli.org\/it\/\"},{\"@type\":\"ListItem\",\"position\":2,\"name\":\"Viaggio in Italia: motore di conoscenza e sviluppo grazie ai valori del turismo culturale e industriale\"}]},{\"@type\":\"WebSite\",\"@id\":\"https:\/\/www.fondazionepirelli.org\/it\/#website\",\"url\":\"https:\/\/www.fondazionepirelli.org\/it\/\",\"name\":\"Fondazione Pirelli\",\"description\":\"\",\"potentialAction\":[{\"@type\":\"SearchAction\",\"target\":{\"@type\":\"EntryPoint\",\"urlTemplate\":\"https:\/\/www.fondazionepirelli.org\/it\/?s={search_term_string}\"},\"query-input\":{\"@type\":\"PropertyValueSpecification\",\"valueRequired\":true,\"valueName\":\"search_term_string\"}}],\"inLanguage\":\"it-IT\"},{\"@type\":\"Person\",\"@id\":\"https:\/\/www.fondazionepirelli.org\/it\/#\/schema\/person\/f47d097000832c4a6e54538c791fdf25\",\"name\":\"fondadmin\",\"image\":{\"@type\":\"ImageObject\",\"inLanguage\":\"it-IT\",\"@id\":\"https:\/\/www.fondazionepirelli.org\/it\/#\/schema\/person\/image\/\",\"url\":\"https:\/\/secure.gravatar.com\/avatar\/e69498a9175ca244966e51e53c88712c024fcebe41f9a05f75657f1bb25e489b?s=96&d=mm&r=g\",\"contentUrl\":\"https:\/\/secure.gravatar.com\/avatar\/e69498a9175ca244966e51e53c88712c024fcebe41f9a05f75657f1bb25e489b?s=96&d=mm&r=g\",\"caption\":\"fondadmin\"},\"url\":\"https:\/\/www.fondazionepirelli.org\/it\/author\/fondadmin\/\"}]}<\/script>\n<!-- \/ Yoast SEO plugin. -->","yoast_head_json":{"title":"Viaggio in Italia: motore di conoscenza e sviluppo grazie ai valori del turismo culturale e industriale - Fondazione Pirelli","robots":{"index":"index","follow":"follow","max-snippet":"max-snippet:-1","max-image-preview":"max-image-preview:large","max-video-preview":"max-video-preview:-1"},"canonical":"https:\/\/www.fondazionepirelli.org\/it\/cultura-dimpresa\/blog\/viaggio-in-italia-motore-di-conoscenza-e-sviluppo-grazie-ai-valori-del-turismo-culturale-e-industriale\/","og_locale":"it_IT","og_type":"article","og_title":"Viaggio in Italia: motore di conoscenza e sviluppo grazie ai valori del turismo culturale e industriale - Fondazione Pirelli","og_description":"Il viaggio in Italia \u00e8 un rito, di formazione e conoscenza, rilettura della storia e immaginazione del futuro. La riprova sta nelle pagine del Grand Tour di Goethe, Hou\u00ebl, Tocqueville e Dumas e in quelle pi\u00f9 recenti di Alberto Arbasino nelle tante edizioni di \u201cFratelli d\u2019Italia\u201d. Ma anche nelle esemplari inchieste giornalistiche negli anni Cinquanta [&hellip;]","og_url":"https:\/\/www.fondazionepirelli.org\/it\/cultura-dimpresa\/blog\/viaggio-in-italia-motore-di-conoscenza-e-sviluppo-grazie-ai-valori-del-turismo-culturale-e-industriale\/","og_site_name":"Fondazione Pirelli","article_published_time":"2024-11-12T09:15:59+00:00","article_modified_time":"2024-11-12T13:53:48+00:00","og_image":[{"width":2560,"height":1707,"url":"https:\/\/wpsite-assets.fondazionepirelli.org\/wp-content\/uploads\/2024\/11\/12101454\/GettyImages-2167524922-scaled.jpg","type":"image\/jpeg"}],"author":"fondadmin","twitter_card":"summary_large_image","twitter_misc":{"Scritto da":"fondadmin","Tempo di lettura stimato":"6 minuti"},"schema":{"@context":"https:\/\/schema.org","@graph":[{"@type":"WebPage","@id":"https:\/\/www.fondazionepirelli.org\/it\/cultura-dimpresa\/blog\/viaggio-in-italia-motore-di-conoscenza-e-sviluppo-grazie-ai-valori-del-turismo-culturale-e-industriale\/","url":"https:\/\/www.fondazionepirelli.org\/it\/cultura-dimpresa\/blog\/viaggio-in-italia-motore-di-conoscenza-e-sviluppo-grazie-ai-valori-del-turismo-culturale-e-industriale\/","name":"Viaggio in Italia: motore di conoscenza e sviluppo grazie ai valori del turismo culturale e industriale - Fondazione Pirelli","isPartOf":{"@id":"https:\/\/www.fondazionepirelli.org\/it\/#website"},"primaryImageOfPage":{"@id":"https:\/\/www.fondazionepirelli.org\/it\/cultura-dimpresa\/blog\/viaggio-in-italia-motore-di-conoscenza-e-sviluppo-grazie-ai-valori-del-turismo-culturale-e-industriale\/#primaryimage"},"image":{"@id":"https:\/\/www.fondazionepirelli.org\/it\/cultura-dimpresa\/blog\/viaggio-in-italia-motore-di-conoscenza-e-sviluppo-grazie-ai-valori-del-turismo-culturale-e-industriale\/#primaryimage"},"thumbnailUrl":"https:\/\/wpsite-assets.fondazionepirelli.org\/wp-content\/uploads\/2024\/11\/12101454\/GettyImages-2167524922-scaled.jpg","datePublished":"2024-11-12T09:15:59+00:00","dateModified":"2024-11-12T13:53:48+00:00","author":{"@id":"https:\/\/www.fondazionepirelli.org\/it\/#\/schema\/person\/f47d097000832c4a6e54538c791fdf25"},"breadcrumb":{"@id":"https:\/\/www.fondazionepirelli.org\/it\/cultura-dimpresa\/blog\/viaggio-in-italia-motore-di-conoscenza-e-sviluppo-grazie-ai-valori-del-turismo-culturale-e-industriale\/#breadcrumb"},"inLanguage":"it-IT","potentialAction":[{"@type":"ReadAction","target":["https:\/\/www.fondazionepirelli.org\/it\/cultura-dimpresa\/blog\/viaggio-in-italia-motore-di-conoscenza-e-sviluppo-grazie-ai-valori-del-turismo-culturale-e-industriale\/"]}]},{"@type":"ImageObject","inLanguage":"it-IT","@id":"https:\/\/www.fondazionepirelli.org\/it\/cultura-dimpresa\/blog\/viaggio-in-italia-motore-di-conoscenza-e-sviluppo-grazie-ai-valori-del-turismo-culturale-e-industriale\/#primaryimage","url":"https:\/\/wpsite-assets.fondazionepirelli.org\/wp-content\/uploads\/2024\/11\/12101454\/GettyImages-2167524922-scaled.jpg","contentUrl":"https:\/\/wpsite-assets.fondazionepirelli.org\/wp-content\/uploads\/2024\/11\/12101454\/GettyImages-2167524922-scaled.jpg","width":2560,"height":1707,"caption":"Photo taken in Palmanova, Italy"},{"@type":"BreadcrumbList","@id":"https:\/\/www.fondazionepirelli.org\/it\/cultura-dimpresa\/blog\/viaggio-in-italia-motore-di-conoscenza-e-sviluppo-grazie-ai-valori-del-turismo-culturale-e-industriale\/#breadcrumb","itemListElement":[{"@type":"ListItem","position":1,"name":"Home","item":"https:\/\/www.fondazionepirelli.org\/it\/"},{"@type":"ListItem","position":2,"name":"Viaggio in Italia: motore di conoscenza e sviluppo grazie ai valori del turismo culturale e industriale"}]},{"@type":"WebSite","@id":"https:\/\/www.fondazionepirelli.org\/it\/#website","url":"https:\/\/www.fondazionepirelli.org\/it\/","name":"Fondazione Pirelli","description":"","potentialAction":[{"@type":"SearchAction","target":{"@type":"EntryPoint","urlTemplate":"https:\/\/www.fondazionepirelli.org\/it\/?s={search_term_string}"},"query-input":{"@type":"PropertyValueSpecification","valueRequired":true,"valueName":"search_term_string"}}],"inLanguage":"it-IT"},{"@type":"Person","@id":"https:\/\/www.fondazionepirelli.org\/it\/#\/schema\/person\/f47d097000832c4a6e54538c791fdf25","name":"fondadmin","image":{"@type":"ImageObject","inLanguage":"it-IT","@id":"https:\/\/www.fondazionepirelli.org\/it\/#\/schema\/person\/image\/","url":"https:\/\/secure.gravatar.com\/avatar\/e69498a9175ca244966e51e53c88712c024fcebe41f9a05f75657f1bb25e489b?s=96&d=mm&r=g","contentUrl":"https:\/\/secure.gravatar.com\/avatar\/e69498a9175ca244966e51e53c88712c024fcebe41f9a05f75657f1bb25e489b?s=96&d=mm&r=g","caption":"fondadmin"},"url":"https:\/\/www.fondazionepirelli.org\/it\/author\/fondadmin\/"}]}},"_links":{"self":[{"href":"https:\/\/www.fondazionepirelli.org\/it\/wp-json\/wp\/v2\/posts\/102455\/"}],"collection":[{"href":"https:\/\/www.fondazionepirelli.org\/it\/wp-json\/wp\/v2\/posts\/"}],"about":[{"href":"https:\/\/www.fondazionepirelli.org\/it\/wp-json\/wp\/v2\/types\/post\/"}],"author":[{"embeddable":true,"href":"https:\/\/www.fondazionepirelli.org\/it\/wp-json\/wp\/v2\/users\/1\/"}],"replies":[{"embeddable":true,"href":"https:\/\/www.fondazionepirelli.org\/it\/wp-json\/wp\/v2\/comments\/?post=102455"}],"version-history":[{"count":4,"href":"https:\/\/www.fondazionepirelli.org\/it\/wp-json\/wp\/v2\/posts\/102455\/revisions\/"}],"predecessor-version":[{"id":102469,"href":"https:\/\/www.fondazionepirelli.org\/it\/wp-json\/wp\/v2\/posts\/102455\/revisions\/102469\/"}],"wp:featuredmedia":[{"embeddable":true,"href":"https:\/\/www.fondazionepirelli.org\/it\/wp-json\/wp\/v2\/media\/102456\/"}],"wp:attachment":[{"href":"https:\/\/www.fondazionepirelli.org\/it\/wp-json\/wp\/v2\/media\/?parent=102455"}],"wp:term":[{"taxonomy":"category","embeddable":true,"href":"https:\/\/www.fondazionepirelli.org\/it\/wp-json\/wp\/v2\/categories\/?post=102455"},{"taxonomy":"post_tag","embeddable":true,"href":"https:\/\/www.fondazionepirelli.org\/it\/wp-json\/wp\/v2\/tags\/?post=102455"}],"curies":[{"name":"wp","href":"https:\/\/api.w.org\/{rel}","templated":true}]}}