{"id":102705,"date":"2024-12-03T11:23:40","date_gmt":"2024-12-03T10:23:40","guid":{"rendered":"https:\/\/www.fondazionepirelli.org\/?p=102705"},"modified":"2024-12-03T11:23:40","modified_gmt":"2024-12-03T10:23:40","slug":"persone-per-far-crescere-le-imprese","status":"publish","type":"post","link":"https:\/\/www.fondazionepirelli.org\/it\/cultura-dimpresa\/recensioni-libri\/persone-per-far-crescere-le-imprese\/","title":{"rendered":"Persone per far crescere le imprese"},"content":{"rendered":"<p><em>L\u2019evoluzione del mestiere di responsabile del personale<\/em><\/p><p>Imprese e quindi persone. Anzi, prima persone e poi imprese. Perch\u00e9 nessuna impresa pu\u00f2 esistere \u2013 a lungo e bene \u2013 senza un attento coinvolgimento delle persone che vi lavorano (a pi\u00f9 livelli e con responsabilit\u00e0 diverse).<\/p>\n<p>Lavorare con le persone non \u00e8 tuttavia cosa facile. Per questo il mestiere del responsabile del personale non solo \u00e8 tra i pi\u00f9 complessi all\u2019interno di una organizzazione della produzione, ma \u00e8 anche tra quelli in continuo cambiamento.<\/p>\n<p>\u00c8 attorno a queste idee che ragionano Franco Civelli e Daniele Manara con il loro \u201cI nuovi paradigmi dell&#8217;HR manager. Evoluzione di una professione nel mondo del lavoro che cambia\u201d. Il libro cerca di rispondere ad una domanda: cosa fa, oggi, e cosa far\u00e0 domani un HR manager? Perch\u00e9, diversamente da prima, \u00e8 parere degli autori che oggi la funzione HR abbia l\u2019occasione di conquistare una posizione di primo piano nelle gerarchie aziendali. Una prospettiva che deriva proprio da quanto si diceva all\u2019inizio: l\u2019importanza delle persone all\u2019interno delle aziende. Per questo, la responsabilit\u00e0 di HR avr\u00e0 sempre pi\u00f9 rilevanza per le \u00a0organizzazioni, perch\u00e9 \u00e8 a questa responsabilit\u00e0 che sar\u00e0 affidato il compito di promuovere lo sviluppo continuo delle persone. Si tratta di un cambio della stessa cultura del produrre che passa dai numeri e dalle tabelle a qualcosa di diverso.<\/p>\n<p>Il libro quindi dopo aver analizzato storia e realt\u00e0 dell\u2019HR si propone come una guida per quanti decideranno di scegliere la professione di gestori di risorse umane e pu\u00f2 offrire, qualche suggerimento agli imprenditori su come promuovere motivazione, coinvolgimento e partecipazione in azienda. Da leggere e soprattutto da usare.<\/p><p><strong>I nuovi paradigmi dell&#8217;HR manager. Evoluzione di una professione nel mondo del lavoro che cambia<br \/>\n<\/strong><\/p>\n<p>Franco Civelli, Daniele Manara<\/p>\n<p>PostEditori, 2024<\/p>\n","protected":false},"excerpt":{"rendered":"<p>L\u2019evoluzione del mestiere di responsabile del personaleImprese e quindi persone. Anzi, prima persone e poi imprese. Perch\u00e9 nessuna impresa pu\u00f2 esistere \u2013 a lungo e bene \u2013 senza un attento coinvolgimento delle persone che vi lavorano (a pi\u00f9 livelli e con responsabilit\u00e0 diverse). Lavorare con le persone non \u00e8 tuttavia cosa facile. Per questo il [&hellip;]<\/p>\n","protected":false},"author":1,"featured_media":102706,"comment_status":"open","ping_status":"open","sticky":false,"template":"","format":"standard","meta":{"footnotes":""},"categories":[52,58],"tags":[],"class_list":["post-102705","post","type-post","status-publish","format-standard","has-post-thumbnail","hentry","category-cultura-dimpresa","category-recensioni-libri"],"acf":[],"yoast_head":"<!-- This site is optimized with the Yoast SEO plugin v25.0 - https:\/\/yoast.com\/wordpress\/plugins\/seo\/ -->\n<title>Persone per far crescere le imprese - Fondazione Pirelli<\/title>\n<meta name=\"robots\" content=\"index, follow, max-snippet:-1, max-image-preview:large, max-video-preview:-1\" \/>\n<link rel=\"canonical\" href=\"https:\/\/www.fondazionepirelli.org\/it\/cultura-dimpresa\/recensioni-libri\/persone-per-far-crescere-le-imprese\/\" \/>\n<meta property=\"og:locale\" content=\"it_IT\" \/>\n<meta property=\"og:type\" content=\"article\" \/>\n<meta property=\"og:title\" content=\"Persone per far crescere le imprese - Fondazione Pirelli\" \/>\n<meta property=\"og:description\" content=\"L\u2019evoluzione del mestiere di responsabile del personaleImprese e quindi persone. Anzi, prima persone e poi imprese. Perch\u00e9 nessuna impresa pu\u00f2 esistere \u2013 a lungo e bene \u2013 senza un attento coinvolgimento delle persone che vi lavorano (a pi\u00f9 livelli e con responsabilit\u00e0 diverse). Lavorare con le persone non \u00e8 tuttavia cosa facile. Per questo il [&hellip;]\" \/>\n<meta property=\"og:url\" content=\"https:\/\/127.0.0.1\/it\/cultura-dimpresa\/recensioni-libri\/persone-per-far-crescere-le-imprese\/\" \/>\n<meta property=\"og:site_name\" content=\"Fondazione Pirelli\" \/>\n<meta property=\"article:published_time\" content=\"2024-12-03T10:23:40+00:00\" \/>\n<meta property=\"og:image\" content=\"https:\/\/wpsite-assets.fondazionepirelli.org\/wp-content\/uploads\/2024\/12\/03093556\/IMG_0086.jpeg\" \/>\n\t<meta property=\"og:image:width\" content=\"488\" \/>\n\t<meta property=\"og:image:height\" content=\"796\" \/>\n\t<meta property=\"og:image:type\" content=\"image\/jpeg\" \/>\n<meta name=\"author\" content=\"fondadmin\" \/>\n<meta name=\"twitter:card\" content=\"summary_large_image\" \/>\n<meta name=\"twitter:label1\" content=\"Scritto da\" \/>\n\t<meta name=\"twitter:data1\" content=\"fondadmin\" \/>\n\t<meta name=\"twitter:label2\" content=\"Tempo di lettura stimato\" \/>\n\t<meta name=\"twitter:data2\" content=\"1 minuto\" \/>\n<script type=\"application\/ld+json\" class=\"yoast-schema-graph\">{\"@context\":\"https:\/\/schema.org\",\"@graph\":[{\"@type\":\"WebPage\",\"@id\":\"https:\/\/127.0.0.1\/it\/cultura-dimpresa\/recensioni-libri\/persone-per-far-crescere-le-imprese\/\",\"url\":\"https:\/\/127.0.0.1\/it\/cultura-dimpresa\/recensioni-libri\/persone-per-far-crescere-le-imprese\/\",\"name\":\"Persone per far crescere le imprese - Fondazione Pirelli\",\"isPartOf\":{\"@id\":\"https:\/\/www.fondazionepirelli.org\/it\/#website\"},\"primaryImageOfPage\":{\"@id\":\"https:\/\/127.0.0.1\/it\/cultura-dimpresa\/recensioni-libri\/persone-per-far-crescere-le-imprese\/#primaryimage\"},\"image\":{\"@id\":\"https:\/\/127.0.0.1\/it\/cultura-dimpresa\/recensioni-libri\/persone-per-far-crescere-le-imprese\/#primaryimage\"},\"thumbnailUrl\":\"https:\/\/wpsite-assets.fondazionepirelli.org\/wp-content\/uploads\/2024\/12\/03093556\/IMG_0086.jpeg\",\"datePublished\":\"2024-12-03T10:23:40+00:00\",\"author\":{\"@id\":\"https:\/\/www.fondazionepirelli.org\/it\/#\/schema\/person\/f47d097000832c4a6e54538c791fdf25\"},\"breadcrumb\":{\"@id\":\"https:\/\/127.0.0.1\/it\/cultura-dimpresa\/recensioni-libri\/persone-per-far-crescere-le-imprese\/#breadcrumb\"},\"inLanguage\":\"it-IT\",\"potentialAction\":[{\"@type\":\"ReadAction\",\"target\":[\"https:\/\/127.0.0.1\/it\/cultura-dimpresa\/recensioni-libri\/persone-per-far-crescere-le-imprese\/\"]}]},{\"@type\":\"ImageObject\",\"inLanguage\":\"it-IT\",\"@id\":\"https:\/\/127.0.0.1\/it\/cultura-dimpresa\/recensioni-libri\/persone-per-far-crescere-le-imprese\/#primaryimage\",\"url\":\"https:\/\/wpsite-assets.fondazionepirelli.org\/wp-content\/uploads\/2024\/12\/03093556\/IMG_0086.jpeg\",\"contentUrl\":\"https:\/\/wpsite-assets.fondazionepirelli.org\/wp-content\/uploads\/2024\/12\/03093556\/IMG_0086.jpeg\",\"width\":488,\"height\":796},{\"@type\":\"BreadcrumbList\",\"@id\":\"https:\/\/127.0.0.1\/it\/cultura-dimpresa\/recensioni-libri\/persone-per-far-crescere-le-imprese\/#breadcrumb\",\"itemListElement\":[{\"@type\":\"ListItem\",\"position\":1,\"name\":\"Home\",\"item\":\"https:\/\/www.fondazionepirelli.org\/it\/\"},{\"@type\":\"ListItem\",\"position\":2,\"name\":\"Persone per far crescere le imprese\"}]},{\"@type\":\"WebSite\",\"@id\":\"https:\/\/www.fondazionepirelli.org\/it\/#website\",\"url\":\"https:\/\/www.fondazionepirelli.org\/it\/\",\"name\":\"Fondazione Pirelli\",\"description\":\"\",\"potentialAction\":[{\"@type\":\"SearchAction\",\"target\":{\"@type\":\"EntryPoint\",\"urlTemplate\":\"https:\/\/www.fondazionepirelli.org\/it\/?s={search_term_string}\"},\"query-input\":{\"@type\":\"PropertyValueSpecification\",\"valueRequired\":true,\"valueName\":\"search_term_string\"}}],\"inLanguage\":\"it-IT\"},{\"@type\":\"Person\",\"@id\":\"https:\/\/www.fondazionepirelli.org\/it\/#\/schema\/person\/f47d097000832c4a6e54538c791fdf25\",\"name\":\"fondadmin\",\"image\":{\"@type\":\"ImageObject\",\"inLanguage\":\"it-IT\",\"@id\":\"https:\/\/www.fondazionepirelli.org\/it\/#\/schema\/person\/image\/\",\"url\":\"https:\/\/secure.gravatar.com\/avatar\/e69498a9175ca244966e51e53c88712c024fcebe41f9a05f75657f1bb25e489b?s=96&d=mm&r=g\",\"contentUrl\":\"https:\/\/secure.gravatar.com\/avatar\/e69498a9175ca244966e51e53c88712c024fcebe41f9a05f75657f1bb25e489b?s=96&d=mm&r=g\",\"caption\":\"fondadmin\"},\"url\":\"https:\/\/www.fondazionepirelli.org\/it\/author\/fondadmin\/\"}]}<\/script>\n<!-- \/ Yoast SEO plugin. -->","yoast_head_json":{"title":"Persone per far crescere le imprese - Fondazione Pirelli","robots":{"index":"index","follow":"follow","max-snippet":"max-snippet:-1","max-image-preview":"max-image-preview:large","max-video-preview":"max-video-preview:-1"},"canonical":"https:\/\/www.fondazionepirelli.org\/it\/cultura-dimpresa\/recensioni-libri\/persone-per-far-crescere-le-imprese\/","og_locale":"it_IT","og_type":"article","og_title":"Persone per far crescere le imprese - Fondazione Pirelli","og_description":"L\u2019evoluzione del mestiere di responsabile del personaleImprese e quindi persone. Anzi, prima persone e poi imprese. Perch\u00e9 nessuna impresa pu\u00f2 esistere \u2013 a lungo e bene \u2013 senza un attento coinvolgimento delle persone che vi lavorano (a pi\u00f9 livelli e con responsabilit\u00e0 diverse). Lavorare con le persone non \u00e8 tuttavia cosa facile. Per questo il [&hellip;]","og_url":"https:\/\/127.0.0.1\/it\/cultura-dimpresa\/recensioni-libri\/persone-per-far-crescere-le-imprese\/","og_site_name":"Fondazione Pirelli","article_published_time":"2024-12-03T10:23:40+00:00","og_image":[{"width":488,"height":796,"url":"https:\/\/wpsite-assets.fondazionepirelli.org\/wp-content\/uploads\/2024\/12\/03093556\/IMG_0086.jpeg","type":"image\/jpeg"}],"author":"fondadmin","twitter_card":"summary_large_image","twitter_misc":{"Scritto da":"fondadmin","Tempo di lettura stimato":"1 minuto"},"schema":{"@context":"https:\/\/schema.org","@graph":[{"@type":"WebPage","@id":"https:\/\/127.0.0.1\/it\/cultura-dimpresa\/recensioni-libri\/persone-per-far-crescere-le-imprese\/","url":"https:\/\/127.0.0.1\/it\/cultura-dimpresa\/recensioni-libri\/persone-per-far-crescere-le-imprese\/","name":"Persone per far crescere le imprese - Fondazione Pirelli","isPartOf":{"@id":"https:\/\/www.fondazionepirelli.org\/it\/#website"},"primaryImageOfPage":{"@id":"https:\/\/127.0.0.1\/it\/cultura-dimpresa\/recensioni-libri\/persone-per-far-crescere-le-imprese\/#primaryimage"},"image":{"@id":"https:\/\/127.0.0.1\/it\/cultura-dimpresa\/recensioni-libri\/persone-per-far-crescere-le-imprese\/#primaryimage"},"thumbnailUrl":"https:\/\/wpsite-assets.fondazionepirelli.org\/wp-content\/uploads\/2024\/12\/03093556\/IMG_0086.jpeg","datePublished":"2024-12-03T10:23:40+00:00","author":{"@id":"https:\/\/www.fondazionepirelli.org\/it\/#\/schema\/person\/f47d097000832c4a6e54538c791fdf25"},"breadcrumb":{"@id":"https:\/\/127.0.0.1\/it\/cultura-dimpresa\/recensioni-libri\/persone-per-far-crescere-le-imprese\/#breadcrumb"},"inLanguage":"it-IT","potentialAction":[{"@type":"ReadAction","target":["https:\/\/127.0.0.1\/it\/cultura-dimpresa\/recensioni-libri\/persone-per-far-crescere-le-imprese\/"]}]},{"@type":"ImageObject","inLanguage":"it-IT","@id":"https:\/\/127.0.0.1\/it\/cultura-dimpresa\/recensioni-libri\/persone-per-far-crescere-le-imprese\/#primaryimage","url":"https:\/\/wpsite-assets.fondazionepirelli.org\/wp-content\/uploads\/2024\/12\/03093556\/IMG_0086.jpeg","contentUrl":"https:\/\/wpsite-assets.fondazionepirelli.org\/wp-content\/uploads\/2024\/12\/03093556\/IMG_0086.jpeg","width":488,"height":796},{"@type":"BreadcrumbList","@id":"https:\/\/127.0.0.1\/it\/cultura-dimpresa\/recensioni-libri\/persone-per-far-crescere-le-imprese\/#breadcrumb","itemListElement":[{"@type":"ListItem","position":1,"name":"Home","item":"https:\/\/www.fondazionepirelli.org\/it\/"},{"@type":"ListItem","position":2,"name":"Persone per far crescere le imprese"}]},{"@type":"WebSite","@id":"https:\/\/www.fondazionepirelli.org\/it\/#website","url":"https:\/\/www.fondazionepirelli.org\/it\/","name":"Fondazione Pirelli","description":"","potentialAction":[{"@type":"SearchAction","target":{"@type":"EntryPoint","urlTemplate":"https:\/\/www.fondazionepirelli.org\/it\/?s={search_term_string}"},"query-input":{"@type":"PropertyValueSpecification","valueRequired":true,"valueName":"search_term_string"}}],"inLanguage":"it-IT"},{"@type":"Person","@id":"https:\/\/www.fondazionepirelli.org\/it\/#\/schema\/person\/f47d097000832c4a6e54538c791fdf25","name":"fondadmin","image":{"@type":"ImageObject","inLanguage":"it-IT","@id":"https:\/\/www.fondazionepirelli.org\/it\/#\/schema\/person\/image\/","url":"https:\/\/secure.gravatar.com\/avatar\/e69498a9175ca244966e51e53c88712c024fcebe41f9a05f75657f1bb25e489b?s=96&d=mm&r=g","contentUrl":"https:\/\/secure.gravatar.com\/avatar\/e69498a9175ca244966e51e53c88712c024fcebe41f9a05f75657f1bb25e489b?s=96&d=mm&r=g","caption":"fondadmin"},"url":"https:\/\/www.fondazionepirelli.org\/it\/author\/fondadmin\/"}]}},"_links":{"self":[{"href":"https:\/\/www.fondazionepirelli.org\/it\/wp-json\/wp\/v2\/posts\/102705\/"}],"collection":[{"href":"https:\/\/www.fondazionepirelli.org\/it\/wp-json\/wp\/v2\/posts\/"}],"about":[{"href":"https:\/\/www.fondazionepirelli.org\/it\/wp-json\/wp\/v2\/types\/post\/"}],"author":[{"embeddable":true,"href":"https:\/\/www.fondazionepirelli.org\/it\/wp-json\/wp\/v2\/users\/1\/"}],"replies":[{"embeddable":true,"href":"https:\/\/www.fondazionepirelli.org\/it\/wp-json\/wp\/v2\/comments\/?post=102705"}],"version-history":[{"count":1,"href":"https:\/\/www.fondazionepirelli.org\/it\/wp-json\/wp\/v2\/posts\/102705\/revisions\/"}],"predecessor-version":[{"id":102708,"href":"https:\/\/www.fondazionepirelli.org\/it\/wp-json\/wp\/v2\/posts\/102705\/revisions\/102708\/"}],"wp:featuredmedia":[{"embeddable":true,"href":"https:\/\/www.fondazionepirelli.org\/it\/wp-json\/wp\/v2\/media\/102706\/"}],"wp:attachment":[{"href":"https:\/\/www.fondazionepirelli.org\/it\/wp-json\/wp\/v2\/media\/?parent=102705"}],"wp:term":[{"taxonomy":"category","embeddable":true,"href":"https:\/\/www.fondazionepirelli.org\/it\/wp-json\/wp\/v2\/categories\/?post=102705"},{"taxonomy":"post_tag","embeddable":true,"href":"https:\/\/www.fondazionepirelli.org\/it\/wp-json\/wp\/v2\/tags\/?post=102705"}],"curies":[{"name":"wp","href":"https:\/\/api.w.org\/{rel}","templated":true}]}}