{"id":102709,"date":"2024-12-03T11:22:43","date_gmt":"2024-12-03T10:22:43","guid":{"rendered":"https:\/\/www.fondazionepirelli.org\/?p=102709"},"modified":"2024-12-03T11:25:53","modified_gmt":"2024-12-03T10:25:53","slug":"milano-e-tuttaltro-che-violenta-e-fuori-controllo-ma-ai-divari-crescenti-vanno-date-risposte-solidali","status":"publish","type":"post","link":"https:\/\/www.fondazionepirelli.org\/it\/cultura-dimpresa\/blog\/milano-e-tuttaltro-che-violenta-e-fuori-controllo-ma-ai-divari-crescenti-vanno-date-risposte-solidali\/","title":{"rendered":"Milano \u00e8 tutt\u2019altro che violenta e \u201cfuori controllo\u201d ma ai divari crescenti vanno date risposte solidali"},"content":{"rendered":"<p>Milano, ovvero la via commerciale pi\u00f9 cara al mondo,\u00a0<strong style=\"font-style: inherit;\">Montenapoleone<\/strong>, con 20mila euro al metro quadro di canone commerciale annuale, pi\u00f9 che nell\u2019Upper 5th Avenue a New York, nella New Bond Street a Londra e nella Tsim Sha Tsui di Hong Kong (con un aumento del 30% in due anni). La ricchezza, i consumi opulenti, la grande moda.<\/p>\n<p><span style=\"font-style: inherit; font-weight: inherit;\">Milano, ovvero\u00a0<strong style=\"font-style: inherit;\">il Corvetto<\/strong>, periferia carica di tensioni sociali e proteste infiammate, preoccupazioni per il lavoro e il reddito, disagi legati alla difficile integrazione delle nuove generazioni e alle paure degli anziani.<\/span><\/p>\n<p><span style=\"font-style: inherit; font-weight: inherit;\">Ma si pu\u00f2 davvero raccontare soltanto cos\u00ec, Milano, in queste sintesi estreme ricavate dalle cronache degli ultimi giorni di novembre, con il cono di luce sparato sulle drammatiche divaricazioni economiche e sociali, tra le mille luci del lusso e la notte buia e dolorosa di chi fa sempre pi\u00f9 fatica per tirare a campare?<\/span><\/p>\n<p><span style=\"font-style: inherit; font-weight: inherit;\">Naturalmente no. Adesso che s\u2019\u00e8 un po\u2019 depositata la polvere delle polemiche sulla \u201crivolta del Corvetto\u201d o sulla \u201cpolveriera Corvetto\u201d (le frasi pi\u00f9 usate sui media, dopo la morte del giovane Ramy Elgam durante un inseguimento tra uno scooter e una \u201cgazzella\u201d dei carabinieri), vale la pena cercare di capire meglio quali siano gli aspetti pi\u00f9 evidenti e le radici profonde delle evoluzioni economiche e sociali che riguardano la metropoli (magari parlando anche di \u201cinvoluzioni\u201d) e che indicazioni trarre da una serie di fenomeni che chiamano in causa, oltre che la politica e la pubblica amministrazione, anche la societ\u00e0 civile, le forze economiche e la cultura.<\/span><\/p>\n<p><span style=\"font-style: inherit; font-weight: inherit;\">\u201cLe citt\u00e0, come i sogni, sono costruite di desideri e di paure, anche se il filo del loro discorso \u00e8 segreto, le prospettive ingannevoli, e ogni cosa ne nasconde un\u2019altra\u201d, scriveva\u00a0<strong style=\"font-style: inherit;\">Italo Calvino<\/strong>\u00a0nel 1972, pi\u00f9 di mezzo secolo fa, mettendo in pagina, in un\u00a0<strong style=\"font-style: inherit;\">dialogo immaginario tra Marco Polo e il Kublai Khan<\/strong>, undici serie di \u201ccitt\u00e0 invisibili\u201d e ragionando di memoria, desideri, segni, scambi, nomi, occhi e di spazi urbani \u201csottili\u201d, \u201ccontinui\u201d, \u201cnascosti\u201d e di tanto altro ancora. Era un poema d\u2019amore per quei luoghi in cui gi\u00e0 allora e oramai sempre pi\u00f9 intensamente s\u2019addensa una composita umanit\u00e0 e in cui si fanno i conti con una difficile, controversa e, perch\u00e9 no?, contraddittoria modernit\u00e0 (d\u2019altronde contraddirsi significa \u201ccontenere moltitudini\u201d, secondo l\u2019acuta intuizione poetica di Walt Whitman).\u00a0<\/span><\/p>\n<p><span style=\"font-style: inherit; font-weight: inherit;\">Come succede in tutte le storie d\u2019amore, Calvino metteva in luce aspettative, illusioni, delusioni, felicit\u00e0 luminose e taglienti dolori di tradimento e d\u2019abbandono. E per\u00f2, come in ogni gioco dell\u2019intelligenza e della volont\u00e0, lasciava intravvedere voglia di capire e bisogno d\u2019intervenire. Su pi\u00f9 piani. La ragione. E i sentimenti. Perch\u00e9, ricordando Blaise Pascal, il cuore ha ragioni che la ragione non conosce.<\/span><\/p>\n<p><span style=\"font-style: inherit; font-weight: inherit;\">Cercare di capire, dunque. E indagare, ricercare, esplorare. Ancora Calvino: \u201cDi una citt\u00e0 non godi le sette o le settantasette meraviglie, ma la risposta che d\u00e0 a una tua domanda\u201d.<\/span><\/p>\n<p><span style=\"font-style: inherit; font-weight: inherit;\">Che domande facciamo, dunque, oggi a Milano? D\u2019essere comunque fedele, pur nel cuore di radicali, impetuose trasformazioni, alla capacit\u00e0 di tenere insieme\u00a0<strong style=\"font-style: inherit;\">intraprendenza personale<\/strong>\u00a0e\u00a0<strong style=\"font-style: inherit;\">valori sociali<\/strong>,\u00a0<strong style=\"font-style: inherit;\">produttivit\u00e0<\/strong>\u00a0e\u00a0<strong style=\"font-style: inherit;\">inclusione<\/strong>,\u00a0<strong style=\"font-style: inherit;\">competitivit\u00e0 economica<\/strong>\u00a0e\u00a0<strong style=\"font-style: inherit;\">solidariet\u00e0<\/strong>. L\u2019attenzione ai soldi. E lo sguardo sinceramente compassionevole. La ricchezza e la misura, l\u2019eleganza, il rigore. Il successo. E la buona cultura aperta e creativa. Una\u00a0<strong style=\"font-style: inherit;\">miscela speciale di capitalismo e riformismo<\/strong>, mercato e interessi generali. Milano, insomma, paradigma di come si possa declinare in modo efficace la\u00a0<strong style=\"font-style: inherit;\">sintesi europea tra democrazia, mercato e welfare<\/strong>.\u00a0<\/span><\/p>\n<p><span style=\"font-style: inherit; font-weight: inherit;\">Proprio per questo speciale \u201ccapitale sociale\u201d, per lunghe stagioni della storia \u00e8 stato chiaro che\u00a0<strong style=\"font-style: inherit;\">\u201cmilanesi si diventa\u201d<\/strong>, pur venendo da Parma e da Palermo, da Treviso e da Bari, da Firenze e da Napoli, da uno dei tanti comuni italiani meno dinamici per imparare, proprio attraverso l\u2019impresa e il lavoro, a essere produttori e, soprattutto, cittadini. Una religione laica (ben presente anche negli ambienti cattolici) del \u201cfare, fare bene e fare del bene\u201d. La \u201ccitt\u00e0 che sale\u201d e che include, appunto.<\/span><\/p>\n<p><span style=\"font-style: inherit; font-weight: inherit;\">Da qualche tempo, per\u00f2, l\u2019aria \u00e8 cambiata. I\u00a0<strong style=\"font-style: inherit;\">divari economici<\/strong>\u00a0e sociali sono cresciuti, come ha documentato bene Il Giorno (24 novembre), mostrando una \u201cMilano a due facce\u201d, con \u201cl\u2019abisso del reddito cinque volte pi\u00f9 alto nel centro citt\u00e0\u201d rispetto alle periferie come Quarto Oggiaro e con un aumento dei \u201clavoratori poveri\u201d e precari. E sul\u00a0<strong style=\"font-style: inherit;\">Corriere della Sera (21 novembre)<\/strong>\u00a0<strong style=\"font-style: inherit;\">Giangiacomo Schiavi<\/strong>, scrupoloso analista di dati, sentimenti e opinioni cittadine, ha raccontato la crisi per la qualit\u00e0 della vita e della felicit\u00e0 \u201csenza cinquemila euro al mese\u201d. E tre giorni dopo (24 novembre) ha insistito: \u201cNella Milano dell\u2019attrattivit\u00e0 e dell\u2019eventismo c\u2019\u00e8 una povert\u00e0 fatta di vite al minimo, di persone che cercano di risalire su un ascensore sociale e non ce la fanno. Sono storie che contraddicono la visione di un uguale status di cittadinanza, storie di uomini e donne invisibili sopraffatti dalle emergenze, che mostrano un distacco dalla vita civile e si nascondono nella vergogna di una cosa per un piatto di minestra nelle mense della solidariet\u00e0 ambrosiana\u201d. \u00a0 \u00a0<\/span><\/p>\n<p><span style=\"font-style: inherit; font-weight: inherit;\">Ecco anche la Repubblica (17 novembre): \u201cNuovi residenti in calo, sull\u2019addio a Milano pesa l\u2019effetto carovita\u201d.\u00a0 Nel \u201824, infatti (dati ad agosto) hanno lasciato la citt\u00e0 50mila persone, a fronte di 35mila nuovi arrivi. Pesa l\u2019aumento del costo della vita, ben maggiore degli incrementi di salari e stipendi medi. E a dominare negativamente queste tendenze, c\u2019\u00e8 il boom insopportabile dei valori immobiliari: \u201cAffitti pi\u00f9 costosi del 40% in cinque anni. C\u2019\u00e8 il caro-casa dietro le nuove povert\u00e0\u201d, scrive Zita Dazzi su la Repubblica (24 novembre) sulla base dei dati di una ricerca dell\u2019Universit\u00e0 Bicocca per la Fondazione Pellegrini.<\/span><\/p>\n<p><span style=\"font-style: inherit; font-weight: inherit;\">Ecco un punto chiave: grazie alla legge Renzi del 2017 sulla\u00a0<strong style=\"font-style: inherit;\">flat tax<\/strong>\u00a0da 100mila euro (portata a 200mila euro dal governo Meloni nell\u2019agosto scorso) circa 1.600 super ricchi hanno scelto di vivere in Italia e soprattutto a Milano, invece che a Londra o in altre metropoli internazionali, facendo impazzire innanzitutto il mercato immobiliare. E l\u2019Italia \u201c\u00e9 diventata un paradiso fiscale in grado di fare concorrenza alla Svizzera\u201d, critica Ferruccio de Bortoli (Corriere della Sera, 2 dicembre).\u00a0<\/span><\/p>\n<p><span style=\"font-style: inherit; font-weight: inherit;\">Disparit\u00e0 sociali in aumento, in una Milano affollata da\u00a0<strong style=\"font-style: inherit;\"><em>city users\u00a0<\/em><\/strong>benestanti e sempre meno da cittadini con un progetto di vita, un amore per gli spazi, i servizi e i valori comuni (cultura compresa) e un\u2019attenzione severa per la qualit\u00e0 della vita in generale, dalla sanit\u00e0 alla scuola, dalla sicurezza alle relazioni di vicinato.<\/span><\/p>\n<p><span style=\"font-style: inherit; font-weight: inherit;\">Milano, insomma, ha bisogno di rileggere le pagine intense di\u00a0<strong style=\"font-style: inherit;\">Alberto Savinio<\/strong>,\u00a0<strong style=\"font-style: inherit;\">\u201cascolta il tuo cuore, citt\u00e0\u201d<\/strong>. E subire meno il fascino del palcoscenico di mode e consumi e dedicare invece maggiore attenzione all\u2019economia reale, ai salari, ai progetti per i giovani, alla solidariet\u00e0. Ritrovare l\u2019anima ambrosiana, appunto.<\/span><\/p>\n<p><span style=\"font-style: inherit; font-weight: inherit;\">Tutto sbagliato, tutto da rifare, allora? Naturalmente no.<\/span><\/p>\n<p><span style=\"font-style: inherit; font-weight: inherit;\">Milano \u00e8 citt\u00e0 molteplice, poliedrica, forte delle tante differenze presenti al suo interno e di una ancora solida cultura della cittadinanza attiva (bench\u00e9 adesso segnata da crepe e tarli). E dunque va raccontata bene nella sua complessit\u00e0 e amministrata con lungimiranza generosa.<\/span><\/p>\n<p><span style=\"font-style: inherit; font-weight: inherit;\">Milano, si sa, \u00e8 ipercritica con se stessa. Esigente. Segnata da un\u2019<strong style=\"font-style: inherit;\">etica del lavoro<\/strong>\u00a0e del bene comune che ha radici ancora solide\u00a0 (i Verri, Beccaria, Manzoni, Cattaneo) e attualit\u00e0 d\u2019impresa (la lezione delle grandi famiglie imprenditoriali, Pirelli, Bocconi, Falck, Borletti, non ha esaurita la sua eco e viene riletta dalle nuove generazioni di imprenditori e imprenditrici dell\u2019economia reale). Ha ancora la dote d\u2019una sensibilit\u00e0 acuta per disparit\u00e0 eccessive e intollerrabili inefficienze con ricadute sociali. Una virt\u00f9. Che non va mortificata. \u00a0<\/span><\/p>\n<p><span style=\"font-style: inherit; font-weight: inherit;\">Ecco perch\u00e9 sono sbagliate le letture schiacciate sui fenomeni estremi, pur allarmanti, come se fossimo di fronte a una citt\u00e0 fuori controllo. E altrettanto fuorvianti i giudizi effimeri sul successo e sul rapido arricchimento. Milano ha una sua straordinaria complessit\u00e0, tutta ancora da leggere bene, fare emergere, valorizzare.<\/span><\/p>\n<p><span style=\"font-style: inherit; font-weight: inherit;\">Nel racconto metropolitano, dunque, possono emergere le iniziative progettate dal Comune per l\u2019<strong style=\"font-style: inherit;\">housing sociale<\/strong>, tenendo in conto diritti e aspettative dei 200mila studenti universitari, il buon futuro di Milano. La crescita di\u00a0<strong style=\"font-style: inherit;\">Mind<\/strong>\u00a0(Milano Innovation District) nell\u2019ex area dove quasi dieci anni fa l\u2019Expo celebr\u00f2 la ripresa della citt\u00e0 fino a farne un simbolo, \u201cthe place to be\u201d, secondo il New York Times.\u00a0<strong style=\"font-style: inherit;\">La Scala<\/strong>\u00a0che apre la visione della \u201cprima\u201d del 7 dicembre, sant\u2019Ambrogio, agli spettatori in 37 punti diversi della citt\u00e0, dalla Galleria a San Vittore e ai maxi schermi nelle periferie, perch\u00e9 la buona cultura \u00e8 popolare e di tutti. L\u2019<strong style=\"font-style: inherit;\">Assolombarda<\/strong>\u00a0che inaugura al suo interno un asilo nido aperto al quartiere, come stimolo per tutte le imprese iscritte a fare altrettanto. E il\u00a0<strong style=\"font-style: inherit;\">Museo della Scienza e della Tecnica<\/strong>\u00a0che inaugura un nuovo Playlab per i bambini, imparare giocando.<\/span><\/p>\n<p><span style=\"font-style: inherit; font-weight: inherit;\">Le cronache dei giornali milanesi, di buone pratiche economiche e sociali, offrono parecchi esempi, accanto alle inchieste su tutto ci\u00f2 che non va.<\/span><\/p>\n<p><span style=\"font-style: inherit; font-weight: inherit;\"><strong style=\"font-style: inherit;\">Milano citt\u00e0 molteplice<\/strong>, insomma. Da saper leggere. E, perch\u00e9 no?, severamente continuare ad amare.<\/span><\/p>\n<p><span style=\"font-style: inherit; font-weight: inherit;\">\u201cA Milano serve\u00a0<strong style=\"font-style: inherit;\">pi\u00f9 integrazione<\/strong>, basta con i catastrofismi\u201d, sintetizza l\u2019arcivescovo Mario Delpini: \u201cFuori dal centro scintillante ci sono rioni con problemi economici, ma non sono ghetti. L\u00ec ci vogliono dialogo e accoglienza\u201d (la Repubblica, 29 novembre). E\u00a0<strong style=\"font-style: inherit;\">Donatella Sciuto<\/strong>,\u00a0<strong style=\"font-style: inherit;\">rettrice del Politecnico<\/strong>, universit\u00e0 di peso e prestigio a livello internazionale (<strong style=\"font-style: inherit;\">la Repubblica, 30 novembre<\/strong>), invita a\u00a0<strong style=\"font-style: inherit;\">\u201cricucire la citt\u00e0\u201d<\/strong>, \u201cfare sentire vicinanza, fare parlare uno con l\u2019altro i pezzi di Milano\u201d, ricordando di avere inaugurato, lo scorso anno, uno studentato proprio al Corvetto. Dove comunque lavorano \u201cle voci della realt\u00e0 che costruiscono ponti\u201d: la Comunit\u00e0 di Sant\u2019Egidio, le suore di via Martinengo, una serie di cooperative e di centri sociali. Per\u00a0<strong style=\"font-style: inherit;\">\u201c<\/strong>l<strong style=\"font-style: inherit;\">avorare insieme sull\u2019inclusione\u201d<\/strong>, appunto, aggiunge la Sciuto. Senza esasperare i conflitti.<\/span><\/p>\n<p><span style=\"font-style: inherit; font-weight: inherit;\">Se questo \u00e8 il contesto, di problemi e ferite sociali ma anche di impegno e pensieri generosi, vale la pena guardare anche al di l\u00e0 della cronaca. E, per esempio, continuare a leggere Calvino, sino alle ultime pagine de \u201cLe citt\u00e0 infinite\u201d: \u201c<\/span><span style=\"font-style: inherit; font-weight: inherit;\">L\u2019inferno dei viventi non \u00e8 qualcosa che sar\u00e0; se ce n\u2019\u00e8 uno, \u00e8 quello che \u00e8 gi\u00e0 qui, l\u2019inferno che abitiamo tutti i giorni, che formiamo stando insieme. Due modi ci sono per non soffrirne. Il primo riesce facile a molti: accettare l\u2019inferno e diventarne parte fino al punto di non vederlo pi\u00f9. Il secondo \u00e8 rischioso ed esige attenzione e apprendimento continui: cercare e saper riconoscere chi e cosa, in mezzo all\u2019inferno, non \u00e8 inferno, e farlo durare, e dargli spazio\u201d.\u00a0<\/span><\/p><p>(foto Getty Images)<\/p>\n","protected":false},"excerpt":{"rendered":"<p>Milano, ovvero la via commerciale pi\u00f9 cara al mondo,\u00a0Montenapoleone, con 20mila euro al metro quadro di canone commerciale annuale, pi\u00f9 che nell\u2019Upper 5th Avenue a New York, nella New Bond Street a Londra e nella Tsim Sha Tsui di Hong Kong (con un aumento del 30% in due anni). La ricchezza, i consumi opulenti, la [&hellip;]<\/p>\n","protected":false},"author":1,"featured_media":102712,"comment_status":"open","ping_status":"open","sticky":false,"template":"","format":"standard","meta":{"footnotes":""},"categories":[53,52],"tags":[],"class_list":["post-102709","post","type-post","status-publish","format-standard","has-post-thumbnail","hentry","category-blog","category-cultura-dimpresa"],"acf":[],"yoast_head":"<!-- This site is optimized with the Yoast SEO plugin v25.0 - https:\/\/yoast.com\/wordpress\/plugins\/seo\/ -->\n<title>Milano \u00e8 tutt\u2019altro che violenta e \u201cfuori controllo\u201d ma ai divari crescenti vanno date risposte solidali - Fondazione Pirelli<\/title>\n<meta name=\"robots\" content=\"index, follow, max-snippet:-1, max-image-preview:large, max-video-preview:-1\" \/>\n<link rel=\"canonical\" href=\"https:\/\/www.fondazionepirelli.org\/it\/cultura-dimpresa\/blog\/milano-e-tuttaltro-che-violenta-e-fuori-controllo-ma-ai-divari-crescenti-vanno-date-risposte-solidali\/\" \/>\n<meta property=\"og:locale\" content=\"it_IT\" \/>\n<meta property=\"og:type\" content=\"article\" \/>\n<meta property=\"og:title\" content=\"Milano \u00e8 tutt\u2019altro che violenta e \u201cfuori controllo\u201d ma ai divari crescenti vanno date risposte solidali - Fondazione Pirelli\" \/>\n<meta property=\"og:description\" content=\"Milano, ovvero la via commerciale pi\u00f9 cara al mondo,\u00a0Montenapoleone, con 20mila euro al metro quadro di canone commerciale annuale, pi\u00f9 che nell\u2019Upper 5th Avenue a New York, nella New Bond Street a Londra e nella Tsim Sha Tsui di Hong Kong (con un aumento del 30% in due anni). La ricchezza, i consumi opulenti, la [&hellip;]\" \/>\n<meta property=\"og:url\" content=\"https:\/\/www.fondazionepirelli.org\/it\/cultura-dimpresa\/blog\/milano-e-tuttaltro-che-violenta-e-fuori-controllo-ma-ai-divari-crescenti-vanno-date-risposte-solidali\/\" \/>\n<meta property=\"og:site_name\" content=\"Fondazione Pirelli\" \/>\n<meta property=\"article:published_time\" content=\"2024-12-03T10:22:43+00:00\" \/>\n<meta property=\"article:modified_time\" content=\"2024-12-03T10:25:53+00:00\" \/>\n<meta property=\"og:image\" content=\"https:\/\/wpsite-assets.fondazionepirelli.org\/wp-content\/uploads\/2024\/12\/03111716\/GettyImages-2169027907-1024x683.jpg\" \/>\n\t<meta property=\"og:image:width\" content=\"1024\" \/>\n\t<meta property=\"og:image:height\" content=\"683\" \/>\n\t<meta property=\"og:image:type\" content=\"image\/jpeg\" \/>\n<meta name=\"author\" content=\"fondadmin\" \/>\n<meta name=\"twitter:card\" content=\"summary_large_image\" \/>\n<meta name=\"twitter:label1\" content=\"Scritto da\" \/>\n\t<meta name=\"twitter:data1\" content=\"fondadmin\" \/>\n\t<meta name=\"twitter:label2\" content=\"Tempo di lettura stimato\" \/>\n\t<meta name=\"twitter:data2\" content=\"9 minuti\" \/>\n<script type=\"application\/ld+json\" class=\"yoast-schema-graph\">{\"@context\":\"https:\/\/schema.org\",\"@graph\":[{\"@type\":\"WebPage\",\"@id\":\"https:\/\/www.fondazionepirelli.org\/it\/cultura-dimpresa\/blog\/milano-e-tuttaltro-che-violenta-e-fuori-controllo-ma-ai-divari-crescenti-vanno-date-risposte-solidali\/\",\"url\":\"https:\/\/www.fondazionepirelli.org\/it\/cultura-dimpresa\/blog\/milano-e-tuttaltro-che-violenta-e-fuori-controllo-ma-ai-divari-crescenti-vanno-date-risposte-solidali\/\",\"name\":\"Milano \u00e8 tutt\u2019altro che violenta e \u201cfuori controllo\u201d ma ai divari crescenti vanno date risposte solidali - Fondazione Pirelli\",\"isPartOf\":{\"@id\":\"https:\/\/www.fondazionepirelli.org\/it\/#website\"},\"primaryImageOfPage\":{\"@id\":\"https:\/\/www.fondazionepirelli.org\/it\/cultura-dimpresa\/blog\/milano-e-tuttaltro-che-violenta-e-fuori-controllo-ma-ai-divari-crescenti-vanno-date-risposte-solidali\/#primaryimage\"},\"image\":{\"@id\":\"https:\/\/www.fondazionepirelli.org\/it\/cultura-dimpresa\/blog\/milano-e-tuttaltro-che-violenta-e-fuori-controllo-ma-ai-divari-crescenti-vanno-date-risposte-solidali\/#primaryimage\"},\"thumbnailUrl\":\"https:\/\/wpsite-assets.fondazionepirelli.org\/wp-content\/uploads\/2024\/12\/03111716\/GettyImages-2169027907.jpg\",\"datePublished\":\"2024-12-03T10:22:43+00:00\",\"dateModified\":\"2024-12-03T10:25:53+00:00\",\"author\":{\"@id\":\"https:\/\/www.fondazionepirelli.org\/it\/#\/schema\/person\/f47d097000832c4a6e54538c791fdf25\"},\"breadcrumb\":{\"@id\":\"https:\/\/www.fondazionepirelli.org\/it\/cultura-dimpresa\/blog\/milano-e-tuttaltro-che-violenta-e-fuori-controllo-ma-ai-divari-crescenti-vanno-date-risposte-solidali\/#breadcrumb\"},\"inLanguage\":\"it-IT\",\"potentialAction\":[{\"@type\":\"ReadAction\",\"target\":[\"https:\/\/www.fondazionepirelli.org\/it\/cultura-dimpresa\/blog\/milano-e-tuttaltro-che-violenta-e-fuori-controllo-ma-ai-divari-crescenti-vanno-date-risposte-solidali\/\"]}]},{\"@type\":\"ImageObject\",\"inLanguage\":\"it-IT\",\"@id\":\"https:\/\/www.fondazionepirelli.org\/it\/cultura-dimpresa\/blog\/milano-e-tuttaltro-che-violenta-e-fuori-controllo-ma-ai-divari-crescenti-vanno-date-risposte-solidali\/#primaryimage\",\"url\":\"https:\/\/wpsite-assets.fondazionepirelli.org\/wp-content\/uploads\/2024\/12\/03111716\/GettyImages-2169027907.jpg\",\"contentUrl\":\"https:\/\/wpsite-assets.fondazionepirelli.org\/wp-content\/uploads\/2024\/12\/03111716\/GettyImages-2169027907.jpg\",\"width\":2121,\"height\":1414,\"caption\":\"Italy, Milan cathedral plaza\"},{\"@type\":\"BreadcrumbList\",\"@id\":\"https:\/\/www.fondazionepirelli.org\/it\/cultura-dimpresa\/blog\/milano-e-tuttaltro-che-violenta-e-fuori-controllo-ma-ai-divari-crescenti-vanno-date-risposte-solidali\/#breadcrumb\",\"itemListElement\":[{\"@type\":\"ListItem\",\"position\":1,\"name\":\"Home\",\"item\":\"https:\/\/www.fondazionepirelli.org\/it\/\"},{\"@type\":\"ListItem\",\"position\":2,\"name\":\"Milano \u00e8 tutt\u2019altro che violenta e \u201cfuori controllo\u201d ma ai divari crescenti vanno date risposte solidali\"}]},{\"@type\":\"WebSite\",\"@id\":\"https:\/\/www.fondazionepirelli.org\/it\/#website\",\"url\":\"https:\/\/www.fondazionepirelli.org\/it\/\",\"name\":\"Fondazione Pirelli\",\"description\":\"\",\"potentialAction\":[{\"@type\":\"SearchAction\",\"target\":{\"@type\":\"EntryPoint\",\"urlTemplate\":\"https:\/\/www.fondazionepirelli.org\/it\/?s={search_term_string}\"},\"query-input\":{\"@type\":\"PropertyValueSpecification\",\"valueRequired\":true,\"valueName\":\"search_term_string\"}}],\"inLanguage\":\"it-IT\"},{\"@type\":\"Person\",\"@id\":\"https:\/\/www.fondazionepirelli.org\/it\/#\/schema\/person\/f47d097000832c4a6e54538c791fdf25\",\"name\":\"fondadmin\",\"image\":{\"@type\":\"ImageObject\",\"inLanguage\":\"it-IT\",\"@id\":\"https:\/\/www.fondazionepirelli.org\/it\/#\/schema\/person\/image\/\",\"url\":\"https:\/\/secure.gravatar.com\/avatar\/e69498a9175ca244966e51e53c88712c024fcebe41f9a05f75657f1bb25e489b?s=96&d=mm&r=g\",\"contentUrl\":\"https:\/\/secure.gravatar.com\/avatar\/e69498a9175ca244966e51e53c88712c024fcebe41f9a05f75657f1bb25e489b?s=96&d=mm&r=g\",\"caption\":\"fondadmin\"},\"url\":\"https:\/\/www.fondazionepirelli.org\/it\/author\/fondadmin\/\"}]}<\/script>\n<!-- \/ Yoast SEO plugin. -->","yoast_head_json":{"title":"Milano \u00e8 tutt\u2019altro che violenta e \u201cfuori controllo\u201d ma ai divari crescenti vanno date risposte solidali - Fondazione Pirelli","robots":{"index":"index","follow":"follow","max-snippet":"max-snippet:-1","max-image-preview":"max-image-preview:large","max-video-preview":"max-video-preview:-1"},"canonical":"https:\/\/www.fondazionepirelli.org\/it\/cultura-dimpresa\/blog\/milano-e-tuttaltro-che-violenta-e-fuori-controllo-ma-ai-divari-crescenti-vanno-date-risposte-solidali\/","og_locale":"it_IT","og_type":"article","og_title":"Milano \u00e8 tutt\u2019altro che violenta e \u201cfuori controllo\u201d ma ai divari crescenti vanno date risposte solidali - Fondazione Pirelli","og_description":"Milano, ovvero la via commerciale pi\u00f9 cara al mondo,\u00a0Montenapoleone, con 20mila euro al metro quadro di canone commerciale annuale, pi\u00f9 che nell\u2019Upper 5th Avenue a New York, nella New Bond Street a Londra e nella Tsim Sha Tsui di Hong Kong (con un aumento del 30% in due anni). La ricchezza, i consumi opulenti, la [&hellip;]","og_url":"https:\/\/www.fondazionepirelli.org\/it\/cultura-dimpresa\/blog\/milano-e-tuttaltro-che-violenta-e-fuori-controllo-ma-ai-divari-crescenti-vanno-date-risposte-solidali\/","og_site_name":"Fondazione Pirelli","article_published_time":"2024-12-03T10:22:43+00:00","article_modified_time":"2024-12-03T10:25:53+00:00","og_image":[{"width":1024,"height":683,"url":"https:\/\/wpsite-assets.fondazionepirelli.org\/wp-content\/uploads\/2024\/12\/03111716\/GettyImages-2169027907-1024x683.jpg","type":"image\/jpeg"}],"author":"fondadmin","twitter_card":"summary_large_image","twitter_misc":{"Scritto da":"fondadmin","Tempo di lettura stimato":"9 minuti"},"schema":{"@context":"https:\/\/schema.org","@graph":[{"@type":"WebPage","@id":"https:\/\/www.fondazionepirelli.org\/it\/cultura-dimpresa\/blog\/milano-e-tuttaltro-che-violenta-e-fuori-controllo-ma-ai-divari-crescenti-vanno-date-risposte-solidali\/","url":"https:\/\/www.fondazionepirelli.org\/it\/cultura-dimpresa\/blog\/milano-e-tuttaltro-che-violenta-e-fuori-controllo-ma-ai-divari-crescenti-vanno-date-risposte-solidali\/","name":"Milano \u00e8 tutt\u2019altro che violenta e \u201cfuori controllo\u201d ma ai divari crescenti vanno date risposte solidali - Fondazione Pirelli","isPartOf":{"@id":"https:\/\/www.fondazionepirelli.org\/it\/#website"},"primaryImageOfPage":{"@id":"https:\/\/www.fondazionepirelli.org\/it\/cultura-dimpresa\/blog\/milano-e-tuttaltro-che-violenta-e-fuori-controllo-ma-ai-divari-crescenti-vanno-date-risposte-solidali\/#primaryimage"},"image":{"@id":"https:\/\/www.fondazionepirelli.org\/it\/cultura-dimpresa\/blog\/milano-e-tuttaltro-che-violenta-e-fuori-controllo-ma-ai-divari-crescenti-vanno-date-risposte-solidali\/#primaryimage"},"thumbnailUrl":"https:\/\/wpsite-assets.fondazionepirelli.org\/wp-content\/uploads\/2024\/12\/03111716\/GettyImages-2169027907.jpg","datePublished":"2024-12-03T10:22:43+00:00","dateModified":"2024-12-03T10:25:53+00:00","author":{"@id":"https:\/\/www.fondazionepirelli.org\/it\/#\/schema\/person\/f47d097000832c4a6e54538c791fdf25"},"breadcrumb":{"@id":"https:\/\/www.fondazionepirelli.org\/it\/cultura-dimpresa\/blog\/milano-e-tuttaltro-che-violenta-e-fuori-controllo-ma-ai-divari-crescenti-vanno-date-risposte-solidali\/#breadcrumb"},"inLanguage":"it-IT","potentialAction":[{"@type":"ReadAction","target":["https:\/\/www.fondazionepirelli.org\/it\/cultura-dimpresa\/blog\/milano-e-tuttaltro-che-violenta-e-fuori-controllo-ma-ai-divari-crescenti-vanno-date-risposte-solidali\/"]}]},{"@type":"ImageObject","inLanguage":"it-IT","@id":"https:\/\/www.fondazionepirelli.org\/it\/cultura-dimpresa\/blog\/milano-e-tuttaltro-che-violenta-e-fuori-controllo-ma-ai-divari-crescenti-vanno-date-risposte-solidali\/#primaryimage","url":"https:\/\/wpsite-assets.fondazionepirelli.org\/wp-content\/uploads\/2024\/12\/03111716\/GettyImages-2169027907.jpg","contentUrl":"https:\/\/wpsite-assets.fondazionepirelli.org\/wp-content\/uploads\/2024\/12\/03111716\/GettyImages-2169027907.jpg","width":2121,"height":1414,"caption":"Italy, Milan cathedral plaza"},{"@type":"BreadcrumbList","@id":"https:\/\/www.fondazionepirelli.org\/it\/cultura-dimpresa\/blog\/milano-e-tuttaltro-che-violenta-e-fuori-controllo-ma-ai-divari-crescenti-vanno-date-risposte-solidali\/#breadcrumb","itemListElement":[{"@type":"ListItem","position":1,"name":"Home","item":"https:\/\/www.fondazionepirelli.org\/it\/"},{"@type":"ListItem","position":2,"name":"Milano \u00e8 tutt\u2019altro che violenta e \u201cfuori controllo\u201d ma ai divari crescenti vanno date risposte solidali"}]},{"@type":"WebSite","@id":"https:\/\/www.fondazionepirelli.org\/it\/#website","url":"https:\/\/www.fondazionepirelli.org\/it\/","name":"Fondazione Pirelli","description":"","potentialAction":[{"@type":"SearchAction","target":{"@type":"EntryPoint","urlTemplate":"https:\/\/www.fondazionepirelli.org\/it\/?s={search_term_string}"},"query-input":{"@type":"PropertyValueSpecification","valueRequired":true,"valueName":"search_term_string"}}],"inLanguage":"it-IT"},{"@type":"Person","@id":"https:\/\/www.fondazionepirelli.org\/it\/#\/schema\/person\/f47d097000832c4a6e54538c791fdf25","name":"fondadmin","image":{"@type":"ImageObject","inLanguage":"it-IT","@id":"https:\/\/www.fondazionepirelli.org\/it\/#\/schema\/person\/image\/","url":"https:\/\/secure.gravatar.com\/avatar\/e69498a9175ca244966e51e53c88712c024fcebe41f9a05f75657f1bb25e489b?s=96&d=mm&r=g","contentUrl":"https:\/\/secure.gravatar.com\/avatar\/e69498a9175ca244966e51e53c88712c024fcebe41f9a05f75657f1bb25e489b?s=96&d=mm&r=g","caption":"fondadmin"},"url":"https:\/\/www.fondazionepirelli.org\/it\/author\/fondadmin\/"}]}},"_links":{"self":[{"href":"https:\/\/www.fondazionepirelli.org\/it\/wp-json\/wp\/v2\/posts\/102709\/"}],"collection":[{"href":"https:\/\/www.fondazionepirelli.org\/it\/wp-json\/wp\/v2\/posts\/"}],"about":[{"href":"https:\/\/www.fondazionepirelli.org\/it\/wp-json\/wp\/v2\/types\/post\/"}],"author":[{"embeddable":true,"href":"https:\/\/www.fondazionepirelli.org\/it\/wp-json\/wp\/v2\/users\/1\/"}],"replies":[{"embeddable":true,"href":"https:\/\/www.fondazionepirelli.org\/it\/wp-json\/wp\/v2\/comments\/?post=102709"}],"version-history":[{"count":3,"href":"https:\/\/www.fondazionepirelli.org\/it\/wp-json\/wp\/v2\/posts\/102709\/revisions\/"}],"predecessor-version":[{"id":102715,"href":"https:\/\/www.fondazionepirelli.org\/it\/wp-json\/wp\/v2\/posts\/102709\/revisions\/102715\/"}],"wp:featuredmedia":[{"embeddable":true,"href":"https:\/\/www.fondazionepirelli.org\/it\/wp-json\/wp\/v2\/media\/102712\/"}],"wp:attachment":[{"href":"https:\/\/www.fondazionepirelli.org\/it\/wp-json\/wp\/v2\/media\/?parent=102709"}],"wp:term":[{"taxonomy":"category","embeddable":true,"href":"https:\/\/www.fondazionepirelli.org\/it\/wp-json\/wp\/v2\/categories\/?post=102709"},{"taxonomy":"post_tag","embeddable":true,"href":"https:\/\/www.fondazionepirelli.org\/it\/wp-json\/wp\/v2\/tags\/?post=102709"}],"curies":[{"name":"wp","href":"https:\/\/api.w.org\/{rel}","templated":true}]}}