{"id":102761,"date":"2024-12-05T12:29:54","date_gmt":"2024-12-05T11:29:54","guid":{"rendered":"https:\/\/www.fondazionepirelli.org\/?p=102761"},"modified":"2024-12-06T14:56:33","modified_gmt":"2024-12-06T13:56:33","slug":"campiello-junior-svelati-i-finalisti-della-quarta-edizione","status":"publish","type":"post","link":"https:\/\/www.fondazionepirelli.org\/it\/biblioteche\/campiello-junior-svelati-i-finalisti-della-quarta-edizione\/","title":{"rendered":"Campiello Junior: svelati i finalisti della quarta edizione"},"content":{"rendered":"<p>Gioved\u00ec <strong>5 dicembre 2024<\/strong>, presso l\u2019<strong>Headquarters Pirelli<\/strong>, sono state annunciate le <strong>Terne Finaliste<\/strong> della <strong>quarta edizione del Campiello Junior<\/strong>, il riconoscimento letterario nato dalla collaborazione tra la\u00a0Fondazione Il Campiello,\u00a0Fondazione Pirelli\u00a0e\u00a0Pirelli\u00a0per opere italiane di narrativa e poesia scritte per bambini di\u00a07-10 anni\u00a0e per ragazzi tra gli\u00a011 e i 14 anni.<\/p>\n<p>La selezione dei libri finalisti \u00e8 stata affidata alla Giuria del Premio, guidata dal Presidente Pino Boero, gi\u00e0 professore ordinario di Letteratura per l\u2019infanzia e Pedagogia della lettura, e composta da Chiara Lagani, attrice e drammaturga, Michela Possamai, docente presso l\u2019Universit\u00e0 IUSVE di Venezia, gi\u00e0 membro del Comitato Tecnico del Campiello Giovani, Emma Beseghi, gi\u00e0 professore ordinario di Letteratura per l&#8217;infanzia presso l&#8217;Universit\u00e0 di Bologna, Lea Martina Forti Grazzini, autrice e sceneggiatrice di programmi radio e tv Rai.<\/p>\n<p>Tra i quasi cento libri in concorso, i <strong>finalisti per la categoria 7-10 anni<\/strong> sono: Vivian Lamarque, \u201cStoria con mare, cielo e paura (Adriano Salani editore); Ilaria Mattioni, \u201cLa figlia del gigante\u201d\u00a0(Feltrinelli Editore) e Guia Risari,\u00a0\u201cI giorni di Alban\u201d\u00a0(Giunti Editore).<\/p>\n<p><strong>Per la categoria 11-14 anni<\/strong> sono invece stati selezionati: \u201cIl ciambellano e il lupo\u201d di Simona Baldelli, edito da Emons libri e audiolibri, &#8220;Nella tua pelle&#8221; di Chiara Carminati, Bompiani, e &#8220;Una casa fuori dal tempo&#8221; di Beatrice Masini, edito da Mondadori.<\/p>\n<p>I 240 giovani lettori della Giuria popolare potranno ora leggere i libri finalisti e scegliere il loro preferito, contribuendo a decretare i vincitori di questa edizione, che verranno annunciati a Vicenza nel mese di aprile 2025.<\/p>\n<p>Per conoscere tutte le iniziative del Campiello Junior continuate a seguirci sul sito <a href=\"https:\/\/www.fondazionepirelli.org\">www.fondazionepirelli.org<\/a> e sui nostri canali social.<\/p>","protected":false},"excerpt":{"rendered":"<p>Gioved\u00ec 5 dicembre 2024, presso l\u2019Headquarters Pirelli, sono state annunciate le Terne Finaliste della quarta edizione del Campiello Junior, il riconoscimento letterario nato dalla collaborazione tra la\u00a0Fondazione Il Campiello,\u00a0Fondazione Pirelli\u00a0e\u00a0Pirelli\u00a0per opere italiane di narrativa e poesia scritte per bambini di\u00a07-10 anni\u00a0e per ragazzi tra gli\u00a011 e i 14 anni. La selezione dei libri finalisti \u00e8 [&hellip;]<\/p>\n","protected":false},"author":9,"featured_media":102763,"comment_status":"open","ping_status":"open","sticky":false,"template":"","format":"standard","meta":{"footnotes":""},"categories":[61,461],"tags":[],"class_list":["post-102761","post","type-post","status-publish","format-standard","has-post-thumbnail","hentry","category-biblioteche","category-evento-biblioteche"],"acf":[],"yoast_head":"<!-- This site is optimized with the Yoast SEO plugin v25.0 - https:\/\/yoast.com\/wordpress\/plugins\/seo\/ -->\n<title>Campiello Junior: svelati i finalisti della quarta edizione - Fondazione Pirelli<\/title>\n<meta name=\"robots\" content=\"index, follow, max-snippet:-1, max-image-preview:large, max-video-preview:-1\" \/>\n<link rel=\"canonical\" href=\"https:\/\/www.fondazionepirelli.org\/it\/biblioteche\/campiello-junior-svelati-i-finalisti-della-quarta-edizione\/\" \/>\n<meta property=\"og:locale\" content=\"it_IT\" \/>\n<meta property=\"og:type\" content=\"article\" \/>\n<meta property=\"og:title\" content=\"Campiello Junior: svelati i finalisti della quarta edizione - Fondazione Pirelli\" \/>\n<meta property=\"og:description\" content=\"Gioved\u00ec 5 dicembre 2024, presso l\u2019Headquarters Pirelli, sono state annunciate le Terne Finaliste della quarta edizione del Campiello Junior, il riconoscimento letterario nato dalla collaborazione tra la\u00a0Fondazione Il Campiello,\u00a0Fondazione Pirelli\u00a0e\u00a0Pirelli\u00a0per opere italiane di narrativa e poesia scritte per bambini di\u00a07-10 anni\u00a0e per ragazzi tra gli\u00a011 e i 14 anni. La selezione dei libri finalisti \u00e8 [&hellip;]\" \/>\n<meta property=\"og:url\" content=\"https:\/\/www.fondazionepirelli.org\/it\/biblioteche\/campiello-junior-svelati-i-finalisti-della-quarta-edizione\/\" \/>\n<meta property=\"og:site_name\" content=\"Fondazione Pirelli\" \/>\n<meta property=\"article:published_time\" content=\"2024-12-05T11:29:54+00:00\" \/>\n<meta property=\"article:modified_time\" content=\"2024-12-06T13:56:33+00:00\" \/>\n<meta property=\"og:image\" content=\"https:\/\/wpsite-assets.fondazionepirelli.org\/wp-content\/uploads\/2024\/12\/05123100\/468915516_1604000293576780_158253564989301652_n.jpg\" \/>\n\t<meta property=\"og:image:width\" content=\"2048\" \/>\n\t<meta property=\"og:image:height\" content=\"1536\" \/>\n\t<meta property=\"og:image:type\" content=\"image\/jpeg\" \/>\n<meta name=\"author\" content=\"fondazionepirelli\" \/>\n<meta name=\"twitter:card\" content=\"summary_large_image\" \/>\n<meta name=\"twitter:label1\" content=\"Scritto da\" \/>\n\t<meta name=\"twitter:data1\" content=\"fondazionepirelli\" \/>\n\t<meta name=\"twitter:label2\" content=\"Tempo di lettura stimato\" \/>\n\t<meta name=\"twitter:data2\" content=\"1 minuto\" \/>\n<script type=\"application\/ld+json\" class=\"yoast-schema-graph\">{\"@context\":\"https:\/\/schema.org\",\"@graph\":[{\"@type\":\"WebPage\",\"@id\":\"https:\/\/www.fondazionepirelli.org\/it\/biblioteche\/campiello-junior-svelati-i-finalisti-della-quarta-edizione\/\",\"url\":\"https:\/\/www.fondazionepirelli.org\/it\/biblioteche\/campiello-junior-svelati-i-finalisti-della-quarta-edizione\/\",\"name\":\"Campiello Junior: svelati i finalisti della quarta edizione - Fondazione Pirelli\",\"isPartOf\":{\"@id\":\"https:\/\/www.fondazionepirelli.org\/it\/#website\"},\"primaryImageOfPage\":{\"@id\":\"https:\/\/www.fondazionepirelli.org\/it\/biblioteche\/campiello-junior-svelati-i-finalisti-della-quarta-edizione\/#primaryimage\"},\"image\":{\"@id\":\"https:\/\/www.fondazionepirelli.org\/it\/biblioteche\/campiello-junior-svelati-i-finalisti-della-quarta-edizione\/#primaryimage\"},\"thumbnailUrl\":\"https:\/\/wpsite-assets.fondazionepirelli.org\/wp-content\/uploads\/2024\/12\/05123100\/468915516_1604000293576780_158253564989301652_n.jpg\",\"datePublished\":\"2024-12-05T11:29:54+00:00\",\"dateModified\":\"2024-12-06T13:56:33+00:00\",\"author\":{\"@id\":\"https:\/\/www.fondazionepirelli.org\/it\/#\/schema\/person\/c31fcf5937a0e6afa45497f3f8b6d7a0\"},\"breadcrumb\":{\"@id\":\"https:\/\/www.fondazionepirelli.org\/it\/biblioteche\/campiello-junior-svelati-i-finalisti-della-quarta-edizione\/#breadcrumb\"},\"inLanguage\":\"it-IT\",\"potentialAction\":[{\"@type\":\"ReadAction\",\"target\":[\"https:\/\/www.fondazionepirelli.org\/it\/biblioteche\/campiello-junior-svelati-i-finalisti-della-quarta-edizione\/\"]}]},{\"@type\":\"ImageObject\",\"inLanguage\":\"it-IT\",\"@id\":\"https:\/\/www.fondazionepirelli.org\/it\/biblioteche\/campiello-junior-svelati-i-finalisti-della-quarta-edizione\/#primaryimage\",\"url\":\"https:\/\/wpsite-assets.fondazionepirelli.org\/wp-content\/uploads\/2024\/12\/05123100\/468915516_1604000293576780_158253564989301652_n.jpg\",\"contentUrl\":\"https:\/\/wpsite-assets.fondazionepirelli.org\/wp-content\/uploads\/2024\/12\/05123100\/468915516_1604000293576780_158253564989301652_n.jpg\",\"width\":2048,\"height\":1536},{\"@type\":\"BreadcrumbList\",\"@id\":\"https:\/\/www.fondazionepirelli.org\/it\/biblioteche\/campiello-junior-svelati-i-finalisti-della-quarta-edizione\/#breadcrumb\",\"itemListElement\":[{\"@type\":\"ListItem\",\"position\":1,\"name\":\"Home\",\"item\":\"https:\/\/www.fondazionepirelli.org\/it\/\"},{\"@type\":\"ListItem\",\"position\":2,\"name\":\"Campiello Junior: svelati i finalisti della quarta edizione\"}]},{\"@type\":\"WebSite\",\"@id\":\"https:\/\/www.fondazionepirelli.org\/it\/#website\",\"url\":\"https:\/\/www.fondazionepirelli.org\/it\/\",\"name\":\"Fondazione Pirelli\",\"description\":\"\",\"potentialAction\":[{\"@type\":\"SearchAction\",\"target\":{\"@type\":\"EntryPoint\",\"urlTemplate\":\"https:\/\/www.fondazionepirelli.org\/it\/?s={search_term_string}\"},\"query-input\":{\"@type\":\"PropertyValueSpecification\",\"valueRequired\":true,\"valueName\":\"search_term_string\"}}],\"inLanguage\":\"it-IT\"},{\"@type\":\"Person\",\"@id\":\"https:\/\/www.fondazionepirelli.org\/it\/#\/schema\/person\/c31fcf5937a0e6afa45497f3f8b6d7a0\",\"name\":\"fondazionepirelli\",\"image\":{\"@type\":\"ImageObject\",\"inLanguage\":\"it-IT\",\"@id\":\"https:\/\/www.fondazionepirelli.org\/it\/#\/schema\/person\/image\/\",\"url\":\"https:\/\/secure.gravatar.com\/avatar\/9cb486421ce1d6eddbf6c4fb66841b4325b786695f7aedf1dde2222428218696?s=96&d=mm&r=g\",\"contentUrl\":\"https:\/\/secure.gravatar.com\/avatar\/9cb486421ce1d6eddbf6c4fb66841b4325b786695f7aedf1dde2222428218696?s=96&d=mm&r=g\",\"caption\":\"fondazionepirelli\"},\"url\":\"https:\/\/www.fondazionepirelli.org\/it\/author\/fondazionepirelli\/\"}]}<\/script>\n<!-- \/ Yoast SEO plugin. -->","yoast_head_json":{"title":"Campiello Junior: svelati i finalisti della quarta edizione - Fondazione Pirelli","robots":{"index":"index","follow":"follow","max-snippet":"max-snippet:-1","max-image-preview":"max-image-preview:large","max-video-preview":"max-video-preview:-1"},"canonical":"https:\/\/www.fondazionepirelli.org\/it\/biblioteche\/campiello-junior-svelati-i-finalisti-della-quarta-edizione\/","og_locale":"it_IT","og_type":"article","og_title":"Campiello Junior: svelati i finalisti della quarta edizione - Fondazione Pirelli","og_description":"Gioved\u00ec 5 dicembre 2024, presso l\u2019Headquarters Pirelli, sono state annunciate le Terne Finaliste della quarta edizione del Campiello Junior, il riconoscimento letterario nato dalla collaborazione tra la\u00a0Fondazione Il Campiello,\u00a0Fondazione Pirelli\u00a0e\u00a0Pirelli\u00a0per opere italiane di narrativa e poesia scritte per bambini di\u00a07-10 anni\u00a0e per ragazzi tra gli\u00a011 e i 14 anni. La selezione dei libri finalisti \u00e8 [&hellip;]","og_url":"https:\/\/www.fondazionepirelli.org\/it\/biblioteche\/campiello-junior-svelati-i-finalisti-della-quarta-edizione\/","og_site_name":"Fondazione Pirelli","article_published_time":"2024-12-05T11:29:54+00:00","article_modified_time":"2024-12-06T13:56:33+00:00","og_image":[{"width":2048,"height":1536,"url":"https:\/\/wpsite-assets.fondazionepirelli.org\/wp-content\/uploads\/2024\/12\/05123100\/468915516_1604000293576780_158253564989301652_n.jpg","type":"image\/jpeg"}],"author":"fondazionepirelli","twitter_card":"summary_large_image","twitter_misc":{"Scritto da":"fondazionepirelli","Tempo di lettura stimato":"1 minuto"},"schema":{"@context":"https:\/\/schema.org","@graph":[{"@type":"WebPage","@id":"https:\/\/www.fondazionepirelli.org\/it\/biblioteche\/campiello-junior-svelati-i-finalisti-della-quarta-edizione\/","url":"https:\/\/www.fondazionepirelli.org\/it\/biblioteche\/campiello-junior-svelati-i-finalisti-della-quarta-edizione\/","name":"Campiello Junior: svelati i finalisti della quarta edizione - Fondazione Pirelli","isPartOf":{"@id":"https:\/\/www.fondazionepirelli.org\/it\/#website"},"primaryImageOfPage":{"@id":"https:\/\/www.fondazionepirelli.org\/it\/biblioteche\/campiello-junior-svelati-i-finalisti-della-quarta-edizione\/#primaryimage"},"image":{"@id":"https:\/\/www.fondazionepirelli.org\/it\/biblioteche\/campiello-junior-svelati-i-finalisti-della-quarta-edizione\/#primaryimage"},"thumbnailUrl":"https:\/\/wpsite-assets.fondazionepirelli.org\/wp-content\/uploads\/2024\/12\/05123100\/468915516_1604000293576780_158253564989301652_n.jpg","datePublished":"2024-12-05T11:29:54+00:00","dateModified":"2024-12-06T13:56:33+00:00","author":{"@id":"https:\/\/www.fondazionepirelli.org\/it\/#\/schema\/person\/c31fcf5937a0e6afa45497f3f8b6d7a0"},"breadcrumb":{"@id":"https:\/\/www.fondazionepirelli.org\/it\/biblioteche\/campiello-junior-svelati-i-finalisti-della-quarta-edizione\/#breadcrumb"},"inLanguage":"it-IT","potentialAction":[{"@type":"ReadAction","target":["https:\/\/www.fondazionepirelli.org\/it\/biblioteche\/campiello-junior-svelati-i-finalisti-della-quarta-edizione\/"]}]},{"@type":"ImageObject","inLanguage":"it-IT","@id":"https:\/\/www.fondazionepirelli.org\/it\/biblioteche\/campiello-junior-svelati-i-finalisti-della-quarta-edizione\/#primaryimage","url":"https:\/\/wpsite-assets.fondazionepirelli.org\/wp-content\/uploads\/2024\/12\/05123100\/468915516_1604000293576780_158253564989301652_n.jpg","contentUrl":"https:\/\/wpsite-assets.fondazionepirelli.org\/wp-content\/uploads\/2024\/12\/05123100\/468915516_1604000293576780_158253564989301652_n.jpg","width":2048,"height":1536},{"@type":"BreadcrumbList","@id":"https:\/\/www.fondazionepirelli.org\/it\/biblioteche\/campiello-junior-svelati-i-finalisti-della-quarta-edizione\/#breadcrumb","itemListElement":[{"@type":"ListItem","position":1,"name":"Home","item":"https:\/\/www.fondazionepirelli.org\/it\/"},{"@type":"ListItem","position":2,"name":"Campiello Junior: svelati i finalisti della quarta edizione"}]},{"@type":"WebSite","@id":"https:\/\/www.fondazionepirelli.org\/it\/#website","url":"https:\/\/www.fondazionepirelli.org\/it\/","name":"Fondazione Pirelli","description":"","potentialAction":[{"@type":"SearchAction","target":{"@type":"EntryPoint","urlTemplate":"https:\/\/www.fondazionepirelli.org\/it\/?s={search_term_string}"},"query-input":{"@type":"PropertyValueSpecification","valueRequired":true,"valueName":"search_term_string"}}],"inLanguage":"it-IT"},{"@type":"Person","@id":"https:\/\/www.fondazionepirelli.org\/it\/#\/schema\/person\/c31fcf5937a0e6afa45497f3f8b6d7a0","name":"fondazionepirelli","image":{"@type":"ImageObject","inLanguage":"it-IT","@id":"https:\/\/www.fondazionepirelli.org\/it\/#\/schema\/person\/image\/","url":"https:\/\/secure.gravatar.com\/avatar\/9cb486421ce1d6eddbf6c4fb66841b4325b786695f7aedf1dde2222428218696?s=96&d=mm&r=g","contentUrl":"https:\/\/secure.gravatar.com\/avatar\/9cb486421ce1d6eddbf6c4fb66841b4325b786695f7aedf1dde2222428218696?s=96&d=mm&r=g","caption":"fondazionepirelli"},"url":"https:\/\/www.fondazionepirelli.org\/it\/author\/fondazionepirelli\/"}]}},"_links":{"self":[{"href":"https:\/\/www.fondazionepirelli.org\/it\/wp-json\/wp\/v2\/posts\/102761\/"}],"collection":[{"href":"https:\/\/www.fondazionepirelli.org\/it\/wp-json\/wp\/v2\/posts\/"}],"about":[{"href":"https:\/\/www.fondazionepirelli.org\/it\/wp-json\/wp\/v2\/types\/post\/"}],"author":[{"embeddable":true,"href":"https:\/\/www.fondazionepirelli.org\/it\/wp-json\/wp\/v2\/users\/9\/"}],"replies":[{"embeddable":true,"href":"https:\/\/www.fondazionepirelli.org\/it\/wp-json\/wp\/v2\/comments\/?post=102761"}],"version-history":[{"count":6,"href":"https:\/\/www.fondazionepirelli.org\/it\/wp-json\/wp\/v2\/posts\/102761\/revisions\/"}],"predecessor-version":[{"id":102797,"href":"https:\/\/www.fondazionepirelli.org\/it\/wp-json\/wp\/v2\/posts\/102761\/revisions\/102797\/"}],"wp:featuredmedia":[{"embeddable":true,"href":"https:\/\/www.fondazionepirelli.org\/it\/wp-json\/wp\/v2\/media\/102763\/"}],"wp:attachment":[{"href":"https:\/\/www.fondazionepirelli.org\/it\/wp-json\/wp\/v2\/media\/?parent=102761"}],"wp:term":[{"taxonomy":"category","embeddable":true,"href":"https:\/\/www.fondazionepirelli.org\/it\/wp-json\/wp\/v2\/categories\/?post=102761"},{"taxonomy":"post_tag","embeddable":true,"href":"https:\/\/www.fondazionepirelli.org\/it\/wp-json\/wp\/v2\/tags\/?post=102761"}],"curies":[{"name":"wp","href":"https:\/\/api.w.org\/{rel}","templated":true}]}}