{"id":102817,"date":"2024-12-10T11:03:27","date_gmt":"2024-12-10T10:03:27","guid":{"rendered":"https:\/\/www.fondazionepirelli.org\/?p=102817"},"modified":"2024-12-10T11:03:27","modified_gmt":"2024-12-10T10:03:27","slug":"limpresa-cittadina-del-territorio","status":"publish","type":"post","link":"https:\/\/www.fondazionepirelli.org\/it\/cultura-dimpresa\/approfondimenti\/limpresa-cittadina-del-territorio\/","title":{"rendered":"L\u2019impresa cittadina del territorio"},"content":{"rendered":"<p><em>Una raccolta di indagini appena pubblicate ragiona sulle relazioni tra attivit\u00e0 produttive e comunit\u00e0 locali passando dal concetto di cittadinanza<\/em><\/p>\n<p><em><strong>\u00a0<\/strong><\/em><\/p>\n<p>Insediamenti d\u2019impresa. Luoghi, cio\u00e8, in cui le fabbriche e gli uffici fisicamente si pongono. Aspetto importante, questo, del fare produzione, anche al tempo della digitalizzazione e del web. \u00c8 partendo da questo principio che ha ragionato un gruppo di ricercatori coordinato da Massimo Neri e Leonardo Pompa (entrambi dell\u2019Universit\u00e0 di Modena e Reggio Emilia) che ha prodotto una serie di indagini raccolte in \u201cCittadinanza d\u2019impresa. Concezioni, teorie, metodi\u201d.<\/p>\n<p>L\u2019insieme degli studi raccolti nella pubblicazione parte dall\u2019attenzione ad una condizione: riflettere sul ruolo positivo che l\u2019impresa pu\u00f2 avere per la crescita e lo sviluppo corretto della comunit\u00e0 in cui opera non \u00e8 mai stato cos\u00ec \u201cdi moda\u201d. Una situazione per certi versi fortunata ma, per altri, rischiosa perch\u00e9 espone a facili approssimazioni e generalizzazioni. Per questo Neri e Pompa hanno scelto di orientare le ricerche utilizzando come \u201ccentro di gravit\u00e0\u201d la nozione di cittadinanza d\u2019impresa. Una scelta, avvertono i curatori, \u00a0che consente (e impone) di confrontarsi con una delle questioni pi\u00f9 scottanti che la nostra societ\u00e0 sta affrontando, appunto la comprensione del significato di cittadinanza, ancorch\u00e9 in termini circoscritti all\u2019esercizio d\u2019impresa. Anzi, per il gruppo di ricerca, cittadinanza \u00e8 un termine \u201cnobile\u201d, con una secolare tradizione di utilizzo in ambiti e modalit\u00e0 differenti e che, associato al \u201cfenomeno\u201d realt\u00e0 d\u2019impresa, enfatizza l\u2019opportunit\u00e0 dello studio \u201cumanistico\u201d di quest\u2019ultima realt\u00e0.<\/p>\n<p>Le indagini coordinate da Massimo Neri e Leonardo Pompa affrontano quindi l\u2019origine e la misurazione del concetto di cittadinanza d\u2019impresa e le relazioni tra questa e l\u2019etica d\u2019impresa.<\/p>\n<p>Porre in relazione la cultura del produrre con la cultura civile dell\u2019essere comunit\u00e0 accogliente \u00e8 una delle peculiarit\u00e0 che rendono interessati le ricerche raccolte in \u201cCittadinanza d\u2019impresa. Concezioni, teorie, metodi\u201d.<\/p><p><a href=\"https:\/\/amsacta.unibo.it\/id\/eprint\/8062\/1\/CittadinanzaImpresa.pdf\"><strong>Cittadinanza d\u2019impresa. Concezioni, teorie, metodi<\/strong><\/a><\/p>\n<p>Massimo Neri, Leonardo Pompa (a cura di)<\/p>\n<p>Tao Digital Library, 2024<\/p>\n","protected":false},"excerpt":{"rendered":"<p>Una raccolta di indagini appena pubblicate ragiona sulle relazioni tra attivit\u00e0 produttive e comunit\u00e0 locali passando dal concetto di cittadinanza \u00a0 Insediamenti d\u2019impresa. Luoghi, cio\u00e8, in cui le fabbriche e gli uffici fisicamente si pongono. Aspetto importante, questo, del fare produzione, anche al tempo della digitalizzazione e del web. \u00c8 partendo da questo principio che [&hellip;]<\/p>\n","protected":false},"author":1,"featured_media":0,"comment_status":"open","ping_status":"open","sticky":false,"template":"","format":"standard","meta":{"footnotes":""},"categories":[54,52],"tags":[],"class_list":["post-102817","post","type-post","status-publish","format-standard","hentry","category-approfondimenti","category-cultura-dimpresa"],"acf":[],"yoast_head":"<!-- This site is optimized with the Yoast SEO plugin v25.0 - https:\/\/yoast.com\/wordpress\/plugins\/seo\/ -->\n<title>L\u2019impresa cittadina del territorio - Fondazione Pirelli<\/title>\n<meta name=\"robots\" content=\"index, follow, max-snippet:-1, max-image-preview:large, max-video-preview:-1\" \/>\n<link rel=\"canonical\" href=\"https:\/\/www.fondazionepirelli.org\/it\/cultura-dimpresa\/approfondimenti\/limpresa-cittadina-del-territorio\/\" \/>\n<meta property=\"og:locale\" content=\"it_IT\" \/>\n<meta property=\"og:type\" content=\"article\" \/>\n<meta property=\"og:title\" content=\"L\u2019impresa cittadina del territorio - Fondazione Pirelli\" \/>\n<meta property=\"og:description\" content=\"Una raccolta di indagini appena pubblicate ragiona sulle relazioni tra attivit\u00e0 produttive e comunit\u00e0 locali passando dal concetto di cittadinanza \u00a0 Insediamenti d\u2019impresa. Luoghi, cio\u00e8, in cui le fabbriche e gli uffici fisicamente si pongono. Aspetto importante, questo, del fare produzione, anche al tempo della digitalizzazione e del web. \u00c8 partendo da questo principio che [&hellip;]\" \/>\n<meta property=\"og:url\" content=\"https:\/\/www.fondazionepirelli.org\/it\/cultura-dimpresa\/approfondimenti\/limpresa-cittadina-del-territorio\/\" \/>\n<meta property=\"og:site_name\" content=\"Fondazione Pirelli\" \/>\n<meta property=\"article:published_time\" content=\"2024-12-10T10:03:27+00:00\" \/>\n<meta name=\"author\" content=\"fondadmin\" \/>\n<meta name=\"twitter:card\" content=\"summary_large_image\" \/>\n<meta name=\"twitter:label1\" content=\"Scritto da\" \/>\n\t<meta name=\"twitter:data1\" content=\"fondadmin\" \/>\n\t<meta name=\"twitter:label2\" content=\"Tempo di lettura stimato\" \/>\n\t<meta name=\"twitter:data2\" content=\"2 minuti\" \/>\n<script type=\"application\/ld+json\" class=\"yoast-schema-graph\">{\"@context\":\"https:\/\/schema.org\",\"@graph\":[{\"@type\":\"WebPage\",\"@id\":\"https:\/\/www.fondazionepirelli.org\/it\/cultura-dimpresa\/approfondimenti\/limpresa-cittadina-del-territorio\/\",\"url\":\"https:\/\/www.fondazionepirelli.org\/it\/cultura-dimpresa\/approfondimenti\/limpresa-cittadina-del-territorio\/\",\"name\":\"L\u2019impresa cittadina del territorio - Fondazione Pirelli\",\"isPartOf\":{\"@id\":\"https:\/\/www.fondazionepirelli.org\/it\/#website\"},\"datePublished\":\"2024-12-10T10:03:27+00:00\",\"author\":{\"@id\":\"https:\/\/www.fondazionepirelli.org\/it\/#\/schema\/person\/f47d097000832c4a6e54538c791fdf25\"},\"breadcrumb\":{\"@id\":\"https:\/\/www.fondazionepirelli.org\/it\/cultura-dimpresa\/approfondimenti\/limpresa-cittadina-del-territorio\/#breadcrumb\"},\"inLanguage\":\"it-IT\",\"potentialAction\":[{\"@type\":\"ReadAction\",\"target\":[\"https:\/\/www.fondazionepirelli.org\/it\/cultura-dimpresa\/approfondimenti\/limpresa-cittadina-del-territorio\/\"]}]},{\"@type\":\"BreadcrumbList\",\"@id\":\"https:\/\/www.fondazionepirelli.org\/it\/cultura-dimpresa\/approfondimenti\/limpresa-cittadina-del-territorio\/#breadcrumb\",\"itemListElement\":[{\"@type\":\"ListItem\",\"position\":1,\"name\":\"Home\",\"item\":\"https:\/\/www.fondazionepirelli.org\/it\/\"},{\"@type\":\"ListItem\",\"position\":2,\"name\":\"L\u2019impresa cittadina del territorio\"}]},{\"@type\":\"WebSite\",\"@id\":\"https:\/\/www.fondazionepirelli.org\/it\/#website\",\"url\":\"https:\/\/www.fondazionepirelli.org\/it\/\",\"name\":\"Fondazione Pirelli\",\"description\":\"\",\"potentialAction\":[{\"@type\":\"SearchAction\",\"target\":{\"@type\":\"EntryPoint\",\"urlTemplate\":\"https:\/\/www.fondazionepirelli.org\/it\/?s={search_term_string}\"},\"query-input\":{\"@type\":\"PropertyValueSpecification\",\"valueRequired\":true,\"valueName\":\"search_term_string\"}}],\"inLanguage\":\"it-IT\"},{\"@type\":\"Person\",\"@id\":\"https:\/\/www.fondazionepirelli.org\/it\/#\/schema\/person\/f47d097000832c4a6e54538c791fdf25\",\"name\":\"fondadmin\",\"image\":{\"@type\":\"ImageObject\",\"inLanguage\":\"it-IT\",\"@id\":\"https:\/\/www.fondazionepirelli.org\/it\/#\/schema\/person\/image\/\",\"url\":\"https:\/\/secure.gravatar.com\/avatar\/e69498a9175ca244966e51e53c88712c024fcebe41f9a05f75657f1bb25e489b?s=96&d=mm&r=g\",\"contentUrl\":\"https:\/\/secure.gravatar.com\/avatar\/e69498a9175ca244966e51e53c88712c024fcebe41f9a05f75657f1bb25e489b?s=96&d=mm&r=g\",\"caption\":\"fondadmin\"},\"url\":\"https:\/\/www.fondazionepirelli.org\/it\/author\/fondadmin\/\"}]}<\/script>\n<!-- \/ Yoast SEO plugin. -->","yoast_head_json":{"title":"L\u2019impresa cittadina del territorio - Fondazione Pirelli","robots":{"index":"index","follow":"follow","max-snippet":"max-snippet:-1","max-image-preview":"max-image-preview:large","max-video-preview":"max-video-preview:-1"},"canonical":"https:\/\/www.fondazionepirelli.org\/it\/cultura-dimpresa\/approfondimenti\/limpresa-cittadina-del-territorio\/","og_locale":"it_IT","og_type":"article","og_title":"L\u2019impresa cittadina del territorio - Fondazione Pirelli","og_description":"Una raccolta di indagini appena pubblicate ragiona sulle relazioni tra attivit\u00e0 produttive e comunit\u00e0 locali passando dal concetto di cittadinanza \u00a0 Insediamenti d\u2019impresa. Luoghi, cio\u00e8, in cui le fabbriche e gli uffici fisicamente si pongono. Aspetto importante, questo, del fare produzione, anche al tempo della digitalizzazione e del web. \u00c8 partendo da questo principio che [&hellip;]","og_url":"https:\/\/www.fondazionepirelli.org\/it\/cultura-dimpresa\/approfondimenti\/limpresa-cittadina-del-territorio\/","og_site_name":"Fondazione Pirelli","article_published_time":"2024-12-10T10:03:27+00:00","author":"fondadmin","twitter_card":"summary_large_image","twitter_misc":{"Scritto da":"fondadmin","Tempo di lettura stimato":"2 minuti"},"schema":{"@context":"https:\/\/schema.org","@graph":[{"@type":"WebPage","@id":"https:\/\/www.fondazionepirelli.org\/it\/cultura-dimpresa\/approfondimenti\/limpresa-cittadina-del-territorio\/","url":"https:\/\/www.fondazionepirelli.org\/it\/cultura-dimpresa\/approfondimenti\/limpresa-cittadina-del-territorio\/","name":"L\u2019impresa cittadina del territorio - Fondazione Pirelli","isPartOf":{"@id":"https:\/\/www.fondazionepirelli.org\/it\/#website"},"datePublished":"2024-12-10T10:03:27+00:00","author":{"@id":"https:\/\/www.fondazionepirelli.org\/it\/#\/schema\/person\/f47d097000832c4a6e54538c791fdf25"},"breadcrumb":{"@id":"https:\/\/www.fondazionepirelli.org\/it\/cultura-dimpresa\/approfondimenti\/limpresa-cittadina-del-territorio\/#breadcrumb"},"inLanguage":"it-IT","potentialAction":[{"@type":"ReadAction","target":["https:\/\/www.fondazionepirelli.org\/it\/cultura-dimpresa\/approfondimenti\/limpresa-cittadina-del-territorio\/"]}]},{"@type":"BreadcrumbList","@id":"https:\/\/www.fondazionepirelli.org\/it\/cultura-dimpresa\/approfondimenti\/limpresa-cittadina-del-territorio\/#breadcrumb","itemListElement":[{"@type":"ListItem","position":1,"name":"Home","item":"https:\/\/www.fondazionepirelli.org\/it\/"},{"@type":"ListItem","position":2,"name":"L\u2019impresa cittadina del territorio"}]},{"@type":"WebSite","@id":"https:\/\/www.fondazionepirelli.org\/it\/#website","url":"https:\/\/www.fondazionepirelli.org\/it\/","name":"Fondazione Pirelli","description":"","potentialAction":[{"@type":"SearchAction","target":{"@type":"EntryPoint","urlTemplate":"https:\/\/www.fondazionepirelli.org\/it\/?s={search_term_string}"},"query-input":{"@type":"PropertyValueSpecification","valueRequired":true,"valueName":"search_term_string"}}],"inLanguage":"it-IT"},{"@type":"Person","@id":"https:\/\/www.fondazionepirelli.org\/it\/#\/schema\/person\/f47d097000832c4a6e54538c791fdf25","name":"fondadmin","image":{"@type":"ImageObject","inLanguage":"it-IT","@id":"https:\/\/www.fondazionepirelli.org\/it\/#\/schema\/person\/image\/","url":"https:\/\/secure.gravatar.com\/avatar\/e69498a9175ca244966e51e53c88712c024fcebe41f9a05f75657f1bb25e489b?s=96&d=mm&r=g","contentUrl":"https:\/\/secure.gravatar.com\/avatar\/e69498a9175ca244966e51e53c88712c024fcebe41f9a05f75657f1bb25e489b?s=96&d=mm&r=g","caption":"fondadmin"},"url":"https:\/\/www.fondazionepirelli.org\/it\/author\/fondadmin\/"}]}},"_links":{"self":[{"href":"https:\/\/www.fondazionepirelli.org\/it\/wp-json\/wp\/v2\/posts\/102817\/"}],"collection":[{"href":"https:\/\/www.fondazionepirelli.org\/it\/wp-json\/wp\/v2\/posts\/"}],"about":[{"href":"https:\/\/www.fondazionepirelli.org\/it\/wp-json\/wp\/v2\/types\/post\/"}],"author":[{"embeddable":true,"href":"https:\/\/www.fondazionepirelli.org\/it\/wp-json\/wp\/v2\/users\/1\/"}],"replies":[{"embeddable":true,"href":"https:\/\/www.fondazionepirelli.org\/it\/wp-json\/wp\/v2\/comments\/?post=102817"}],"version-history":[{"count":2,"href":"https:\/\/www.fondazionepirelli.org\/it\/wp-json\/wp\/v2\/posts\/102817\/revisions\/"}],"predecessor-version":[{"id":102827,"href":"https:\/\/www.fondazionepirelli.org\/it\/wp-json\/wp\/v2\/posts\/102817\/revisions\/102827\/"}],"wp:attachment":[{"href":"https:\/\/www.fondazionepirelli.org\/it\/wp-json\/wp\/v2\/media\/?parent=102817"}],"wp:term":[{"taxonomy":"category","embeddable":true,"href":"https:\/\/www.fondazionepirelli.org\/it\/wp-json\/wp\/v2\/categories\/?post=102817"},{"taxonomy":"post_tag","embeddable":true,"href":"https:\/\/www.fondazionepirelli.org\/it\/wp-json\/wp\/v2\/tags\/?post=102817"}],"curies":[{"name":"wp","href":"https:\/\/api.w.org\/{rel}","templated":true}]}}