{"id":102832,"date":"2024-12-17T11:41:23","date_gmt":"2024-12-17T10:41:23","guid":{"rendered":"https:\/\/www.fondazionepirelli.org\/?p=102832"},"modified":"2024-12-17T11:41:23","modified_gmt":"2024-12-17T10:41:23","slug":"nella-crescita-dellignoranza-e-dellostilita-alla-scienza-soffre-anche-la-competitivita-dellindustria-italiana","status":"publish","type":"post","link":"https:\/\/www.fondazionepirelli.org\/it\/cultura-dimpresa\/blog\/nella-crescita-dellignoranza-e-dellostilita-alla-scienza-soffre-anche-la-competitivita-dellindustria-italiana\/","title":{"rendered":"Nella crescita dell\u2019ignoranza e dell\u2019ostilit\u00e0 alla scienza soffre anche la competitivit\u00e0 dell\u2019industria italiana"},"content":{"rendered":"<p>\u201cCom\u2019\u00e8 la notte?\u201d<\/p>\n<p>\u201cChiara\u201d.<\/p>\n<p>Sono le ultime battute della <strong>\u201cVita di Galileo\u201d<\/strong> di <strong>Bertolt Brecht<\/strong>. Lo scienziato ha appena sub\u00ecto le imposizioni dei dottori della Chiesa, abiurando le sue scoperte sulla centralit\u00e0 del Sole e sul movimento della Terra come pianeta. E se ne sta mesto in un angolo del suo studiolo. Eppure, ancorch\u00e9 umiliato, non si sottomette al silenzio e all\u2019ignoranza. E al discepolo che lo interroga, parla di \u201cnotte chiara\u201d e dunque ribadisce la forza della scienza, la bellezza della ricerca, la necessit\u00e0 della conoscenza e l\u2019importanza di una verit\u00e0 da verificare, discutere, mettere comunque alla prova. C\u2019\u00e8 sempre e comunque un cielo, da continuare a esplorare.<\/p>\n<p>Le parole del Galileo di Brecht, e la sua indomita passione per la conoscenza vengono in mente leggendo le cronache sull\u2019ultima <strong>indagine Piaac<\/strong> dell\u2019<strong>Ocse<\/strong> sull\u2019istruzione e le competenze degli adulti (dai 16 ai 65 anni) in <strong>31 paesi<\/strong> dell\u2019Organizzazione (La Stampa e Il Sole24Ore, 11 dicembre), da cui emerge purtroppo che l\u2019Italia \u00e8 agli ultimi posti in classifica per <strong>capacit\u00e0 di comprensione del testo<\/strong> (\u201cliteracy\u201d), <strong>capacit\u00e0 di calcolo<\/strong> (\u201cnumeracy\u201d) e <strong>capacit\u00e0 di risolvere problemi appena complessi<\/strong>. Ai primi posti della classifica ci sono Giappone, Svezia, Finlandia, Norvegia, Paesi Bassi, Regno Unito e Danimarca.<\/p>\n<p>La situazione italiana, rileva sempre l\u2019Ocse, \u00e8 peggiorata rispetto a dieci anni fa. E le carenze cognitive sono particolarmente gravi per le persone, tra i 54 e i 65 anni. Sono pesanti anche i divari territoriali: il Nord e il Centro sono in linea con la media Ocse, il Sud invece arranca.<\/p>\n<p><strong>\u201cAnalfabeti d\u2019Italia\u201d<\/strong>, sintetizza brutalmente il titolo de <strong>\u201cLa Stampa\u201d<\/strong>. E <strong>Viola Ardone<\/strong>, insegnante e scrittrice di successo, aggiunge: \u201cNon capiamo pi\u00f9 ci\u00f2 che leggiamo perch\u00e9 trionfa il \u2018parla come mangi\u2019\u201d, la sciatteria di un linguaggio quotidiano impoverito e involgarito e la subcultura del \u201csemplice\u201d, scartando tutto ci\u00f2 che sembra \u201ccomplesso\u201d. <strong>\u201cAnalfabeti funzionali\u201d<\/strong>, commenta <strong>Paolo Di Paolo<\/strong> (<strong>la Repubblica<\/strong>, 11 dicembre), aggiungendo che \u201cun cittadino che fatica a leggere un testo di media complessit\u00e0\u2026 non gode appieno dei propri diritti e forse nemmeno lo sa. Rischia di restare e spesso resta al margine della partecipazione alla vita democratica. Si espone, quasi senza difese a chi intende schiacciarlo, truffarlo, blandirlo per renderlo un consumatore inerte e apatico. Finisce per essere inghiottito dalla propaganda pi\u00f9 tossica, commerciale quanto politica\u201d.<\/p>\n<p>Un disastro politico e sociale, insomma. Ma anche una condizione negativa dal punto di vista dell\u2019economia: a un basso livello di conoscenza e competenze corrispondono salari bassi, lavoro povero, scarsa consapevolezza dei temi finanziari (la capacit\u00e0 di contrarre responsabilmente un mutuo o un prestito e di decidere sul proprio risparmio), inadeguatezza nel fare fronte alle pratiche burocratiche e fiscali o nel capire le conseguenze di scelte politiche e di governo su tanti aspetti della propria vita di cittadino, lavoratore, consumatore.<\/p>\n<p>Nulla di nuovo, purtroppo. Gi\u00e0 dieci anni fa <strong>Tullio De Mauro<\/strong>, grande linguista, ammoniva sul fenomeno della <strong>dealfabetizzazione<\/strong> degli adulti, senza che nessuno, a livello politico e di governo, avesse voglia di affrontare il problema. Il <strong>Rapporto Censis<\/strong> del <strong>2021<\/strong> parlava di <strong>\u201cregressione culturale\u201d<\/strong>. E sempre il Censis, nel rapporto 2025, pochi giorni fa, ha documentato come molti italiani sappiano pochissimo di Manzoni e Mazzini, siano \u201cintrappolati nella mediet\u00e0\u201d (dunque anche nell\u2019ignoranza) e digitalmente quasi analfabeti.<\/p>\n<p>Le radici di questa condizione sono note: il degrado e il declino della <strong>scuola<\/strong>, la quasi totale scomparsa delle tradizionali <strong>\u201cagenzie educative\u201d<\/strong> (negli anni Sessanta e Settanta lo erano anche i partiti, i sindacati, le parrocchie, i circoli e le associazioni sociali), la <strong>tendenza a non leggere<\/strong> (solo un italiano su due prende in mano un libro almeno una volta all\u2019anno), la crescente abitudine a informarsi sbrigativamente e dunque malamente solo su <strong>social e Tv<\/strong> (le vendite dei quotidiani sono in calo costante e il governo non mostra alcun interesse a sostenere i processi di ammodernamento tecnologico e di miglioramento qualitativo dell\u2019editoria giornalistica).<\/p>\n<p>\u00c8 la stagione dell\u2019ignoranza, \u201c<strong>l\u2019ignoranza di quelli che sanno tutto<\/strong>\u201d, chiosa ironicamente <strong>Aldo Grasso<\/strong> sul <strong>Corriere della Sera<\/strong> (15 dicembre). Un\u2019ignoranza, per giunta, esibita, rivendicata, spavaldamente contrapposta a chi mette in campo le proprie competenze e conoscenze (resta famoso il protervo \u201cQuesto lo dice lei\u2026\u201d contrapposto da una parlamentare dei 5Stelle a Pier Carlo Padoan, uno dei maggiori economisti internazionali, che ragionava di sviluppo economico e misure di governo sulla base di analisi scientifiche e dati).<\/p>\n<p>Ne soffre il <strong>discorso pubblico<\/strong>, sempre pi\u00f9 impoverito e banalizzato. Ne risente negativamente la <strong>qualit\u00e0 della stessa democrazia<\/strong>, fondata com\u2019\u00e8 sulla capacit\u00e0 dei cittadini di poter esprimere un giudizio critico ben informato, di far valere un\u2019opinione fondata non sugli istinti, le paure, le distorsioni della propaganda, ma sulla consapevolezza dei problemi e la discussione delle possibili soluzioni.<\/p>\n<p>La <strong>democrazia liberale<\/strong>, insomma, non pu\u00f2 non avere un pilastro nella buona scuola, nella diffusione della conoscenza, indispensabile sia alla cittadinanza consapevole e alla partecipazione responsabile, sia alla ricerca scientifica e al progresso. Qualunque regime autoritario, invece, tiene in sospetto, sino all\u2019aperta ostilit\u00e0, la <strong>formazione di qualit\u00e0<\/strong>, l\u2019<strong>informazione autonoma<\/strong>, il <strong>pensiero critico<\/strong>, la stessa <strong>libert\u00e0 della ricerca scientifica<\/strong>. La lezione di Isaiah Berlin, Jurgen Habermas, Karl Popper e Norberto Bobbio \u00e8 molto chiara e ancora di grande attualit\u00e0. L\u2019Europa migliore in cui crediamo ne reca l\u2019impronta essenziale.<\/p>\n<p>C\u2019\u00e8 un secondo aspetto su cui vale la pena insistere. E cio\u00e8 quello sulle conseguenze negative dell\u2019ignoranza crescente e della subcultura antiscientifica sulla competitivit\u00e0 dell\u2019Italia.<\/p>\n<p>Nella stagione del primato della \u201ceconomia della conoscenza\u201d, infatti, proprio la gestione della transizione ambientale e digitale e l\u2019utilizzo produttivo dell\u2019Intelligenza Artificiale chiedono un insieme di competenze multidisciplinari sempre pi\u00f9 sofisticate, una formazione di lungo periodo ben al di l\u00e0 dei tradizionali percorsi scolastici e universitari.<\/p>\n<p>L\u2019<strong>attitudine alla creativit\u00e0<\/strong>, con cui storicamente abbiamo supplito alle carenze formative, non \u00e8 pi\u00f9 sufficiente. Una <strong>solida cultura d\u2019impresa<\/strong> all\u2019altezza delle sfide competitive internazionali, ha bisogno di essere <strong>\u201cpolitecnica\u201d<\/strong>, aperta, dinamica, in continua evoluzione. La produttivit\u00e0, soprattutto nei settori della manifattura d\u2019avanguardia e dei servizi <em>high tech, <\/em>pu\u00f2 essere garantita solo da elevati livelli culturali, non solo tecnici, ma anche umanistici in senso lato. La condizione italiana, con un basso numero di laureati e con quote elevate di \u201canalfabetismo funzionale\u201d di cui abbiamo appena parlato, \u00e8 dunque particolarmente preoccupante.<\/p>\n<p>C\u2019\u00e8 ancora una considerazione da fare. Anche l\u2019attitudine orgogliosa al \u201csaper fare\u201d, cos\u00ec preziosa per gli imprenditori, ha bisogno di essere accompagnata dall\u2019impegno a \u201cfar sapere\u201d, a costruire un nuovo e migliore racconto dell\u2019intraprendenza, dell\u2019industria e del lavoro.<\/p>\n<p><strong>Investire sulla formazione e sulla conoscenza<\/strong>, dunque. \u00c8 l\u2019esigenza fondamentale cui dare risposte. Le risorse del Pnnr avrebbero dovuto essere utilizzate proprio in questa direzione. Vedremo, solo al termine del percorso di spesa dei fondi, quanti investimenti su scuola, universit\u00e0, formazione, conoscenza, transizione digitale e Intelligenza Artificiale, innovazione sono stati fatti e con che risultati. Di certo, oggi resta soprattutto la preoccupazione per l\u2019ignoranza crescente, la scarsa produttivit\u00e0 del sistema Italia nel suo complesso, la <strong>crisi di competitivit\u00e0<\/strong> rispetto ai concorrenti internazionali.<\/p>\n<p>E la notte della conoscenza, della scienza e dello sviluppo rischia purtroppo di non essere pi\u00f9 \u201cchiara\u201d.<\/p><p>(foto Getty Images)<\/p>","protected":false},"excerpt":{"rendered":"<p>\u201cCom\u2019\u00e8 la notte?\u201d \u201cChiara\u201d. Sono le ultime battute della \u201cVita di Galileo\u201d di Bertolt Brecht. Lo scienziato ha appena sub\u00ecto le imposizioni dei dottori della Chiesa, abiurando le sue scoperte sulla centralit\u00e0 del Sole e sul movimento della Terra come pianeta. E se ne sta mesto in un angolo del suo studiolo. Eppure, ancorch\u00e9 umiliato, [&hellip;]<\/p>\n","protected":false},"author":1,"featured_media":102847,"comment_status":"open","ping_status":"open","sticky":false,"template":"","format":"standard","meta":{"footnotes":""},"categories":[53,52],"tags":[],"class_list":["post-102832","post","type-post","status-publish","format-standard","has-post-thumbnail","hentry","category-blog","category-cultura-dimpresa"],"acf":[],"yoast_head":"<!-- This site is optimized with the Yoast SEO plugin v25.0 - https:\/\/yoast.com\/wordpress\/plugins\/seo\/ -->\n<title>Nella crescita dell\u2019ignoranza e dell\u2019ostilit\u00e0 alla scienza soffre anche la competitivit\u00e0 dell\u2019industria italiana - Fondazione Pirelli<\/title>\n<meta name=\"robots\" content=\"index, follow, max-snippet:-1, max-image-preview:large, max-video-preview:-1\" \/>\n<link rel=\"canonical\" href=\"https:\/\/www.fondazionepirelli.org\/it\/cultura-dimpresa\/blog\/nella-crescita-dellignoranza-e-dellostilita-alla-scienza-soffre-anche-la-competitivita-dellindustria-italiana\/\" \/>\n<meta property=\"og:locale\" content=\"it_IT\" \/>\n<meta property=\"og:type\" content=\"article\" \/>\n<meta property=\"og:title\" content=\"Nella crescita dell\u2019ignoranza e dell\u2019ostilit\u00e0 alla scienza soffre anche la competitivit\u00e0 dell\u2019industria italiana - Fondazione Pirelli\" \/>\n<meta property=\"og:description\" content=\"\u201cCom\u2019\u00e8 la notte?\u201d \u201cChiara\u201d. Sono le ultime battute della \u201cVita di Galileo\u201d di Bertolt Brecht. Lo scienziato ha appena sub\u00ecto le imposizioni dei dottori della Chiesa, abiurando le sue scoperte sulla centralit\u00e0 del Sole e sul movimento della Terra come pianeta. E se ne sta mesto in un angolo del suo studiolo. Eppure, ancorch\u00e9 umiliato, [&hellip;]\" \/>\n<meta property=\"og:url\" content=\"https:\/\/127.0.0.1\/it\/cultura-dimpresa\/blog\/nella-crescita-dellignoranza-e-dellostilita-alla-scienza-soffre-anche-la-competitivita-dellindustria-italiana\/\" \/>\n<meta property=\"og:site_name\" content=\"Fondazione Pirelli\" \/>\n<meta property=\"article:published_time\" content=\"2024-12-17T10:41:23+00:00\" \/>\n<meta property=\"og:image\" content=\"https:\/\/wpsite-assets.fondazionepirelli.org\/wp-content\/uploads\/2024\/12\/17114101\/GettyImages-1178727677_low.jpg\" \/>\n\t<meta property=\"og:image:width\" content=\"800\" \/>\n\t<meta property=\"og:image:height\" content=\"533\" \/>\n\t<meta property=\"og:image:type\" content=\"image\/jpeg\" \/>\n<meta name=\"author\" content=\"fondadmin\" \/>\n<meta name=\"twitter:card\" content=\"summary_large_image\" \/>\n<meta name=\"twitter:label1\" content=\"Scritto da\" \/>\n\t<meta name=\"twitter:data1\" content=\"fondadmin\" \/>\n\t<meta name=\"twitter:label2\" content=\"Tempo di lettura stimato\" \/>\n\t<meta name=\"twitter:data2\" content=\"6 minuti\" \/>\n<script type=\"application\/ld+json\" class=\"yoast-schema-graph\">{\"@context\":\"https:\/\/schema.org\",\"@graph\":[{\"@type\":\"WebPage\",\"@id\":\"https:\/\/127.0.0.1\/it\/cultura-dimpresa\/blog\/nella-crescita-dellignoranza-e-dellostilita-alla-scienza-soffre-anche-la-competitivita-dellindustria-italiana\/\",\"url\":\"https:\/\/127.0.0.1\/it\/cultura-dimpresa\/blog\/nella-crescita-dellignoranza-e-dellostilita-alla-scienza-soffre-anche-la-competitivita-dellindustria-italiana\/\",\"name\":\"Nella crescita dell\u2019ignoranza e dell\u2019ostilit\u00e0 alla scienza soffre anche la competitivit\u00e0 dell\u2019industria italiana - Fondazione Pirelli\",\"isPartOf\":{\"@id\":\"https:\/\/www.fondazionepirelli.org\/it\/#website\"},\"primaryImageOfPage\":{\"@id\":\"https:\/\/127.0.0.1\/it\/cultura-dimpresa\/blog\/nella-crescita-dellignoranza-e-dellostilita-alla-scienza-soffre-anche-la-competitivita-dellindustria-italiana\/#primaryimage\"},\"image\":{\"@id\":\"https:\/\/127.0.0.1\/it\/cultura-dimpresa\/blog\/nella-crescita-dellignoranza-e-dellostilita-alla-scienza-soffre-anche-la-competitivita-dellindustria-italiana\/#primaryimage\"},\"thumbnailUrl\":\"https:\/\/wpsite-assets.fondazionepirelli.org\/wp-content\/uploads\/2024\/12\/17114101\/GettyImages-1178727677_low.jpg\",\"datePublished\":\"2024-12-17T10:41:23+00:00\",\"author\":{\"@id\":\"https:\/\/www.fondazionepirelli.org\/it\/#\/schema\/person\/f47d097000832c4a6e54538c791fdf25\"},\"breadcrumb\":{\"@id\":\"https:\/\/127.0.0.1\/it\/cultura-dimpresa\/blog\/nella-crescita-dellignoranza-e-dellostilita-alla-scienza-soffre-anche-la-competitivita-dellindustria-italiana\/#breadcrumb\"},\"inLanguage\":\"it-IT\",\"potentialAction\":[{\"@type\":\"ReadAction\",\"target\":[\"https:\/\/127.0.0.1\/it\/cultura-dimpresa\/blog\/nella-crescita-dellignoranza-e-dellostilita-alla-scienza-soffre-anche-la-competitivita-dellindustria-italiana\/\"]}]},{\"@type\":\"ImageObject\",\"inLanguage\":\"it-IT\",\"@id\":\"https:\/\/127.0.0.1\/it\/cultura-dimpresa\/blog\/nella-crescita-dellignoranza-e-dellostilita-alla-scienza-soffre-anche-la-competitivita-dellindustria-italiana\/#primaryimage\",\"url\":\"https:\/\/wpsite-assets.fondazionepirelli.org\/wp-content\/uploads\/2024\/12\/17114101\/GettyImages-1178727677_low.jpg\",\"contentUrl\":\"https:\/\/wpsite-assets.fondazionepirelli.org\/wp-content\/uploads\/2024\/12\/17114101\/GettyImages-1178727677_low.jpg\",\"width\":800,\"height\":533,\"caption\":\"little woman undecided whether to climb the knowledge of a giant book\"},{\"@type\":\"BreadcrumbList\",\"@id\":\"https:\/\/127.0.0.1\/it\/cultura-dimpresa\/blog\/nella-crescita-dellignoranza-e-dellostilita-alla-scienza-soffre-anche-la-competitivita-dellindustria-italiana\/#breadcrumb\",\"itemListElement\":[{\"@type\":\"ListItem\",\"position\":1,\"name\":\"Home\",\"item\":\"https:\/\/www.fondazionepirelli.org\/it\/\"},{\"@type\":\"ListItem\",\"position\":2,\"name\":\"Nella crescita dell\u2019ignoranza e dell\u2019ostilit\u00e0 alla scienza soffre anche la competitivit\u00e0 dell\u2019industria italiana\"}]},{\"@type\":\"WebSite\",\"@id\":\"https:\/\/www.fondazionepirelli.org\/it\/#website\",\"url\":\"https:\/\/www.fondazionepirelli.org\/it\/\",\"name\":\"Fondazione Pirelli\",\"description\":\"\",\"potentialAction\":[{\"@type\":\"SearchAction\",\"target\":{\"@type\":\"EntryPoint\",\"urlTemplate\":\"https:\/\/www.fondazionepirelli.org\/it\/?s={search_term_string}\"},\"query-input\":{\"@type\":\"PropertyValueSpecification\",\"valueRequired\":true,\"valueName\":\"search_term_string\"}}],\"inLanguage\":\"it-IT\"},{\"@type\":\"Person\",\"@id\":\"https:\/\/www.fondazionepirelli.org\/it\/#\/schema\/person\/f47d097000832c4a6e54538c791fdf25\",\"name\":\"fondadmin\",\"image\":{\"@type\":\"ImageObject\",\"inLanguage\":\"it-IT\",\"@id\":\"https:\/\/www.fondazionepirelli.org\/it\/#\/schema\/person\/image\/\",\"url\":\"https:\/\/secure.gravatar.com\/avatar\/e69498a9175ca244966e51e53c88712c024fcebe41f9a05f75657f1bb25e489b?s=96&d=mm&r=g\",\"contentUrl\":\"https:\/\/secure.gravatar.com\/avatar\/e69498a9175ca244966e51e53c88712c024fcebe41f9a05f75657f1bb25e489b?s=96&d=mm&r=g\",\"caption\":\"fondadmin\"},\"url\":\"https:\/\/www.fondazionepirelli.org\/it\/author\/fondadmin\/\"}]}<\/script>\n<!-- \/ Yoast SEO plugin. -->","yoast_head_json":{"title":"Nella crescita dell\u2019ignoranza e dell\u2019ostilit\u00e0 alla scienza soffre anche la competitivit\u00e0 dell\u2019industria italiana - Fondazione Pirelli","robots":{"index":"index","follow":"follow","max-snippet":"max-snippet:-1","max-image-preview":"max-image-preview:large","max-video-preview":"max-video-preview:-1"},"canonical":"https:\/\/www.fondazionepirelli.org\/it\/cultura-dimpresa\/blog\/nella-crescita-dellignoranza-e-dellostilita-alla-scienza-soffre-anche-la-competitivita-dellindustria-italiana\/","og_locale":"it_IT","og_type":"article","og_title":"Nella crescita dell\u2019ignoranza e dell\u2019ostilit\u00e0 alla scienza soffre anche la competitivit\u00e0 dell\u2019industria italiana - Fondazione Pirelli","og_description":"\u201cCom\u2019\u00e8 la notte?\u201d \u201cChiara\u201d. Sono le ultime battute della \u201cVita di Galileo\u201d di Bertolt Brecht. Lo scienziato ha appena sub\u00ecto le imposizioni dei dottori della Chiesa, abiurando le sue scoperte sulla centralit\u00e0 del Sole e sul movimento della Terra come pianeta. E se ne sta mesto in un angolo del suo studiolo. Eppure, ancorch\u00e9 umiliato, [&hellip;]","og_url":"https:\/\/127.0.0.1\/it\/cultura-dimpresa\/blog\/nella-crescita-dellignoranza-e-dellostilita-alla-scienza-soffre-anche-la-competitivita-dellindustria-italiana\/","og_site_name":"Fondazione Pirelli","article_published_time":"2024-12-17T10:41:23+00:00","og_image":[{"width":800,"height":533,"url":"https:\/\/wpsite-assets.fondazionepirelli.org\/wp-content\/uploads\/2024\/12\/17114101\/GettyImages-1178727677_low.jpg","type":"image\/jpeg"}],"author":"fondadmin","twitter_card":"summary_large_image","twitter_misc":{"Scritto da":"fondadmin","Tempo di lettura stimato":"6 minuti"},"schema":{"@context":"https:\/\/schema.org","@graph":[{"@type":"WebPage","@id":"https:\/\/127.0.0.1\/it\/cultura-dimpresa\/blog\/nella-crescita-dellignoranza-e-dellostilita-alla-scienza-soffre-anche-la-competitivita-dellindustria-italiana\/","url":"https:\/\/127.0.0.1\/it\/cultura-dimpresa\/blog\/nella-crescita-dellignoranza-e-dellostilita-alla-scienza-soffre-anche-la-competitivita-dellindustria-italiana\/","name":"Nella crescita dell\u2019ignoranza e dell\u2019ostilit\u00e0 alla scienza soffre anche la competitivit\u00e0 dell\u2019industria italiana - Fondazione Pirelli","isPartOf":{"@id":"https:\/\/www.fondazionepirelli.org\/it\/#website"},"primaryImageOfPage":{"@id":"https:\/\/127.0.0.1\/it\/cultura-dimpresa\/blog\/nella-crescita-dellignoranza-e-dellostilita-alla-scienza-soffre-anche-la-competitivita-dellindustria-italiana\/#primaryimage"},"image":{"@id":"https:\/\/127.0.0.1\/it\/cultura-dimpresa\/blog\/nella-crescita-dellignoranza-e-dellostilita-alla-scienza-soffre-anche-la-competitivita-dellindustria-italiana\/#primaryimage"},"thumbnailUrl":"https:\/\/wpsite-assets.fondazionepirelli.org\/wp-content\/uploads\/2024\/12\/17114101\/GettyImages-1178727677_low.jpg","datePublished":"2024-12-17T10:41:23+00:00","author":{"@id":"https:\/\/www.fondazionepirelli.org\/it\/#\/schema\/person\/f47d097000832c4a6e54538c791fdf25"},"breadcrumb":{"@id":"https:\/\/127.0.0.1\/it\/cultura-dimpresa\/blog\/nella-crescita-dellignoranza-e-dellostilita-alla-scienza-soffre-anche-la-competitivita-dellindustria-italiana\/#breadcrumb"},"inLanguage":"it-IT","potentialAction":[{"@type":"ReadAction","target":["https:\/\/127.0.0.1\/it\/cultura-dimpresa\/blog\/nella-crescita-dellignoranza-e-dellostilita-alla-scienza-soffre-anche-la-competitivita-dellindustria-italiana\/"]}]},{"@type":"ImageObject","inLanguage":"it-IT","@id":"https:\/\/127.0.0.1\/it\/cultura-dimpresa\/blog\/nella-crescita-dellignoranza-e-dellostilita-alla-scienza-soffre-anche-la-competitivita-dellindustria-italiana\/#primaryimage","url":"https:\/\/wpsite-assets.fondazionepirelli.org\/wp-content\/uploads\/2024\/12\/17114101\/GettyImages-1178727677_low.jpg","contentUrl":"https:\/\/wpsite-assets.fondazionepirelli.org\/wp-content\/uploads\/2024\/12\/17114101\/GettyImages-1178727677_low.jpg","width":800,"height":533,"caption":"little woman undecided whether to climb the knowledge of a giant book"},{"@type":"BreadcrumbList","@id":"https:\/\/127.0.0.1\/it\/cultura-dimpresa\/blog\/nella-crescita-dellignoranza-e-dellostilita-alla-scienza-soffre-anche-la-competitivita-dellindustria-italiana\/#breadcrumb","itemListElement":[{"@type":"ListItem","position":1,"name":"Home","item":"https:\/\/www.fondazionepirelli.org\/it\/"},{"@type":"ListItem","position":2,"name":"Nella crescita dell\u2019ignoranza e dell\u2019ostilit\u00e0 alla scienza soffre anche la competitivit\u00e0 dell\u2019industria italiana"}]},{"@type":"WebSite","@id":"https:\/\/www.fondazionepirelli.org\/it\/#website","url":"https:\/\/www.fondazionepirelli.org\/it\/","name":"Fondazione Pirelli","description":"","potentialAction":[{"@type":"SearchAction","target":{"@type":"EntryPoint","urlTemplate":"https:\/\/www.fondazionepirelli.org\/it\/?s={search_term_string}"},"query-input":{"@type":"PropertyValueSpecification","valueRequired":true,"valueName":"search_term_string"}}],"inLanguage":"it-IT"},{"@type":"Person","@id":"https:\/\/www.fondazionepirelli.org\/it\/#\/schema\/person\/f47d097000832c4a6e54538c791fdf25","name":"fondadmin","image":{"@type":"ImageObject","inLanguage":"it-IT","@id":"https:\/\/www.fondazionepirelli.org\/it\/#\/schema\/person\/image\/","url":"https:\/\/secure.gravatar.com\/avatar\/e69498a9175ca244966e51e53c88712c024fcebe41f9a05f75657f1bb25e489b?s=96&d=mm&r=g","contentUrl":"https:\/\/secure.gravatar.com\/avatar\/e69498a9175ca244966e51e53c88712c024fcebe41f9a05f75657f1bb25e489b?s=96&d=mm&r=g","caption":"fondadmin"},"url":"https:\/\/www.fondazionepirelli.org\/it\/author\/fondadmin\/"}]}},"_links":{"self":[{"href":"https:\/\/www.fondazionepirelli.org\/it\/wp-json\/wp\/v2\/posts\/102832\/"}],"collection":[{"href":"https:\/\/www.fondazionepirelli.org\/it\/wp-json\/wp\/v2\/posts\/"}],"about":[{"href":"https:\/\/www.fondazionepirelli.org\/it\/wp-json\/wp\/v2\/types\/post\/"}],"author":[{"embeddable":true,"href":"https:\/\/www.fondazionepirelli.org\/it\/wp-json\/wp\/v2\/users\/1\/"}],"replies":[{"embeddable":true,"href":"https:\/\/www.fondazionepirelli.org\/it\/wp-json\/wp\/v2\/comments\/?post=102832"}],"version-history":[{"count":2,"href":"https:\/\/www.fondazionepirelli.org\/it\/wp-json\/wp\/v2\/posts\/102832\/revisions\/"}],"predecessor-version":[{"id":102838,"href":"https:\/\/www.fondazionepirelli.org\/it\/wp-json\/wp\/v2\/posts\/102832\/revisions\/102838\/"}],"wp:featuredmedia":[{"embeddable":true,"href":"https:\/\/www.fondazionepirelli.org\/it\/wp-json\/wp\/v2\/media\/102847\/"}],"wp:attachment":[{"href":"https:\/\/www.fondazionepirelli.org\/it\/wp-json\/wp\/v2\/media\/?parent=102832"}],"wp:term":[{"taxonomy":"category","embeddable":true,"href":"https:\/\/www.fondazionepirelli.org\/it\/wp-json\/wp\/v2\/categories\/?post=102832"},{"taxonomy":"post_tag","embeddable":true,"href":"https:\/\/www.fondazionepirelli.org\/it\/wp-json\/wp\/v2\/tags\/?post=102832"}],"curies":[{"name":"wp","href":"https:\/\/api.w.org\/{rel}","templated":true}]}}