{"id":102973,"date":"2025-01-14T12:06:17","date_gmt":"2025-01-14T11:06:17","guid":{"rendered":"https:\/\/www.fondazionepirelli.org\/?p=102973"},"modified":"2025-01-14T12:06:17","modified_gmt":"2025-01-14T11:06:17","slug":"anche-i-draghi-locopei-sono-utili-per-far-valere-conoscenza-e-democrazia","status":"publish","type":"post","link":"https:\/\/www.fondazionepirelli.org\/it\/cultura-dimpresa\/blog\/anche-i-draghi-locopei-sono-utili-per-far-valere-conoscenza-e-democrazia\/","title":{"rendered":"Anche i \u201cdraghi locopei\u201d sono utili per far valere conoscenza e democrazia"},"content":{"rendered":"<p>\u201cLa distruzione del linguaggio \u00e8 la premessa di ogni futura distruzione\u201d. Il giudizio \u00e8 di <strong>Tullio De Mauro<\/strong>, linguista sofisticato e sensibile, attento anche alle <strong>dimensioni politiche del sapiente uso delle parole<\/strong> (politiche nel senso della <em>polis<\/em>, per dire della capacit\u00e0 d\u2019una persona d\u2019essere membro responsabile d\u2019una comunit\u00e0, un <em>civis<\/em>, insomma). E viene in mente rileggendo i suoi scritti, a otto anni dalla morte (appunto all\u2019inizio di gennaio del 2017), per cercare un orizzonte di senso e una prospettiva di impegno intellettuale man mano che l\u2019evoluzione e <strong>l\u2019espansione dei social media<\/strong> incidono sempre pi\u00f9 radicalmente sulla qualit\u00e0 del discorso pubblico, sulla formazione delle opinioni, sugli orientamenti politici delle comunit\u00e0 e, ancora pi\u00f9 in generale, sui processi culturali. Sulle dinamiche della conoscenza, insomma.<\/p>\n<p>Un meccanismo che investe le radici, i valori e il funzionamento della democrazia liberale, di quell\u2019intreccio tra libert\u00e0, intraprendenza, lavoro, mercato e welfare, tra valori generali e interessi legittimi, che ha costituito la struttura portante del pensiero occidentale. Un sistema che, con sgomento e sofferenza, vediamo entrare in crisi e che per\u00f2, nonostante tutti i suoi limiti, merita di essere difeso e rilanciato di fronte ai pericoli degli autoritarismi, delle tecnocrazie prepotenti e delle tentazioni, diffuse anche nel corpo dell\u2019Europa, delle cosiddette \u201cdemocrazie illiberali\u201d.<\/p>\n<p>Combattere l\u2019involuzione e l\u2019<strong>impoverimento del linguaggio<\/strong>, dunque. Evitare le secche dei <strong><em>like<\/em><\/strong> e degli <strong><em>emoticon<\/em><\/strong> e delle banalizzazioni di prese di posizione (quasi sempre emotive, frettolose, passionali, schematiche sino ai confini della rozzezza). Uscire dalle trappole dell\u2019opinionismo slegato dai fatti, sempre pi\u00f9 insidiose man mano che aumenta la diffusione, appunto sui social, di <em><strong>fake news <\/strong><\/em>su cui i grandi protagonisti della rete rifiutano di esercitare alcun controllo, in nome di un malinteso rispetto della \u201clibert\u00e0 di opinione\u201d (Facebook, buon ultimo). Saper distinguere tra l\u2019acutezza del buon senso e la superficialit\u00e0 del generico senso comune. E costruire nuovi e migliori <strong>strumenti di coscienza critica<\/strong>.<\/p>\n<p>\u00c8 un compito fondamentale, soprattutto di fronte alle insidie di una <strong><em>Artificial Intelligence<\/em><\/strong> che (al di l\u00e0 delle valenze positive legate alla ricerca scientifica e alla diagnostica medica e alle applicazioni <em>high tech <\/em>per l\u2019industria e i servizi), nella sua <strong>dimensione \u201cgenerativa\u201d<\/strong> mette in azione sofisticati <strong>meccanismi di manipolazione<\/strong> e pertanto cambia profondamente il panorama della conoscenza e del dialogo.<\/p>\n<p>La <strong>sfida politica e culturale<\/strong> \u00e8 essenziale. E chiede un rinnovato impegno intellettuale. Perch\u00e9, se \u00e8 vera e fondata la crisi del tradizionale modo di concepire il lavoro intellettuale (\u201cPensare stanca\u201d, ha scritto con acuta e un po\u2019 dolente ironia David Bidussa, ragionando su \u201cpassato, presente e futuro dell\u2019intellettuale\u201d, per le edizioni Feltrinelli), \u00e8 altrettanto necessaria la responsabilit\u00e0 di intervento, analisi e giudizio critico di tutto coloro che per scelte personali e professionali si misurano con la formazione delle idee, con la ricerca, con la filosofia e la scienza, con il diritto e la tecnica, l\u2019economia e la creativit\u00e0 artistica, con la scrittura degli algoritmi dell\u2019AI e con la genetica. Con la <strong>costruzione dei pensieri<\/strong>, insomma. E la loro espressione in parole. Tutte funzioni che richiedono libert\u00e0 e senso di responsabilit\u00e0.<\/p>\n<p>Autonomia. E sguardo critico. Per il \u201cpiacere del testo\u201d e del contesto. E per la memoria grata dell\u2019indicazione di <strong>Jorge Luis Borges<\/strong> che colloca tra \u201ci giusti\u201d \u201cchi scopre con piacere un\u2019etimologia\u201d, accanto a \u201cchi \u00e8 contento che esista la musica\u201d e a chi \u201ccoltiva il suo giardino, come voleva Voltaire\u201d. La <strong>letteratura<\/strong> ha una valenza salvifica, per il pensiero libero e la civilt\u00e0 della vita.<\/p>\n<p>Pu\u00f2 essere d\u2019aiuto, in questa prospettiva, ricordare la lezione di <strong>Susan Sontag<\/strong>: \u201cViviamo in una cultura in cui l&#8217;intelligenza \u00e8 del tutto privata di rilevanza, in una ricerca di innocenza radicale, oppure \u00e8 difesa come uno strumento di autorit\u00e0 e repressione. A mio avviso, l&#8217;unica intelligenza degna di essere difesa \u00e8 critica, dialettica, scettica, desemplificante\u201d (la frase \u00e8 tratta da \u201cWomen, the Arts and the Politics of Culture: an Interview with Susan Sontag\u201d, 1975: cinquant\u2019anni fa, insomma).<\/p>\n<p>Torniamo, cos\u00ec, al <strong>buon uso delle parole<\/strong>. E se <strong>Emilio Isgr\u00f2<\/strong>, artista tra i maggiori del nostro tempo inquieto, creativamente e ironicamente gioca con le <strong>cancellature<\/strong>, per rimarcare le banalit\u00e0 e far risaltare le poche parole non cancellate che riacquistano peso, ecco <strong>Giulio Guidorizzi<\/strong>, studioso di antropologia del mondo antico, dedicare poco meno di 250 pagine, chiare ed essenziali a <strong>\u201cIl lessico dei greci\u201d<\/strong> ovvero \u201cuna civilt\u00e0 in 30 parole\u201d per Raffaello Cortina Editore (caos, amore, anima, giustizia e legge, patriarcato, ospitalit\u00e0, destino, mito, poesia, politica e sapienza, tra le altre). Le nostre radici culturali e quindi le fondamenta del nostro futuro.<\/p>\n<p>Ed ecco ancora <strong>Giuseppe Antonelli<\/strong>, professore di Storia della letteratura italiana all\u2019universit\u00e0 di Pavia, scrivere <strong>\u201cIl mago delle parole\u201d<\/strong>, appena pubblicato da Einaudi, per ricordare, soprattutto alle nuove generazioni, il <strong>valore della grammatica<\/strong> come strumento di conoscenza e quindi di libert\u00e0 ma anche il suo fascino (evidenziando il nesso tra \u201cgrammatica\u201d e <em>glamour<\/em>). Con una citazione evocativa, tratta da un film di grande intensit\u00e0 e bellezza, <strong>\u201cL\u2019attimo fuggente\u201d<\/strong>, diretto da Peter Weir e interpretato da Robin Williams nei panni del professor John Keating, straordinario formatore di anime libere: \u201cImparerete ad assaporare parole e linguaggio. Qualunque cosa si dica in giro, parole e idee possono cambiare il mondo\u201d.<\/p>\n<p>Capire, dunque. Saper <strong>leggere e parlare<\/strong>, come <strong>strumenti di libert\u00e0<\/strong>. Ricordando anche la lezione di <strong>Gianni Rodari<\/strong> e della sua \u201c<strong>Grammatica della fantasia:<\/strong> \u201cTutti gli usi della parola a tutti: mi sembra un buon motto, dal bel suono democratico. Non perch\u00e9 tutti siano artisti, ma perch\u00e9 nessuno sia schiavo&#8221;.<\/p>\n<p>Che strumenti usare? Semplici. <strong>Un libro<\/strong>. <strong>Una penna<\/strong>. <strong>Leggere<\/strong>. E <strong>scrivere a mano<\/strong>.<\/p>\n<p>Leggere fin da bambini e riempire le case di buoni libri. E aprire e fare rivivere biblioteche, pubbliche e private, nelle scuole, nei quartieri, nelle imprese, nelle carceri e in tutti quei luoghi in cui animare iniziative culturali e attivit\u00e0 di <strong>diffusione della lettura<\/strong> (ne abbiamo parlato spesso, in questi blog). Fare convivere il libro di carta con le parole animate sugli schermi digitali. Discutere con chi scrive e assaporare il piacere, un po\u2019 teatrale, delle <strong>letture ad alta voce<\/strong>. E giocare con le parole, prendendo esempio dalle pagine di un libro di grande successo, tra genitori e bambini, a met\u00e0 degli anni Ottanta, <strong>\u201cI draghi locopei\u201d<\/strong> di <strong>Ersilia Zamboni<\/strong>, per \u201cimparare l\u2019italiano con i giochi di parole\u201d (di cui \u201cdraghi locopei\u201d \u00e8 appunto l\u2019anagramma).<\/p>\n<p>Leggere per piacere e divertimento, curiosit\u00e0 e voglia di conoscenza. E scrivere a mano.<\/p>\n<p>Le tastiere dei computer e degli altri <em>devise<\/em> digitali vanno, naturalmente, usate con disinvoltura e competenza. Ma senza trascurare il <strong>gesto della mano<\/strong> che impugna una matita o una penna. Perch\u00e9 &#8211; come confermano autorevoli studi scientifici &#8211; attiva in modo complesso il nostro cervello, stimola le reti neurali, smuove pensieri articolati, mette in movimento relazioni che migliorano l\u2019apprendimento. Fa nascere meglio le parole e le organizza pi\u00f9 profondamente e sapientemente.<\/p>\n<p>E appunto di <strong>parole di qualit\u00e0<\/strong> abbiamo bisogno. Di parole <strong>poetiche<\/strong>. E di parole <strong>scientifiche<\/strong>. Di parole pesanti come pietre e leggere come piume. Di parole <strong>sincere<\/strong>. Di parole <strong>libere e responsabili<\/strong>.<\/p>\n<p><strong>Conoscenza<\/strong>, per esempio, \u00e8 proprio una bella parola.<\/p><p><em>(Foto Getty Images)<\/em><\/p>\n","protected":false},"excerpt":{"rendered":"<p>\u201cLa distruzione del linguaggio \u00e8 la premessa di ogni futura distruzione\u201d. Il giudizio \u00e8 di Tullio De Mauro, linguista sofisticato e sensibile, attento anche alle dimensioni politiche del sapiente uso delle parole (politiche nel senso della polis, per dire della capacit\u00e0 d\u2019una persona d\u2019essere membro responsabile d\u2019una comunit\u00e0, un civis, insomma). E viene in mente [&hellip;]<\/p>\n","protected":false},"author":1,"featured_media":102987,"comment_status":"open","ping_status":"open","sticky":false,"template":"","format":"standard","meta":{"footnotes":""},"categories":[53,52],"tags":[],"class_list":["post-102973","post","type-post","status-publish","format-standard","has-post-thumbnail","hentry","category-blog","category-cultura-dimpresa"],"acf":[],"yoast_head":"<!-- This site is optimized with the Yoast SEO plugin v25.0 - https:\/\/yoast.com\/wordpress\/plugins\/seo\/ -->\n<title>Anche i \u201cdraghi locopei\u201d sono utili per far valere conoscenza e democrazia - Fondazione Pirelli<\/title>\n<meta name=\"robots\" content=\"index, follow, max-snippet:-1, max-image-preview:large, max-video-preview:-1\" \/>\n<link rel=\"canonical\" href=\"https:\/\/www.fondazionepirelli.org\/it\/cultura-dimpresa\/blog\/anche-i-draghi-locopei-sono-utili-per-far-valere-conoscenza-e-democrazia\/\" \/>\n<meta property=\"og:locale\" content=\"it_IT\" \/>\n<meta property=\"og:type\" content=\"article\" \/>\n<meta property=\"og:title\" content=\"Anche i \u201cdraghi locopei\u201d sono utili per far valere conoscenza e democrazia - Fondazione Pirelli\" \/>\n<meta property=\"og:description\" content=\"\u201cLa distruzione del linguaggio \u00e8 la premessa di ogni futura distruzione\u201d. Il giudizio \u00e8 di Tullio De Mauro, linguista sofisticato e sensibile, attento anche alle dimensioni politiche del sapiente uso delle parole (politiche nel senso della polis, per dire della capacit\u00e0 d\u2019una persona d\u2019essere membro responsabile d\u2019una comunit\u00e0, un civis, insomma). E viene in mente [&hellip;]\" \/>\n<meta property=\"og:url\" content=\"https:\/\/www.fondazionepirelli.org\/it\/cultura-dimpresa\/blog\/anche-i-draghi-locopei-sono-utili-per-far-valere-conoscenza-e-democrazia\/\" \/>\n<meta property=\"og:site_name\" content=\"Fondazione Pirelli\" \/>\n<meta property=\"article:published_time\" content=\"2025-01-14T11:06:17+00:00\" \/>\n<meta property=\"og:image\" content=\"https:\/\/wpsite-assets.fondazionepirelli.org\/wp-content\/uploads\/2025\/01\/14120602\/GettyImages-520961229_low-3.jpg\" \/>\n\t<meta property=\"og:image:width\" content=\"1319\" \/>\n\t<meta property=\"og:image:height\" content=\"960\" \/>\n\t<meta property=\"og:image:type\" content=\"image\/jpeg\" \/>\n<meta name=\"author\" content=\"fondadmin\" \/>\n<meta name=\"twitter:card\" content=\"summary_large_image\" \/>\n<meta name=\"twitter:label1\" content=\"Scritto da\" \/>\n\t<meta name=\"twitter:data1\" content=\"fondadmin\" \/>\n\t<meta name=\"twitter:label2\" content=\"Tempo di lettura stimato\" \/>\n\t<meta name=\"twitter:data2\" content=\"6 minuti\" \/>\n<script type=\"application\/ld+json\" class=\"yoast-schema-graph\">{\"@context\":\"https:\/\/schema.org\",\"@graph\":[{\"@type\":\"WebPage\",\"@id\":\"https:\/\/www.fondazionepirelli.org\/it\/cultura-dimpresa\/blog\/anche-i-draghi-locopei-sono-utili-per-far-valere-conoscenza-e-democrazia\/\",\"url\":\"https:\/\/www.fondazionepirelli.org\/it\/cultura-dimpresa\/blog\/anche-i-draghi-locopei-sono-utili-per-far-valere-conoscenza-e-democrazia\/\",\"name\":\"Anche i \u201cdraghi locopei\u201d sono utili per far valere conoscenza e democrazia - Fondazione Pirelli\",\"isPartOf\":{\"@id\":\"https:\/\/www.fondazionepirelli.org\/it\/#website\"},\"primaryImageOfPage\":{\"@id\":\"https:\/\/www.fondazionepirelli.org\/it\/cultura-dimpresa\/blog\/anche-i-draghi-locopei-sono-utili-per-far-valere-conoscenza-e-democrazia\/#primaryimage\"},\"image\":{\"@id\":\"https:\/\/www.fondazionepirelli.org\/it\/cultura-dimpresa\/blog\/anche-i-draghi-locopei-sono-utili-per-far-valere-conoscenza-e-democrazia\/#primaryimage\"},\"thumbnailUrl\":\"https:\/\/wpsite-assets.fondazionepirelli.org\/wp-content\/uploads\/2025\/01\/14120602\/GettyImages-520961229_low-3.jpg\",\"datePublished\":\"2025-01-14T11:06:17+00:00\",\"author\":{\"@id\":\"https:\/\/www.fondazionepirelli.org\/it\/#\/schema\/person\/f47d097000832c4a6e54538c791fdf25\"},\"breadcrumb\":{\"@id\":\"https:\/\/www.fondazionepirelli.org\/it\/cultura-dimpresa\/blog\/anche-i-draghi-locopei-sono-utili-per-far-valere-conoscenza-e-democrazia\/#breadcrumb\"},\"inLanguage\":\"it-IT\",\"potentialAction\":[{\"@type\":\"ReadAction\",\"target\":[\"https:\/\/www.fondazionepirelli.org\/it\/cultura-dimpresa\/blog\/anche-i-draghi-locopei-sono-utili-per-far-valere-conoscenza-e-democrazia\/\"]}]},{\"@type\":\"ImageObject\",\"inLanguage\":\"it-IT\",\"@id\":\"https:\/\/www.fondazionepirelli.org\/it\/cultura-dimpresa\/blog\/anche-i-draghi-locopei-sono-utili-per-far-valere-conoscenza-e-democrazia\/#primaryimage\",\"url\":\"https:\/\/wpsite-assets.fondazionepirelli.org\/wp-content\/uploads\/2025\/01\/14120602\/GettyImages-520961229_low-3.jpg\",\"contentUrl\":\"https:\/\/wpsite-assets.fondazionepirelli.org\/wp-content\/uploads\/2025\/01\/14120602\/GettyImages-520961229_low-3.jpg\",\"width\":1319,\"height\":960,\"caption\":\"A little kid dressed in an elegant way is sitted on the top of a pile of books, reading something on a tablet\"},{\"@type\":\"BreadcrumbList\",\"@id\":\"https:\/\/www.fondazionepirelli.org\/it\/cultura-dimpresa\/blog\/anche-i-draghi-locopei-sono-utili-per-far-valere-conoscenza-e-democrazia\/#breadcrumb\",\"itemListElement\":[{\"@type\":\"ListItem\",\"position\":1,\"name\":\"Home\",\"item\":\"https:\/\/www.fondazionepirelli.org\/it\/\"},{\"@type\":\"ListItem\",\"position\":2,\"name\":\"Anche i \u201cdraghi locopei\u201d sono utili per far valere conoscenza e democrazia\"}]},{\"@type\":\"WebSite\",\"@id\":\"https:\/\/www.fondazionepirelli.org\/it\/#website\",\"url\":\"https:\/\/www.fondazionepirelli.org\/it\/\",\"name\":\"Fondazione Pirelli\",\"description\":\"\",\"potentialAction\":[{\"@type\":\"SearchAction\",\"target\":{\"@type\":\"EntryPoint\",\"urlTemplate\":\"https:\/\/www.fondazionepirelli.org\/it\/?s={search_term_string}\"},\"query-input\":{\"@type\":\"PropertyValueSpecification\",\"valueRequired\":true,\"valueName\":\"search_term_string\"}}],\"inLanguage\":\"it-IT\"},{\"@type\":\"Person\",\"@id\":\"https:\/\/www.fondazionepirelli.org\/it\/#\/schema\/person\/f47d097000832c4a6e54538c791fdf25\",\"name\":\"fondadmin\",\"image\":{\"@type\":\"ImageObject\",\"inLanguage\":\"it-IT\",\"@id\":\"https:\/\/www.fondazionepirelli.org\/it\/#\/schema\/person\/image\/\",\"url\":\"https:\/\/secure.gravatar.com\/avatar\/e69498a9175ca244966e51e53c88712c024fcebe41f9a05f75657f1bb25e489b?s=96&d=mm&r=g\",\"contentUrl\":\"https:\/\/secure.gravatar.com\/avatar\/e69498a9175ca244966e51e53c88712c024fcebe41f9a05f75657f1bb25e489b?s=96&d=mm&r=g\",\"caption\":\"fondadmin\"},\"url\":\"https:\/\/www.fondazionepirelli.org\/it\/author\/fondadmin\/\"}]}<\/script>\n<!-- \/ Yoast SEO plugin. -->","yoast_head_json":{"title":"Anche i \u201cdraghi locopei\u201d sono utili per far valere conoscenza e democrazia - Fondazione Pirelli","robots":{"index":"index","follow":"follow","max-snippet":"max-snippet:-1","max-image-preview":"max-image-preview:large","max-video-preview":"max-video-preview:-1"},"canonical":"https:\/\/www.fondazionepirelli.org\/it\/cultura-dimpresa\/blog\/anche-i-draghi-locopei-sono-utili-per-far-valere-conoscenza-e-democrazia\/","og_locale":"it_IT","og_type":"article","og_title":"Anche i \u201cdraghi locopei\u201d sono utili per far valere conoscenza e democrazia - Fondazione Pirelli","og_description":"\u201cLa distruzione del linguaggio \u00e8 la premessa di ogni futura distruzione\u201d. Il giudizio \u00e8 di Tullio De Mauro, linguista sofisticato e sensibile, attento anche alle dimensioni politiche del sapiente uso delle parole (politiche nel senso della polis, per dire della capacit\u00e0 d\u2019una persona d\u2019essere membro responsabile d\u2019una comunit\u00e0, un civis, insomma). E viene in mente [&hellip;]","og_url":"https:\/\/www.fondazionepirelli.org\/it\/cultura-dimpresa\/blog\/anche-i-draghi-locopei-sono-utili-per-far-valere-conoscenza-e-democrazia\/","og_site_name":"Fondazione Pirelli","article_published_time":"2025-01-14T11:06:17+00:00","og_image":[{"width":1319,"height":960,"url":"https:\/\/wpsite-assets.fondazionepirelli.org\/wp-content\/uploads\/2025\/01\/14120602\/GettyImages-520961229_low-3.jpg","type":"image\/jpeg"}],"author":"fondadmin","twitter_card":"summary_large_image","twitter_misc":{"Scritto da":"fondadmin","Tempo di lettura stimato":"6 minuti"},"schema":{"@context":"https:\/\/schema.org","@graph":[{"@type":"WebPage","@id":"https:\/\/www.fondazionepirelli.org\/it\/cultura-dimpresa\/blog\/anche-i-draghi-locopei-sono-utili-per-far-valere-conoscenza-e-democrazia\/","url":"https:\/\/www.fondazionepirelli.org\/it\/cultura-dimpresa\/blog\/anche-i-draghi-locopei-sono-utili-per-far-valere-conoscenza-e-democrazia\/","name":"Anche i \u201cdraghi locopei\u201d sono utili per far valere conoscenza e democrazia - Fondazione Pirelli","isPartOf":{"@id":"https:\/\/www.fondazionepirelli.org\/it\/#website"},"primaryImageOfPage":{"@id":"https:\/\/www.fondazionepirelli.org\/it\/cultura-dimpresa\/blog\/anche-i-draghi-locopei-sono-utili-per-far-valere-conoscenza-e-democrazia\/#primaryimage"},"image":{"@id":"https:\/\/www.fondazionepirelli.org\/it\/cultura-dimpresa\/blog\/anche-i-draghi-locopei-sono-utili-per-far-valere-conoscenza-e-democrazia\/#primaryimage"},"thumbnailUrl":"https:\/\/wpsite-assets.fondazionepirelli.org\/wp-content\/uploads\/2025\/01\/14120602\/GettyImages-520961229_low-3.jpg","datePublished":"2025-01-14T11:06:17+00:00","author":{"@id":"https:\/\/www.fondazionepirelli.org\/it\/#\/schema\/person\/f47d097000832c4a6e54538c791fdf25"},"breadcrumb":{"@id":"https:\/\/www.fondazionepirelli.org\/it\/cultura-dimpresa\/blog\/anche-i-draghi-locopei-sono-utili-per-far-valere-conoscenza-e-democrazia\/#breadcrumb"},"inLanguage":"it-IT","potentialAction":[{"@type":"ReadAction","target":["https:\/\/www.fondazionepirelli.org\/it\/cultura-dimpresa\/blog\/anche-i-draghi-locopei-sono-utili-per-far-valere-conoscenza-e-democrazia\/"]}]},{"@type":"ImageObject","inLanguage":"it-IT","@id":"https:\/\/www.fondazionepirelli.org\/it\/cultura-dimpresa\/blog\/anche-i-draghi-locopei-sono-utili-per-far-valere-conoscenza-e-democrazia\/#primaryimage","url":"https:\/\/wpsite-assets.fondazionepirelli.org\/wp-content\/uploads\/2025\/01\/14120602\/GettyImages-520961229_low-3.jpg","contentUrl":"https:\/\/wpsite-assets.fondazionepirelli.org\/wp-content\/uploads\/2025\/01\/14120602\/GettyImages-520961229_low-3.jpg","width":1319,"height":960,"caption":"A little kid dressed in an elegant way is sitted on the top of a pile of books, reading something on a tablet"},{"@type":"BreadcrumbList","@id":"https:\/\/www.fondazionepirelli.org\/it\/cultura-dimpresa\/blog\/anche-i-draghi-locopei-sono-utili-per-far-valere-conoscenza-e-democrazia\/#breadcrumb","itemListElement":[{"@type":"ListItem","position":1,"name":"Home","item":"https:\/\/www.fondazionepirelli.org\/it\/"},{"@type":"ListItem","position":2,"name":"Anche i \u201cdraghi locopei\u201d sono utili per far valere conoscenza e democrazia"}]},{"@type":"WebSite","@id":"https:\/\/www.fondazionepirelli.org\/it\/#website","url":"https:\/\/www.fondazionepirelli.org\/it\/","name":"Fondazione Pirelli","description":"","potentialAction":[{"@type":"SearchAction","target":{"@type":"EntryPoint","urlTemplate":"https:\/\/www.fondazionepirelli.org\/it\/?s={search_term_string}"},"query-input":{"@type":"PropertyValueSpecification","valueRequired":true,"valueName":"search_term_string"}}],"inLanguage":"it-IT"},{"@type":"Person","@id":"https:\/\/www.fondazionepirelli.org\/it\/#\/schema\/person\/f47d097000832c4a6e54538c791fdf25","name":"fondadmin","image":{"@type":"ImageObject","inLanguage":"it-IT","@id":"https:\/\/www.fondazionepirelli.org\/it\/#\/schema\/person\/image\/","url":"https:\/\/secure.gravatar.com\/avatar\/e69498a9175ca244966e51e53c88712c024fcebe41f9a05f75657f1bb25e489b?s=96&d=mm&r=g","contentUrl":"https:\/\/secure.gravatar.com\/avatar\/e69498a9175ca244966e51e53c88712c024fcebe41f9a05f75657f1bb25e489b?s=96&d=mm&r=g","caption":"fondadmin"},"url":"https:\/\/www.fondazionepirelli.org\/it\/author\/fondadmin\/"}]}},"_links":{"self":[{"href":"https:\/\/www.fondazionepirelli.org\/it\/wp-json\/wp\/v2\/posts\/102973\/"}],"collection":[{"href":"https:\/\/www.fondazionepirelli.org\/it\/wp-json\/wp\/v2\/posts\/"}],"about":[{"href":"https:\/\/www.fondazionepirelli.org\/it\/wp-json\/wp\/v2\/types\/post\/"}],"author":[{"embeddable":true,"href":"https:\/\/www.fondazionepirelli.org\/it\/wp-json\/wp\/v2\/users\/1\/"}],"replies":[{"embeddable":true,"href":"https:\/\/www.fondazionepirelli.org\/it\/wp-json\/wp\/v2\/comments\/?post=102973"}],"version-history":[{"count":1,"href":"https:\/\/www.fondazionepirelli.org\/it\/wp-json\/wp\/v2\/posts\/102973\/revisions\/"}],"predecessor-version":[{"id":102974,"href":"https:\/\/www.fondazionepirelli.org\/it\/wp-json\/wp\/v2\/posts\/102973\/revisions\/102974\/"}],"wp:featuredmedia":[{"embeddable":true,"href":"https:\/\/www.fondazionepirelli.org\/it\/wp-json\/wp\/v2\/media\/102987\/"}],"wp:attachment":[{"href":"https:\/\/www.fondazionepirelli.org\/it\/wp-json\/wp\/v2\/media\/?parent=102973"}],"wp:term":[{"taxonomy":"category","embeddable":true,"href":"https:\/\/www.fondazionepirelli.org\/it\/wp-json\/wp\/v2\/categories\/?post=102973"},{"taxonomy":"post_tag","embeddable":true,"href":"https:\/\/www.fondazionepirelli.org\/it\/wp-json\/wp\/v2\/tags\/?post=102973"}],"curies":[{"name":"wp","href":"https:\/\/api.w.org\/{rel}","templated":true}]}}