{"id":103039,"date":"2025-01-21T10:28:22","date_gmt":"2025-01-21T09:28:22","guid":{"rendered":"https:\/\/www.fondazionepirelli.org\/?p=103039"},"modified":"2025-01-21T10:28:22","modified_gmt":"2025-01-21T09:28:22","slug":"la-potenza-dellottimismo-avveduto","status":"publish","type":"post","link":"https:\/\/www.fondazionepirelli.org\/it\/cultura-dimpresa\/recensioni-libri\/la-potenza-dellottimismo-avveduto\/","title":{"rendered":"La potenza dell\u2019ottimismo avveduto"},"content":{"rendered":"<p><em>Appena pubblicato un libro che parla di economia partendo dalla fiducia<\/em><\/p><p>Avere fiducia nonostante tutto. Credere, in altri termini, che nessuna notte potr\u00e0 alla fine trionfare sulla luce. Anche negli affari comuni di ogni giorno, cos\u00ec come nell\u2019economia e nelle relazioni sociali. Questione di ottimismo. Che non significa non vedere i problemi, ma guardare oltre questi in cerca della soluzione migliore. Economia dell\u2019ottimismo, dunque. Che \u00e8 il titolo di un libro scritto da Luciano Canova (docente di economia comportamentale) e appena pubblicato che ragiona, appunto, sulle relazioni economiche partendo da un punto di vista inconsueto.<\/p>\n<p>\u201cEconomia dell&#8217;ottimismo. Perch\u00e9 la speranza evita il fallimento delle nazioni\u201d \u00e8 un bell\u2019esercizio di interpretazione dei principi cardine della scienza economica, ma anche della storia e del comportamento dell\u2019umanit\u00e0, viste con uno sguardo diverso dal solito. Canova parte da una considerazione: l\u2019economia dell\u2019ottimismo ci mostra quanto una visione carica di fiducia nel domani sia stata cruciale nella storia del pensiero economico, e come possa ancora esserlo per noi e il nostro pianeta.<\/p>\n<p>L\u2019autore inizia con una constatazione: se si guarda al mondo di oggi, pur con tutte le sue diseguaglianze e le sue crisi, non si pu\u00f2 certo dire che non siano avvenuti progressi anche solo rispetto a mezzo secolo fa. Alcuni dati sono incontrovertibili come il calo vertiginoso della mortalit\u00e0 infantile, l\u2019aumento costante dell\u2019alfabetizzazione, la diminuzione globale della povert\u00e0. Dati oggettivi che vanno di pari passo con un distinguo fondamentale: \u00e8 necessario combattere sia il pensiero nostalgico che porta a idealizzare il passato, sia quello apocalittico che dipinge un futuro solo a tinte fosche. Che, detto in altri termini, significa acquisire la capacit\u00e0 critica per interpretare bene quanto \u00e8 stato e usare bene quanto oggi \u00e8 a disposizione.<\/p>\n<p>Muovendosi tra economia, scienze comportamentali e psicologia &#8211; e attingendo alle riflessioni di premi Nobel come Esther Duflo o Amartya Sen, oltre che agli studi di Paul Romer e Erik Angner &#8211; questo libro in sette capitoli conduce chi legge ad apprezzare l\u2019economia che insegna ad essere ottimisti. Di questa, e della sua storia, vengono prima affrontati i grandi tratti e poi esaminati alcuni temi: la felicit\u00e0, i rischi, le relazioni sociali, la salute, la cooperazione, la lotta alla povert\u00e0, la speranza. Di ogni concetto vengono delineati i tratti e posti gli esempi. Non si tratta \u2013 occorre sottolinearlo \u2013 di un inno a non guardare i problemi che pur ci sono, ma di un \u201cmanuale\u201d che insegna ad accettare consapevolmente il rischio, a innovare, ad accogliere l\u2019incertezza e a fronteggiare gli imprevisti. E tutto rimanendo in guardia contro i pericoli dati dall&#8217;eccesso di fiducia in se stessi e dal chiudere gli occhi per ignorare i problemi fino a quando non ci travolgono. E\u2019, in altre parole, un\u2019economia dell\u2019ottimismo avveduto quella che viene raccontata da Canova.<\/p>\n<p>Il libro di Luciano Canova fornisce una prospettiva inedita, che non sminuisce i grandi problemi di oggi \u2013 il cambiamento climatico su tutti \u2013, ma che afferma a gran voce che solo riconoscendoli e proiettandoci oltre di essi con positivit\u00e0 potremo trovare soluzioni creative e realmente efficaci.<\/p>\n<p>Bella nelle conclusioni la citazione di una poesia di Dylan Thomas \u2013 <em>Do Not Go Gentle into That Good Night <\/em>\u2013 che ricorda nel senso le battute finali della \u201cVita di Galileo\u201d di Bertolt Brecht sulla \u201cnotte\u201d da mantenere sempre \u201cchiara\u201d.<\/p><p><strong>Economia dell&#8217;ottimismo. Perch\u00e9 la speranza evita il fallimento delle nazioni\u00a0<\/strong><\/p>\n<p>Luciano Canova<\/p>\n<p>Saggiatore, 2025<\/p>\n","protected":false},"excerpt":{"rendered":"<p>Appena pubblicato un libro che parla di economia partendo dalla fiduciaAvere fiducia nonostante tutto. Credere, in altri termini, che nessuna notte potr\u00e0 alla fine trionfare sulla luce. Anche negli affari comuni di ogni giorno, cos\u00ec come nell\u2019economia e nelle relazioni sociali. Questione di ottimismo. Che non significa non vedere i problemi, ma guardare oltre questi [&hellip;]<\/p>\n","protected":false},"author":1,"featured_media":103040,"comment_status":"open","ping_status":"open","sticky":false,"template":"","format":"standard","meta":{"footnotes":""},"categories":[52,58],"tags":[],"class_list":["post-103039","post","type-post","status-publish","format-standard","has-post-thumbnail","hentry","category-cultura-dimpresa","category-recensioni-libri"],"acf":[],"yoast_head":"<!-- This site is optimized with the Yoast SEO plugin v25.0 - https:\/\/yoast.com\/wordpress\/plugins\/seo\/ -->\n<title>La potenza dell\u2019ottimismo avveduto - Fondazione Pirelli<\/title>\n<meta name=\"robots\" content=\"index, follow, max-snippet:-1, max-image-preview:large, max-video-preview:-1\" \/>\n<link rel=\"canonical\" href=\"https:\/\/www.fondazionepirelli.org\/it\/cultura-dimpresa\/recensioni-libri\/la-potenza-dellottimismo-avveduto\/\" \/>\n<meta property=\"og:locale\" content=\"it_IT\" \/>\n<meta property=\"og:type\" content=\"article\" \/>\n<meta property=\"og:title\" content=\"La potenza dell\u2019ottimismo avveduto - Fondazione Pirelli\" \/>\n<meta property=\"og:description\" content=\"Appena pubblicato un libro che parla di economia partendo dalla fiduciaAvere fiducia nonostante tutto. Credere, in altri termini, che nessuna notte potr\u00e0 alla fine trionfare sulla luce. Anche negli affari comuni di ogni giorno, cos\u00ec come nell\u2019economia e nelle relazioni sociali. Questione di ottimismo. Che non significa non vedere i problemi, ma guardare oltre questi [&hellip;]\" \/>\n<meta property=\"og:url\" content=\"https:\/\/www.fondazionepirelli.org\/it\/cultura-dimpresa\/recensioni-libri\/la-potenza-dellottimismo-avveduto\/\" \/>\n<meta property=\"og:site_name\" content=\"Fondazione Pirelli\" \/>\n<meta property=\"article:published_time\" content=\"2025-01-21T09:28:22+00:00\" \/>\n<meta property=\"og:image\" content=\"https:\/\/wpsite-assets.fondazionepirelli.org\/wp-content\/uploads\/2025\/01\/20122129\/IMG_0089.jpeg\" \/>\n\t<meta property=\"og:image:width\" content=\"352\" \/>\n\t<meta property=\"og:image:height\" content=\"522\" \/>\n\t<meta property=\"og:image:type\" content=\"image\/jpeg\" \/>\n<meta name=\"author\" content=\"fondadmin\" \/>\n<meta name=\"twitter:card\" content=\"summary_large_image\" \/>\n<meta name=\"twitter:label1\" content=\"Scritto da\" \/>\n\t<meta name=\"twitter:data1\" content=\"fondadmin\" \/>\n\t<meta name=\"twitter:label2\" content=\"Tempo di lettura stimato\" \/>\n\t<meta name=\"twitter:data2\" content=\"3 minuti\" \/>\n<script type=\"application\/ld+json\" class=\"yoast-schema-graph\">{\"@context\":\"https:\/\/schema.org\",\"@graph\":[{\"@type\":\"WebPage\",\"@id\":\"https:\/\/www.fondazionepirelli.org\/it\/cultura-dimpresa\/recensioni-libri\/la-potenza-dellottimismo-avveduto\/\",\"url\":\"https:\/\/www.fondazionepirelli.org\/it\/cultura-dimpresa\/recensioni-libri\/la-potenza-dellottimismo-avveduto\/\",\"name\":\"La potenza dell\u2019ottimismo avveduto - Fondazione Pirelli\",\"isPartOf\":{\"@id\":\"https:\/\/www.fondazionepirelli.org\/it\/#website\"},\"primaryImageOfPage\":{\"@id\":\"https:\/\/www.fondazionepirelli.org\/it\/cultura-dimpresa\/recensioni-libri\/la-potenza-dellottimismo-avveduto\/#primaryimage\"},\"image\":{\"@id\":\"https:\/\/www.fondazionepirelli.org\/it\/cultura-dimpresa\/recensioni-libri\/la-potenza-dellottimismo-avveduto\/#primaryimage\"},\"thumbnailUrl\":\"https:\/\/wpsite-assets.fondazionepirelli.org\/wp-content\/uploads\/2025\/01\/20122129\/IMG_0089.jpeg\",\"datePublished\":\"2025-01-21T09:28:22+00:00\",\"author\":{\"@id\":\"https:\/\/www.fondazionepirelli.org\/it\/#\/schema\/person\/f47d097000832c4a6e54538c791fdf25\"},\"breadcrumb\":{\"@id\":\"https:\/\/www.fondazionepirelli.org\/it\/cultura-dimpresa\/recensioni-libri\/la-potenza-dellottimismo-avveduto\/#breadcrumb\"},\"inLanguage\":\"it-IT\",\"potentialAction\":[{\"@type\":\"ReadAction\",\"target\":[\"https:\/\/www.fondazionepirelli.org\/it\/cultura-dimpresa\/recensioni-libri\/la-potenza-dellottimismo-avveduto\/\"]}]},{\"@type\":\"ImageObject\",\"inLanguage\":\"it-IT\",\"@id\":\"https:\/\/www.fondazionepirelli.org\/it\/cultura-dimpresa\/recensioni-libri\/la-potenza-dellottimismo-avveduto\/#primaryimage\",\"url\":\"https:\/\/wpsite-assets.fondazionepirelli.org\/wp-content\/uploads\/2025\/01\/20122129\/IMG_0089.jpeg\",\"contentUrl\":\"https:\/\/wpsite-assets.fondazionepirelli.org\/wp-content\/uploads\/2025\/01\/20122129\/IMG_0089.jpeg\",\"width\":352,\"height\":522},{\"@type\":\"BreadcrumbList\",\"@id\":\"https:\/\/www.fondazionepirelli.org\/it\/cultura-dimpresa\/recensioni-libri\/la-potenza-dellottimismo-avveduto\/#breadcrumb\",\"itemListElement\":[{\"@type\":\"ListItem\",\"position\":1,\"name\":\"Home\",\"item\":\"https:\/\/www.fondazionepirelli.org\/it\/\"},{\"@type\":\"ListItem\",\"position\":2,\"name\":\"La potenza dell\u2019ottimismo avveduto\"}]},{\"@type\":\"WebSite\",\"@id\":\"https:\/\/www.fondazionepirelli.org\/it\/#website\",\"url\":\"https:\/\/www.fondazionepirelli.org\/it\/\",\"name\":\"Fondazione Pirelli\",\"description\":\"\",\"potentialAction\":[{\"@type\":\"SearchAction\",\"target\":{\"@type\":\"EntryPoint\",\"urlTemplate\":\"https:\/\/www.fondazionepirelli.org\/it\/?s={search_term_string}\"},\"query-input\":{\"@type\":\"PropertyValueSpecification\",\"valueRequired\":true,\"valueName\":\"search_term_string\"}}],\"inLanguage\":\"it-IT\"},{\"@type\":\"Person\",\"@id\":\"https:\/\/www.fondazionepirelli.org\/it\/#\/schema\/person\/f47d097000832c4a6e54538c791fdf25\",\"name\":\"fondadmin\",\"image\":{\"@type\":\"ImageObject\",\"inLanguage\":\"it-IT\",\"@id\":\"https:\/\/www.fondazionepirelli.org\/it\/#\/schema\/person\/image\/\",\"url\":\"https:\/\/secure.gravatar.com\/avatar\/e69498a9175ca244966e51e53c88712c024fcebe41f9a05f75657f1bb25e489b?s=96&d=mm&r=g\",\"contentUrl\":\"https:\/\/secure.gravatar.com\/avatar\/e69498a9175ca244966e51e53c88712c024fcebe41f9a05f75657f1bb25e489b?s=96&d=mm&r=g\",\"caption\":\"fondadmin\"},\"url\":\"https:\/\/www.fondazionepirelli.org\/it\/author\/fondadmin\/\"}]}<\/script>\n<!-- \/ Yoast SEO plugin. -->","yoast_head_json":{"title":"La potenza dell\u2019ottimismo avveduto - Fondazione Pirelli","robots":{"index":"index","follow":"follow","max-snippet":"max-snippet:-1","max-image-preview":"max-image-preview:large","max-video-preview":"max-video-preview:-1"},"canonical":"https:\/\/www.fondazionepirelli.org\/it\/cultura-dimpresa\/recensioni-libri\/la-potenza-dellottimismo-avveduto\/","og_locale":"it_IT","og_type":"article","og_title":"La potenza dell\u2019ottimismo avveduto - Fondazione Pirelli","og_description":"Appena pubblicato un libro che parla di economia partendo dalla fiduciaAvere fiducia nonostante tutto. Credere, in altri termini, che nessuna notte potr\u00e0 alla fine trionfare sulla luce. Anche negli affari comuni di ogni giorno, cos\u00ec come nell\u2019economia e nelle relazioni sociali. Questione di ottimismo. Che non significa non vedere i problemi, ma guardare oltre questi [&hellip;]","og_url":"https:\/\/www.fondazionepirelli.org\/it\/cultura-dimpresa\/recensioni-libri\/la-potenza-dellottimismo-avveduto\/","og_site_name":"Fondazione Pirelli","article_published_time":"2025-01-21T09:28:22+00:00","og_image":[{"width":352,"height":522,"url":"https:\/\/wpsite-assets.fondazionepirelli.org\/wp-content\/uploads\/2025\/01\/20122129\/IMG_0089.jpeg","type":"image\/jpeg"}],"author":"fondadmin","twitter_card":"summary_large_image","twitter_misc":{"Scritto da":"fondadmin","Tempo di lettura stimato":"3 minuti"},"schema":{"@context":"https:\/\/schema.org","@graph":[{"@type":"WebPage","@id":"https:\/\/www.fondazionepirelli.org\/it\/cultura-dimpresa\/recensioni-libri\/la-potenza-dellottimismo-avveduto\/","url":"https:\/\/www.fondazionepirelli.org\/it\/cultura-dimpresa\/recensioni-libri\/la-potenza-dellottimismo-avveduto\/","name":"La potenza dell\u2019ottimismo avveduto - Fondazione Pirelli","isPartOf":{"@id":"https:\/\/www.fondazionepirelli.org\/it\/#website"},"primaryImageOfPage":{"@id":"https:\/\/www.fondazionepirelli.org\/it\/cultura-dimpresa\/recensioni-libri\/la-potenza-dellottimismo-avveduto\/#primaryimage"},"image":{"@id":"https:\/\/www.fondazionepirelli.org\/it\/cultura-dimpresa\/recensioni-libri\/la-potenza-dellottimismo-avveduto\/#primaryimage"},"thumbnailUrl":"https:\/\/wpsite-assets.fondazionepirelli.org\/wp-content\/uploads\/2025\/01\/20122129\/IMG_0089.jpeg","datePublished":"2025-01-21T09:28:22+00:00","author":{"@id":"https:\/\/www.fondazionepirelli.org\/it\/#\/schema\/person\/f47d097000832c4a6e54538c791fdf25"},"breadcrumb":{"@id":"https:\/\/www.fondazionepirelli.org\/it\/cultura-dimpresa\/recensioni-libri\/la-potenza-dellottimismo-avveduto\/#breadcrumb"},"inLanguage":"it-IT","potentialAction":[{"@type":"ReadAction","target":["https:\/\/www.fondazionepirelli.org\/it\/cultura-dimpresa\/recensioni-libri\/la-potenza-dellottimismo-avveduto\/"]}]},{"@type":"ImageObject","inLanguage":"it-IT","@id":"https:\/\/www.fondazionepirelli.org\/it\/cultura-dimpresa\/recensioni-libri\/la-potenza-dellottimismo-avveduto\/#primaryimage","url":"https:\/\/wpsite-assets.fondazionepirelli.org\/wp-content\/uploads\/2025\/01\/20122129\/IMG_0089.jpeg","contentUrl":"https:\/\/wpsite-assets.fondazionepirelli.org\/wp-content\/uploads\/2025\/01\/20122129\/IMG_0089.jpeg","width":352,"height":522},{"@type":"BreadcrumbList","@id":"https:\/\/www.fondazionepirelli.org\/it\/cultura-dimpresa\/recensioni-libri\/la-potenza-dellottimismo-avveduto\/#breadcrumb","itemListElement":[{"@type":"ListItem","position":1,"name":"Home","item":"https:\/\/www.fondazionepirelli.org\/it\/"},{"@type":"ListItem","position":2,"name":"La potenza dell\u2019ottimismo avveduto"}]},{"@type":"WebSite","@id":"https:\/\/www.fondazionepirelli.org\/it\/#website","url":"https:\/\/www.fondazionepirelli.org\/it\/","name":"Fondazione Pirelli","description":"","potentialAction":[{"@type":"SearchAction","target":{"@type":"EntryPoint","urlTemplate":"https:\/\/www.fondazionepirelli.org\/it\/?s={search_term_string}"},"query-input":{"@type":"PropertyValueSpecification","valueRequired":true,"valueName":"search_term_string"}}],"inLanguage":"it-IT"},{"@type":"Person","@id":"https:\/\/www.fondazionepirelli.org\/it\/#\/schema\/person\/f47d097000832c4a6e54538c791fdf25","name":"fondadmin","image":{"@type":"ImageObject","inLanguage":"it-IT","@id":"https:\/\/www.fondazionepirelli.org\/it\/#\/schema\/person\/image\/","url":"https:\/\/secure.gravatar.com\/avatar\/e69498a9175ca244966e51e53c88712c024fcebe41f9a05f75657f1bb25e489b?s=96&d=mm&r=g","contentUrl":"https:\/\/secure.gravatar.com\/avatar\/e69498a9175ca244966e51e53c88712c024fcebe41f9a05f75657f1bb25e489b?s=96&d=mm&r=g","caption":"fondadmin"},"url":"https:\/\/www.fondazionepirelli.org\/it\/author\/fondadmin\/"}]}},"_links":{"self":[{"href":"https:\/\/www.fondazionepirelli.org\/it\/wp-json\/wp\/v2\/posts\/103039\/"}],"collection":[{"href":"https:\/\/www.fondazionepirelli.org\/it\/wp-json\/wp\/v2\/posts\/"}],"about":[{"href":"https:\/\/www.fondazionepirelli.org\/it\/wp-json\/wp\/v2\/types\/post\/"}],"author":[{"embeddable":true,"href":"https:\/\/www.fondazionepirelli.org\/it\/wp-json\/wp\/v2\/users\/1\/"}],"replies":[{"embeddable":true,"href":"https:\/\/www.fondazionepirelli.org\/it\/wp-json\/wp\/v2\/comments\/?post=103039"}],"version-history":[{"count":1,"href":"https:\/\/www.fondazionepirelli.org\/it\/wp-json\/wp\/v2\/posts\/103039\/revisions\/"}],"predecessor-version":[{"id":103042,"href":"https:\/\/www.fondazionepirelli.org\/it\/wp-json\/wp\/v2\/posts\/103039\/revisions\/103042\/"}],"wp:featuredmedia":[{"embeddable":true,"href":"https:\/\/www.fondazionepirelli.org\/it\/wp-json\/wp\/v2\/media\/103040\/"}],"wp:attachment":[{"href":"https:\/\/www.fondazionepirelli.org\/it\/wp-json\/wp\/v2\/media\/?parent=103039"}],"wp:term":[{"taxonomy":"category","embeddable":true,"href":"https:\/\/www.fondazionepirelli.org\/it\/wp-json\/wp\/v2\/categories\/?post=103039"},{"taxonomy":"post_tag","embeddable":true,"href":"https:\/\/www.fondazionepirelli.org\/it\/wp-json\/wp\/v2\/tags\/?post=103039"}],"curies":[{"name":"wp","href":"https:\/\/api.w.org\/{rel}","templated":true}]}}