{"id":103050,"date":"2025-01-21T10:27:51","date_gmt":"2025-01-21T09:27:51","guid":{"rendered":"https:\/\/www.fondazionepirelli.org\/?p=103050"},"modified":"2025-01-21T11:10:23","modified_gmt":"2025-01-21T10:10:23","slug":"globalizzazione-senza-una-coscienza-globale","status":"publish","type":"post","link":"https:\/\/www.fondazionepirelli.org\/it\/cultura-dimpresa\/approfondimenti\/globalizzazione-senza-una-coscienza-globale\/","title":{"rendered":"Globalizzazione senza una \u201ccoscienza globale\u201d"},"content":{"rendered":"<p><em>Un intervento del Governatore di Banca d\u2019Italia fornisce lo schema per comprendere meglio la situazione che stiamo vivendo<\/em><\/p><p>Guerre in aumento, tensioni geopolitiche in crescita, incertezza e instabilit\u00e0 dilaganti. \u00c8 complessa e difficile la situazione economica e sociale che il mondo sta vivendo e con la quale le imprese, cos\u00ec come le istituzioni e i singoli individui, devono fare i conti. \u00c8 su questa situazione che interviene Fabio Panetta, Governatore della Banca d\u2019Italia, con la sua relazione \u201cPace e prosperit\u00e0 in un mondo frammentato\u201d tenuta il 16 gennaio 2025 all\u2019incontro \u201cEconomia e pace: un\u2019alleanza possibile\u201d organizzato dalla Fondazione Centesimus Annus Pro Pontifice.<\/p>\n<p>Pace e prosperit\u00e0, dunque. Binomio sul quale Panetta ragiona partendo dalla constatazione che \u201cil numero delle guerre, diminuito dopo la caduta del Muro di Berlino, \u00e8 tornato a crescere negli ultimi quindici anni, raggiungendo nel 2023 il valore massimo dal secondo conflitto mondiale\u201d. Pace lontana, quindi. Tanto che lo stesso Governatore sottolinea come \u201cdopo anni di rafforzamento della cooperazione internazionale e dell\u2019integrazione economica, la storia sembra ora fare un passo indietro\u201d.<\/p>\n<p>Da tutto questo Panetta passa ad esaminare le conseguenze di un\u2019osservazione: \u201cSenza pace, l\u2019umanit\u00e0 non pu\u00f2 prosperare; n\u00e9 pu\u00f2 farlo l\u2019economia\u201d. La relazione approfondisce quindi i dettagli di questa realt\u00e0, sfatando, tra l\u2019altro, l\u2019indicazione che un\u2019economia di guerra faccia bene, di fatto, a tutta l\u2019economia e con effetti di lungo periodo. Cos\u00ec come \u00e8 ugualmente sbagliato pensare che la produzione bellica possa generare innovazione al posto della ricerca scientifica.<\/p>\n<p>Panetta, poi, approfondisce il concetto che la crescita e l\u2019integrazione economica debbano essere intesi come strumenti di pace. E che, anzi, nelle economie moderne \u201clo sviluppo si fonda sull\u2019integrazione e sul commercio internazionale\u201d. Ricordando la storia degli ultimi decenni dopo il secondo conflitto mondiale, il Governatore arriva cos\u00ec a confrontarsi con \u201cgli scontenti della globalizzazione e dei cambiamenti geopolitici\u201d. Si tratta, questo, di un paesaggio importante della ricerca di Panetta: la globalizzazione ha prodotto anche effetti indesiderati\u00a0 e la mancanza di riforme pu\u00f2 frenare l\u2019equazione distribuzione del reddito e del benessere.<\/p>\n<p>L\u2019indagine prosegue poi ponendosi una domanda cruciale: quali debbano essere le politiche economiche \u201cper la pace\u201d. Apertura agli scambi ed equilibrio nelle relazioni paiono essere le due indicazioni generali. Due traguardi da raggiungere per mezzo di una serie di strumenti da applicare. Come il contrasto alle disuguaglianze, il rafforzamento dell\u2019istruzione e della formazione, l\u2019accelerazione sulla protezione sociale e sulla garanzia di accesso alla sanit\u00e0 efficiente, la gestione del debito. Ancora, Panetta indica l\u2019importanza di politiche di sostegno dello sviluppo.<\/p>\n<p>Bella e profonda, nelle conclusioni, una delle frasi di sintesi del Governatore: \u201cL\u2019economia sembra essersi globalizzata senza una \u2018coscienza globale\u2019\u201d. L\u2019intervento di Fabio Panetta \u00e8 una bella lettura da fare tutti.<\/p><p><a href=\"https:\/\/wpsite-assets.fondazionepirelli.org\/wp-content\/uploads\/2025\/01\/21102518\/Panetta-16.01.2025.pdf\"><strong>Pace e prosperit\u00e0 in un mondo frammentato <\/strong><\/a><\/p>\n<p>Fabio Panetta<\/p>\n<p>\u201cEconomia e pace: un\u2019alleanza possibile\u201d<\/p>\n<p>Fondazione Centesimus Annus Pro Pontifice, 16 gennaio 2025<\/p>","protected":false},"excerpt":{"rendered":"<p>Un intervento del Governatore di Banca d\u2019Italia fornisce lo schema per comprendere meglio la situazione che stiamo vivendoGuerre in aumento, tensioni geopolitiche in crescita, incertezza e instabilit\u00e0 dilaganti. \u00c8 complessa e difficile la situazione economica e sociale che il mondo sta vivendo e con la quale le imprese, cos\u00ec come le istituzioni e i singoli [&hellip;]<\/p>\n","protected":false},"author":1,"featured_media":0,"comment_status":"open","ping_status":"open","sticky":false,"template":"","format":"standard","meta":{"footnotes":""},"categories":[54,52],"tags":[],"class_list":["post-103050","post","type-post","status-publish","format-standard","hentry","category-approfondimenti","category-cultura-dimpresa"],"acf":[],"yoast_head":"<!-- This site is optimized with the Yoast SEO plugin v25.0 - https:\/\/yoast.com\/wordpress\/plugins\/seo\/ -->\n<title>Globalizzazione senza una \u201ccoscienza globale\u201d - Fondazione Pirelli<\/title>\n<meta name=\"robots\" content=\"index, follow, max-snippet:-1, max-image-preview:large, max-video-preview:-1\" \/>\n<link rel=\"canonical\" href=\"https:\/\/www.fondazionepirelli.org\/it\/cultura-dimpresa\/approfondimenti\/globalizzazione-senza-una-coscienza-globale\/\" \/>\n<meta property=\"og:locale\" content=\"it_IT\" \/>\n<meta property=\"og:type\" content=\"article\" \/>\n<meta property=\"og:title\" content=\"Globalizzazione senza una \u201ccoscienza globale\u201d - Fondazione Pirelli\" \/>\n<meta property=\"og:description\" content=\"Un intervento del Governatore di Banca d\u2019Italia fornisce lo schema per comprendere meglio la situazione che stiamo vivendoGuerre in aumento, tensioni geopolitiche in crescita, incertezza e instabilit\u00e0 dilaganti. \u00c8 complessa e difficile la situazione economica e sociale che il mondo sta vivendo e con la quale le imprese, cos\u00ec come le istituzioni e i singoli [&hellip;]\" \/>\n<meta property=\"og:url\" content=\"https:\/\/www.fondazionepirelli.org\/it\/cultura-dimpresa\/approfondimenti\/globalizzazione-senza-una-coscienza-globale\/\" \/>\n<meta property=\"og:site_name\" content=\"Fondazione Pirelli\" \/>\n<meta property=\"article:published_time\" content=\"2025-01-21T09:27:51+00:00\" \/>\n<meta property=\"article:modified_time\" content=\"2025-01-21T10:10:23+00:00\" \/>\n<meta name=\"author\" content=\"fondadmin\" \/>\n<meta name=\"twitter:card\" content=\"summary_large_image\" \/>\n<meta name=\"twitter:label1\" content=\"Scritto da\" \/>\n\t<meta name=\"twitter:data1\" content=\"fondadmin\" \/>\n\t<meta name=\"twitter:label2\" content=\"Tempo di lettura stimato\" \/>\n\t<meta name=\"twitter:data2\" content=\"2 minuti\" \/>\n<script type=\"application\/ld+json\" class=\"yoast-schema-graph\">{\"@context\":\"https:\/\/schema.org\",\"@graph\":[{\"@type\":\"WebPage\",\"@id\":\"https:\/\/www.fondazionepirelli.org\/it\/cultura-dimpresa\/approfondimenti\/globalizzazione-senza-una-coscienza-globale\/\",\"url\":\"https:\/\/www.fondazionepirelli.org\/it\/cultura-dimpresa\/approfondimenti\/globalizzazione-senza-una-coscienza-globale\/\",\"name\":\"Globalizzazione senza una \u201ccoscienza globale\u201d - Fondazione Pirelli\",\"isPartOf\":{\"@id\":\"https:\/\/www.fondazionepirelli.org\/it\/#website\"},\"datePublished\":\"2025-01-21T09:27:51+00:00\",\"dateModified\":\"2025-01-21T10:10:23+00:00\",\"author\":{\"@id\":\"https:\/\/www.fondazionepirelli.org\/it\/#\/schema\/person\/f47d097000832c4a6e54538c791fdf25\"},\"breadcrumb\":{\"@id\":\"https:\/\/www.fondazionepirelli.org\/it\/cultura-dimpresa\/approfondimenti\/globalizzazione-senza-una-coscienza-globale\/#breadcrumb\"},\"inLanguage\":\"it-IT\",\"potentialAction\":[{\"@type\":\"ReadAction\",\"target\":[\"https:\/\/www.fondazionepirelli.org\/it\/cultura-dimpresa\/approfondimenti\/globalizzazione-senza-una-coscienza-globale\/\"]}]},{\"@type\":\"BreadcrumbList\",\"@id\":\"https:\/\/www.fondazionepirelli.org\/it\/cultura-dimpresa\/approfondimenti\/globalizzazione-senza-una-coscienza-globale\/#breadcrumb\",\"itemListElement\":[{\"@type\":\"ListItem\",\"position\":1,\"name\":\"Home\",\"item\":\"https:\/\/www.fondazionepirelli.org\/it\/\"},{\"@type\":\"ListItem\",\"position\":2,\"name\":\"Globalizzazione senza una \u201ccoscienza globale\u201d\"}]},{\"@type\":\"WebSite\",\"@id\":\"https:\/\/www.fondazionepirelli.org\/it\/#website\",\"url\":\"https:\/\/www.fondazionepirelli.org\/it\/\",\"name\":\"Fondazione Pirelli\",\"description\":\"\",\"potentialAction\":[{\"@type\":\"SearchAction\",\"target\":{\"@type\":\"EntryPoint\",\"urlTemplate\":\"https:\/\/www.fondazionepirelli.org\/it\/?s={search_term_string}\"},\"query-input\":{\"@type\":\"PropertyValueSpecification\",\"valueRequired\":true,\"valueName\":\"search_term_string\"}}],\"inLanguage\":\"it-IT\"},{\"@type\":\"Person\",\"@id\":\"https:\/\/www.fondazionepirelli.org\/it\/#\/schema\/person\/f47d097000832c4a6e54538c791fdf25\",\"name\":\"fondadmin\",\"image\":{\"@type\":\"ImageObject\",\"inLanguage\":\"it-IT\",\"@id\":\"https:\/\/www.fondazionepirelli.org\/it\/#\/schema\/person\/image\/\",\"url\":\"https:\/\/secure.gravatar.com\/avatar\/e69498a9175ca244966e51e53c88712c024fcebe41f9a05f75657f1bb25e489b?s=96&d=mm&r=g\",\"contentUrl\":\"https:\/\/secure.gravatar.com\/avatar\/e69498a9175ca244966e51e53c88712c024fcebe41f9a05f75657f1bb25e489b?s=96&d=mm&r=g\",\"caption\":\"fondadmin\"},\"url\":\"https:\/\/www.fondazionepirelli.org\/it\/author\/fondadmin\/\"}]}<\/script>\n<!-- \/ Yoast SEO plugin. -->","yoast_head_json":{"title":"Globalizzazione senza una \u201ccoscienza globale\u201d - Fondazione Pirelli","robots":{"index":"index","follow":"follow","max-snippet":"max-snippet:-1","max-image-preview":"max-image-preview:large","max-video-preview":"max-video-preview:-1"},"canonical":"https:\/\/www.fondazionepirelli.org\/it\/cultura-dimpresa\/approfondimenti\/globalizzazione-senza-una-coscienza-globale\/","og_locale":"it_IT","og_type":"article","og_title":"Globalizzazione senza una \u201ccoscienza globale\u201d - Fondazione Pirelli","og_description":"Un intervento del Governatore di Banca d\u2019Italia fornisce lo schema per comprendere meglio la situazione che stiamo vivendoGuerre in aumento, tensioni geopolitiche in crescita, incertezza e instabilit\u00e0 dilaganti. \u00c8 complessa e difficile la situazione economica e sociale che il mondo sta vivendo e con la quale le imprese, cos\u00ec come le istituzioni e i singoli [&hellip;]","og_url":"https:\/\/www.fondazionepirelli.org\/it\/cultura-dimpresa\/approfondimenti\/globalizzazione-senza-una-coscienza-globale\/","og_site_name":"Fondazione Pirelli","article_published_time":"2025-01-21T09:27:51+00:00","article_modified_time":"2025-01-21T10:10:23+00:00","author":"fondadmin","twitter_card":"summary_large_image","twitter_misc":{"Scritto da":"fondadmin","Tempo di lettura stimato":"2 minuti"},"schema":{"@context":"https:\/\/schema.org","@graph":[{"@type":"WebPage","@id":"https:\/\/www.fondazionepirelli.org\/it\/cultura-dimpresa\/approfondimenti\/globalizzazione-senza-una-coscienza-globale\/","url":"https:\/\/www.fondazionepirelli.org\/it\/cultura-dimpresa\/approfondimenti\/globalizzazione-senza-una-coscienza-globale\/","name":"Globalizzazione senza una \u201ccoscienza globale\u201d - Fondazione Pirelli","isPartOf":{"@id":"https:\/\/www.fondazionepirelli.org\/it\/#website"},"datePublished":"2025-01-21T09:27:51+00:00","dateModified":"2025-01-21T10:10:23+00:00","author":{"@id":"https:\/\/www.fondazionepirelli.org\/it\/#\/schema\/person\/f47d097000832c4a6e54538c791fdf25"},"breadcrumb":{"@id":"https:\/\/www.fondazionepirelli.org\/it\/cultura-dimpresa\/approfondimenti\/globalizzazione-senza-una-coscienza-globale\/#breadcrumb"},"inLanguage":"it-IT","potentialAction":[{"@type":"ReadAction","target":["https:\/\/www.fondazionepirelli.org\/it\/cultura-dimpresa\/approfondimenti\/globalizzazione-senza-una-coscienza-globale\/"]}]},{"@type":"BreadcrumbList","@id":"https:\/\/www.fondazionepirelli.org\/it\/cultura-dimpresa\/approfondimenti\/globalizzazione-senza-una-coscienza-globale\/#breadcrumb","itemListElement":[{"@type":"ListItem","position":1,"name":"Home","item":"https:\/\/www.fondazionepirelli.org\/it\/"},{"@type":"ListItem","position":2,"name":"Globalizzazione senza una \u201ccoscienza globale\u201d"}]},{"@type":"WebSite","@id":"https:\/\/www.fondazionepirelli.org\/it\/#website","url":"https:\/\/www.fondazionepirelli.org\/it\/","name":"Fondazione Pirelli","description":"","potentialAction":[{"@type":"SearchAction","target":{"@type":"EntryPoint","urlTemplate":"https:\/\/www.fondazionepirelli.org\/it\/?s={search_term_string}"},"query-input":{"@type":"PropertyValueSpecification","valueRequired":true,"valueName":"search_term_string"}}],"inLanguage":"it-IT"},{"@type":"Person","@id":"https:\/\/www.fondazionepirelli.org\/it\/#\/schema\/person\/f47d097000832c4a6e54538c791fdf25","name":"fondadmin","image":{"@type":"ImageObject","inLanguage":"it-IT","@id":"https:\/\/www.fondazionepirelli.org\/it\/#\/schema\/person\/image\/","url":"https:\/\/secure.gravatar.com\/avatar\/e69498a9175ca244966e51e53c88712c024fcebe41f9a05f75657f1bb25e489b?s=96&d=mm&r=g","contentUrl":"https:\/\/secure.gravatar.com\/avatar\/e69498a9175ca244966e51e53c88712c024fcebe41f9a05f75657f1bb25e489b?s=96&d=mm&r=g","caption":"fondadmin"},"url":"https:\/\/www.fondazionepirelli.org\/it\/author\/fondadmin\/"}]}},"_links":{"self":[{"href":"https:\/\/www.fondazionepirelli.org\/it\/wp-json\/wp\/v2\/posts\/103050\/"}],"collection":[{"href":"https:\/\/www.fondazionepirelli.org\/it\/wp-json\/wp\/v2\/posts\/"}],"about":[{"href":"https:\/\/www.fondazionepirelli.org\/it\/wp-json\/wp\/v2\/types\/post\/"}],"author":[{"embeddable":true,"href":"https:\/\/www.fondazionepirelli.org\/it\/wp-json\/wp\/v2\/users\/1\/"}],"replies":[{"embeddable":true,"href":"https:\/\/www.fondazionepirelli.org\/it\/wp-json\/wp\/v2\/comments\/?post=103050"}],"version-history":[{"count":2,"href":"https:\/\/www.fondazionepirelli.org\/it\/wp-json\/wp\/v2\/posts\/103050\/revisions\/"}],"predecessor-version":[{"id":103055,"href":"https:\/\/www.fondazionepirelli.org\/it\/wp-json\/wp\/v2\/posts\/103050\/revisions\/103055\/"}],"wp:attachment":[{"href":"https:\/\/www.fondazionepirelli.org\/it\/wp-json\/wp\/v2\/media\/?parent=103050"}],"wp:term":[{"taxonomy":"category","embeddable":true,"href":"https:\/\/www.fondazionepirelli.org\/it\/wp-json\/wp\/v2\/categories\/?post=103050"},{"taxonomy":"post_tag","embeddable":true,"href":"https:\/\/www.fondazionepirelli.org\/it\/wp-json\/wp\/v2\/tags\/?post=103050"}],"curies":[{"name":"wp","href":"https:\/\/api.w.org\/{rel}","templated":true}]}}