{"id":103125,"date":"2025-02-04T10:58:54","date_gmt":"2025-02-04T09:58:54","guid":{"rendered":"http:\/\/www.fondazionepirelli.org\/?p=103125"},"modified":"2025-02-04T10:58:54","modified_gmt":"2025-02-04T09:58:54","slug":"passione-industriale","status":"publish","type":"post","link":"https:\/\/www.fondazionepirelli.org\/it\/cultura-dimpresa\/recensioni-libri\/passione-industriale\/","title":{"rendered":"Passione industriale"},"content":{"rendered":"<p><em>Un libro di testi e foto racconta la capacit\u00e0 industriale delle imprese torinesi tessili e della moda<\/em><\/p><p>Arte e tecnica. Ma anche colore e materiali. E tradizione che si fa innovazione. Istinto industriale creativo. E calcolo tecnologico che si fa unicit\u00e0 e segno d\u2019ingegno. Fare industria \u00e8 anche un po\u2019 tutto questo. Fare industria tessile (e della moda) \u00e8 soprattutto tutto questo. Una cultura dell\u2019impresa creativa che ogni giorno deve rinnovarsi per continuare ad essere tale. \u00c8 quanto racconta \u201cL\u2019arte dell\u2019eccellenza a Torino\u201d, libro appena pubblicato che ha un sottotitolo significativo: \u201cLa passione e le storie delle aziende della moda, dei tessili e degli accessori\u201d.<\/p>\n<p>Il libro fa parte delle iniziative di Torino Capitale della cultura d\u2019impresa 2024, ed \u00e8 stato pubblicato proprio sul finire dell\u2019anno, quasi a chiudere dodici mesi importanti per raccontare quella capacit\u00e0 del produrre bene che ha tratteggiato tanta parte della storia delle imprese del Nord-Ovest altro dall\u2019industria dell\u2019auto (e che ancora oggi vive). Produrre bene e con gusto, si potrebbe dire. E\u2019 questo il segno delle imprese che il libro denso di foto (di Michele D\u2019Ottavio) racconta con dovizia di particolari; scatti accompagnati da testi puntuali (di Elena Delfino) che delineano per ogni azienda \u2013 del tessile, della moda e degli accessori &#8211; gli elementi essenziali per comprenderne l\u2019avventura imprenditoriale. Tutto voluto dall&#8217;Associazione Moda, Tessile e Accessori dell&#8217;Unione Industriali Torino con un obiettivo: essere rappresentazione della capacit\u00e0 imprenditoriale del territorio attraverso un racconto per immagini.<\/p>\n<p>Industrie, quindi, raccontate con fotografie e parole che ogni volta colgono un elemento essenziale e irriproducibile di ognuna di esse. Un viaggio all\u2019interno delle sedi, nei laboratori, negli atelier, per dire della passione e dell\u2019abilit\u00e0 delle maestranze impegnate nelle fasi progettuali e produttive di oggetti che molto spesso sono orgoglio dell\u2019italianit\u00e0 industriale nel mondo. Con alcuni elementi ricorrenti: la creativit\u00e0, la tecnologia moderna unita alla tradizione e, soprattutto, le persone. Cos\u00ec, sfogliando e leggendo le quasi 250 pagine a colori del libro, \u00e8 proprio l\u2019umanit\u00e0 al lavoro ci\u00f2 che si coglie pi\u00f9 di tutto. Quella umanit\u00e0 che fa davvero la differenza tra un\u2019azienda e un\u2019impresa. E che si coglie nelle mani \u2013 numerose riproposte in tantissimi scatti \u2013 negli sguardi, negli occhi e nelle attenzioni di chi nelle foto viene colto in momenti e atteggiamenti di lavoro. Perch\u00e9 la vera cultura d\u2019impresa sta nelle persone e non solo nelle tecniche. Leggere \u201cL\u2019arte dell\u2019eccellenza a Torino\u201d serve proprio per capire ancora una volta tutto questo.<\/p><p><strong>L\u2019arte dell\u2019eccellenza a Torino<\/strong><\/p>\n<p>Elena Delfino, Michele D\u2019Ottavio<\/p>\n<p>24Ore Cultura, 2024<\/p>\n","protected":false},"excerpt":{"rendered":"<p>Un libro di testi e foto racconta la capacit\u00e0 industriale delle imprese torinesi tessili e della modaArte e tecnica. Ma anche colore e materiali. E tradizione che si fa innovazione. Istinto industriale creativo. E calcolo tecnologico che si fa unicit\u00e0 e segno d\u2019ingegno. Fare industria \u00e8 anche un po\u2019 tutto questo. Fare industria tessile (e [&hellip;]<\/p>\n","protected":false},"author":1,"featured_media":103131,"comment_status":"open","ping_status":"open","sticky":false,"template":"","format":"standard","meta":{"footnotes":""},"categories":[52,58],"tags":[],"class_list":["post-103125","post","type-post","status-publish","format-standard","has-post-thumbnail","hentry","category-cultura-dimpresa","category-recensioni-libri"],"acf":[],"yoast_head":"<!-- This site is optimized with the Yoast SEO plugin v25.0 - https:\/\/yoast.com\/wordpress\/plugins\/seo\/ -->\n<title>Passione industriale - Fondazione Pirelli<\/title>\n<meta name=\"robots\" content=\"index, follow, max-snippet:-1, max-image-preview:large, max-video-preview:-1\" \/>\n<link rel=\"canonical\" href=\"https:\/\/www.fondazionepirelli.org\/it\/cultura-dimpresa\/recensioni-libri\/passione-industriale\/\" \/>\n<meta property=\"og:locale\" content=\"it_IT\" \/>\n<meta property=\"og:type\" content=\"article\" \/>\n<meta property=\"og:title\" content=\"Passione industriale - Fondazione Pirelli\" \/>\n<meta property=\"og:description\" content=\"Un libro di testi e foto racconta la capacit\u00e0 industriale delle imprese torinesi tessili e della modaArte e tecnica. Ma anche colore e materiali. E tradizione che si fa innovazione. Istinto industriale creativo. E calcolo tecnologico che si fa unicit\u00e0 e segno d\u2019ingegno. Fare industria \u00e8 anche un po\u2019 tutto questo. Fare industria tessile (e [&hellip;]\" \/>\n<meta property=\"og:url\" content=\"https:\/\/127.0.0.1\/it\/cultura-dimpresa\/recensioni-libri\/passione-industriale\/\" \/>\n<meta property=\"og:site_name\" content=\"Fondazione Pirelli\" \/>\n<meta property=\"article:published_time\" content=\"2025-02-04T09:58:54+00:00\" \/>\n<meta property=\"og:image\" content=\"https:\/\/wpsite-assets.fondazionepirelli.org\/wp-content\/uploads\/2025\/02\/04105842\/Larte-delleccellenza-a-Torino_low.jpg\" \/>\n\t<meta property=\"og:image:width\" content=\"617\" \/>\n\t<meta property=\"og:image:height\" content=\"523\" \/>\n\t<meta property=\"og:image:type\" content=\"image\/jpeg\" \/>\n<meta name=\"author\" content=\"fondadmin\" \/>\n<meta name=\"twitter:card\" content=\"summary_large_image\" \/>\n<meta name=\"twitter:label1\" content=\"Scritto da\" \/>\n\t<meta name=\"twitter:data1\" content=\"fondadmin\" \/>\n\t<meta name=\"twitter:label2\" content=\"Tempo di lettura stimato\" \/>\n\t<meta name=\"twitter:data2\" content=\"2 minuti\" \/>\n<script type=\"application\/ld+json\" class=\"yoast-schema-graph\">{\"@context\":\"https:\/\/schema.org\",\"@graph\":[{\"@type\":\"WebPage\",\"@id\":\"https:\/\/127.0.0.1\/it\/cultura-dimpresa\/recensioni-libri\/passione-industriale\/\",\"url\":\"https:\/\/127.0.0.1\/it\/cultura-dimpresa\/recensioni-libri\/passione-industriale\/\",\"name\":\"Passione industriale - Fondazione Pirelli\",\"isPartOf\":{\"@id\":\"https:\/\/www.fondazionepirelli.org\/it\/#website\"},\"primaryImageOfPage\":{\"@id\":\"https:\/\/127.0.0.1\/it\/cultura-dimpresa\/recensioni-libri\/passione-industriale\/#primaryimage\"},\"image\":{\"@id\":\"https:\/\/127.0.0.1\/it\/cultura-dimpresa\/recensioni-libri\/passione-industriale\/#primaryimage\"},\"thumbnailUrl\":\"https:\/\/wpsite-assets.fondazionepirelli.org\/wp-content\/uploads\/2025\/02\/04105842\/Larte-delleccellenza-a-Torino_low.jpg\",\"datePublished\":\"2025-02-04T09:58:54+00:00\",\"author\":{\"@id\":\"https:\/\/www.fondazionepirelli.org\/it\/#\/schema\/person\/f47d097000832c4a6e54538c791fdf25\"},\"breadcrumb\":{\"@id\":\"https:\/\/127.0.0.1\/it\/cultura-dimpresa\/recensioni-libri\/passione-industriale\/#breadcrumb\"},\"inLanguage\":\"it-IT\",\"potentialAction\":[{\"@type\":\"ReadAction\",\"target\":[\"https:\/\/127.0.0.1\/it\/cultura-dimpresa\/recensioni-libri\/passione-industriale\/\"]}]},{\"@type\":\"ImageObject\",\"inLanguage\":\"it-IT\",\"@id\":\"https:\/\/127.0.0.1\/it\/cultura-dimpresa\/recensioni-libri\/passione-industriale\/#primaryimage\",\"url\":\"https:\/\/wpsite-assets.fondazionepirelli.org\/wp-content\/uploads\/2025\/02\/04105842\/Larte-delleccellenza-a-Torino_low.jpg\",\"contentUrl\":\"https:\/\/wpsite-assets.fondazionepirelli.org\/wp-content\/uploads\/2025\/02\/04105842\/Larte-delleccellenza-a-Torino_low.jpg\",\"width\":617,\"height\":523},{\"@type\":\"BreadcrumbList\",\"@id\":\"https:\/\/127.0.0.1\/it\/cultura-dimpresa\/recensioni-libri\/passione-industriale\/#breadcrumb\",\"itemListElement\":[{\"@type\":\"ListItem\",\"position\":1,\"name\":\"Home\",\"item\":\"https:\/\/www.fondazionepirelli.org\/it\/\"},{\"@type\":\"ListItem\",\"position\":2,\"name\":\"Passione industriale\"}]},{\"@type\":\"WebSite\",\"@id\":\"https:\/\/www.fondazionepirelli.org\/it\/#website\",\"url\":\"https:\/\/www.fondazionepirelli.org\/it\/\",\"name\":\"Fondazione Pirelli\",\"description\":\"\",\"potentialAction\":[{\"@type\":\"SearchAction\",\"target\":{\"@type\":\"EntryPoint\",\"urlTemplate\":\"https:\/\/www.fondazionepirelli.org\/it\/?s={search_term_string}\"},\"query-input\":{\"@type\":\"PropertyValueSpecification\",\"valueRequired\":true,\"valueName\":\"search_term_string\"}}],\"inLanguage\":\"it-IT\"},{\"@type\":\"Person\",\"@id\":\"https:\/\/www.fondazionepirelli.org\/it\/#\/schema\/person\/f47d097000832c4a6e54538c791fdf25\",\"name\":\"fondadmin\",\"image\":{\"@type\":\"ImageObject\",\"inLanguage\":\"it-IT\",\"@id\":\"https:\/\/www.fondazionepirelli.org\/it\/#\/schema\/person\/image\/\",\"url\":\"https:\/\/secure.gravatar.com\/avatar\/e69498a9175ca244966e51e53c88712c024fcebe41f9a05f75657f1bb25e489b?s=96&d=mm&r=g\",\"contentUrl\":\"https:\/\/secure.gravatar.com\/avatar\/e69498a9175ca244966e51e53c88712c024fcebe41f9a05f75657f1bb25e489b?s=96&d=mm&r=g\",\"caption\":\"fondadmin\"},\"url\":\"https:\/\/www.fondazionepirelli.org\/it\/author\/fondadmin\/\"}]}<\/script>\n<!-- \/ Yoast SEO plugin. -->","yoast_head_json":{"title":"Passione industriale - Fondazione Pirelli","robots":{"index":"index","follow":"follow","max-snippet":"max-snippet:-1","max-image-preview":"max-image-preview:large","max-video-preview":"max-video-preview:-1"},"canonical":"https:\/\/www.fondazionepirelli.org\/it\/cultura-dimpresa\/recensioni-libri\/passione-industriale\/","og_locale":"it_IT","og_type":"article","og_title":"Passione industriale - Fondazione Pirelli","og_description":"Un libro di testi e foto racconta la capacit\u00e0 industriale delle imprese torinesi tessili e della modaArte e tecnica. Ma anche colore e materiali. E tradizione che si fa innovazione. Istinto industriale creativo. E calcolo tecnologico che si fa unicit\u00e0 e segno d\u2019ingegno. Fare industria \u00e8 anche un po\u2019 tutto questo. Fare industria tessile (e [&hellip;]","og_url":"https:\/\/127.0.0.1\/it\/cultura-dimpresa\/recensioni-libri\/passione-industriale\/","og_site_name":"Fondazione Pirelli","article_published_time":"2025-02-04T09:58:54+00:00","og_image":[{"width":617,"height":523,"url":"https:\/\/wpsite-assets.fondazionepirelli.org\/wp-content\/uploads\/2025\/02\/04105842\/Larte-delleccellenza-a-Torino_low.jpg","type":"image\/jpeg"}],"author":"fondadmin","twitter_card":"summary_large_image","twitter_misc":{"Scritto da":"fondadmin","Tempo di lettura stimato":"2 minuti"},"schema":{"@context":"https:\/\/schema.org","@graph":[{"@type":"WebPage","@id":"https:\/\/127.0.0.1\/it\/cultura-dimpresa\/recensioni-libri\/passione-industriale\/","url":"https:\/\/127.0.0.1\/it\/cultura-dimpresa\/recensioni-libri\/passione-industriale\/","name":"Passione industriale - Fondazione Pirelli","isPartOf":{"@id":"https:\/\/www.fondazionepirelli.org\/it\/#website"},"primaryImageOfPage":{"@id":"https:\/\/127.0.0.1\/it\/cultura-dimpresa\/recensioni-libri\/passione-industriale\/#primaryimage"},"image":{"@id":"https:\/\/127.0.0.1\/it\/cultura-dimpresa\/recensioni-libri\/passione-industriale\/#primaryimage"},"thumbnailUrl":"https:\/\/wpsite-assets.fondazionepirelli.org\/wp-content\/uploads\/2025\/02\/04105842\/Larte-delleccellenza-a-Torino_low.jpg","datePublished":"2025-02-04T09:58:54+00:00","author":{"@id":"https:\/\/www.fondazionepirelli.org\/it\/#\/schema\/person\/f47d097000832c4a6e54538c791fdf25"},"breadcrumb":{"@id":"https:\/\/127.0.0.1\/it\/cultura-dimpresa\/recensioni-libri\/passione-industriale\/#breadcrumb"},"inLanguage":"it-IT","potentialAction":[{"@type":"ReadAction","target":["https:\/\/127.0.0.1\/it\/cultura-dimpresa\/recensioni-libri\/passione-industriale\/"]}]},{"@type":"ImageObject","inLanguage":"it-IT","@id":"https:\/\/127.0.0.1\/it\/cultura-dimpresa\/recensioni-libri\/passione-industriale\/#primaryimage","url":"https:\/\/wpsite-assets.fondazionepirelli.org\/wp-content\/uploads\/2025\/02\/04105842\/Larte-delleccellenza-a-Torino_low.jpg","contentUrl":"https:\/\/wpsite-assets.fondazionepirelli.org\/wp-content\/uploads\/2025\/02\/04105842\/Larte-delleccellenza-a-Torino_low.jpg","width":617,"height":523},{"@type":"BreadcrumbList","@id":"https:\/\/127.0.0.1\/it\/cultura-dimpresa\/recensioni-libri\/passione-industriale\/#breadcrumb","itemListElement":[{"@type":"ListItem","position":1,"name":"Home","item":"https:\/\/www.fondazionepirelli.org\/it\/"},{"@type":"ListItem","position":2,"name":"Passione industriale"}]},{"@type":"WebSite","@id":"https:\/\/www.fondazionepirelli.org\/it\/#website","url":"https:\/\/www.fondazionepirelli.org\/it\/","name":"Fondazione Pirelli","description":"","potentialAction":[{"@type":"SearchAction","target":{"@type":"EntryPoint","urlTemplate":"https:\/\/www.fondazionepirelli.org\/it\/?s={search_term_string}"},"query-input":{"@type":"PropertyValueSpecification","valueRequired":true,"valueName":"search_term_string"}}],"inLanguage":"it-IT"},{"@type":"Person","@id":"https:\/\/www.fondazionepirelli.org\/it\/#\/schema\/person\/f47d097000832c4a6e54538c791fdf25","name":"fondadmin","image":{"@type":"ImageObject","inLanguage":"it-IT","@id":"https:\/\/www.fondazionepirelli.org\/it\/#\/schema\/person\/image\/","url":"https:\/\/secure.gravatar.com\/avatar\/e69498a9175ca244966e51e53c88712c024fcebe41f9a05f75657f1bb25e489b?s=96&d=mm&r=g","contentUrl":"https:\/\/secure.gravatar.com\/avatar\/e69498a9175ca244966e51e53c88712c024fcebe41f9a05f75657f1bb25e489b?s=96&d=mm&r=g","caption":"fondadmin"},"url":"https:\/\/www.fondazionepirelli.org\/it\/author\/fondadmin\/"}]}},"_links":{"self":[{"href":"https:\/\/www.fondazionepirelli.org\/it\/wp-json\/wp\/v2\/posts\/103125\/"}],"collection":[{"href":"https:\/\/www.fondazionepirelli.org\/it\/wp-json\/wp\/v2\/posts\/"}],"about":[{"href":"https:\/\/www.fondazionepirelli.org\/it\/wp-json\/wp\/v2\/types\/post\/"}],"author":[{"embeddable":true,"href":"https:\/\/www.fondazionepirelli.org\/it\/wp-json\/wp\/v2\/users\/1\/"}],"replies":[{"embeddable":true,"href":"https:\/\/www.fondazionepirelli.org\/it\/wp-json\/wp\/v2\/comments\/?post=103125"}],"version-history":[{"count":1,"href":"https:\/\/www.fondazionepirelli.org\/it\/wp-json\/wp\/v2\/posts\/103125\/revisions\/"}],"predecessor-version":[{"id":103126,"href":"https:\/\/www.fondazionepirelli.org\/it\/wp-json\/wp\/v2\/posts\/103125\/revisions\/103126\/"}],"wp:featuredmedia":[{"embeddable":true,"href":"https:\/\/www.fondazionepirelli.org\/it\/wp-json\/wp\/v2\/media\/103131\/"}],"wp:attachment":[{"href":"https:\/\/www.fondazionepirelli.org\/it\/wp-json\/wp\/v2\/media\/?parent=103125"}],"wp:term":[{"taxonomy":"category","embeddable":true,"href":"https:\/\/www.fondazionepirelli.org\/it\/wp-json\/wp\/v2\/categories\/?post=103125"},{"taxonomy":"post_tag","embeddable":true,"href":"https:\/\/www.fondazionepirelli.org\/it\/wp-json\/wp\/v2\/tags\/?post=103125"}],"curies":[{"name":"wp","href":"https:\/\/api.w.org\/{rel}","templated":true}]}}