{"id":103147,"date":"2025-02-06T15:48:23","date_gmt":"2025-02-06T14:48:23","guid":{"rendered":"http:\/\/www.fondazionepirelli.org\/?p=103147"},"modified":"2025-02-21T16:03:16","modified_gmt":"2025-02-21T15:03:16","slug":"pirelli-la-citta-la-visione-una-storia-che-nasce-a-milano-oltre-centocinquantanni-fa-e-continua-fino-a-oggi-nel-mondo","status":"publish","type":"post","link":"https:\/\/www.fondazionepirelli.org\/it\/iniziative\/storie-dal-mondo-pirelli\/pirelli-la-citta-la-visione-una-storia-che-nasce-a-milano-oltre-centocinquantanni-fa-e-continua-fino-a-oggi-nel-mondo\/","title":{"rendered":"Pirelli, la citt\u00e0, <br>la visione"},"content":{"rendered":"<p><em>Una storia che nasce a Milano oltre centocinquant\u2019anni fa e continua fino a oggi nel mondo<\/em><\/p><p>Uno dei fili narrativi attraverso cui si pu\u00f2 raccontare la storia di Pirelli \u00e8 il<strong> legame con la citt\u00e0<\/strong>. Si tratta di un legame antico, che si forma gi\u00e0 alle origini dell\u2019impresa, e che non si interrompe nemmeno per un momento in oltre centocinquant\u2019anni di storia, al passo con una dimensione che diventa sempre pi\u00f9 internazionale. Anzi, possiamo dire che nel suo cammino di espansione e di evoluzione, l\u2019azienda abbia continuato a trovare nella citt\u00e0 quel partner fisico e culturale vivo e vitale, capace di ispirare e con cui costruire nel tempo una relazione di reciproco scambio e arricchimento, sempre con lo sguardo rivolto al futuro, sempre con una visione.<\/p><p>In primis parliamo del legame con <strong>Milano<\/strong>, che \u00e8 la citt\u00e0 dove &#8211; ancor prima della Pirelli &#8211; nasce <strong>l\u2019idea della Pirelli<\/strong>: iscrivendosi nel 1867 all&#8217;Istituto tecnico superiore (il futuro\u00a0Politecnico), Giovanni Battista, originario di Varenna, entra in un ambiente culturale e sociale fertile e vivace, caratterizzato da una forte<strong> attenzione verso il talento<\/strong>. \u00c8 cos\u00ec che a Milano il giovane e brillante studente ha modo di entrare in contatto con <strong>professori illuminati e personalit\u00e0 filantropiche<\/strong>, che gli consentiranno &#8211; una volta conseguito tre anni dopo il diploma di ingegnere industriale con risultati eccellenti &#8211; di vincere una delle due borse di studio Berra Kramer, destinate ai due migliori laureati del Politecnico, e di intraprendere cos\u00ec un viaggio di studio di grande valore attraverso l\u2019Europa industriale. Con queste premesse, nasce il 28 gennaio 1872 a Milano la societ\u00e0 in accomandita semplice <strong>&#8220;G.B. Pirelli &amp; C.&#8221;<\/strong>, prima azienda italiana per la manifattura di articoli in gomma elastica, la cui fabbrica entrer\u00e0 in funzione un anno pi\u00f9 tardi, producendo placche, guarnizioni e altri articoli per applicazioni industriali, in via Ponte Seveso (oggi via Fabio Filzi), a Milano.<\/p><p>La citt\u00e0 di Milano incuba dunque il progetto Pirelli e continua a nutrirlo negli anni immediatamente successivi alla fondazione dell\u2019azienda, grazie a quella molteplicit\u00e0 e simultaneit\u00e0 di esperienze industriali, sociali e culturali che la animavano e di cui Giovanni Battista diventa parte attiva, collaborando con <strong>i protagonisti del progresso della citt\u00e0<\/strong> e impegnandosi in prima persona anche nella vita politica milanese (nel 1877 entra a far parte del Consiglio comunale occupandosi in particolare dei problemi del quartiere dove abitava e dove aveva sede la fabbrica).<\/p><p>Cos\u00ec, il legame con la citt\u00e0 di Milano diventa presto un <strong>carattere identitario<\/strong>: \u201cMilano\u201d entra nel nome dell\u2019azienda e dei suoi prodotti, lasciando un segno nella costruzione della storia dell\u2019impresa e del suo immaginario. Per esempio, la parola \u201cMilano\u201d compone il <strong>primo marchio di fabbrica di Pirelli<\/strong> &#8211; quello con la stella con l\u2019iscrizione, registrato nel 1888 come contrassegno per l\u2019intera produzione &#8211; e diventa ancor di pi\u00f9 parte integrante nell\u2019<strong>emblema successivo del 1901<\/strong> dai tratti tenuemente liberty. Pirelli inizia nel frattempo ad ampliare la produzione verso il settore dei cavi isolati in gomma per il trasporto di energia e telecomunicazioni. Serve far costruire una nave con cui, a partire dal 1888, posare per conto del Governo Italiano ottocento chilometri di cavi destinati a collegare le isole minori all&#8217;Italia. Che nome dare a quest\u2019impresa se non \u201c<strong>Citt\u00e0 di Milano\u201d<\/strong><em>?<\/em> La prima unit\u00e0 posacavi italiana attrezzer\u00e0 i fondali di mari ben oltre la penisola e sar\u00e0 un\u2019esperienza destinata a entrare nella storia del Paese, fra mito e realt\u00e0. Ma tornando al nome della citt\u00e0 che si incide sull\u2019azienda: quando Pirelli comincia la fabbricazione delle \u201cpneumatiche\u201d per i velocipedi, tra i primi modelli del 1894 c\u2019\u00e8 il \u201cTipo Milano\u201d. E cos\u00ec \u201cMilano\u201d si stampa nei cataloghi, listini prezzi, come gi\u00e0 nella carta intestata, insomma in tutta la letteratura commerciale dell\u2019azienda.<\/p><p>Pirelli, la citt\u00e0, la visione. La storia di Pirelli prosegue nel tempo e si amplia nella geografia cos\u00ec \u00a0come nella produzione, assumendo proporzioni multinazionali e molto diversificate.<\/p>\n<p>Negli articoli che seguiranno sul nostro sito andremo ad approfondire, con l\u2019aiuto dei documenti <strong>del nostro Archivio Storico<\/strong>, le diverse sfaccettature del rapporto fra Pirelli e la citt\u00e0, passando attraverso le citt\u00e0 del mondo Pirelli &#8211; reali e immaginarie &#8211; fra espansione internazionale e contributo al dibattito culturale attraverso le pagine della Rivista Pirelli, fino ad arrivare al <strong>progetto della \u201cGrande Bicocca\u201d <\/strong>con lo straordinario contributo dell\u2019azienda nella trasformazione urbanistica di Milano della fine del secolo scorso.<\/p><p>Protagoniste saranno anche le <strong>campagne di comunicazione<\/strong> e i <strong>grandi eventi<\/strong>, dove la citt\u00e0 si prende la scena o fa da scena, rappresentandosi insieme a prodotti per loro natura legati alle sue strade, in movimento, in sintonia con l\u2019<em>esprit<\/em> della vita delle metropoli. Ma soprattutto in dialogo con l\u2019azienda, da sempre tesa a parlare i linguaggi dell\u2019innovazione e del futuro.<\/p>\n","protected":false},"excerpt":{"rendered":"<p>Una storia che nasce a Milano oltre centocinquant\u2019anni fa e continua fino a oggi nel mondoUno dei fili narrativi attraverso cui si pu\u00f2 raccontare la storia di Pirelli \u00e8 il legame con la citt\u00e0. Si tratta di un legame antico, che si forma gi\u00e0 alle origini dell\u2019impresa, e che non si interrompe nemmeno per un [&hellip;]<\/p>\n","protected":false},"author":1,"featured_media":103162,"comment_status":"open","ping_status":"open","sticky":false,"template":"","format":"standard","meta":{"footnotes":""},"categories":[62],"tags":[229,118],"class_list":["post-103147","post","type-post","status-publish","format-standard","has-post-thumbnail","hentry","category-storie-dal-mondo-pirelli","tag-racconti-dimpresa","tag-storia-aziendale"],"acf":[],"yoast_head":"<!-- This site is optimized with the Yoast SEO plugin v25.0 - https:\/\/yoast.com\/wordpress\/plugins\/seo\/ -->\n<title>Pirelli, la citt\u00e0, la visione - Fondazione Pirelli<\/title>\n<meta name=\"robots\" content=\"index, follow, max-snippet:-1, max-image-preview:large, max-video-preview:-1\" \/>\n<link rel=\"canonical\" href=\"https:\/\/www.fondazionepirelli.org\/it\/iniziative\/storie-dal-mondo-pirelli\/pirelli-la-citta-la-visione-una-storia-che-nasce-a-milano-oltre-centocinquantanni-fa-e-continua-fino-a-oggi-nel-mondo\/\" \/>\n<meta property=\"og:locale\" content=\"it_IT\" \/>\n<meta property=\"og:type\" content=\"article\" \/>\n<meta property=\"og:title\" content=\"Pirelli, la citt\u00e0, la visione - Fondazione Pirelli\" \/>\n<meta property=\"og:description\" content=\"Una storia che nasce a Milano oltre centocinquant\u2019anni fa e continua fino a oggi nel mondoUno dei fili narrativi attraverso cui si pu\u00f2 raccontare la storia di Pirelli \u00e8 il legame con la citt\u00e0. Si tratta di un legame antico, che si forma gi\u00e0 alle origini dell\u2019impresa, e che non si interrompe nemmeno per un [&hellip;]\" \/>\n<meta property=\"og:url\" content=\"https:\/\/www.fondazionepirelli.org\/it\/iniziative\/storie-dal-mondo-pirelli\/pirelli-la-citta-la-visione-una-storia-che-nasce-a-milano-oltre-centocinquantanni-fa-e-continua-fino-a-oggi-nel-mondo\/\" \/>\n<meta property=\"og:site_name\" content=\"Fondazione Pirelli\" \/>\n<meta property=\"article:published_time\" content=\"2025-02-06T14:48:23+00:00\" \/>\n<meta property=\"article:modified_time\" content=\"2025-02-21T15:03:16+00:00\" \/>\n<meta property=\"og:image\" content=\"https:\/\/wpsite-assets.fondazionepirelli.org\/wp-content\/uploads\/2025\/02\/06153317\/pneumatici-tipo-Milano.jpg\" \/>\n\t<meta property=\"og:image:width\" content=\"768\" \/>\n\t<meta property=\"og:image:height\" content=\"739\" \/>\n\t<meta property=\"og:image:type\" content=\"image\/jpeg\" \/>\n<meta name=\"author\" content=\"fondadmin\" \/>\n<meta name=\"twitter:card\" content=\"summary_large_image\" \/>\n<meta name=\"twitter:label1\" content=\"Scritto da\" \/>\n\t<meta name=\"twitter:data1\" content=\"fondadmin\" \/>\n\t<meta name=\"twitter:label2\" content=\"Tempo di lettura stimato\" \/>\n\t<meta name=\"twitter:data2\" content=\"4 minuti\" \/>\n<script type=\"application\/ld+json\" class=\"yoast-schema-graph\">{\"@context\":\"https:\/\/schema.org\",\"@graph\":[{\"@type\":\"WebPage\",\"@id\":\"https:\/\/www.fondazionepirelli.org\/it\/iniziative\/storie-dal-mondo-pirelli\/pirelli-la-citta-la-visione-una-storia-che-nasce-a-milano-oltre-centocinquantanni-fa-e-continua-fino-a-oggi-nel-mondo\/\",\"url\":\"https:\/\/www.fondazionepirelli.org\/it\/iniziative\/storie-dal-mondo-pirelli\/pirelli-la-citta-la-visione-una-storia-che-nasce-a-milano-oltre-centocinquantanni-fa-e-continua-fino-a-oggi-nel-mondo\/\",\"name\":\"Pirelli, la citt\u00e0, la visione - Fondazione Pirelli\",\"isPartOf\":{\"@id\":\"https:\/\/www.fondazionepirelli.org\/it\/#website\"},\"primaryImageOfPage\":{\"@id\":\"https:\/\/www.fondazionepirelli.org\/it\/iniziative\/storie-dal-mondo-pirelli\/pirelli-la-citta-la-visione-una-storia-che-nasce-a-milano-oltre-centocinquantanni-fa-e-continua-fino-a-oggi-nel-mondo\/#primaryimage\"},\"image\":{\"@id\":\"https:\/\/www.fondazionepirelli.org\/it\/iniziative\/storie-dal-mondo-pirelli\/pirelli-la-citta-la-visione-una-storia-che-nasce-a-milano-oltre-centocinquantanni-fa-e-continua-fino-a-oggi-nel-mondo\/#primaryimage\"},\"thumbnailUrl\":\"https:\/\/wpsite-assets.fondazionepirelli.org\/wp-content\/uploads\/2025\/02\/06153317\/pneumatici-tipo-Milano.jpg\",\"datePublished\":\"2025-02-06T14:48:23+00:00\",\"dateModified\":\"2025-02-21T15:03:16+00:00\",\"author\":{\"@id\":\"https:\/\/www.fondazionepirelli.org\/it\/#\/schema\/person\/f47d097000832c4a6e54538c791fdf25\"},\"breadcrumb\":{\"@id\":\"https:\/\/www.fondazionepirelli.org\/it\/iniziative\/storie-dal-mondo-pirelli\/pirelli-la-citta-la-visione-una-storia-che-nasce-a-milano-oltre-centocinquantanni-fa-e-continua-fino-a-oggi-nel-mondo\/#breadcrumb\"},\"inLanguage\":\"it-IT\",\"potentialAction\":[{\"@type\":\"ReadAction\",\"target\":[\"https:\/\/www.fondazionepirelli.org\/it\/iniziative\/storie-dal-mondo-pirelli\/pirelli-la-citta-la-visione-una-storia-che-nasce-a-milano-oltre-centocinquantanni-fa-e-continua-fino-a-oggi-nel-mondo\/\"]}]},{\"@type\":\"ImageObject\",\"inLanguage\":\"it-IT\",\"@id\":\"https:\/\/www.fondazionepirelli.org\/it\/iniziative\/storie-dal-mondo-pirelli\/pirelli-la-citta-la-visione-una-storia-che-nasce-a-milano-oltre-centocinquantanni-fa-e-continua-fino-a-oggi-nel-mondo\/#primaryimage\",\"url\":\"https:\/\/wpsite-assets.fondazionepirelli.org\/wp-content\/uploads\/2025\/02\/06153317\/pneumatici-tipo-Milano.jpg\",\"contentUrl\":\"https:\/\/wpsite-assets.fondazionepirelli.org\/wp-content\/uploads\/2025\/02\/06153317\/pneumatici-tipo-Milano.jpg\",\"width\":768,\"height\":739},{\"@type\":\"BreadcrumbList\",\"@id\":\"https:\/\/www.fondazionepirelli.org\/it\/iniziative\/storie-dal-mondo-pirelli\/pirelli-la-citta-la-visione-una-storia-che-nasce-a-milano-oltre-centocinquantanni-fa-e-continua-fino-a-oggi-nel-mondo\/#breadcrumb\",\"itemListElement\":[{\"@type\":\"ListItem\",\"position\":1,\"name\":\"Home\",\"item\":\"https:\/\/www.fondazionepirelli.org\/it\/\"},{\"@type\":\"ListItem\",\"position\":2,\"name\":\"Pirelli, la citt\u00e0, la visione\"}]},{\"@type\":\"WebSite\",\"@id\":\"https:\/\/www.fondazionepirelli.org\/it\/#website\",\"url\":\"https:\/\/www.fondazionepirelli.org\/it\/\",\"name\":\"Fondazione Pirelli\",\"description\":\"\",\"potentialAction\":[{\"@type\":\"SearchAction\",\"target\":{\"@type\":\"EntryPoint\",\"urlTemplate\":\"https:\/\/www.fondazionepirelli.org\/it\/?s={search_term_string}\"},\"query-input\":{\"@type\":\"PropertyValueSpecification\",\"valueRequired\":true,\"valueName\":\"search_term_string\"}}],\"inLanguage\":\"it-IT\"},{\"@type\":\"Person\",\"@id\":\"https:\/\/www.fondazionepirelli.org\/it\/#\/schema\/person\/f47d097000832c4a6e54538c791fdf25\",\"name\":\"fondadmin\",\"image\":{\"@type\":\"ImageObject\",\"inLanguage\":\"it-IT\",\"@id\":\"https:\/\/www.fondazionepirelli.org\/it\/#\/schema\/person\/image\/\",\"url\":\"https:\/\/secure.gravatar.com\/avatar\/e69498a9175ca244966e51e53c88712c024fcebe41f9a05f75657f1bb25e489b?s=96&d=mm&r=g\",\"contentUrl\":\"https:\/\/secure.gravatar.com\/avatar\/e69498a9175ca244966e51e53c88712c024fcebe41f9a05f75657f1bb25e489b?s=96&d=mm&r=g\",\"caption\":\"fondadmin\"},\"url\":\"https:\/\/www.fondazionepirelli.org\/it\/author\/fondadmin\/\"}]}<\/script>\n<!-- \/ Yoast SEO plugin. -->","yoast_head_json":{"title":"Pirelli, la citt\u00e0, la visione - Fondazione Pirelli","robots":{"index":"index","follow":"follow","max-snippet":"max-snippet:-1","max-image-preview":"max-image-preview:large","max-video-preview":"max-video-preview:-1"},"canonical":"https:\/\/www.fondazionepirelli.org\/it\/iniziative\/storie-dal-mondo-pirelli\/pirelli-la-citta-la-visione-una-storia-che-nasce-a-milano-oltre-centocinquantanni-fa-e-continua-fino-a-oggi-nel-mondo\/","og_locale":"it_IT","og_type":"article","og_title":"Pirelli, la citt\u00e0, la visione - Fondazione Pirelli","og_description":"Una storia che nasce a Milano oltre centocinquant\u2019anni fa e continua fino a oggi nel mondoUno dei fili narrativi attraverso cui si pu\u00f2 raccontare la storia di Pirelli \u00e8 il legame con la citt\u00e0. Si tratta di un legame antico, che si forma gi\u00e0 alle origini dell\u2019impresa, e che non si interrompe nemmeno per un [&hellip;]","og_url":"https:\/\/www.fondazionepirelli.org\/it\/iniziative\/storie-dal-mondo-pirelli\/pirelli-la-citta-la-visione-una-storia-che-nasce-a-milano-oltre-centocinquantanni-fa-e-continua-fino-a-oggi-nel-mondo\/","og_site_name":"Fondazione Pirelli","article_published_time":"2025-02-06T14:48:23+00:00","article_modified_time":"2025-02-21T15:03:16+00:00","og_image":[{"width":768,"height":739,"url":"https:\/\/wpsite-assets.fondazionepirelli.org\/wp-content\/uploads\/2025\/02\/06153317\/pneumatici-tipo-Milano.jpg","type":"image\/jpeg"}],"author":"fondadmin","twitter_card":"summary_large_image","twitter_misc":{"Scritto da":"fondadmin","Tempo di lettura stimato":"4 minuti"},"schema":{"@context":"https:\/\/schema.org","@graph":[{"@type":"WebPage","@id":"https:\/\/www.fondazionepirelli.org\/it\/iniziative\/storie-dal-mondo-pirelli\/pirelli-la-citta-la-visione-una-storia-che-nasce-a-milano-oltre-centocinquantanni-fa-e-continua-fino-a-oggi-nel-mondo\/","url":"https:\/\/www.fondazionepirelli.org\/it\/iniziative\/storie-dal-mondo-pirelli\/pirelli-la-citta-la-visione-una-storia-che-nasce-a-milano-oltre-centocinquantanni-fa-e-continua-fino-a-oggi-nel-mondo\/","name":"Pirelli, la citt\u00e0, la visione - Fondazione Pirelli","isPartOf":{"@id":"https:\/\/www.fondazionepirelli.org\/it\/#website"},"primaryImageOfPage":{"@id":"https:\/\/www.fondazionepirelli.org\/it\/iniziative\/storie-dal-mondo-pirelli\/pirelli-la-citta-la-visione-una-storia-che-nasce-a-milano-oltre-centocinquantanni-fa-e-continua-fino-a-oggi-nel-mondo\/#primaryimage"},"image":{"@id":"https:\/\/www.fondazionepirelli.org\/it\/iniziative\/storie-dal-mondo-pirelli\/pirelli-la-citta-la-visione-una-storia-che-nasce-a-milano-oltre-centocinquantanni-fa-e-continua-fino-a-oggi-nel-mondo\/#primaryimage"},"thumbnailUrl":"https:\/\/wpsite-assets.fondazionepirelli.org\/wp-content\/uploads\/2025\/02\/06153317\/pneumatici-tipo-Milano.jpg","datePublished":"2025-02-06T14:48:23+00:00","dateModified":"2025-02-21T15:03:16+00:00","author":{"@id":"https:\/\/www.fondazionepirelli.org\/it\/#\/schema\/person\/f47d097000832c4a6e54538c791fdf25"},"breadcrumb":{"@id":"https:\/\/www.fondazionepirelli.org\/it\/iniziative\/storie-dal-mondo-pirelli\/pirelli-la-citta-la-visione-una-storia-che-nasce-a-milano-oltre-centocinquantanni-fa-e-continua-fino-a-oggi-nel-mondo\/#breadcrumb"},"inLanguage":"it-IT","potentialAction":[{"@type":"ReadAction","target":["https:\/\/www.fondazionepirelli.org\/it\/iniziative\/storie-dal-mondo-pirelli\/pirelli-la-citta-la-visione-una-storia-che-nasce-a-milano-oltre-centocinquantanni-fa-e-continua-fino-a-oggi-nel-mondo\/"]}]},{"@type":"ImageObject","inLanguage":"it-IT","@id":"https:\/\/www.fondazionepirelli.org\/it\/iniziative\/storie-dal-mondo-pirelli\/pirelli-la-citta-la-visione-una-storia-che-nasce-a-milano-oltre-centocinquantanni-fa-e-continua-fino-a-oggi-nel-mondo\/#primaryimage","url":"https:\/\/wpsite-assets.fondazionepirelli.org\/wp-content\/uploads\/2025\/02\/06153317\/pneumatici-tipo-Milano.jpg","contentUrl":"https:\/\/wpsite-assets.fondazionepirelli.org\/wp-content\/uploads\/2025\/02\/06153317\/pneumatici-tipo-Milano.jpg","width":768,"height":739},{"@type":"BreadcrumbList","@id":"https:\/\/www.fondazionepirelli.org\/it\/iniziative\/storie-dal-mondo-pirelli\/pirelli-la-citta-la-visione-una-storia-che-nasce-a-milano-oltre-centocinquantanni-fa-e-continua-fino-a-oggi-nel-mondo\/#breadcrumb","itemListElement":[{"@type":"ListItem","position":1,"name":"Home","item":"https:\/\/www.fondazionepirelli.org\/it\/"},{"@type":"ListItem","position":2,"name":"Pirelli, la citt\u00e0, la visione"}]},{"@type":"WebSite","@id":"https:\/\/www.fondazionepirelli.org\/it\/#website","url":"https:\/\/www.fondazionepirelli.org\/it\/","name":"Fondazione Pirelli","description":"","potentialAction":[{"@type":"SearchAction","target":{"@type":"EntryPoint","urlTemplate":"https:\/\/www.fondazionepirelli.org\/it\/?s={search_term_string}"},"query-input":{"@type":"PropertyValueSpecification","valueRequired":true,"valueName":"search_term_string"}}],"inLanguage":"it-IT"},{"@type":"Person","@id":"https:\/\/www.fondazionepirelli.org\/it\/#\/schema\/person\/f47d097000832c4a6e54538c791fdf25","name":"fondadmin","image":{"@type":"ImageObject","inLanguage":"it-IT","@id":"https:\/\/www.fondazionepirelli.org\/it\/#\/schema\/person\/image\/","url":"https:\/\/secure.gravatar.com\/avatar\/e69498a9175ca244966e51e53c88712c024fcebe41f9a05f75657f1bb25e489b?s=96&d=mm&r=g","contentUrl":"https:\/\/secure.gravatar.com\/avatar\/e69498a9175ca244966e51e53c88712c024fcebe41f9a05f75657f1bb25e489b?s=96&d=mm&r=g","caption":"fondadmin"},"url":"https:\/\/www.fondazionepirelli.org\/it\/author\/fondadmin\/"}]}},"_links":{"self":[{"href":"https:\/\/www.fondazionepirelli.org\/it\/wp-json\/wp\/v2\/posts\/103147\/"}],"collection":[{"href":"https:\/\/www.fondazionepirelli.org\/it\/wp-json\/wp\/v2\/posts\/"}],"about":[{"href":"https:\/\/www.fondazionepirelli.org\/it\/wp-json\/wp\/v2\/types\/post\/"}],"author":[{"embeddable":true,"href":"https:\/\/www.fondazionepirelli.org\/it\/wp-json\/wp\/v2\/users\/1\/"}],"replies":[{"embeddable":true,"href":"https:\/\/www.fondazionepirelli.org\/it\/wp-json\/wp\/v2\/comments\/?post=103147"}],"version-history":[{"count":10,"href":"https:\/\/www.fondazionepirelli.org\/it\/wp-json\/wp\/v2\/posts\/103147\/revisions\/"}],"predecessor-version":[{"id":103209,"href":"https:\/\/www.fondazionepirelli.org\/it\/wp-json\/wp\/v2\/posts\/103147\/revisions\/103209\/"}],"wp:featuredmedia":[{"embeddable":true,"href":"https:\/\/www.fondazionepirelli.org\/it\/wp-json\/wp\/v2\/media\/103162\/"}],"wp:attachment":[{"href":"https:\/\/www.fondazionepirelli.org\/it\/wp-json\/wp\/v2\/media\/?parent=103147"}],"wp:term":[{"taxonomy":"category","embeddable":true,"href":"https:\/\/www.fondazionepirelli.org\/it\/wp-json\/wp\/v2\/categories\/?post=103147"},{"taxonomy":"post_tag","embeddable":true,"href":"https:\/\/www.fondazionepirelli.org\/it\/wp-json\/wp\/v2\/tags\/?post=103147"}],"curies":[{"name":"wp","href":"https:\/\/api.w.org\/{rel}","templated":true}]}}