{"id":103218,"date":"2025-02-18T11:46:22","date_gmt":"2025-02-18T10:46:22","guid":{"rendered":"http:\/\/www.fondazionepirelli.org\/?p=103218"},"modified":"2025-02-18T11:46:22","modified_gmt":"2025-02-18T10:46:22","slug":"sostenibilita-come-e-perche-2","status":"publish","type":"post","link":"https:\/\/www.fondazionepirelli.org\/it\/cultura-dimpresa\/recensioni-libri\/sostenibilita-come-e-perche-2\/","title":{"rendered":"Sostenibilit\u00e0 come e perch\u00e9"},"content":{"rendered":"<p><em>Pubblicata da poco una raccolta di saggi attorno ad un concetto complesso e da comprendere bene<\/em><\/p><p>Sostenibilit\u00e0 prima di tutto. \u00c8 sicuramente questa una delle indicazioni pi\u00f9 importanti del momento. \u201cEssere sostenibili\u201d per essere competitivi, per convincere, per risuscitare a stare sul mercato, per avere consenso, per avere credibilit\u00e0. Per investire, e quindi per crescere. Concetto complesso e importante quello della sostenibilit\u00e0. Concetto che va compreso a fondo, e sempre rinnovato. \u201cIl paradigma della sostenibilit\u00e0\u201d libro appena pubblicato a cura di Marilene Lorizio (che insegna economia politica presso l\u2019universit\u00e0 di Foggia) costituisce una raccolta di testi scritti a pi\u00f9 mani che attorno alla sostenibilit\u00e0 ragionano partendo da punti di vista diversi da parte di studiosi del settore economico e statistico e che presentando su di essa riflessioni, analisi, approfondimenti e progetti.<\/p>\n<p>Lorizio e i suoi collaboratori partono di fatto da una considerazione: la sostenibilit\u00e0 pare ormai destinata a modificare profondamente ed irreversibilmente i futuri scenari economici e sociali, coinvolgendo ed interessando una molteplicit\u00e0 di settori, grazie alla sua natura trasversale. \u00c8 quindi partendo da un approccio trasversale che \u00e8 necessario lavorare per capire senso, logica e applicazioni della sostenibilit\u00e0. Un\u2019operazione che deve tenere conto anche della crescente pressione dell&#8217;opinione pubblica mondiale per scelte pi\u00f9 responsabili e sostenibili, sia delle imprese che dei cittadini e delle istituzioni. Una pressione alla quale \u00e8 corrisposta una consistente produzione normativa in materia a livello sia europeo che nazionale; una conseguenza logica che deriva dalla richiesta di \u201cun mondo pi\u00f9 sostenibile\u201d e che ha come obiettivo quello di orientare, incentivare ed agevolare un percorso verso la sostenibilit\u00e0 che non appare sempre semplice e trasparente. Gi\u00e0, perch\u00e9 sempre la sostenibilit\u00e0 deve fare i conti con la competitivit\u00e0 del settore produttivo e la crescita del sistema paese. Il lavoro curato da Lorizio entra quindi nel dibattito tra obiettivi condivisibili, mezzi per raggiungerli e condizionamenti di cui \u00e8 necessario tenere conto.<\/p>\n<p>Il libro in diversi capitoli affronta temi come le relazioni tra digitalizzazione e sostenibilit\u00e0, i modelli teorici di riferimento, gli indicatori della sostenibilit\u00e0, i cambiamenti climatici e la sostenibilit\u00e0, le relazioni di questa con particolari settori dell\u2019economia.<\/p>\n<p>Tutto con una convinzione di fondo: la conversione alla sostenibilit\u00e0 pu\u00f2 rappresentare un fattore strategico di competitivit\u00e0 per il settore produttivo, allineando e mettendo d\u2019accordo molteplici e differenti obiettivi che fanno capo ai diversi attori, imprese, societ\u00e0 ambiente ed istituzioni.<\/p><p><strong>Il paradigma della sostenibilit\u00e0<\/strong><\/p>\n<p>Marilene Lorizio (a cura di)<\/p>\n<p>Franco Angeli, 2024<\/p>\n","protected":false},"excerpt":{"rendered":"<p>Pubblicata da poco una raccolta di saggi attorno ad un concetto complesso e da comprendere beneSostenibilit\u00e0 prima di tutto. \u00c8 sicuramente questa una delle indicazioni pi\u00f9 importanti del momento. \u201cEssere sostenibili\u201d per essere competitivi, per convincere, per risuscitare a stare sul mercato, per avere consenso, per avere credibilit\u00e0. Per investire, e quindi per crescere. Concetto [&hellip;]<\/p>\n","protected":false},"author":1,"featured_media":103219,"comment_status":"open","ping_status":"open","sticky":false,"template":"","format":"standard","meta":{"footnotes":""},"categories":[52,58],"tags":[],"class_list":["post-103218","post","type-post","status-publish","format-standard","has-post-thumbnail","hentry","category-cultura-dimpresa","category-recensioni-libri"],"acf":[],"yoast_head":"<!-- This site is optimized with the Yoast SEO plugin v25.0 - https:\/\/yoast.com\/wordpress\/plugins\/seo\/ -->\n<title>Sostenibilit\u00e0 come e perch\u00e9 - Fondazione Pirelli<\/title>\n<meta name=\"robots\" content=\"index, follow, max-snippet:-1, max-image-preview:large, max-video-preview:-1\" \/>\n<link rel=\"canonical\" href=\"https:\/\/www.fondazionepirelli.org\/it\/cultura-dimpresa\/recensioni-libri\/sostenibilita-come-e-perche-2\/\" \/>\n<meta property=\"og:locale\" content=\"it_IT\" \/>\n<meta property=\"og:type\" content=\"article\" \/>\n<meta property=\"og:title\" content=\"Sostenibilit\u00e0 come e perch\u00e9 - Fondazione Pirelli\" \/>\n<meta property=\"og:description\" content=\"Pubblicata da poco una raccolta di saggi attorno ad un concetto complesso e da comprendere beneSostenibilit\u00e0 prima di tutto. \u00c8 sicuramente questa una delle indicazioni pi\u00f9 importanti del momento. \u201cEssere sostenibili\u201d per essere competitivi, per convincere, per risuscitare a stare sul mercato, per avere consenso, per avere credibilit\u00e0. Per investire, e quindi per crescere. Concetto [&hellip;]\" \/>\n<meta property=\"og:url\" content=\"https:\/\/www.fondazionepirelli.org\/it\/cultura-dimpresa\/recensioni-libri\/sostenibilita-come-e-perche-2\/\" \/>\n<meta property=\"og:site_name\" content=\"Fondazione Pirelli\" \/>\n<meta property=\"article:published_time\" content=\"2025-02-18T10:46:22+00:00\" \/>\n<meta property=\"og:image\" content=\"https:\/\/wpsite-assets.fondazionepirelli.org\/wp-content\/uploads\/2025\/02\/18112739\/IMG_0092.jpeg\" \/>\n\t<meta property=\"og:image:width\" content=\"400\" \/>\n\t<meta property=\"og:image:height\" content=\"593\" \/>\n\t<meta property=\"og:image:type\" content=\"image\/jpeg\" \/>\n<meta name=\"author\" content=\"fondadmin\" \/>\n<meta name=\"twitter:card\" content=\"summary_large_image\" \/>\n<meta name=\"twitter:label1\" content=\"Scritto da\" \/>\n\t<meta name=\"twitter:data1\" content=\"fondadmin\" \/>\n\t<meta name=\"twitter:label2\" content=\"Tempo di lettura stimato\" \/>\n\t<meta name=\"twitter:data2\" content=\"2 minuti\" \/>\n<script type=\"application\/ld+json\" class=\"yoast-schema-graph\">{\"@context\":\"https:\/\/schema.org\",\"@graph\":[{\"@type\":\"WebPage\",\"@id\":\"https:\/\/www.fondazionepirelli.org\/it\/cultura-dimpresa\/recensioni-libri\/sostenibilita-come-e-perche-2\/\",\"url\":\"https:\/\/www.fondazionepirelli.org\/it\/cultura-dimpresa\/recensioni-libri\/sostenibilita-come-e-perche-2\/\",\"name\":\"Sostenibilit\u00e0 come e perch\u00e9 - Fondazione Pirelli\",\"isPartOf\":{\"@id\":\"https:\/\/www.fondazionepirelli.org\/it\/#website\"},\"primaryImageOfPage\":{\"@id\":\"https:\/\/www.fondazionepirelli.org\/it\/cultura-dimpresa\/recensioni-libri\/sostenibilita-come-e-perche-2\/#primaryimage\"},\"image\":{\"@id\":\"https:\/\/www.fondazionepirelli.org\/it\/cultura-dimpresa\/recensioni-libri\/sostenibilita-come-e-perche-2\/#primaryimage\"},\"thumbnailUrl\":\"https:\/\/wpsite-assets.fondazionepirelli.org\/wp-content\/uploads\/2025\/02\/18112739\/IMG_0092.jpeg\",\"datePublished\":\"2025-02-18T10:46:22+00:00\",\"author\":{\"@id\":\"https:\/\/www.fondazionepirelli.org\/it\/#\/schema\/person\/f47d097000832c4a6e54538c791fdf25\"},\"breadcrumb\":{\"@id\":\"https:\/\/www.fondazionepirelli.org\/it\/cultura-dimpresa\/recensioni-libri\/sostenibilita-come-e-perche-2\/#breadcrumb\"},\"inLanguage\":\"it-IT\",\"potentialAction\":[{\"@type\":\"ReadAction\",\"target\":[\"https:\/\/www.fondazionepirelli.org\/it\/cultura-dimpresa\/recensioni-libri\/sostenibilita-come-e-perche-2\/\"]}]},{\"@type\":\"ImageObject\",\"inLanguage\":\"it-IT\",\"@id\":\"https:\/\/www.fondazionepirelli.org\/it\/cultura-dimpresa\/recensioni-libri\/sostenibilita-come-e-perche-2\/#primaryimage\",\"url\":\"https:\/\/wpsite-assets.fondazionepirelli.org\/wp-content\/uploads\/2025\/02\/18112739\/IMG_0092.jpeg\",\"contentUrl\":\"https:\/\/wpsite-assets.fondazionepirelli.org\/wp-content\/uploads\/2025\/02\/18112739\/IMG_0092.jpeg\",\"width\":400,\"height\":593},{\"@type\":\"BreadcrumbList\",\"@id\":\"https:\/\/www.fondazionepirelli.org\/it\/cultura-dimpresa\/recensioni-libri\/sostenibilita-come-e-perche-2\/#breadcrumb\",\"itemListElement\":[{\"@type\":\"ListItem\",\"position\":1,\"name\":\"Home\",\"item\":\"https:\/\/www.fondazionepirelli.org\/it\/\"},{\"@type\":\"ListItem\",\"position\":2,\"name\":\"Sostenibilit\u00e0 come e perch\u00e9\"}]},{\"@type\":\"WebSite\",\"@id\":\"https:\/\/www.fondazionepirelli.org\/it\/#website\",\"url\":\"https:\/\/www.fondazionepirelli.org\/it\/\",\"name\":\"Fondazione Pirelli\",\"description\":\"\",\"potentialAction\":[{\"@type\":\"SearchAction\",\"target\":{\"@type\":\"EntryPoint\",\"urlTemplate\":\"https:\/\/www.fondazionepirelli.org\/it\/?s={search_term_string}\"},\"query-input\":{\"@type\":\"PropertyValueSpecification\",\"valueRequired\":true,\"valueName\":\"search_term_string\"}}],\"inLanguage\":\"it-IT\"},{\"@type\":\"Person\",\"@id\":\"https:\/\/www.fondazionepirelli.org\/it\/#\/schema\/person\/f47d097000832c4a6e54538c791fdf25\",\"name\":\"fondadmin\",\"image\":{\"@type\":\"ImageObject\",\"inLanguage\":\"it-IT\",\"@id\":\"https:\/\/www.fondazionepirelli.org\/it\/#\/schema\/person\/image\/\",\"url\":\"https:\/\/secure.gravatar.com\/avatar\/e69498a9175ca244966e51e53c88712c024fcebe41f9a05f75657f1bb25e489b?s=96&d=mm&r=g\",\"contentUrl\":\"https:\/\/secure.gravatar.com\/avatar\/e69498a9175ca244966e51e53c88712c024fcebe41f9a05f75657f1bb25e489b?s=96&d=mm&r=g\",\"caption\":\"fondadmin\"},\"url\":\"https:\/\/www.fondazionepirelli.org\/it\/author\/fondadmin\/\"}]}<\/script>\n<!-- \/ Yoast SEO plugin. -->","yoast_head_json":{"title":"Sostenibilit\u00e0 come e perch\u00e9 - Fondazione Pirelli","robots":{"index":"index","follow":"follow","max-snippet":"max-snippet:-1","max-image-preview":"max-image-preview:large","max-video-preview":"max-video-preview:-1"},"canonical":"https:\/\/www.fondazionepirelli.org\/it\/cultura-dimpresa\/recensioni-libri\/sostenibilita-come-e-perche-2\/","og_locale":"it_IT","og_type":"article","og_title":"Sostenibilit\u00e0 come e perch\u00e9 - Fondazione Pirelli","og_description":"Pubblicata da poco una raccolta di saggi attorno ad un concetto complesso e da comprendere beneSostenibilit\u00e0 prima di tutto. \u00c8 sicuramente questa una delle indicazioni pi\u00f9 importanti del momento. \u201cEssere sostenibili\u201d per essere competitivi, per convincere, per risuscitare a stare sul mercato, per avere consenso, per avere credibilit\u00e0. Per investire, e quindi per crescere. Concetto [&hellip;]","og_url":"https:\/\/www.fondazionepirelli.org\/it\/cultura-dimpresa\/recensioni-libri\/sostenibilita-come-e-perche-2\/","og_site_name":"Fondazione Pirelli","article_published_time":"2025-02-18T10:46:22+00:00","og_image":[{"width":400,"height":593,"url":"https:\/\/wpsite-assets.fondazionepirelli.org\/wp-content\/uploads\/2025\/02\/18112739\/IMG_0092.jpeg","type":"image\/jpeg"}],"author":"fondadmin","twitter_card":"summary_large_image","twitter_misc":{"Scritto da":"fondadmin","Tempo di lettura stimato":"2 minuti"},"schema":{"@context":"https:\/\/schema.org","@graph":[{"@type":"WebPage","@id":"https:\/\/www.fondazionepirelli.org\/it\/cultura-dimpresa\/recensioni-libri\/sostenibilita-come-e-perche-2\/","url":"https:\/\/www.fondazionepirelli.org\/it\/cultura-dimpresa\/recensioni-libri\/sostenibilita-come-e-perche-2\/","name":"Sostenibilit\u00e0 come e perch\u00e9 - Fondazione Pirelli","isPartOf":{"@id":"https:\/\/www.fondazionepirelli.org\/it\/#website"},"primaryImageOfPage":{"@id":"https:\/\/www.fondazionepirelli.org\/it\/cultura-dimpresa\/recensioni-libri\/sostenibilita-come-e-perche-2\/#primaryimage"},"image":{"@id":"https:\/\/www.fondazionepirelli.org\/it\/cultura-dimpresa\/recensioni-libri\/sostenibilita-come-e-perche-2\/#primaryimage"},"thumbnailUrl":"https:\/\/wpsite-assets.fondazionepirelli.org\/wp-content\/uploads\/2025\/02\/18112739\/IMG_0092.jpeg","datePublished":"2025-02-18T10:46:22+00:00","author":{"@id":"https:\/\/www.fondazionepirelli.org\/it\/#\/schema\/person\/f47d097000832c4a6e54538c791fdf25"},"breadcrumb":{"@id":"https:\/\/www.fondazionepirelli.org\/it\/cultura-dimpresa\/recensioni-libri\/sostenibilita-come-e-perche-2\/#breadcrumb"},"inLanguage":"it-IT","potentialAction":[{"@type":"ReadAction","target":["https:\/\/www.fondazionepirelli.org\/it\/cultura-dimpresa\/recensioni-libri\/sostenibilita-come-e-perche-2\/"]}]},{"@type":"ImageObject","inLanguage":"it-IT","@id":"https:\/\/www.fondazionepirelli.org\/it\/cultura-dimpresa\/recensioni-libri\/sostenibilita-come-e-perche-2\/#primaryimage","url":"https:\/\/wpsite-assets.fondazionepirelli.org\/wp-content\/uploads\/2025\/02\/18112739\/IMG_0092.jpeg","contentUrl":"https:\/\/wpsite-assets.fondazionepirelli.org\/wp-content\/uploads\/2025\/02\/18112739\/IMG_0092.jpeg","width":400,"height":593},{"@type":"BreadcrumbList","@id":"https:\/\/www.fondazionepirelli.org\/it\/cultura-dimpresa\/recensioni-libri\/sostenibilita-come-e-perche-2\/#breadcrumb","itemListElement":[{"@type":"ListItem","position":1,"name":"Home","item":"https:\/\/www.fondazionepirelli.org\/it\/"},{"@type":"ListItem","position":2,"name":"Sostenibilit\u00e0 come e perch\u00e9"}]},{"@type":"WebSite","@id":"https:\/\/www.fondazionepirelli.org\/it\/#website","url":"https:\/\/www.fondazionepirelli.org\/it\/","name":"Fondazione Pirelli","description":"","potentialAction":[{"@type":"SearchAction","target":{"@type":"EntryPoint","urlTemplate":"https:\/\/www.fondazionepirelli.org\/it\/?s={search_term_string}"},"query-input":{"@type":"PropertyValueSpecification","valueRequired":true,"valueName":"search_term_string"}}],"inLanguage":"it-IT"},{"@type":"Person","@id":"https:\/\/www.fondazionepirelli.org\/it\/#\/schema\/person\/f47d097000832c4a6e54538c791fdf25","name":"fondadmin","image":{"@type":"ImageObject","inLanguage":"it-IT","@id":"https:\/\/www.fondazionepirelli.org\/it\/#\/schema\/person\/image\/","url":"https:\/\/secure.gravatar.com\/avatar\/e69498a9175ca244966e51e53c88712c024fcebe41f9a05f75657f1bb25e489b?s=96&d=mm&r=g","contentUrl":"https:\/\/secure.gravatar.com\/avatar\/e69498a9175ca244966e51e53c88712c024fcebe41f9a05f75657f1bb25e489b?s=96&d=mm&r=g","caption":"fondadmin"},"url":"https:\/\/www.fondazionepirelli.org\/it\/author\/fondadmin\/"}]}},"_links":{"self":[{"href":"https:\/\/www.fondazionepirelli.org\/it\/wp-json\/wp\/v2\/posts\/103218\/"}],"collection":[{"href":"https:\/\/www.fondazionepirelli.org\/it\/wp-json\/wp\/v2\/posts\/"}],"about":[{"href":"https:\/\/www.fondazionepirelli.org\/it\/wp-json\/wp\/v2\/types\/post\/"}],"author":[{"embeddable":true,"href":"https:\/\/www.fondazionepirelli.org\/it\/wp-json\/wp\/v2\/users\/1\/"}],"replies":[{"embeddable":true,"href":"https:\/\/www.fondazionepirelli.org\/it\/wp-json\/wp\/v2\/comments\/?post=103218"}],"version-history":[{"count":1,"href":"https:\/\/www.fondazionepirelli.org\/it\/wp-json\/wp\/v2\/posts\/103218\/revisions\/"}],"predecessor-version":[{"id":103221,"href":"https:\/\/www.fondazionepirelli.org\/it\/wp-json\/wp\/v2\/posts\/103218\/revisions\/103221\/"}],"wp:featuredmedia":[{"embeddable":true,"href":"https:\/\/www.fondazionepirelli.org\/it\/wp-json\/wp\/v2\/media\/103219\/"}],"wp:attachment":[{"href":"https:\/\/www.fondazionepirelli.org\/it\/wp-json\/wp\/v2\/media\/?parent=103218"}],"wp:term":[{"taxonomy":"category","embeddable":true,"href":"https:\/\/www.fondazionepirelli.org\/it\/wp-json\/wp\/v2\/categories\/?post=103218"},{"taxonomy":"post_tag","embeddable":true,"href":"https:\/\/www.fondazionepirelli.org\/it\/wp-json\/wp\/v2\/tags\/?post=103218"}],"curies":[{"name":"wp","href":"https:\/\/api.w.org\/{rel}","templated":true}]}}