{"id":103222,"date":"2025-02-18T11:46:57","date_gmt":"2025-02-18T10:46:57","guid":{"rendered":"http:\/\/www.fondazionepirelli.org\/?p=103222"},"modified":"2025-02-18T12:16:18","modified_gmt":"2025-02-18T11:16:18","slug":"incertezze-e-trasformazioni","status":"publish","type":"post","link":"https:\/\/www.fondazionepirelli.org\/it\/cultura-dimpresa\/approfondimenti\/incertezze-e-trasformazioni\/","title":{"rendered":"Incertezze e trasformazioni"},"content":{"rendered":"<p><em>Un intervento del Governatore di Banca d\u2019Italia fornisce una lucida sintesi per capire meglio cosa sta accadendo<\/em><\/p><p>Guardare anche i grandi affreschi sociali, economici e storici per comprendere meglio il presente e intravvedere un possibile futuro. Operazione che spetta a molti, soprattutto a chi, imprenditore oppure <em>manager<\/em>, ha il\u00a0 dovere di guidare bene le organizzazioni di cui ha la responsabilit\u00e0. Questione di attenta cultura ma anche di attento esercizio d\u2019informazione quotidiana, che in questi giorni \u00e8 possibile arricchire leggendo l\u2019intervento del Governatore di Banca d\u2019Italia, Fabio Panetta, al 31\u00b0 Congresso ASSIOM FOREX del 15 febbraio scorso.<\/p>\n<p>\u201cL\u2019economia mondiale tra incertezza e trasformazione\u201d \u00e8 una lucida sintesi dei riflessi di quanto sta accadendo in economia, nelle relazioni e nel commercio internazionale. Panetta, indica, quindi, quanto la crescita sia orientata al ribasso, quali siano i cambiamenti nei commerci e come la loro geografia si stia ridisegnando \u201criducendo gli scambi tra paesi appartenenti a blocchi geopolitici contrapposti e aumentando quelli tra economie politicamente allineate\u201d. Una tendenza che \u201criduce l\u2019efficienza del commercio mondiale, aumentando i costi delle merci e rendendo le catene di approvvigionamento pi\u00f9 complesse e vulnerabili. In diversi paesi ci\u00f2 potrebbe limitare la disponibilit\u00e0 di alcuni prodotti, in particolare quelli tecnologici e quelli essenziali per la transizione climatica\u201d. In una parola, parrebbe che il mondo si stia chiudendo in isole con scarsi collegamenti tra di loro, che la globalizzazione si stia riducendo lasciando spazio alle divisioni, che la multilateralit\u00e0 e l\u2019integrazione siano a repentaglio. Una condizione, questa, che \u00e8 a svantaggio di tutti. Anche dell\u2019Europa e per l\u2019Italia alle quali Panetta dedica un\u2019attenzione particolare.<\/p>\n<p>Di fronte a tutto questo, \u00e8 il messaggio del Governatore, ci sono comunque gli strumenti \u2013 anche in Europa e in Italia \u2013 per riprendere un cammino diverso da quello attuale. \u00c8, tuttavia, questione di \u201cscelte coraggiose, visione e unit\u00e0 d\u2019intenti\u201d ma anche di \u201clucidit\u00e0 e ambizione\u201d. Leggere l\u2019ultimo contributo di Fabio Panetta alla comprensione della realt\u00e0 \u00e8 cosa buona per tutti.<\/p><p><a href=\"https:\/\/wpsite-assets.fondazionepirelli.org\/wp-content\/uploads\/2025\/02\/18113311\/Panetta-forex-15.02.2025-2025-02-15-21_02_10.pdf\"><strong>L\u2019economia mondiale tra incertezza e trasformazione<\/strong><\/a><\/p>\n<p>Fabio Panetta<\/p>\n<p>Intervento al 31\u00b0 Congresso ASSIOM FOREX, Torino, 15 febbraio 2025<\/p>\n","protected":false},"excerpt":{"rendered":"<p>Un intervento del Governatore di Banca d\u2019Italia fornisce una lucida sintesi per capire meglio cosa sta accadendoGuardare anche i grandi affreschi sociali, economici e storici per comprendere meglio il presente e intravvedere un possibile futuro. Operazione che spetta a molti, soprattutto a chi, imprenditore oppure manager, ha il\u00a0 dovere di guidare bene le organizzazioni di [&hellip;]<\/p>\n","protected":false},"author":1,"featured_media":0,"comment_status":"open","ping_status":"open","sticky":false,"template":"","format":"standard","meta":{"footnotes":""},"categories":[54,52],"tags":[],"class_list":["post-103222","post","type-post","status-publish","format-standard","hentry","category-approfondimenti","category-cultura-dimpresa"],"acf":[],"yoast_head":"<!-- This site is optimized with the Yoast SEO plugin v25.0 - https:\/\/yoast.com\/wordpress\/plugins\/seo\/ -->\n<title>Incertezze e trasformazioni - Fondazione Pirelli<\/title>\n<meta name=\"robots\" content=\"index, follow, max-snippet:-1, max-image-preview:large, max-video-preview:-1\" \/>\n<link rel=\"canonical\" href=\"https:\/\/www.fondazionepirelli.org\/it\/cultura-dimpresa\/approfondimenti\/incertezze-e-trasformazioni\/\" \/>\n<meta property=\"og:locale\" content=\"it_IT\" \/>\n<meta property=\"og:type\" content=\"article\" \/>\n<meta property=\"og:title\" content=\"Incertezze e trasformazioni - Fondazione Pirelli\" \/>\n<meta property=\"og:description\" content=\"Un intervento del Governatore di Banca d\u2019Italia fornisce una lucida sintesi per capire meglio cosa sta accadendoGuardare anche i grandi affreschi sociali, economici e storici per comprendere meglio il presente e intravvedere un possibile futuro. Operazione che spetta a molti, soprattutto a chi, imprenditore oppure manager, ha il\u00a0 dovere di guidare bene le organizzazioni di [&hellip;]\" \/>\n<meta property=\"og:url\" content=\"https:\/\/www.fondazionepirelli.org\/it\/cultura-dimpresa\/approfondimenti\/incertezze-e-trasformazioni\/\" \/>\n<meta property=\"og:site_name\" content=\"Fondazione Pirelli\" \/>\n<meta property=\"article:published_time\" content=\"2025-02-18T10:46:57+00:00\" \/>\n<meta property=\"article:modified_time\" content=\"2025-02-18T11:16:18+00:00\" \/>\n<meta name=\"author\" content=\"fondadmin\" \/>\n<meta name=\"twitter:card\" content=\"summary_large_image\" \/>\n<meta name=\"twitter:label1\" content=\"Scritto da\" \/>\n\t<meta name=\"twitter:data1\" content=\"fondadmin\" \/>\n\t<meta name=\"twitter:label2\" content=\"Tempo di lettura stimato\" \/>\n\t<meta name=\"twitter:data2\" content=\"2 minuti\" \/>\n<script type=\"application\/ld+json\" class=\"yoast-schema-graph\">{\"@context\":\"https:\/\/schema.org\",\"@graph\":[{\"@type\":\"WebPage\",\"@id\":\"https:\/\/www.fondazionepirelli.org\/it\/cultura-dimpresa\/approfondimenti\/incertezze-e-trasformazioni\/\",\"url\":\"https:\/\/www.fondazionepirelli.org\/it\/cultura-dimpresa\/approfondimenti\/incertezze-e-trasformazioni\/\",\"name\":\"Incertezze e trasformazioni - Fondazione Pirelli\",\"isPartOf\":{\"@id\":\"https:\/\/www.fondazionepirelli.org\/it\/#website\"},\"datePublished\":\"2025-02-18T10:46:57+00:00\",\"dateModified\":\"2025-02-18T11:16:18+00:00\",\"author\":{\"@id\":\"https:\/\/www.fondazionepirelli.org\/it\/#\/schema\/person\/f47d097000832c4a6e54538c791fdf25\"},\"breadcrumb\":{\"@id\":\"https:\/\/www.fondazionepirelli.org\/it\/cultura-dimpresa\/approfondimenti\/incertezze-e-trasformazioni\/#breadcrumb\"},\"inLanguage\":\"it-IT\",\"potentialAction\":[{\"@type\":\"ReadAction\",\"target\":[\"https:\/\/www.fondazionepirelli.org\/it\/cultura-dimpresa\/approfondimenti\/incertezze-e-trasformazioni\/\"]}]},{\"@type\":\"BreadcrumbList\",\"@id\":\"https:\/\/www.fondazionepirelli.org\/it\/cultura-dimpresa\/approfondimenti\/incertezze-e-trasformazioni\/#breadcrumb\",\"itemListElement\":[{\"@type\":\"ListItem\",\"position\":1,\"name\":\"Home\",\"item\":\"https:\/\/www.fondazionepirelli.org\/it\/\"},{\"@type\":\"ListItem\",\"position\":2,\"name\":\"Incertezze e trasformazioni\"}]},{\"@type\":\"WebSite\",\"@id\":\"https:\/\/www.fondazionepirelli.org\/it\/#website\",\"url\":\"https:\/\/www.fondazionepirelli.org\/it\/\",\"name\":\"Fondazione Pirelli\",\"description\":\"\",\"potentialAction\":[{\"@type\":\"SearchAction\",\"target\":{\"@type\":\"EntryPoint\",\"urlTemplate\":\"https:\/\/www.fondazionepirelli.org\/it\/?s={search_term_string}\"},\"query-input\":{\"@type\":\"PropertyValueSpecification\",\"valueRequired\":true,\"valueName\":\"search_term_string\"}}],\"inLanguage\":\"it-IT\"},{\"@type\":\"Person\",\"@id\":\"https:\/\/www.fondazionepirelli.org\/it\/#\/schema\/person\/f47d097000832c4a6e54538c791fdf25\",\"name\":\"fondadmin\",\"image\":{\"@type\":\"ImageObject\",\"inLanguage\":\"it-IT\",\"@id\":\"https:\/\/www.fondazionepirelli.org\/it\/#\/schema\/person\/image\/\",\"url\":\"https:\/\/secure.gravatar.com\/avatar\/e69498a9175ca244966e51e53c88712c024fcebe41f9a05f75657f1bb25e489b?s=96&d=mm&r=g\",\"contentUrl\":\"https:\/\/secure.gravatar.com\/avatar\/e69498a9175ca244966e51e53c88712c024fcebe41f9a05f75657f1bb25e489b?s=96&d=mm&r=g\",\"caption\":\"fondadmin\"},\"url\":\"https:\/\/www.fondazionepirelli.org\/it\/author\/fondadmin\/\"}]}<\/script>\n<!-- \/ Yoast SEO plugin. -->","yoast_head_json":{"title":"Incertezze e trasformazioni - Fondazione Pirelli","robots":{"index":"index","follow":"follow","max-snippet":"max-snippet:-1","max-image-preview":"max-image-preview:large","max-video-preview":"max-video-preview:-1"},"canonical":"https:\/\/www.fondazionepirelli.org\/it\/cultura-dimpresa\/approfondimenti\/incertezze-e-trasformazioni\/","og_locale":"it_IT","og_type":"article","og_title":"Incertezze e trasformazioni - Fondazione Pirelli","og_description":"Un intervento del Governatore di Banca d\u2019Italia fornisce una lucida sintesi per capire meglio cosa sta accadendoGuardare anche i grandi affreschi sociali, economici e storici per comprendere meglio il presente e intravvedere un possibile futuro. Operazione che spetta a molti, soprattutto a chi, imprenditore oppure manager, ha il\u00a0 dovere di guidare bene le organizzazioni di [&hellip;]","og_url":"https:\/\/www.fondazionepirelli.org\/it\/cultura-dimpresa\/approfondimenti\/incertezze-e-trasformazioni\/","og_site_name":"Fondazione Pirelli","article_published_time":"2025-02-18T10:46:57+00:00","article_modified_time":"2025-02-18T11:16:18+00:00","author":"fondadmin","twitter_card":"summary_large_image","twitter_misc":{"Scritto da":"fondadmin","Tempo di lettura stimato":"2 minuti"},"schema":{"@context":"https:\/\/schema.org","@graph":[{"@type":"WebPage","@id":"https:\/\/www.fondazionepirelli.org\/it\/cultura-dimpresa\/approfondimenti\/incertezze-e-trasformazioni\/","url":"https:\/\/www.fondazionepirelli.org\/it\/cultura-dimpresa\/approfondimenti\/incertezze-e-trasformazioni\/","name":"Incertezze e trasformazioni - Fondazione Pirelli","isPartOf":{"@id":"https:\/\/www.fondazionepirelli.org\/it\/#website"},"datePublished":"2025-02-18T10:46:57+00:00","dateModified":"2025-02-18T11:16:18+00:00","author":{"@id":"https:\/\/www.fondazionepirelli.org\/it\/#\/schema\/person\/f47d097000832c4a6e54538c791fdf25"},"breadcrumb":{"@id":"https:\/\/www.fondazionepirelli.org\/it\/cultura-dimpresa\/approfondimenti\/incertezze-e-trasformazioni\/#breadcrumb"},"inLanguage":"it-IT","potentialAction":[{"@type":"ReadAction","target":["https:\/\/www.fondazionepirelli.org\/it\/cultura-dimpresa\/approfondimenti\/incertezze-e-trasformazioni\/"]}]},{"@type":"BreadcrumbList","@id":"https:\/\/www.fondazionepirelli.org\/it\/cultura-dimpresa\/approfondimenti\/incertezze-e-trasformazioni\/#breadcrumb","itemListElement":[{"@type":"ListItem","position":1,"name":"Home","item":"https:\/\/www.fondazionepirelli.org\/it\/"},{"@type":"ListItem","position":2,"name":"Incertezze e trasformazioni"}]},{"@type":"WebSite","@id":"https:\/\/www.fondazionepirelli.org\/it\/#website","url":"https:\/\/www.fondazionepirelli.org\/it\/","name":"Fondazione Pirelli","description":"","potentialAction":[{"@type":"SearchAction","target":{"@type":"EntryPoint","urlTemplate":"https:\/\/www.fondazionepirelli.org\/it\/?s={search_term_string}"},"query-input":{"@type":"PropertyValueSpecification","valueRequired":true,"valueName":"search_term_string"}}],"inLanguage":"it-IT"},{"@type":"Person","@id":"https:\/\/www.fondazionepirelli.org\/it\/#\/schema\/person\/f47d097000832c4a6e54538c791fdf25","name":"fondadmin","image":{"@type":"ImageObject","inLanguage":"it-IT","@id":"https:\/\/www.fondazionepirelli.org\/it\/#\/schema\/person\/image\/","url":"https:\/\/secure.gravatar.com\/avatar\/e69498a9175ca244966e51e53c88712c024fcebe41f9a05f75657f1bb25e489b?s=96&d=mm&r=g","contentUrl":"https:\/\/secure.gravatar.com\/avatar\/e69498a9175ca244966e51e53c88712c024fcebe41f9a05f75657f1bb25e489b?s=96&d=mm&r=g","caption":"fondadmin"},"url":"https:\/\/www.fondazionepirelli.org\/it\/author\/fondadmin\/"}]}},"_links":{"self":[{"href":"https:\/\/www.fondazionepirelli.org\/it\/wp-json\/wp\/v2\/posts\/103222\/"}],"collection":[{"href":"https:\/\/www.fondazionepirelli.org\/it\/wp-json\/wp\/v2\/posts\/"}],"about":[{"href":"https:\/\/www.fondazionepirelli.org\/it\/wp-json\/wp\/v2\/types\/post\/"}],"author":[{"embeddable":true,"href":"https:\/\/www.fondazionepirelli.org\/it\/wp-json\/wp\/v2\/users\/1\/"}],"replies":[{"embeddable":true,"href":"https:\/\/www.fondazionepirelli.org\/it\/wp-json\/wp\/v2\/comments\/?post=103222"}],"version-history":[{"count":2,"href":"https:\/\/www.fondazionepirelli.org\/it\/wp-json\/wp\/v2\/posts\/103222\/revisions\/"}],"predecessor-version":[{"id":103230,"href":"https:\/\/www.fondazionepirelli.org\/it\/wp-json\/wp\/v2\/posts\/103222\/revisions\/103230\/"}],"wp:attachment":[{"href":"https:\/\/www.fondazionepirelli.org\/it\/wp-json\/wp\/v2\/media\/?parent=103222"}],"wp:term":[{"taxonomy":"category","embeddable":true,"href":"https:\/\/www.fondazionepirelli.org\/it\/wp-json\/wp\/v2\/categories\/?post=103222"},{"taxonomy":"post_tag","embeddable":true,"href":"https:\/\/www.fondazionepirelli.org\/it\/wp-json\/wp\/v2\/tags\/?post=103222"}],"curies":[{"name":"wp","href":"https:\/\/api.w.org\/{rel}","templated":true}]}}