{"id":103226,"date":"2025-02-18T11:45:29","date_gmt":"2025-02-18T10:45:29","guid":{"rendered":"http:\/\/www.fondazionepirelli.org\/?p=103226"},"modified":"2025-02-18T11:45:29","modified_gmt":"2025-02-18T10:45:29","slug":"un-piano-triennale-per-rilanciare-lindustria-ma-anche-per-difendere-mercato-e-democrazia","status":"publish","type":"post","link":"https:\/\/www.fondazionepirelli.org\/it\/cultura-dimpresa\/blog\/un-piano-triennale-per-rilanciare-lindustria-ma-anche-per-difendere-mercato-e-democrazia\/","title":{"rendered":"Un piano triennale per rilanciare l\u2019industria, ma anche per difendere mercato e democrazia"},"content":{"rendered":"<p>Un piano di rilancio industriale con prospettiva triennale chiede giustamente il <strong>presidente di Confindustria Emanuele Orsini<\/strong> alle istituzioni, \u201cal governo e a tutte le forze politiche\u201d per \u201cliberare il potenziale delle imprese italiane\u201d e fare uscire il Paese da un\u2019allarmante condizione di crisi. Serve infatti avere la piena consapevolezza che \u201csenza industria non c\u2019\u00e8 crescita n\u00e9 coesione sociale\u201d. E dunque avviare un ciclo di scelte e di investimenti pubblici sui temi dell\u2019energia, dell\u2019innovazione, della produttivit\u00e0, di una <strong>maggiore competitivit\u00e0 dell\u2019Italia e dell\u2019Europa<\/strong> su mercati sempre pi\u00f9 difficili e in scenari dominati dall\u2019incertezza geopolitica che adesso ha un nuovo protagonista: gli Usa di Trump, proprio quegli Usa un tempo amici indissolubili e affidabili e adesso invece ruvidamente polemici verso la Ue e i principali paesi europei.<\/p>\n<p>Gli industriali, aggiunge Orsini, sono pronti a fare la loro parte, e cio\u00e8 a investire e migliorare la competitivit\u00e0 delle loro imprese, rafforzando proprio quei settori in cui, da tempo, abbiamo dato prova della forza del made in Italy (meccanica e meccatronica, robotica, farmaceutica e chimica, avionica e aerospazio, cantieristica navale, gomma e plastica, grandi infrastrutture, oltre ad arredamento, abbigliamento e industria agro-alimentare). Investire e innovare, confermando ancora una volta, proprio in tempi difficili, creativit\u00e0, intraprendenza, flessibilit\u00e0, sguardo lungo sui mercati.<\/p>\n<p>Ma l\u2019impresa non \u00e8, ovviamente, onnipotente. Ha bisogno di un contesto positivo in cui muoversi. E cio\u00e8, appunto, di scelte e atti di governo, di medio periodo, che assicurino alle imprese condizioni favorevoli per il p<strong>rezzo dell\u2019energia<\/strong>, i <strong>carichi fiscali<\/strong> (l\u2019Ires premiale decisa dal governo con la Finanziaria va bene, ma allargando platea e coperture), l\u2019<strong>abbattimento della burocrazia<\/strong>, il <strong>miglior funzionamento del mercato del lavoro e della formazione<\/strong>: le imprese crescerebbero di pi\u00f9 se trovassero la <strong>mano d\u2019opera<\/strong> di cui hanno bisogno e dunque servono pi\u00f9 laureati e diplomati e una <strong>migliore strategia di governo dell\u2019immigrazione<\/strong>.<\/p>\n<p>Questioni note da tempo, ma prive ancora di risposte politiche adeguate: \u201c<strong>Industria 4.0<\/strong>\u201d, la migliore scelta di politica industriale dell\u2019ultimo decennio, leva essenziale del nostro dinamismo manifatturiero e della forza delle nostre esportazioni di alta qualit\u00e0, \u00e8 adesso quanto mai carente di risorse e prospettive. E \u201c<strong>Industria 5.0<\/strong>\u201d che dovrebbe favorire la transizione digitale delle imprese, \u00e8 poco operativa, per colpa dei meccanismi normativi e burocratici che impediscono o rallentano l\u2019accesso delle aziende.<\/p>\n<p>In sintesi: c\u2019\u00e8 la crisi produttiva (ne abbiamo parlato, con dati e fatti, nel blog della scorsa settimana), ci sono comunque degli ottimi attori in campo, intraprendenti e armati di buona volont\u00e0 e progetti concreti, ma peggiorano le condizioni perch\u00e9 si possano avviare il recupero e la ripresa.<\/p>\n<p>La necessit\u00e0 della <strong>politica industriale<\/strong> ambiziosa e di lungo respiro non riguarda naturalmente solo l\u2019<strong>Italia<\/strong>, ma investe soprattutto la <strong>Germania<\/strong>, in profonda crisi strutturale e, pi\u00f9 in generale, l\u2019intera Europa. La <strong>\u201cguerra dei dazi\u201d<\/strong> aperta dagli Usa di Trump aggrava il quadro. \u201cL\u2019Italia e la Germania corrono i rischi pi\u00f9 alti\u201d, avverte il <strong>Governatore della Banca d\u2019Italia Fabio Panetta<\/strong> al <strong>Forex<\/strong> (La Stampa, 16 febbraio): <strong>1,5 punti in meno di crescita globale<\/strong>, anche se l\u2019impatto peggiore sarebbe, nel medio periodo, proprio sugli Usa, -2%. Ed <strong>Emma Marcegaglia,<\/strong> <strong>ex presidente di Confindustria<\/strong>, che, da produttrice di acciaio, ha gi\u00e0 sperimentato il peso dei dazi durante la prima presidenza Trump, teme i nuovi danni verso tutti e chiede proprio all\u2019Europa una reazione forte. Che aiuti le imprese a stare sui mercati e, pi\u00f9 in generale, rilanci i valori di un attore internazionale, la Ue, che ha saputo ben conciliare democrazia, mercato e welfare e cio\u00e8 libert\u00e0, innovazione e inclusione sociale. Insiste il Governatore Panetta: serve <strong>\u201cun patto europeo per la produttivit\u00e0\u201d<\/strong> (Il Sole24Ore, 16 febbraio).<\/p>\n<p>Ecco il punto cardine: serve un\u2019Europa che, con sorprendente capacit\u00e0 politica, esca dall\u2019angolo in cui la vorrebbero, per motivi diversi, gli Usa, la Russia e la Cina e affermi la forza e la validit\u00e0 di una cultura economica e politica fondata sui valori e sulle pratiche economiche di cui abbiamo appena detto e rivendichi con forza e orgoglio il proprio<strong> capitale sociale di democrazia competitiva<\/strong>.<\/p>\n<p>Un\u2019Europa progettuale, nonostante tutto. E un\u2019Europa coraggiosa, cui guardano pure da altre parti del mondo: il Regno Unito, innanzitutto, ma anche parecchi paesi del Mediterraneo, dell\u2019Africa e delle stesse Americhe (i recenti accordi commerciali Ue-Mercosur ne sono un buon esempio).<\/p>\n<p>Per dirla con <strong>Mario Draghi<\/strong>, la Ue deve smetterla di imporre dazi a s\u00e9 stessa, \u201cbarriere interne\u201d che riducono l\u2019innovazione e la produttivit\u00e0 (la Repubblica, 16 febbraio). E fare concretamente buona politica. Come? Muoversi per un <strong>mercato unico<\/strong>, a cominciare da banche e finanza, proprio per rafforzare le imprese e i loro investimenti secondo la robusta attitudine all\u2019innovazione nella strategica qualit\u00e0 della manifattura. E varare finalmente quel formidabile strumento degli eurobond, dei titoli di debito europei gi\u00e0 considerati come essenziali da uno dei governanti pi\u00f9 illuminati che l\u2019Europa abbia avuto, Jacques Delors.<\/p>\n<p>I mercati finanziari internazionali hanno gi\u00e0 mostrato di considerare la Ue come debitore credibile. E le miopie dei paesi cosiddetti \u201cfrugali\u201d rischiano di fare danni sconvolgenti non soltanto alle economie, ma alla stessa democrazia europea. La \u201cfrugalit\u00e0\u201d ideologica, in tempi carichi di incertezze e rischi, \u00e8 tutt\u2019altro che una virt\u00f9.<\/p>\n<p><strong>Eurobond<\/strong>, dunque. Per finanziare gli 800 miliardi di investimenti annui per un decennio per la transizione ambientale e digitale, come suggerito dal Piano per la competitivit\u00e0 presentato da Mario Draghi su mandato della Commissione Ue, una visionaria e possibile via dello sviluppo per l\u2019Europa. Per la difesa e l\u2019<strong>esercito comune<\/strong> (colmando finalmente il deficit di un\u2019Unione che ha la moneta ma non la spada). Ma anche per l\u2019innovazione, le tecnologie, l\u2019Intelligenza Artificiale, la formazione, la qualit\u00e0 dell\u2019inclusione sociale, i progetti perch\u00e9 <strong>\u201cNext Generation Ue\u201d<\/strong> non sia solo una sigla degli investimenti post Covid ma una vera e propria politica per un avvenire migliore, in democrazia e sviluppo sostenibile, per i nostri figli e nipoti. \u201cAll\u2019Europa serve un CERN per l\u2019Intelligenza Artificiale\u201d, suggerisce il <strong>premio Nobel per la Fisica<\/strong> <strong>Giorgio Parisi<\/strong>, testa pensante dei progetti di \u201csupercalcolo\u201d europeo (Il Sole24Ore, 16 febbraio).<\/p>\n<p>Pensare in grande, insomma, proprio mentre hanno troppo corso i pensieri minimi dell\u2019egoismo prepotente ma culturalmente e valoriarmente minuscolo. Pensare con ampiezza, di fronte ai sovranismi minacciosi e provare a essere \u201cquel granello di sabbia sollevato dal vento che talvolta ha inceppato una macchina\u201d, per riprendere un\u2019intensa, poetica espressione di <strong>Norberto Bobbio<\/strong>, uno dei maggiori filosofi politici del Novecento. Pensare con generosit\u00e0 sociale, di fronte alle chiusure impaurite e socialmente sterili. Pensare europeo.<\/p>\n<p>La nostra storia, nonostante le ombre covate al nostro stesso interno nei recessi di tenebra e d\u2019orrore del Novecento, ce ne d\u00e0 la forza.<\/p>\n<p>Bisogna, dunque, imparare rapidamente a <strong>\u201cGovernare la fragilit\u00e0\u201d<\/strong>, come suggerisce un recente libro di <strong>Roberto Garofoli <\/strong>e<strong> Bernardo Giorgio Mattarella<\/strong>, edito da Mondadori, per parlare di \u201cistituzioni, sicurezza nazionale e competitivit\u00e0\u201d. E andare \u201coltre la fragilit\u00e0\u201d, come per esempio, proprio nella stagione terribile della pandemia da Covid, l\u2019Europa ha saputo fare, per scienza, cultura della salute e rispetto dei diritti delle persone. Una buona Europa.<\/p><p><em>(Foto Getty Images)<\/em><\/p>\n","protected":false},"excerpt":{"rendered":"<p>Un piano di rilancio industriale con prospettiva triennale chiede giustamente il presidente di Confindustria Emanuele Orsini alle istituzioni, \u201cal governo e a tutte le forze politiche\u201d per \u201cliberare il potenziale delle imprese italiane\u201d e fare uscire il Paese da un\u2019allarmante condizione di crisi. Serve infatti avere la piena consapevolezza che \u201csenza industria non c\u2019\u00e8 crescita [&hellip;]<\/p>\n","protected":false},"author":1,"featured_media":103227,"comment_status":"open","ping_status":"open","sticky":false,"template":"","format":"standard","meta":{"footnotes":""},"categories":[53,52],"tags":[],"class_list":["post-103226","post","type-post","status-publish","format-standard","has-post-thumbnail","hentry","category-blog","category-cultura-dimpresa"],"acf":[],"yoast_head":"<!-- This site is optimized with the Yoast SEO plugin v25.0 - https:\/\/yoast.com\/wordpress\/plugins\/seo\/ -->\n<title>Un piano triennale per rilanciare l\u2019industria, ma anche per difendere mercato e democrazia - Fondazione Pirelli<\/title>\n<meta name=\"robots\" content=\"index, follow, max-snippet:-1, max-image-preview:large, max-video-preview:-1\" \/>\n<link rel=\"canonical\" href=\"https:\/\/www.fondazionepirelli.org\/it\/cultura-dimpresa\/blog\/un-piano-triennale-per-rilanciare-lindustria-ma-anche-per-difendere-mercato-e-democrazia\/\" \/>\n<meta property=\"og:locale\" content=\"it_IT\" \/>\n<meta property=\"og:type\" content=\"article\" \/>\n<meta property=\"og:title\" content=\"Un piano triennale per rilanciare l\u2019industria, ma anche per difendere mercato e democrazia - Fondazione Pirelli\" \/>\n<meta property=\"og:description\" content=\"Un piano di rilancio industriale con prospettiva triennale chiede giustamente il presidente di Confindustria Emanuele Orsini alle istituzioni, \u201cal governo e a tutte le forze politiche\u201d per \u201cliberare il potenziale delle imprese italiane\u201d e fare uscire il Paese da un\u2019allarmante condizione di crisi. Serve infatti avere la piena consapevolezza che \u201csenza industria non c\u2019\u00e8 crescita [&hellip;]\" \/>\n<meta property=\"og:url\" content=\"https:\/\/www.fondazionepirelli.org\/it\/cultura-dimpresa\/blog\/un-piano-triennale-per-rilanciare-lindustria-ma-anche-per-difendere-mercato-e-democrazia\/\" \/>\n<meta property=\"og:site_name\" content=\"Fondazione Pirelli\" \/>\n<meta property=\"article:published_time\" content=\"2025-02-18T10:45:29+00:00\" \/>\n<meta property=\"og:image\" content=\"https:\/\/wpsite-assets.fondazionepirelli.org\/wp-content\/uploads\/2025\/02\/18114407\/GettyImages-1469374621.jpg\" \/>\n\t<meta property=\"og:image:width\" content=\"2121\" \/>\n\t<meta property=\"og:image:height\" content=\"1414\" \/>\n\t<meta property=\"og:image:type\" content=\"image\/jpeg\" \/>\n<meta name=\"author\" content=\"fondadmin\" \/>\n<meta name=\"twitter:card\" content=\"summary_large_image\" \/>\n<meta name=\"twitter:label1\" content=\"Scritto da\" \/>\n\t<meta name=\"twitter:data1\" content=\"fondadmin\" \/>\n\t<meta name=\"twitter:label2\" content=\"Tempo di lettura stimato\" \/>\n\t<meta name=\"twitter:data2\" content=\"6 minuti\" \/>\n<script type=\"application\/ld+json\" class=\"yoast-schema-graph\">{\"@context\":\"https:\/\/schema.org\",\"@graph\":[{\"@type\":\"WebPage\",\"@id\":\"https:\/\/www.fondazionepirelli.org\/it\/cultura-dimpresa\/blog\/un-piano-triennale-per-rilanciare-lindustria-ma-anche-per-difendere-mercato-e-democrazia\/\",\"url\":\"https:\/\/www.fondazionepirelli.org\/it\/cultura-dimpresa\/blog\/un-piano-triennale-per-rilanciare-lindustria-ma-anche-per-difendere-mercato-e-democrazia\/\",\"name\":\"Un piano triennale per rilanciare l\u2019industria, ma anche per difendere mercato e democrazia - Fondazione Pirelli\",\"isPartOf\":{\"@id\":\"https:\/\/www.fondazionepirelli.org\/it\/#website\"},\"primaryImageOfPage\":{\"@id\":\"https:\/\/www.fondazionepirelli.org\/it\/cultura-dimpresa\/blog\/un-piano-triennale-per-rilanciare-lindustria-ma-anche-per-difendere-mercato-e-democrazia\/#primaryimage\"},\"image\":{\"@id\":\"https:\/\/www.fondazionepirelli.org\/it\/cultura-dimpresa\/blog\/un-piano-triennale-per-rilanciare-lindustria-ma-anche-per-difendere-mercato-e-democrazia\/#primaryimage\"},\"thumbnailUrl\":\"https:\/\/wpsite-assets.fondazionepirelli.org\/wp-content\/uploads\/2025\/02\/18114407\/GettyImages-1469374621.jpg\",\"datePublished\":\"2025-02-18T10:45:29+00:00\",\"author\":{\"@id\":\"https:\/\/www.fondazionepirelli.org\/it\/#\/schema\/person\/f47d097000832c4a6e54538c791fdf25\"},\"breadcrumb\":{\"@id\":\"https:\/\/www.fondazionepirelli.org\/it\/cultura-dimpresa\/blog\/un-piano-triennale-per-rilanciare-lindustria-ma-anche-per-difendere-mercato-e-democrazia\/#breadcrumb\"},\"inLanguage\":\"it-IT\",\"potentialAction\":[{\"@type\":\"ReadAction\",\"target\":[\"https:\/\/www.fondazionepirelli.org\/it\/cultura-dimpresa\/blog\/un-piano-triennale-per-rilanciare-lindustria-ma-anche-per-difendere-mercato-e-democrazia\/\"]}]},{\"@type\":\"ImageObject\",\"inLanguage\":\"it-IT\",\"@id\":\"https:\/\/www.fondazionepirelli.org\/it\/cultura-dimpresa\/blog\/un-piano-triennale-per-rilanciare-lindustria-ma-anche-per-difendere-mercato-e-democrazia\/#primaryimage\",\"url\":\"https:\/\/wpsite-assets.fondazionepirelli.org\/wp-content\/uploads\/2025\/02\/18114407\/GettyImages-1469374621.jpg\",\"contentUrl\":\"https:\/\/wpsite-assets.fondazionepirelli.org\/wp-content\/uploads\/2025\/02\/18114407\/GettyImages-1469374621.jpg\",\"width\":2121,\"height\":1414,\"caption\":\"engineer male control operate advanced technology robotic in automation factory industry concept visual hologram effect\"},{\"@type\":\"BreadcrumbList\",\"@id\":\"https:\/\/www.fondazionepirelli.org\/it\/cultura-dimpresa\/blog\/un-piano-triennale-per-rilanciare-lindustria-ma-anche-per-difendere-mercato-e-democrazia\/#breadcrumb\",\"itemListElement\":[{\"@type\":\"ListItem\",\"position\":1,\"name\":\"Home\",\"item\":\"https:\/\/www.fondazionepirelli.org\/it\/\"},{\"@type\":\"ListItem\",\"position\":2,\"name\":\"Un piano triennale per rilanciare l\u2019industria, ma anche per difendere mercato e democrazia\"}]},{\"@type\":\"WebSite\",\"@id\":\"https:\/\/www.fondazionepirelli.org\/it\/#website\",\"url\":\"https:\/\/www.fondazionepirelli.org\/it\/\",\"name\":\"Fondazione Pirelli\",\"description\":\"\",\"potentialAction\":[{\"@type\":\"SearchAction\",\"target\":{\"@type\":\"EntryPoint\",\"urlTemplate\":\"https:\/\/www.fondazionepirelli.org\/it\/?s={search_term_string}\"},\"query-input\":{\"@type\":\"PropertyValueSpecification\",\"valueRequired\":true,\"valueName\":\"search_term_string\"}}],\"inLanguage\":\"it-IT\"},{\"@type\":\"Person\",\"@id\":\"https:\/\/www.fondazionepirelli.org\/it\/#\/schema\/person\/f47d097000832c4a6e54538c791fdf25\",\"name\":\"fondadmin\",\"image\":{\"@type\":\"ImageObject\",\"inLanguage\":\"it-IT\",\"@id\":\"https:\/\/www.fondazionepirelli.org\/it\/#\/schema\/person\/image\/\",\"url\":\"https:\/\/secure.gravatar.com\/avatar\/e69498a9175ca244966e51e53c88712c024fcebe41f9a05f75657f1bb25e489b?s=96&d=mm&r=g\",\"contentUrl\":\"https:\/\/secure.gravatar.com\/avatar\/e69498a9175ca244966e51e53c88712c024fcebe41f9a05f75657f1bb25e489b?s=96&d=mm&r=g\",\"caption\":\"fondadmin\"},\"url\":\"https:\/\/www.fondazionepirelli.org\/it\/author\/fondadmin\/\"}]}<\/script>\n<!-- \/ Yoast SEO plugin. -->","yoast_head_json":{"title":"Un piano triennale per rilanciare l\u2019industria, ma anche per difendere mercato e democrazia - Fondazione Pirelli","robots":{"index":"index","follow":"follow","max-snippet":"max-snippet:-1","max-image-preview":"max-image-preview:large","max-video-preview":"max-video-preview:-1"},"canonical":"https:\/\/www.fondazionepirelli.org\/it\/cultura-dimpresa\/blog\/un-piano-triennale-per-rilanciare-lindustria-ma-anche-per-difendere-mercato-e-democrazia\/","og_locale":"it_IT","og_type":"article","og_title":"Un piano triennale per rilanciare l\u2019industria, ma anche per difendere mercato e democrazia - Fondazione Pirelli","og_description":"Un piano di rilancio industriale con prospettiva triennale chiede giustamente il presidente di Confindustria Emanuele Orsini alle istituzioni, \u201cal governo e a tutte le forze politiche\u201d per \u201cliberare il potenziale delle imprese italiane\u201d e fare uscire il Paese da un\u2019allarmante condizione di crisi. Serve infatti avere la piena consapevolezza che \u201csenza industria non c\u2019\u00e8 crescita [&hellip;]","og_url":"https:\/\/www.fondazionepirelli.org\/it\/cultura-dimpresa\/blog\/un-piano-triennale-per-rilanciare-lindustria-ma-anche-per-difendere-mercato-e-democrazia\/","og_site_name":"Fondazione Pirelli","article_published_time":"2025-02-18T10:45:29+00:00","og_image":[{"width":2121,"height":1414,"url":"https:\/\/wpsite-assets.fondazionepirelli.org\/wp-content\/uploads\/2025\/02\/18114407\/GettyImages-1469374621.jpg","type":"image\/jpeg"}],"author":"fondadmin","twitter_card":"summary_large_image","twitter_misc":{"Scritto da":"fondadmin","Tempo di lettura stimato":"6 minuti"},"schema":{"@context":"https:\/\/schema.org","@graph":[{"@type":"WebPage","@id":"https:\/\/www.fondazionepirelli.org\/it\/cultura-dimpresa\/blog\/un-piano-triennale-per-rilanciare-lindustria-ma-anche-per-difendere-mercato-e-democrazia\/","url":"https:\/\/www.fondazionepirelli.org\/it\/cultura-dimpresa\/blog\/un-piano-triennale-per-rilanciare-lindustria-ma-anche-per-difendere-mercato-e-democrazia\/","name":"Un piano triennale per rilanciare l\u2019industria, ma anche per difendere mercato e democrazia - Fondazione Pirelli","isPartOf":{"@id":"https:\/\/www.fondazionepirelli.org\/it\/#website"},"primaryImageOfPage":{"@id":"https:\/\/www.fondazionepirelli.org\/it\/cultura-dimpresa\/blog\/un-piano-triennale-per-rilanciare-lindustria-ma-anche-per-difendere-mercato-e-democrazia\/#primaryimage"},"image":{"@id":"https:\/\/www.fondazionepirelli.org\/it\/cultura-dimpresa\/blog\/un-piano-triennale-per-rilanciare-lindustria-ma-anche-per-difendere-mercato-e-democrazia\/#primaryimage"},"thumbnailUrl":"https:\/\/wpsite-assets.fondazionepirelli.org\/wp-content\/uploads\/2025\/02\/18114407\/GettyImages-1469374621.jpg","datePublished":"2025-02-18T10:45:29+00:00","author":{"@id":"https:\/\/www.fondazionepirelli.org\/it\/#\/schema\/person\/f47d097000832c4a6e54538c791fdf25"},"breadcrumb":{"@id":"https:\/\/www.fondazionepirelli.org\/it\/cultura-dimpresa\/blog\/un-piano-triennale-per-rilanciare-lindustria-ma-anche-per-difendere-mercato-e-democrazia\/#breadcrumb"},"inLanguage":"it-IT","potentialAction":[{"@type":"ReadAction","target":["https:\/\/www.fondazionepirelli.org\/it\/cultura-dimpresa\/blog\/un-piano-triennale-per-rilanciare-lindustria-ma-anche-per-difendere-mercato-e-democrazia\/"]}]},{"@type":"ImageObject","inLanguage":"it-IT","@id":"https:\/\/www.fondazionepirelli.org\/it\/cultura-dimpresa\/blog\/un-piano-triennale-per-rilanciare-lindustria-ma-anche-per-difendere-mercato-e-democrazia\/#primaryimage","url":"https:\/\/wpsite-assets.fondazionepirelli.org\/wp-content\/uploads\/2025\/02\/18114407\/GettyImages-1469374621.jpg","contentUrl":"https:\/\/wpsite-assets.fondazionepirelli.org\/wp-content\/uploads\/2025\/02\/18114407\/GettyImages-1469374621.jpg","width":2121,"height":1414,"caption":"engineer male control operate advanced technology robotic in automation factory industry concept visual hologram effect"},{"@type":"BreadcrumbList","@id":"https:\/\/www.fondazionepirelli.org\/it\/cultura-dimpresa\/blog\/un-piano-triennale-per-rilanciare-lindustria-ma-anche-per-difendere-mercato-e-democrazia\/#breadcrumb","itemListElement":[{"@type":"ListItem","position":1,"name":"Home","item":"https:\/\/www.fondazionepirelli.org\/it\/"},{"@type":"ListItem","position":2,"name":"Un piano triennale per rilanciare l\u2019industria, ma anche per difendere mercato e democrazia"}]},{"@type":"WebSite","@id":"https:\/\/www.fondazionepirelli.org\/it\/#website","url":"https:\/\/www.fondazionepirelli.org\/it\/","name":"Fondazione Pirelli","description":"","potentialAction":[{"@type":"SearchAction","target":{"@type":"EntryPoint","urlTemplate":"https:\/\/www.fondazionepirelli.org\/it\/?s={search_term_string}"},"query-input":{"@type":"PropertyValueSpecification","valueRequired":true,"valueName":"search_term_string"}}],"inLanguage":"it-IT"},{"@type":"Person","@id":"https:\/\/www.fondazionepirelli.org\/it\/#\/schema\/person\/f47d097000832c4a6e54538c791fdf25","name":"fondadmin","image":{"@type":"ImageObject","inLanguage":"it-IT","@id":"https:\/\/www.fondazionepirelli.org\/it\/#\/schema\/person\/image\/","url":"https:\/\/secure.gravatar.com\/avatar\/e69498a9175ca244966e51e53c88712c024fcebe41f9a05f75657f1bb25e489b?s=96&d=mm&r=g","contentUrl":"https:\/\/secure.gravatar.com\/avatar\/e69498a9175ca244966e51e53c88712c024fcebe41f9a05f75657f1bb25e489b?s=96&d=mm&r=g","caption":"fondadmin"},"url":"https:\/\/www.fondazionepirelli.org\/it\/author\/fondadmin\/"}]}},"_links":{"self":[{"href":"https:\/\/www.fondazionepirelli.org\/it\/wp-json\/wp\/v2\/posts\/103226\/"}],"collection":[{"href":"https:\/\/www.fondazionepirelli.org\/it\/wp-json\/wp\/v2\/posts\/"}],"about":[{"href":"https:\/\/www.fondazionepirelli.org\/it\/wp-json\/wp\/v2\/types\/post\/"}],"author":[{"embeddable":true,"href":"https:\/\/www.fondazionepirelli.org\/it\/wp-json\/wp\/v2\/users\/1\/"}],"replies":[{"embeddable":true,"href":"https:\/\/www.fondazionepirelli.org\/it\/wp-json\/wp\/v2\/comments\/?post=103226"}],"version-history":[{"count":1,"href":"https:\/\/www.fondazionepirelli.org\/it\/wp-json\/wp\/v2\/posts\/103226\/revisions\/"}],"predecessor-version":[{"id":103229,"href":"https:\/\/www.fondazionepirelli.org\/it\/wp-json\/wp\/v2\/posts\/103226\/revisions\/103229\/"}],"wp:featuredmedia":[{"embeddable":true,"href":"https:\/\/www.fondazionepirelli.org\/it\/wp-json\/wp\/v2\/media\/103227\/"}],"wp:attachment":[{"href":"https:\/\/www.fondazionepirelli.org\/it\/wp-json\/wp\/v2\/media\/?parent=103226"}],"wp:term":[{"taxonomy":"category","embeddable":true,"href":"https:\/\/www.fondazionepirelli.org\/it\/wp-json\/wp\/v2\/categories\/?post=103226"},{"taxonomy":"post_tag","embeddable":true,"href":"https:\/\/www.fondazionepirelli.org\/it\/wp-json\/wp\/v2\/tags\/?post=103226"}],"curies":[{"name":"wp","href":"https:\/\/api.w.org\/{rel}","templated":true}]}}