{"id":103328,"date":"2025-03-04T13:34:59","date_gmt":"2025-03-04T12:34:59","guid":{"rendered":"http:\/\/www.fondazionepirelli.org\/?p=103328"},"modified":"2025-03-04T13:34:59","modified_gmt":"2025-03-04T12:34:59","slug":"cronache-per-amare-milano-scrivendo-di-moda-masterchef-e-case-per-i-tranvieri","status":"publish","type":"post","link":"https:\/\/www.fondazionepirelli.org\/it\/cultura-dimpresa\/blog\/cronache-per-amare-milano-scrivendo-di-moda-masterchef-e-case-per-i-tranvieri\/","title":{"rendered":"Cronache per amare Milano, scrivendo  di moda, Masterchef e case per i tranvieri"},"content":{"rendered":"<p>A <strong>Milano<\/strong>, nei giardini di marzo con gli alberi ancora spogli, tira comunque aria di primavera. E le strade sono affollate dal popolo fashion, per le sfilate femminili delle collezioni per il prossimo autunno\/inverno (pare che si useranno molto il color cioccolato e le gonne longuette a vita alta, scelta ardua per\u00f2 se non si \u00e8 alte e magre). Per compensare la severa e competitiva leggerezza modaiola, ecco che \u00e8 cominciata <strong>\u201cMilano MuseoCity\u201d<\/strong>, 140 eventi tra musei e palazzi storici, per confrontarsi con la grande arte ma anche con le raccolte degli archivi e dei musei d\u2019impresa: una settimana intera tra arte, scienza, tecnologia, design, \u201csaper fare e far sapere\u201d. Milano \u00e8 appunto cos\u00ec: <strong>bellezza e cultura politecnica<\/strong>, mille luci scintillanti e solidit\u00e0 dei saperi.<\/p>\n<p>Eccolo, dunque, un possibile racconto di Milano, sfogliando le pagine di cronaca dei quotidiani, per dire di una metropoli cui tutti guardano con ossessiva attenzione e che i milanesi osservano con speciale inclinazione autocritica (mai dimenticare che \u201cmilanesi si diventa\u201d, con impegnativi percorsi di inclusione e integrazione, guidati dalla tradizione delle regole del lavoro e delle virt\u00f9 civiche e civili, oggi per\u00f2 un po\u2019 in crisi). E mentre c\u2019\u00e8 chi scrive libri intitolati \u201cContro Milano\u201d deprecandone l\u2019illustrato degrado, fioriscono le discussioni, nel mondo politico ed economico, nei circoli della societ\u00e0 civile e nei circuiti culturali (il <strong>Centro Studi \u201cGrande Milano\u201d<\/strong> ne offre testimonianze esemplari) su cosa vale la pena fare, tra atti di governo e scelte sociali, perch\u00e9, pur in un mondo di conflitti crescenti e turbolenti cambiamenti, Milano continui a essere \u201cthe place to be\u201d.Senza illusioni n\u00e9 retorica. Ma, semmai, con la convinzione profonda che una metropoli \u00e8 il luogo principe della complessit\u00e0 e, perch\u00e9 no?, delle contraddizioni. Leggere, per averne coscienza, un grande poeta americano, <strong>Walt Whitman<\/strong>: \u201cMi contraddico? S\u00ec, mi contraddico. Contengo moltitudini\u201d. Milano \u00e8, appunto, <strong>citt\u00e0 di moltitudini<\/strong>.<\/p>\n<p>Cosa dice, dunque, la cronaca? Che una ragazza milanese di famiglia cinese, Anna Ylan Zhang, ha vinto Masterchef: era disoccupata, sa cucinare benissimo, ha la tempra di chi regge una dura competizione (e si commuove spesso) e alla fine trova il successo. Tutto, appunto, molto milanese (con radici in via Sarpi).<br \/>\nSfogli il<strong> \u201cCorriere della Sera\u201d<\/strong> e scopri che in una strada del centro, via Palestro, le auto dei frequentatori di un club privato di gran lusso sostano in doppia fila o sul marciapiedi, mentre un portiere in livrea allontana gli automobilisti qualunque. \u00c8 una conferma della deriva verso \u201cla citt\u00e0 dei ricchi\u201d? Magari non vale la pena generalizzare un caso di privilegio. Meglio continuare a leggere. E sapere che monta \u201cla travolgente ondata dei ristoranti romani\u201d visto che \u201ctutte le pi\u00f9 rinomate trattorie della capitale hanno aperto qui: \u00e8 la nuova moda milanese\u201d. \u201cGricia\u201d e \u201ccarbonara\u201d accanto alll\u2019ossobuco e risotto giallo: Milano \u00e8 appunto inclusiva, no?<\/p>\n<p>Leggiamo su <strong>\u201cla Repubblica\u201d<\/strong> che l\u2019arcivescovo di Milano <strong>Mario Delpini<\/strong> ribadisce che \u201cla citt\u00e0 non \u00e8 solo mercato e produzione\u201d, che \u201cla solitudine \u00e8 un\u2019epidemia\u201d e che \u201cMilano si salva se c\u2019\u00e8 la fiducia\u201d, cio\u00e8 se non si perdono <strong>umanit\u00e0, solidariet\u00e0, spirito di accoglienza<\/strong> (non solo per le belle modelle, i ragazzi delle famiglie benestanti di tutto il mondo e l\u2019uso generoso del guanciale in cucina). Delpini ha proprio ragione.<br \/>\nC\u2019\u00e8 appunto da affrontare con urgenza il <strong>problema del caro-casa<\/strong>, di fronte ad aumenti clamorosi dei prezzi per gli acquisti immobiliari e gli affitti, che allontanano da Milano gli studenti ma anche i giovani professori, le famiglie delle classi medie e le ragazze e i ragazzi del \u201cceti creativi e intellettuali\u201d, coloro cio\u00e8 che sono sempre stati l\u2019energia vitale di una \u201ccitt\u00e0 che sale\u201d, di una cultura urbana in espansione. Chi governa la citt\u00e0 lo sa. E prepara misure.<br \/>\nUn esempio? Sempre leggendo i quotidiani (dovere civile farlo, oltre che interesse profondo per sapere bene dove si vive e come ci si dimostrata cittadini: la buona informazione ne \u00e8 il sale, altro che volgarit\u00e0 e approssimazioni cos\u00ec diffuse sui social media)\u2026 sempre sui quotidiani, dicevamo, si legge che l\u2019<strong>ATM<\/strong> sta mettendo a punto un <strong>piano per alloggi a canone ridotto<\/strong> per trovare tranvieri. Una buona mossa, un\u2019intelligente indicazione da seguire da parte di strutture pubbliche e private.<br \/>\nLe cronache dicono anche di fatti di \u201cnera\u201d che creano allarme sociale. E le analisi ci confermano che Milano, pur segnata da una microcriminalit\u00e0 diffusa come in tutte le metropoli, non \u00e8 affatto la Gotham City che a tanti piace evocare, stimolando un clima di paura.<\/p>\n<p>Sempre le cronache fanno notare che in certe classifiche ministeriali la<strong> sanit\u00e0 lombarda<\/strong> perde posizioni (ma poi, leggendo meglio, di capisce che la qualit\u00e0 dell\u2019assistenza, nelle strutture pubbliche e private, resta elevatissima e attrattiva per migliaia di malati che arrivano qui dal resto d\u2019Italia): c\u2019\u00e8 infatti \u201cdel buono da fare emergere\u201d, come commenta giustamente Giangiacomo Schiavi sul \u201cCorriere\u201d.<br \/>\nSi scrive, ancora, che <strong>Milano e Palermo<\/strong>, sulla spinta dei due <strong>sindaci Beppe Sala e Roberto Lagalla<\/strong>, progettano <strong>programmi comuni legati alla cultura<\/strong>, alla formazione di qualit\u00e0, all\u2019ambiente, alle nuove tecnologie e allo sviluppo europeo del Mediterraneo, che proprio nelle due citt\u00e0 pu\u00f2 avere \u201claboratori segnati da spirito di frontiera e creativit\u00e0\u201d. E da una scelta di fondo per \u201cla legalit\u00e0\u201d.<br \/>\nEcco qui, in poche righe, scampoli di cronaca. Per dire cosa? Che Milano, come ogni metropoli, va letta con attenzione e rispetto, senza facili generalizzazioni. E che la cifra di interpretazione \u00e8 proprio l\u2019analisi della complessit\u00e0. Dei problemi. E delle soluzioni.<\/p>\n<p>Una metropoli come Milano, infatti, non pu\u00f2 non vivere di mercato, di intraprendenza privata, di crescita e stimoli di successo. Ma naturalmente non pu\u00f2 essere abbandonata alla prevalenza delle logiche di mercato. Ha bisogno di buon governo, nazionale e regionale. E di pubblica amministrazione di qualit\u00e0. Che sappia tenere insieme valori e interessi, generali e particolari. Come peraltro, la storia dei suoi sindaci ha dimostrato di saper fare (e la cui lezione va oggi rimeditata e riconsiderata). Come le sue classi imprenditrici e le associazioni economiche hanno testimoniato, mostrando come i valori pubblici e civili siano nutriti anche nel mondo degli affari.<br \/>\nPi\u00f9 economia produttiva insomma (la parola \u201cproduttiva\u201d \u00e8 essenziale, senza cadere nel privilegio della rendita). E migliore amministrazione della cosa pubblica. In una sinergia di scelte e progetti che, com\u2019\u00e8 sempre successo, facciano convivere <strong>mercato e welfare<\/strong>, <strong>competitivit\u00e0 e inclusione sociale<\/strong>. Una sinergia difficile da sostenere, per\u00f2, se, sempre leggendo le cronache, i cittadini scoprono che il governo continua a tagliare le risorse a disposizione degli enti locali per servizi e investimenti. Le nozze con i fichi secchi non sono affatto una buona abitudine n\u00e8 un efficace servizio democratico ai cittadini. N\u00e9 a Milano n\u00e9 altrove.<\/p><p><em>(foto Getty Images)<\/em><\/p>\n","protected":false},"excerpt":{"rendered":"<p>A Milano, nei giardini di marzo con gli alberi ancora spogli, tira comunque aria di primavera. E le strade sono affollate dal popolo fashion, per le sfilate femminili delle collezioni per il prossimo autunno\/inverno (pare che si useranno molto il color cioccolato e le gonne longuette a vita alta, scelta ardua per\u00f2 se non si [&hellip;]<\/p>\n","protected":false},"author":1,"featured_media":103350,"comment_status":"open","ping_status":"open","sticky":false,"template":"","format":"standard","meta":{"footnotes":""},"categories":[53,52],"tags":[],"class_list":["post-103328","post","type-post","status-publish","format-standard","has-post-thumbnail","hentry","category-blog","category-cultura-dimpresa"],"acf":[],"yoast_head":"<!-- This site is optimized with the Yoast SEO plugin v25.0 - https:\/\/yoast.com\/wordpress\/plugins\/seo\/ -->\n<title>Cronache per amare Milano, scrivendo di moda, Masterchef e case per i tranvieri - Fondazione Pirelli<\/title>\n<meta name=\"robots\" content=\"index, follow, max-snippet:-1, max-image-preview:large, max-video-preview:-1\" \/>\n<link rel=\"canonical\" href=\"https:\/\/www.fondazionepirelli.org\/it\/cultura-dimpresa\/blog\/cronache-per-amare-milano-scrivendo-di-moda-masterchef-e-case-per-i-tranvieri\/\" \/>\n<meta property=\"og:locale\" content=\"it_IT\" \/>\n<meta property=\"og:type\" content=\"article\" \/>\n<meta property=\"og:title\" content=\"Cronache per amare Milano, scrivendo di moda, Masterchef e case per i tranvieri - Fondazione Pirelli\" \/>\n<meta property=\"og:description\" content=\"A Milano, nei giardini di marzo con gli alberi ancora spogli, tira comunque aria di primavera. E le strade sono affollate dal popolo fashion, per le sfilate femminili delle collezioni per il prossimo autunno\/inverno (pare che si useranno molto il color cioccolato e le gonne longuette a vita alta, scelta ardua per\u00f2 se non si [&hellip;]\" \/>\n<meta property=\"og:url\" content=\"https:\/\/www.fondazionepirelli.org\/it\/cultura-dimpresa\/blog\/cronache-per-amare-milano-scrivendo-di-moda-masterchef-e-case-per-i-tranvieri\/\" \/>\n<meta property=\"og:site_name\" content=\"Fondazione Pirelli\" \/>\n<meta property=\"article:published_time\" content=\"2025-03-04T12:34:59+00:00\" \/>\n<meta property=\"og:image\" content=\"https:\/\/wpsite-assets.fondazionepirelli.org\/wp-content\/uploads\/2025\/03\/04133445\/GettyImages-2156651960-1024x768.jpg\" \/>\n\t<meta property=\"og:image:width\" content=\"1024\" \/>\n\t<meta property=\"og:image:height\" content=\"768\" \/>\n\t<meta property=\"og:image:type\" content=\"image\/jpeg\" \/>\n<meta name=\"author\" content=\"fondadmin\" \/>\n<meta name=\"twitter:card\" content=\"summary_large_image\" \/>\n<meta name=\"twitter:label1\" content=\"Scritto da\" \/>\n\t<meta name=\"twitter:data1\" content=\"fondadmin\" \/>\n\t<meta name=\"twitter:label2\" content=\"Tempo di lettura stimato\" \/>\n\t<meta name=\"twitter:data2\" content=\"5 minuti\" \/>\n<script type=\"application\/ld+json\" class=\"yoast-schema-graph\">{\"@context\":\"https:\/\/schema.org\",\"@graph\":[{\"@type\":\"WebPage\",\"@id\":\"https:\/\/www.fondazionepirelli.org\/it\/cultura-dimpresa\/blog\/cronache-per-amare-milano-scrivendo-di-moda-masterchef-e-case-per-i-tranvieri\/\",\"url\":\"https:\/\/www.fondazionepirelli.org\/it\/cultura-dimpresa\/blog\/cronache-per-amare-milano-scrivendo-di-moda-masterchef-e-case-per-i-tranvieri\/\",\"name\":\"Cronache per amare Milano, scrivendo di moda, Masterchef e case per i tranvieri - Fondazione Pirelli\",\"isPartOf\":{\"@id\":\"https:\/\/www.fondazionepirelli.org\/it\/#website\"},\"primaryImageOfPage\":{\"@id\":\"https:\/\/www.fondazionepirelli.org\/it\/cultura-dimpresa\/blog\/cronache-per-amare-milano-scrivendo-di-moda-masterchef-e-case-per-i-tranvieri\/#primaryimage\"},\"image\":{\"@id\":\"https:\/\/www.fondazionepirelli.org\/it\/cultura-dimpresa\/blog\/cronache-per-amare-milano-scrivendo-di-moda-masterchef-e-case-per-i-tranvieri\/#primaryimage\"},\"thumbnailUrl\":\"https:\/\/wpsite-assets.fondazionepirelli.org\/wp-content\/uploads\/2025\/03\/04133445\/GettyImages-2156651960.jpg\",\"datePublished\":\"2025-03-04T12:34:59+00:00\",\"author\":{\"@id\":\"https:\/\/www.fondazionepirelli.org\/it\/#\/schema\/person\/f47d097000832c4a6e54538c791fdf25\"},\"breadcrumb\":{\"@id\":\"https:\/\/www.fondazionepirelli.org\/it\/cultura-dimpresa\/blog\/cronache-per-amare-milano-scrivendo-di-moda-masterchef-e-case-per-i-tranvieri\/#breadcrumb\"},\"inLanguage\":\"it-IT\",\"potentialAction\":[{\"@type\":\"ReadAction\",\"target\":[\"https:\/\/www.fondazionepirelli.org\/it\/cultura-dimpresa\/blog\/cronache-per-amare-milano-scrivendo-di-moda-masterchef-e-case-per-i-tranvieri\/\"]}]},{\"@type\":\"ImageObject\",\"inLanguage\":\"it-IT\",\"@id\":\"https:\/\/www.fondazionepirelli.org\/it\/cultura-dimpresa\/blog\/cronache-per-amare-milano-scrivendo-di-moda-masterchef-e-case-per-i-tranvieri\/#primaryimage\",\"url\":\"https:\/\/wpsite-assets.fondazionepirelli.org\/wp-content\/uploads\/2025\/03\/04133445\/GettyImages-2156651960.jpg\",\"contentUrl\":\"https:\/\/wpsite-assets.fondazionepirelli.org\/wp-content\/uploads\/2025\/03\/04133445\/GettyImages-2156651960.jpg\",\"width\":2000,\"height\":1500,\"caption\":\"Milan, Italy financial district at dawn.\"},{\"@type\":\"BreadcrumbList\",\"@id\":\"https:\/\/www.fondazionepirelli.org\/it\/cultura-dimpresa\/blog\/cronache-per-amare-milano-scrivendo-di-moda-masterchef-e-case-per-i-tranvieri\/#breadcrumb\",\"itemListElement\":[{\"@type\":\"ListItem\",\"position\":1,\"name\":\"Home\",\"item\":\"https:\/\/www.fondazionepirelli.org\/it\/\"},{\"@type\":\"ListItem\",\"position\":2,\"name\":\"Cronache per amare Milano, scrivendo di moda, Masterchef e case per i tranvieri\"}]},{\"@type\":\"WebSite\",\"@id\":\"https:\/\/www.fondazionepirelli.org\/it\/#website\",\"url\":\"https:\/\/www.fondazionepirelli.org\/it\/\",\"name\":\"Fondazione Pirelli\",\"description\":\"\",\"potentialAction\":[{\"@type\":\"SearchAction\",\"target\":{\"@type\":\"EntryPoint\",\"urlTemplate\":\"https:\/\/www.fondazionepirelli.org\/it\/?s={search_term_string}\"},\"query-input\":{\"@type\":\"PropertyValueSpecification\",\"valueRequired\":true,\"valueName\":\"search_term_string\"}}],\"inLanguage\":\"it-IT\"},{\"@type\":\"Person\",\"@id\":\"https:\/\/www.fondazionepirelli.org\/it\/#\/schema\/person\/f47d097000832c4a6e54538c791fdf25\",\"name\":\"fondadmin\",\"image\":{\"@type\":\"ImageObject\",\"inLanguage\":\"it-IT\",\"@id\":\"https:\/\/www.fondazionepirelli.org\/it\/#\/schema\/person\/image\/\",\"url\":\"https:\/\/secure.gravatar.com\/avatar\/e69498a9175ca244966e51e53c88712c024fcebe41f9a05f75657f1bb25e489b?s=96&d=mm&r=g\",\"contentUrl\":\"https:\/\/secure.gravatar.com\/avatar\/e69498a9175ca244966e51e53c88712c024fcebe41f9a05f75657f1bb25e489b?s=96&d=mm&r=g\",\"caption\":\"fondadmin\"},\"url\":\"https:\/\/www.fondazionepirelli.org\/it\/author\/fondadmin\/\"}]}<\/script>\n<!-- \/ Yoast SEO plugin. -->","yoast_head_json":{"title":"Cronache per amare Milano, scrivendo di moda, Masterchef e case per i tranvieri - Fondazione Pirelli","robots":{"index":"index","follow":"follow","max-snippet":"max-snippet:-1","max-image-preview":"max-image-preview:large","max-video-preview":"max-video-preview:-1"},"canonical":"https:\/\/www.fondazionepirelli.org\/it\/cultura-dimpresa\/blog\/cronache-per-amare-milano-scrivendo-di-moda-masterchef-e-case-per-i-tranvieri\/","og_locale":"it_IT","og_type":"article","og_title":"Cronache per amare Milano, scrivendo di moda, Masterchef e case per i tranvieri - Fondazione Pirelli","og_description":"A Milano, nei giardini di marzo con gli alberi ancora spogli, tira comunque aria di primavera. E le strade sono affollate dal popolo fashion, per le sfilate femminili delle collezioni per il prossimo autunno\/inverno (pare che si useranno molto il color cioccolato e le gonne longuette a vita alta, scelta ardua per\u00f2 se non si [&hellip;]","og_url":"https:\/\/www.fondazionepirelli.org\/it\/cultura-dimpresa\/blog\/cronache-per-amare-milano-scrivendo-di-moda-masterchef-e-case-per-i-tranvieri\/","og_site_name":"Fondazione Pirelli","article_published_time":"2025-03-04T12:34:59+00:00","og_image":[{"width":1024,"height":768,"url":"https:\/\/wpsite-assets.fondazionepirelli.org\/wp-content\/uploads\/2025\/03\/04133445\/GettyImages-2156651960-1024x768.jpg","type":"image\/jpeg"}],"author":"fondadmin","twitter_card":"summary_large_image","twitter_misc":{"Scritto da":"fondadmin","Tempo di lettura stimato":"5 minuti"},"schema":{"@context":"https:\/\/schema.org","@graph":[{"@type":"WebPage","@id":"https:\/\/www.fondazionepirelli.org\/it\/cultura-dimpresa\/blog\/cronache-per-amare-milano-scrivendo-di-moda-masterchef-e-case-per-i-tranvieri\/","url":"https:\/\/www.fondazionepirelli.org\/it\/cultura-dimpresa\/blog\/cronache-per-amare-milano-scrivendo-di-moda-masterchef-e-case-per-i-tranvieri\/","name":"Cronache per amare Milano, scrivendo di moda, Masterchef e case per i tranvieri - Fondazione Pirelli","isPartOf":{"@id":"https:\/\/www.fondazionepirelli.org\/it\/#website"},"primaryImageOfPage":{"@id":"https:\/\/www.fondazionepirelli.org\/it\/cultura-dimpresa\/blog\/cronache-per-amare-milano-scrivendo-di-moda-masterchef-e-case-per-i-tranvieri\/#primaryimage"},"image":{"@id":"https:\/\/www.fondazionepirelli.org\/it\/cultura-dimpresa\/blog\/cronache-per-amare-milano-scrivendo-di-moda-masterchef-e-case-per-i-tranvieri\/#primaryimage"},"thumbnailUrl":"https:\/\/wpsite-assets.fondazionepirelli.org\/wp-content\/uploads\/2025\/03\/04133445\/GettyImages-2156651960.jpg","datePublished":"2025-03-04T12:34:59+00:00","author":{"@id":"https:\/\/www.fondazionepirelli.org\/it\/#\/schema\/person\/f47d097000832c4a6e54538c791fdf25"},"breadcrumb":{"@id":"https:\/\/www.fondazionepirelli.org\/it\/cultura-dimpresa\/blog\/cronache-per-amare-milano-scrivendo-di-moda-masterchef-e-case-per-i-tranvieri\/#breadcrumb"},"inLanguage":"it-IT","potentialAction":[{"@type":"ReadAction","target":["https:\/\/www.fondazionepirelli.org\/it\/cultura-dimpresa\/blog\/cronache-per-amare-milano-scrivendo-di-moda-masterchef-e-case-per-i-tranvieri\/"]}]},{"@type":"ImageObject","inLanguage":"it-IT","@id":"https:\/\/www.fondazionepirelli.org\/it\/cultura-dimpresa\/blog\/cronache-per-amare-milano-scrivendo-di-moda-masterchef-e-case-per-i-tranvieri\/#primaryimage","url":"https:\/\/wpsite-assets.fondazionepirelli.org\/wp-content\/uploads\/2025\/03\/04133445\/GettyImages-2156651960.jpg","contentUrl":"https:\/\/wpsite-assets.fondazionepirelli.org\/wp-content\/uploads\/2025\/03\/04133445\/GettyImages-2156651960.jpg","width":2000,"height":1500,"caption":"Milan, Italy financial district at dawn."},{"@type":"BreadcrumbList","@id":"https:\/\/www.fondazionepirelli.org\/it\/cultura-dimpresa\/blog\/cronache-per-amare-milano-scrivendo-di-moda-masterchef-e-case-per-i-tranvieri\/#breadcrumb","itemListElement":[{"@type":"ListItem","position":1,"name":"Home","item":"https:\/\/www.fondazionepirelli.org\/it\/"},{"@type":"ListItem","position":2,"name":"Cronache per amare Milano, scrivendo di moda, Masterchef e case per i tranvieri"}]},{"@type":"WebSite","@id":"https:\/\/www.fondazionepirelli.org\/it\/#website","url":"https:\/\/www.fondazionepirelli.org\/it\/","name":"Fondazione Pirelli","description":"","potentialAction":[{"@type":"SearchAction","target":{"@type":"EntryPoint","urlTemplate":"https:\/\/www.fondazionepirelli.org\/it\/?s={search_term_string}"},"query-input":{"@type":"PropertyValueSpecification","valueRequired":true,"valueName":"search_term_string"}}],"inLanguage":"it-IT"},{"@type":"Person","@id":"https:\/\/www.fondazionepirelli.org\/it\/#\/schema\/person\/f47d097000832c4a6e54538c791fdf25","name":"fondadmin","image":{"@type":"ImageObject","inLanguage":"it-IT","@id":"https:\/\/www.fondazionepirelli.org\/it\/#\/schema\/person\/image\/","url":"https:\/\/secure.gravatar.com\/avatar\/e69498a9175ca244966e51e53c88712c024fcebe41f9a05f75657f1bb25e489b?s=96&d=mm&r=g","contentUrl":"https:\/\/secure.gravatar.com\/avatar\/e69498a9175ca244966e51e53c88712c024fcebe41f9a05f75657f1bb25e489b?s=96&d=mm&r=g","caption":"fondadmin"},"url":"https:\/\/www.fondazionepirelli.org\/it\/author\/fondadmin\/"}]}},"_links":{"self":[{"href":"https:\/\/www.fondazionepirelli.org\/it\/wp-json\/wp\/v2\/posts\/103328\/"}],"collection":[{"href":"https:\/\/www.fondazionepirelli.org\/it\/wp-json\/wp\/v2\/posts\/"}],"about":[{"href":"https:\/\/www.fondazionepirelli.org\/it\/wp-json\/wp\/v2\/types\/post\/"}],"author":[{"embeddable":true,"href":"https:\/\/www.fondazionepirelli.org\/it\/wp-json\/wp\/v2\/users\/1\/"}],"replies":[{"embeddable":true,"href":"https:\/\/www.fondazionepirelli.org\/it\/wp-json\/wp\/v2\/comments\/?post=103328"}],"version-history":[{"count":3,"href":"https:\/\/www.fondazionepirelli.org\/it\/wp-json\/wp\/v2\/posts\/103328\/revisions\/"}],"predecessor-version":[{"id":103352,"href":"https:\/\/www.fondazionepirelli.org\/it\/wp-json\/wp\/v2\/posts\/103328\/revisions\/103352\/"}],"wp:featuredmedia":[{"embeddable":true,"href":"https:\/\/www.fondazionepirelli.org\/it\/wp-json\/wp\/v2\/media\/103350\/"}],"wp:attachment":[{"href":"https:\/\/www.fondazionepirelli.org\/it\/wp-json\/wp\/v2\/media\/?parent=103328"}],"wp:term":[{"taxonomy":"category","embeddable":true,"href":"https:\/\/www.fondazionepirelli.org\/it\/wp-json\/wp\/v2\/categories\/?post=103328"},{"taxonomy":"post_tag","embeddable":true,"href":"https:\/\/www.fondazionepirelli.org\/it\/wp-json\/wp\/v2\/tags\/?post=103328"}],"curies":[{"name":"wp","href":"https:\/\/api.w.org\/{rel}","templated":true}]}}