{"id":103422,"date":"2025-03-11T12:04:49","date_gmt":"2025-03-11T11:04:49","guid":{"rendered":"https:\/\/www.fondazionepirelli.org\/?p=103422"},"modified":"2025-03-11T12:04:49","modified_gmt":"2025-03-11T11:04:49","slug":"lintegrazione-femminile-per-lavoro-e-salari-riguarda-non-solo-lequita-ma-la-democrazia","status":"publish","type":"post","link":"https:\/\/www.fondazionepirelli.org\/it\/cultura-dimpresa\/blog\/lintegrazione-femminile-per-lavoro-e-salari-riguarda-non-solo-lequita-ma-la-democrazia\/","title":{"rendered":"L\u2019integrazione femminile per lavoro e salari riguarda non solo l\u2019equit\u00e0 ma la democrazia"},"content":{"rendered":"<p>Servono le ricorrenze, le celebrazioni, gli atti simbolici. Come pubblicare, l\u20198 marzo, le statistiche che dicono che l\u2019Italia, nonostante significativi progressi, \u00e8 ancora all\u2019ultimo posto in Europa per <strong>percentuale di occupazione femminile<\/strong>, il <strong>53,5%<\/strong> appena di fronte a una media Ue del 69,3% (nel Mezzogiorno, un indecente 34%). E come scolpire la parola <strong>\u201cfemminicidio\u201d<\/strong> tra i reati pi\u00f9 gravi del Codice Penale. Come intitolare una strada a <strong>Luana D\u2019Orazio<\/strong>, operaia, stritolata da un orditoio, nel maggio \u201821, in una fabbrica tessile di Montemurlo (Prato) incurante delle norme sulla sicurezza: \u201c\u00c8 il simbolo di tutte le morti sul lavoro\u201d. Come far notare che <strong>aumenta il numero delle rettrici<\/strong> (sono 17, su 85 atenei) con un record per la prima citt\u00e0 universitaria italiana, Milano, dove sono donne \u201cle magnifiche\u201d di cinque universit\u00e0 (Statale, Politecnico, Bicocca, Cattolica e Iulm) oltre che nelle vicine Liuc di Castellanza, Varese e, probabilmente, Pavia. E come pubblicare inchieste (Il Sole24Ore, 8 marzo, appunto) che documentano \u201cla mappa delle donne ai vertici, dalle istituzioni alla finanza: mai cos\u00ec tante\u201d e sottolineano che a scuola \u201csono donne otto insegnanti su dieci\u201d e dunque, forse, \u201cla cultura pu\u00f2 cambiare\u201d.<\/p>\n<p>\u00c8 un bene, insomma, tutto questo \u201cincidere sulla pietra parole audaci\u201d, per usare la lezione poetica di <strong>Wislawa Szymborska<\/strong>. Dando, per\u00f2, retta pure a chi, ancora una volta, ammonisce: \u201cCari uomini, pi\u00f9 fatti, meno mimose\u201d (Francesca Paci, su \u201cLa Stampa\u201d). E sapendo che \u201cogni inizio \u00e8 solo un seguito\u201d (sempre la Nobel polacca) e dunque ci sono battaglie da continuare, conquiste sociali e civili da raggiungere e poi da difendere, valori di eguaglianza e di rispetto da fare diventare sempre pi\u00f9 condivisi.<\/p>\n<p>Ricorrenze, memorie, celebrazioni e gesti simbolici, infatti, servono proprio a rafforzare, con la forza del rito, un lungo impegno per dare sostanza concreta ai <strong>diritti di parit\u00e0 e di partecipazione<\/strong>, a tradurre, qui in Italia, in pratica corrente il dettato della Costituzione sull\u2019uguaglianza e sull\u2019opportunit\u00e0 di ogni persona a essere cittadino e a fare valere i propri sogni e i propri bisogni legittimi, garantendo, a ogni cambio di generazione, alle ragazze e ai ragazzi che entrano nella vita civile, adeguate opportunit\u00e0 per un migliore futuro.<\/p>\n<p>Importante, dunque, vedere un numero crescente di donne <strong>sfondare il \u201csoffitto di cristallo\u201d delle discriminazioni di genere<\/strong> e arrivare ai vertici delle istituzioni, delle associazioni, delle imprese, delle strutture culturali e scientifiche (la legge Golfo-Mosca sulle \u201cquote rosa\u201d ha avuto una positiva funzione di stimolo, per lasciare via via il passo alle scelte di merito). Ma adesso lo sguardo va allargato, per una sempre maggiore parit\u00e0 diffusa. A cominciare dal mondo dell\u2019economia e del lavoro, ma soprattutto da una valutazione politica della necessit\u00e0 di una sempre maggiore e migliore partecipazione femminile a tutti i processi della vita della <em>polis<\/em>, della cittadinanza attiva e responsabile.<\/p>\n<p>La vita della Repubblica, dopo il buio del fascismo e dell\u2019orrore delle leggi razziali e della guerra, ha un cardine di straordinaria innovazione politica proprio nella presenza attiva delle donne finalmente elettrici ed elette, per il referendum sulla scelta tra repubblica e monarchia e per l\u2019Assemblea Costituente, nel \u201846 (per capire meglio, oltre che rivedere <strong>\u201cC\u2019\u00e8 ancora domani\u201d<\/strong> di <strong>Paola Cortellesi<\/strong>, vale la pena leggere <strong>\u201cLe madri della Costituzione\u201d<\/strong> di <strong>Eliana Di Caro<\/strong>, edito da IlSole24Ore). Il corpo elettorale coincide con tutta la popolazione in et\u00e0 di voto. Finisce un\u2019incomprensibile e ingiusta discriminazione. Le donne sono a pieno titolo persone portatrici di diritti e doveri.<\/p>\n<p>Nel corso del tempo, attuare la <strong>Costituzione<\/strong> ha significato e significa ancora realizzare compiutamente l\u2019<strong>articolo 3<\/strong>, che prescrive che \u201c\u00e8 compito della Repubblica rimuovere gli ostacoli di ordine economico e sociale che, limitando di fatto la libert\u00e0 e l\u2019eguaglianza dei cittadini, impediscono il pieno sviluppo della persona umana e l\u2019effettiva partecipazione di tutti i lavoratori all\u2019organizzazione politica, economica e sociale del Paese\u201d.<\/p>\n<p>Proprio la verifica sul livello dell\u2019attuazione dell\u2019articolo 3 potrebbe essere un buon parametro per misurare, ogni 8 marzo, non solo il cammino della parit\u00e0 ma anche lo stato di salute della partecipazione democratica alla vita e al futuro dell\u2019Italia.<\/p>\n<p>Un cammino da continuare a seguire, promuovere, costruire.<\/p>\n<p>Le statistiche ISTAT, Inps e Cnel, infatti (\u201cPi\u00f9 istruite, meno pagate\u201d, La Stampa, 7 marzo; \u201cOtto milioni di donne senza lavoro, \u00e8 il tesoro che stiamo sprecando\u201d, la Repubblica, 7 marzo)\u00a0 documentano che, al di l\u00e0 della parit\u00e0 formale tra salari e carriere, le donne, soprattutto <strong>dopo la<\/strong> <strong>nascita del primo figlio<\/strong>, camminano in salita. Part time, minore mobilit\u00e0, ridotta disponibilit\u00e0 a investire sui percorsi di carriera, per farsi carico, pi\u00f9 degli uomini, delle responsabilit\u00e0 di famiglia determinano un divario di retribuzioni e possibilit\u00e0 di crescita professionale. E questo gap, spesso, non si recupera pi\u00f9.<\/p>\n<p>Resta, insomma, ancora molto da fare per ridurre e poi eliminare quelle differenze di genere che riguardano il lavoro, la retribuzione, i diritti e perch\u00e9 no? il potere. Un processo positivo utile a determinare migliori equilibri economici e sociali. Come conferma Chiara Saraceno, una delle pi\u00f9 autorevoli sociologhe italiane: \u201cIl tasso di crescita delle donne lavoratrici \u00e8 met\u00e0 di quello maschile; continua a pesare la maternit\u00e0. E ridurre il <strong>gap di genere<\/strong> non \u00e8 solo questione di equit\u00e0, ma di <strong>sostenibilit\u00e0 economica del Paese<\/strong>\u201d (La Stampa, 6 marzo).<\/p>\n<p>In un\u2019Italia in preoccupante <strong>\u201cinverno demografico\u201d<\/strong> le scelte politiche e di investimento sui temi della partecipazione al lavoro, dei servizi per la famiglia e l\u2019infanzia, della casa, della salute, del sostegno alla formazione e dell\u2019innovazione in senso ampio (appunto economica e sociale e non solo tecnologica) sono determinanti sia dal punto di vista dello sviluppo sostenibile sia, soprattutto, da quello della difesa e della crescita della democrazia. Si torna, dal punto di vista integrato delle donne e degli uomini, all\u2019articolo 3 della Costituzione.<\/p>\n<p>La questione ha una grande rilevanza anche dal punto di vista strettamente economico. \u201cIl modo migliore per avere un\u2019economia forte \u00e8 sbloccare il pieno potenziale delle donne nella nostra forza lavoro\u201d, scrive <strong>Sheryl Sandberg<\/strong>, <strong>ex direttrice di Meta<\/strong> (l\u2019impero Facebook e Instagram di Mark Zuckerberg), sul Financial Times (ripreso da Il Foglio, 8 marzo). Una scelta da <strong><em>womenomics<\/em><\/strong>, come strategia di crescita. Ma anche un\u2019indicazione non solo sulla quantit\u00e0, ma soprattutto sulla qualit\u00e0 e dunque pure sull\u2019equit\u00e0 dello sviluppo.<\/p>\n<p>Proprio l\u2019Italia, con la sua particolare cultura d\u2019impresa, ne pu\u00f2 fornire significative conferme. Il nostro <strong>\u201cumanesimo industriale\u201d<\/strong>, che connota le imprese pi\u00f9 competitive sui mercati internazionali e pi\u00f9 radicate nella \u201ccultura politecnica\u201d del Paese, tra memoria e innovazione,\u00a0 si fonda sulle sintesi tra saperi umanistici e conoscenze scientifiche. E senza inclusione sarebbe una contraddizione in termini. L\u2019esperienza nella gestione dell\u2019impresa ci dice inoltre che le donne sanno esprimere qualit\u00e0 particolari, fondamentali nella stagione del primato della \u201ceconomia della conoscenza\u201d e della multidisciplinariet\u00e0 indispensabile per la gestione dell\u2019Intelligenza Artificiale.<\/p>\n<p>Ragionare, dunque, sul ruolo e sulla responsabilit\u00e0 delle donne significa non soltanto avere in campo competenze per <strong>migliorare la condizione sociale generale migliorando quella femminile<\/strong>, ma soprattutto disporre di un universo intellettuale e culturale, di una sensibilit\u00e0 e di una capacit\u00e0 pragmatica alla soluzione dei problemi per quel <strong>\u201ccambio di paradigma\u201d<\/strong> generale di cui si parla da tempo e investe l\u2019economia produttiva, la vita civile, la sfera dei diritti e dei doveri, il welfare. In sintesi, appunto, l\u2019insieme della nostra democrazia.<\/p><p><em>(foto Getty Images)<\/em><\/p>\n","protected":false},"excerpt":{"rendered":"<p>Servono le ricorrenze, le celebrazioni, gli atti simbolici. Come pubblicare, l\u20198 marzo, le statistiche che dicono che l\u2019Italia, nonostante significativi progressi, \u00e8 ancora all\u2019ultimo posto in Europa per percentuale di occupazione femminile, il 53,5% appena di fronte a una media Ue del 69,3% (nel Mezzogiorno, un indecente 34%). E come scolpire la parola \u201cfemminicidio\u201d tra [&hellip;]<\/p>\n","protected":false},"author":1,"featured_media":103448,"comment_status":"open","ping_status":"open","sticky":false,"template":"","format":"standard","meta":{"footnotes":""},"categories":[53,52],"tags":[],"class_list":["post-103422","post","type-post","status-publish","format-standard","has-post-thumbnail","hentry","category-blog","category-cultura-dimpresa"],"acf":[],"yoast_head":"<!-- This site is optimized with the Yoast SEO plugin v25.0 - https:\/\/yoast.com\/wordpress\/plugins\/seo\/ -->\n<title>L\u2019integrazione femminile per lavoro e salari riguarda non solo l\u2019equit\u00e0 ma la democrazia - Fondazione Pirelli<\/title>\n<meta name=\"robots\" content=\"index, follow, max-snippet:-1, max-image-preview:large, max-video-preview:-1\" \/>\n<link rel=\"canonical\" href=\"https:\/\/www.fondazionepirelli.org\/it\/cultura-dimpresa\/blog\/lintegrazione-femminile-per-lavoro-e-salari-riguarda-non-solo-lequita-ma-la-democrazia\/\" \/>\n<meta property=\"og:locale\" content=\"it_IT\" \/>\n<meta property=\"og:type\" content=\"article\" \/>\n<meta property=\"og:title\" content=\"L\u2019integrazione femminile per lavoro e salari riguarda non solo l\u2019equit\u00e0 ma la democrazia - Fondazione Pirelli\" \/>\n<meta property=\"og:description\" content=\"Servono le ricorrenze, le celebrazioni, gli atti simbolici. Come pubblicare, l\u20198 marzo, le statistiche che dicono che l\u2019Italia, nonostante significativi progressi, \u00e8 ancora all\u2019ultimo posto in Europa per percentuale di occupazione femminile, il 53,5% appena di fronte a una media Ue del 69,3% (nel Mezzogiorno, un indecente 34%). E come scolpire la parola \u201cfemminicidio\u201d tra [&hellip;]\" \/>\n<meta property=\"og:url\" content=\"https:\/\/www.fondazionepirelli.org\/it\/cultura-dimpresa\/blog\/lintegrazione-femminile-per-lavoro-e-salari-riguarda-non-solo-lequita-ma-la-democrazia\/\" \/>\n<meta property=\"og:site_name\" content=\"Fondazione Pirelli\" \/>\n<meta property=\"article:published_time\" content=\"2025-03-11T11:04:49+00:00\" \/>\n<meta property=\"og:image\" content=\"https:\/\/wpsite-assets.fondazionepirelli.org\/wp-content\/uploads\/2025\/03\/11120216\/GettyImages-2190227988.jpg\" \/>\n\t<meta property=\"og:image:width\" content=\"2384\" \/>\n\t<meta property=\"og:image:height\" content=\"1257\" \/>\n\t<meta property=\"og:image:type\" content=\"image\/jpeg\" \/>\n<meta name=\"author\" content=\"fondadmin\" \/>\n<meta name=\"twitter:card\" content=\"summary_large_image\" \/>\n<meta name=\"twitter:label1\" content=\"Scritto da\" \/>\n\t<meta name=\"twitter:data1\" content=\"fondadmin\" \/>\n\t<meta name=\"twitter:label2\" content=\"Tempo di lettura stimato\" \/>\n\t<meta name=\"twitter:data2\" content=\"6 minuti\" \/>\n<script type=\"application\/ld+json\" class=\"yoast-schema-graph\">{\"@context\":\"https:\/\/schema.org\",\"@graph\":[{\"@type\":\"WebPage\",\"@id\":\"https:\/\/www.fondazionepirelli.org\/it\/cultura-dimpresa\/blog\/lintegrazione-femminile-per-lavoro-e-salari-riguarda-non-solo-lequita-ma-la-democrazia\/\",\"url\":\"https:\/\/www.fondazionepirelli.org\/it\/cultura-dimpresa\/blog\/lintegrazione-femminile-per-lavoro-e-salari-riguarda-non-solo-lequita-ma-la-democrazia\/\",\"name\":\"L\u2019integrazione femminile per lavoro e salari riguarda non solo l\u2019equit\u00e0 ma la democrazia - Fondazione Pirelli\",\"isPartOf\":{\"@id\":\"https:\/\/www.fondazionepirelli.org\/it\/#website\"},\"primaryImageOfPage\":{\"@id\":\"https:\/\/www.fondazionepirelli.org\/it\/cultura-dimpresa\/blog\/lintegrazione-femminile-per-lavoro-e-salari-riguarda-non-solo-lequita-ma-la-democrazia\/#primaryimage\"},\"image\":{\"@id\":\"https:\/\/www.fondazionepirelli.org\/it\/cultura-dimpresa\/blog\/lintegrazione-femminile-per-lavoro-e-salari-riguarda-non-solo-lequita-ma-la-democrazia\/#primaryimage\"},\"thumbnailUrl\":\"https:\/\/wpsite-assets.fondazionepirelli.org\/wp-content\/uploads\/2025\/03\/11120216\/GettyImages-2190227988.jpg\",\"datePublished\":\"2025-03-11T11:04:49+00:00\",\"author\":{\"@id\":\"https:\/\/www.fondazionepirelli.org\/it\/#\/schema\/person\/f47d097000832c4a6e54538c791fdf25\"},\"breadcrumb\":{\"@id\":\"https:\/\/www.fondazionepirelli.org\/it\/cultura-dimpresa\/blog\/lintegrazione-femminile-per-lavoro-e-salari-riguarda-non-solo-lequita-ma-la-democrazia\/#breadcrumb\"},\"inLanguage\":\"it-IT\",\"potentialAction\":[{\"@type\":\"ReadAction\",\"target\":[\"https:\/\/www.fondazionepirelli.org\/it\/cultura-dimpresa\/blog\/lintegrazione-femminile-per-lavoro-e-salari-riguarda-non-solo-lequita-ma-la-democrazia\/\"]}]},{\"@type\":\"ImageObject\",\"inLanguage\":\"it-IT\",\"@id\":\"https:\/\/www.fondazionepirelli.org\/it\/cultura-dimpresa\/blog\/lintegrazione-femminile-per-lavoro-e-salari-riguarda-non-solo-lequita-ma-la-democrazia\/#primaryimage\",\"url\":\"https:\/\/wpsite-assets.fondazionepirelli.org\/wp-content\/uploads\/2025\/03\/11120216\/GettyImages-2190227988.jpg\",\"contentUrl\":\"https:\/\/wpsite-assets.fondazionepirelli.org\/wp-content\/uploads\/2025\/03\/11120216\/GettyImages-2190227988.jpg\",\"width\":2384,\"height\":1257,\"caption\":\"Caucasian Female Scientist Working on a Computer in the Evening. Specialist Using a Gene Sequencing Software. Advanced Biotechnology Lab in a Medical Research and Development Center\"},{\"@type\":\"BreadcrumbList\",\"@id\":\"https:\/\/www.fondazionepirelli.org\/it\/cultura-dimpresa\/blog\/lintegrazione-femminile-per-lavoro-e-salari-riguarda-non-solo-lequita-ma-la-democrazia\/#breadcrumb\",\"itemListElement\":[{\"@type\":\"ListItem\",\"position\":1,\"name\":\"Home\",\"item\":\"https:\/\/www.fondazionepirelli.org\/it\/\"},{\"@type\":\"ListItem\",\"position\":2,\"name\":\"L\u2019integrazione femminile per lavoro e salari riguarda non solo l\u2019equit\u00e0 ma la democrazia\"}]},{\"@type\":\"WebSite\",\"@id\":\"https:\/\/www.fondazionepirelli.org\/it\/#website\",\"url\":\"https:\/\/www.fondazionepirelli.org\/it\/\",\"name\":\"Fondazione Pirelli\",\"description\":\"\",\"potentialAction\":[{\"@type\":\"SearchAction\",\"target\":{\"@type\":\"EntryPoint\",\"urlTemplate\":\"https:\/\/www.fondazionepirelli.org\/it\/?s={search_term_string}\"},\"query-input\":{\"@type\":\"PropertyValueSpecification\",\"valueRequired\":true,\"valueName\":\"search_term_string\"}}],\"inLanguage\":\"it-IT\"},{\"@type\":\"Person\",\"@id\":\"https:\/\/www.fondazionepirelli.org\/it\/#\/schema\/person\/f47d097000832c4a6e54538c791fdf25\",\"name\":\"fondadmin\",\"image\":{\"@type\":\"ImageObject\",\"inLanguage\":\"it-IT\",\"@id\":\"https:\/\/www.fondazionepirelli.org\/it\/#\/schema\/person\/image\/\",\"url\":\"https:\/\/secure.gravatar.com\/avatar\/e69498a9175ca244966e51e53c88712c024fcebe41f9a05f75657f1bb25e489b?s=96&d=mm&r=g\",\"contentUrl\":\"https:\/\/secure.gravatar.com\/avatar\/e69498a9175ca244966e51e53c88712c024fcebe41f9a05f75657f1bb25e489b?s=96&d=mm&r=g\",\"caption\":\"fondadmin\"},\"url\":\"https:\/\/www.fondazionepirelli.org\/it\/author\/fondadmin\/\"}]}<\/script>\n<!-- \/ Yoast SEO plugin. -->","yoast_head_json":{"title":"L\u2019integrazione femminile per lavoro e salari riguarda non solo l\u2019equit\u00e0 ma la democrazia - Fondazione Pirelli","robots":{"index":"index","follow":"follow","max-snippet":"max-snippet:-1","max-image-preview":"max-image-preview:large","max-video-preview":"max-video-preview:-1"},"canonical":"https:\/\/www.fondazionepirelli.org\/it\/cultura-dimpresa\/blog\/lintegrazione-femminile-per-lavoro-e-salari-riguarda-non-solo-lequita-ma-la-democrazia\/","og_locale":"it_IT","og_type":"article","og_title":"L\u2019integrazione femminile per lavoro e salari riguarda non solo l\u2019equit\u00e0 ma la democrazia - Fondazione Pirelli","og_description":"Servono le ricorrenze, le celebrazioni, gli atti simbolici. Come pubblicare, l\u20198 marzo, le statistiche che dicono che l\u2019Italia, nonostante significativi progressi, \u00e8 ancora all\u2019ultimo posto in Europa per percentuale di occupazione femminile, il 53,5% appena di fronte a una media Ue del 69,3% (nel Mezzogiorno, un indecente 34%). E come scolpire la parola \u201cfemminicidio\u201d tra [&hellip;]","og_url":"https:\/\/www.fondazionepirelli.org\/it\/cultura-dimpresa\/blog\/lintegrazione-femminile-per-lavoro-e-salari-riguarda-non-solo-lequita-ma-la-democrazia\/","og_site_name":"Fondazione Pirelli","article_published_time":"2025-03-11T11:04:49+00:00","og_image":[{"width":2384,"height":1257,"url":"https:\/\/wpsite-assets.fondazionepirelli.org\/wp-content\/uploads\/2025\/03\/11120216\/GettyImages-2190227988.jpg","type":"image\/jpeg"}],"author":"fondadmin","twitter_card":"summary_large_image","twitter_misc":{"Scritto da":"fondadmin","Tempo di lettura stimato":"6 minuti"},"schema":{"@context":"https:\/\/schema.org","@graph":[{"@type":"WebPage","@id":"https:\/\/www.fondazionepirelli.org\/it\/cultura-dimpresa\/blog\/lintegrazione-femminile-per-lavoro-e-salari-riguarda-non-solo-lequita-ma-la-democrazia\/","url":"https:\/\/www.fondazionepirelli.org\/it\/cultura-dimpresa\/blog\/lintegrazione-femminile-per-lavoro-e-salari-riguarda-non-solo-lequita-ma-la-democrazia\/","name":"L\u2019integrazione femminile per lavoro e salari riguarda non solo l\u2019equit\u00e0 ma la democrazia - Fondazione Pirelli","isPartOf":{"@id":"https:\/\/www.fondazionepirelli.org\/it\/#website"},"primaryImageOfPage":{"@id":"https:\/\/www.fondazionepirelli.org\/it\/cultura-dimpresa\/blog\/lintegrazione-femminile-per-lavoro-e-salari-riguarda-non-solo-lequita-ma-la-democrazia\/#primaryimage"},"image":{"@id":"https:\/\/www.fondazionepirelli.org\/it\/cultura-dimpresa\/blog\/lintegrazione-femminile-per-lavoro-e-salari-riguarda-non-solo-lequita-ma-la-democrazia\/#primaryimage"},"thumbnailUrl":"https:\/\/wpsite-assets.fondazionepirelli.org\/wp-content\/uploads\/2025\/03\/11120216\/GettyImages-2190227988.jpg","datePublished":"2025-03-11T11:04:49+00:00","author":{"@id":"https:\/\/www.fondazionepirelli.org\/it\/#\/schema\/person\/f47d097000832c4a6e54538c791fdf25"},"breadcrumb":{"@id":"https:\/\/www.fondazionepirelli.org\/it\/cultura-dimpresa\/blog\/lintegrazione-femminile-per-lavoro-e-salari-riguarda-non-solo-lequita-ma-la-democrazia\/#breadcrumb"},"inLanguage":"it-IT","potentialAction":[{"@type":"ReadAction","target":["https:\/\/www.fondazionepirelli.org\/it\/cultura-dimpresa\/blog\/lintegrazione-femminile-per-lavoro-e-salari-riguarda-non-solo-lequita-ma-la-democrazia\/"]}]},{"@type":"ImageObject","inLanguage":"it-IT","@id":"https:\/\/www.fondazionepirelli.org\/it\/cultura-dimpresa\/blog\/lintegrazione-femminile-per-lavoro-e-salari-riguarda-non-solo-lequita-ma-la-democrazia\/#primaryimage","url":"https:\/\/wpsite-assets.fondazionepirelli.org\/wp-content\/uploads\/2025\/03\/11120216\/GettyImages-2190227988.jpg","contentUrl":"https:\/\/wpsite-assets.fondazionepirelli.org\/wp-content\/uploads\/2025\/03\/11120216\/GettyImages-2190227988.jpg","width":2384,"height":1257,"caption":"Caucasian Female Scientist Working on a Computer in the Evening. Specialist Using a Gene Sequencing Software. Advanced Biotechnology Lab in a Medical Research and Development Center"},{"@type":"BreadcrumbList","@id":"https:\/\/www.fondazionepirelli.org\/it\/cultura-dimpresa\/blog\/lintegrazione-femminile-per-lavoro-e-salari-riguarda-non-solo-lequita-ma-la-democrazia\/#breadcrumb","itemListElement":[{"@type":"ListItem","position":1,"name":"Home","item":"https:\/\/www.fondazionepirelli.org\/it\/"},{"@type":"ListItem","position":2,"name":"L\u2019integrazione femminile per lavoro e salari riguarda non solo l\u2019equit\u00e0 ma la democrazia"}]},{"@type":"WebSite","@id":"https:\/\/www.fondazionepirelli.org\/it\/#website","url":"https:\/\/www.fondazionepirelli.org\/it\/","name":"Fondazione Pirelli","description":"","potentialAction":[{"@type":"SearchAction","target":{"@type":"EntryPoint","urlTemplate":"https:\/\/www.fondazionepirelli.org\/it\/?s={search_term_string}"},"query-input":{"@type":"PropertyValueSpecification","valueRequired":true,"valueName":"search_term_string"}}],"inLanguage":"it-IT"},{"@type":"Person","@id":"https:\/\/www.fondazionepirelli.org\/it\/#\/schema\/person\/f47d097000832c4a6e54538c791fdf25","name":"fondadmin","image":{"@type":"ImageObject","inLanguage":"it-IT","@id":"https:\/\/www.fondazionepirelli.org\/it\/#\/schema\/person\/image\/","url":"https:\/\/secure.gravatar.com\/avatar\/e69498a9175ca244966e51e53c88712c024fcebe41f9a05f75657f1bb25e489b?s=96&d=mm&r=g","contentUrl":"https:\/\/secure.gravatar.com\/avatar\/e69498a9175ca244966e51e53c88712c024fcebe41f9a05f75657f1bb25e489b?s=96&d=mm&r=g","caption":"fondadmin"},"url":"https:\/\/www.fondazionepirelli.org\/it\/author\/fondadmin\/"}]}},"_links":{"self":[{"href":"https:\/\/www.fondazionepirelli.org\/it\/wp-json\/wp\/v2\/posts\/103422\/"}],"collection":[{"href":"https:\/\/www.fondazionepirelli.org\/it\/wp-json\/wp\/v2\/posts\/"}],"about":[{"href":"https:\/\/www.fondazionepirelli.org\/it\/wp-json\/wp\/v2\/types\/post\/"}],"author":[{"embeddable":true,"href":"https:\/\/www.fondazionepirelli.org\/it\/wp-json\/wp\/v2\/users\/1\/"}],"replies":[{"embeddable":true,"href":"https:\/\/www.fondazionepirelli.org\/it\/wp-json\/wp\/v2\/comments\/?post=103422"}],"version-history":[{"count":2,"href":"https:\/\/www.fondazionepirelli.org\/it\/wp-json\/wp\/v2\/posts\/103422\/revisions\/"}],"predecessor-version":[{"id":103450,"href":"https:\/\/www.fondazionepirelli.org\/it\/wp-json\/wp\/v2\/posts\/103422\/revisions\/103450\/"}],"wp:featuredmedia":[{"embeddable":true,"href":"https:\/\/www.fondazionepirelli.org\/it\/wp-json\/wp\/v2\/media\/103448\/"}],"wp:attachment":[{"href":"https:\/\/www.fondazionepirelli.org\/it\/wp-json\/wp\/v2\/media\/?parent=103422"}],"wp:term":[{"taxonomy":"category","embeddable":true,"href":"https:\/\/www.fondazionepirelli.org\/it\/wp-json\/wp\/v2\/categories\/?post=103422"},{"taxonomy":"post_tag","embeddable":true,"href":"https:\/\/www.fondazionepirelli.org\/it\/wp-json\/wp\/v2\/tags\/?post=103422"}],"curies":[{"name":"wp","href":"https:\/\/api.w.org\/{rel}","templated":true}]}}