{"id":103466,"date":"2025-03-18T16:08:40","date_gmt":"2025-03-18T15:08:40","guid":{"rendered":"https:\/\/www.fondazionepirelli.org\/?p=103466"},"modified":"2025-03-18T16:08:40","modified_gmt":"2025-03-18T15:08:40","slug":"ragionare-sul-nord-e-mettere-al-centro-lindustria-cosa-dicono-umori-e-speranze-del-partito-del-pil","status":"publish","type":"post","link":"https:\/\/www.fondazionepirelli.org\/it\/cultura-dimpresa\/blog\/ragionare-sul-nord-e-mettere-al-centro-lindustria-cosa-dicono-umori-e-speranze-del-partito-del-pil\/","title":{"rendered":"Ragionare sul Nord e mettere al centro l\u2019industria: cosa dicono umori e speranze del \u201cpartito del Pil\u201d"},"content":{"rendered":"<p><strong>\u201cNord Nord\u201d<\/strong>, scrive <strong>Marco Belpoliti<\/strong>, in un libro appena pubblicato da Einaudi, per raccontare un mondo che non \u00e8, essenzialmente, una localizzazione geografica (\u201c\u2026 si sottrae a ogni nostro tentativo di raggiungerlo\u2026 il Nord che adesso mi indica la bussola \u00e8 relativo, non \u00e8 assoluto\u201d) ma ha, soprattutto, <strong>una dimensione culturale, economica e sociale<\/strong>. In Italia, mostra una specifica connotazione sia geologica, tra le Alpi e le valli che ne discendono, che naturalistica (certi animali, certi alberi, anche se \u201cla linea della palma\u201d individuata da Leonardo Sciascia, con criteri botanici e soprattutto antropologici, l\u2019ha raggiunto). E si colloca tra la Brianza operosa, Milano citt\u00e0 aperta, Pavia e Bergamo e la pianura attraversata dal corso del Po e dei fiumi affluenti, compresa \u201cquel gran pezzo dell\u2019Emilia, terra di comunisti, motori, musica, bel gioco, cucina grassa e italiani di classe\u201d ben descritta da <strong>Edmondo Berselli<\/strong> (in un libro cos\u00ec brillantemente intitolato e pubblicato da Mondadori nel 2004, da leggere e rileggere).<\/p>\n<p>Un Nord che vive di <strong>economia produttiva<\/strong> e di <strong>cultura<\/strong>. E risente ancora, tra malinconia, lezioni civili e <strong>capacit\u00e0 di progetto<\/strong>, delle tracce di grandi intellettuali come <strong>Carlo Emilio Gadda<\/strong>, <strong>Alberto Arbasino<\/strong> e <strong>Mario Dondero<\/strong>, <strong>Ugo Mulas<\/strong>, <strong>Enzo Mari<\/strong>, <strong>Arnaldo Pomodoro<\/strong> e <strong>Gabriele Basilico<\/strong>, gli a<strong>rtisti del Bar Jamaica<\/strong> affascinati negli anni Sessanta da <strong>Giancarlo Fusco<\/strong> e due siciliani \u201cgran lombardi\u201d, alla Vittorini, come <strong>Ferdinando Scianna<\/strong> e <strong>Vincenzo Consolo<\/strong>. Un Nord, insomma, molto europeo e altrettanto mediterraneo.<\/p>\n<p>Ecco, dedicare tempo alle pagine sapide di Belpoliti (e, appunto, a quelle ironiche e lungimiranti di Berselli, troppo presto e dolorosamente scomparso) significa anche trovare delle chiavi originali di interpretazione di tensioni, passioni e speranze che segnano la parte pi\u00f9 economicamente dinamica dell\u2019Italia e fanno, nonostante tutto, da cardine per ogni processo di sviluppo sostenibile, economico e sociale, dell\u2019intero sistema Paese. Perch\u00e9 il Nord \u00e8, tra l\u2019altro, <strong>intraprendenza, industria, lavoro, cambiamento, ricerca del benessere, voglia di novit\u00e0<\/strong> e per\u00f2 pure <strong>capacit\u00e0 di inclusione sociale, spirito civile, mito positivo del progresso, sofisticata ricerca culturale, umanistica e scientifica<\/strong>. Senso della storia, dunque. E inclinazione all\u2019innovazione nel senso pi\u00f9 ampio del termine. Gusto per la bellezza. E passione per le nuove tecnologie. Il Nord di Leonardo da Vinci, Leon Battista Alberti e Galileo. Di Giulio Natta e dei futuristi. Dei sindaci riformisti e degli imprenditori e manager (<strong>Olivetti, Pirelli, Agnelli, Falck, Mattei, Borghi, Luraghi<\/strong> etc.) che hanno scritto le pagine migliori della <strong>\u201ccivilt\u00e0 delle macchine\u201d<\/strong> in cui ancora oggi affondano le radici della nostra competitivit\u00e0 e dunque del nostro sviluppo economico e sociale.<\/p>\n<p>Oltre la memoria, c\u2019\u00e8, in tempi cos\u00ec difficili e controversi, anche un disagio con cui fare i conti. Il disagio del cosiddetto <strong>\u201cpartito del Pil\u201d<\/strong>, sui cui ha attirato ancora una volta l\u2019attenzione <strong>Dario Di Vico<\/strong> (Il Foglio, 8 marzo). Si teme l\u2019effetto dei dazi minacciati dal presidente Usa Donald Trump e si invita discretamente la politica europea a fare i conti per bene, dal nostro punto di vista, non solo sulla bilancia commerciale, ma soprattutto su quella valutaria e finanziaria, ricordando a Washington quali siano i vantaggi americani per avere nel dollaro la principale valuta degli scambi, per l\u2019attrazione dei capitali europei verso Wall Street e per la ricaduta positiva di tutte le transazioni digitali.<\/p>\n<p>Ci si lamenta, inoltre, qui al Nord, della crisi industriale in corso, strettamente legata alla decrescita dell\u2019economia tedesca e ai prezzi che proprio i paesi europei pagano alle tensioni geopolitiche alimentate da Usa, Cina e Russia. E si chiede una vera e propria lungimirante politica industriale della Ue, fatta da mercato unico, investimenti per l\u2019innovazione, abbattimento dei costi dell\u2019energia e tagli intelligenti agli eccessi regolatori e burocratici. Anche la politica della sicurezza e della difesa in chiave Ue va iscritta in questo contesto: investimenti comuni, una strategia condivisa, anche superando rapidamente ed efficacemente l\u2019obsoleta e negativa politica dell\u2019unanimit\u00e0 obbligata e dei ricatti dei \u201cveti\u201d di singoli paesi.<\/p>\n<p>Il \u201cpartito del Pil\u201d e soprattutto la Confindustria presieduta da Emanuele Orsini hanno fatto un\u2019ampia apertura di credito al governo di Giorgia Meloni. Adesso, oltre a una risposta Ue sui dazi, sollecitano scelte adeguate alla ripresa, al di l\u00e0 delle dichiarazioni di buone intenzioni: un piano triennale di investimenti e misure fiscali, per esempio. Guardano con allarme quello che \u201cLa Stampa\u201d definisce \u201cFallimento 5.0\u201d (11 marzo) e cio\u00e8 la farraginosit\u00e0 per l\u2019ottenimento degli incentivi per la transizione green e digitale e lo spostamento dei fondi dedicati ad altre destinazioni. Insistono sull\u2019Ires premiale per chi investe. E sollecitano misure per i settori pi\u00f9 in difficolt\u00e0, dall\u2019<em>automotive <\/em>(senza illudersi di avere risposte dal passaggio alle produzioni di guerra) all\u2019abbigliamento.<\/p>\n<p>Chi conosce bene i territori industriali e condivide umori, progetti e preoccupazioni delle donne e degli uomini d\u2019impresa sa che proprio in questi mesi sta maturando, accanto ai timori per il perdurare della crisi, una certa voglia di ripresa e di rilancio, un robusto orgoglio europeo e dunque anche una crescente richiesta ai poteri pubblici (europei, nazionali, ma anche degli enti locali pi\u00f9 sensibili, a cominciare dai comuni come Milano, Bergamo e Brescia e dalla Regione Lombardia) di mettere al centro dell\u2019attenzione <strong>i temi dell\u2019industria<\/strong>. Non per sollecitare protezioni n\u00e9 tutele corporative e nazionaliste. Ma per non disperdere il <strong>patrimonio di competitivit\u00e0 e produttivit\u00e0<\/strong> che negli anni, grazie a investimenti e cura per innovazione, qualit\u00e0 e sostenibilit\u00e0, gran parte delle imprese del Nord hanno accumulato. Anche nell\u2019interesse del Paese.<\/p>\n<p><strong>Mettere l\u2019industria al centro<\/strong>, si sente dire dagli industriali di Trento nelle cerimonie per gli ottant\u2019anni della Confindustria trentina. Rafforzare le filiere industriali, si sostiene in Assolombarda. Dare alle imprese gli strumenti per rilanciare produttivit\u00e0 e competitivit\u00e0, si insiste in una Torino che, dopo la crisi dell\u2019auto, cerca di rafforzare i nuovi settori, a cominciare dall\u2019industria aerospaziale.<\/p>\n<p>Attenzione al made in Italy, dunque, ribadiscono in Emilia-Romagna e nel Nord Est. Pensando non tanto al pittoresco artigianale o al \u201ctipico\u201d. Quanto alle tecnologie pi\u00f9 avanzate, all\u2019impasto originale di <strong>capacit\u00e0 produttive industriali<\/strong> e <strong>servizi high tech per l\u2019impresa<\/strong>. <strong>Meccanica e meccatronica. Robotica. Chimica, gomma e farmaceutica<\/strong>. <strong>Space Economy<\/strong> e <strong>cantieristica navale<\/strong>. Con tutte le tecnologie collegate.<\/p>\n<p>Una scelta produttiva. Ma anche un\u2019idea forte della presenza dell\u2019Italia nel mondo. Sapendo bene che chi non ha un\u2019industria competitiva non conta sulla scena degli equilibri mondiali. E dunque non \u00e8 protagonista del suo futuro.<\/p>\n<p>L\u2019orizzonte industriale si inserisce nel contesto della difesa dell\u2019Europa. E della democrazia. Pensando non solo a una piazza con la bandiere Ue, ma a una fabbrica, un mercato, un terminale finanziario, un\u2019aula universitaria o di Its, un istituto di ricerca. Alla storia di un Nord in cui, appunto anche attorno alla fabbrica, sono maturate le idee e le realizzazioni sulla cittadinanza, la partecipazione, il lavoro, il welfare. E in cui sono maturate riforme per continuare a coniugare libert\u00e0 e impresa, diritti civili ed esigenze di equilibrio sociale. Le idee che innervano l\u2019Europa democratica. E cio\u00e8 la nostra vita civile. E, speriamo, il nostro futuro.<\/p>\n<p>In un reticolo di relazioni, in un sistema di connessioni. E di infrastrutture. Mediterranee ed europee, appunto. Autostrade, porti, aeroporti, poli logistici, centri della conoscenza e della formazione. E <strong>Leonardo<\/strong>, il grande centro di supercalcolo che, da Bologna, pu\u00f2 fare da riferimento per tutte le aree di maggiore industrializzazione del Paese, rendendo disponibili le opportunit\u00e0 di utilizzo dei dati necessari all\u2019Intelligenza Artificiale.<\/p>\n<p>Potremmo pur chiamare tutto ci\u00f2 Nord Nord. O in altri modi. Sapendo comunque che la forza dell\u2019Europa sta nelle relazioni Nord-Sud, cos\u00ec come Est-Ovest. In nuove mappe delle relazioni politiche e commerciali, In cui l\u2019Europa, dialogante, deve saper rivendicare i suoi primati. Economici, ma anche e soprattutto culturali e civili.<\/p><p><em>(foto Getty Images)<\/em><\/p>","protected":false},"excerpt":{"rendered":"<p>\u201cNord Nord\u201d, scrive Marco Belpoliti, in un libro appena pubblicato da Einaudi, per raccontare un mondo che non \u00e8, essenzialmente, una localizzazione geografica (\u201c\u2026 si sottrae a ogni nostro tentativo di raggiungerlo\u2026 il Nord che adesso mi indica la bussola \u00e8 relativo, non \u00e8 assoluto\u201d) ma ha, soprattutto, una dimensione culturale, economica e sociale. In [&hellip;]<\/p>\n","protected":false},"author":1,"featured_media":103470,"comment_status":"open","ping_status":"open","sticky":false,"template":"","format":"standard","meta":{"footnotes":""},"categories":[53,52],"tags":[],"class_list":["post-103466","post","type-post","status-publish","format-standard","has-post-thumbnail","hentry","category-blog","category-cultura-dimpresa"],"acf":[],"yoast_head":"<!-- This site is optimized with the Yoast SEO plugin v25.0 - https:\/\/yoast.com\/wordpress\/plugins\/seo\/ -->\n<title>Ragionare sul Nord e mettere al centro l\u2019industria: cosa dicono umori e speranze del \u201cpartito del Pil\u201d - Fondazione Pirelli<\/title>\n<meta name=\"robots\" content=\"index, follow, max-snippet:-1, max-image-preview:large, max-video-preview:-1\" \/>\n<link rel=\"canonical\" href=\"https:\/\/www.fondazionepirelli.org\/it\/cultura-dimpresa\/blog\/ragionare-sul-nord-e-mettere-al-centro-lindustria-cosa-dicono-umori-e-speranze-del-partito-del-pil\/\" \/>\n<meta property=\"og:locale\" content=\"it_IT\" \/>\n<meta property=\"og:type\" content=\"article\" \/>\n<meta property=\"og:title\" content=\"Ragionare sul Nord e mettere al centro l\u2019industria: cosa dicono umori e speranze del \u201cpartito del Pil\u201d - Fondazione Pirelli\" \/>\n<meta property=\"og:description\" content=\"\u201cNord Nord\u201d, scrive Marco Belpoliti, in un libro appena pubblicato da Einaudi, per raccontare un mondo che non \u00e8, essenzialmente, una localizzazione geografica (\u201c\u2026 si sottrae a ogni nostro tentativo di raggiungerlo\u2026 il Nord che adesso mi indica la bussola \u00e8 relativo, non \u00e8 assoluto\u201d) ma ha, soprattutto, una dimensione culturale, economica e sociale. In [&hellip;]\" \/>\n<meta property=\"og:url\" content=\"https:\/\/www.fondazionepirelli.org\/it\/cultura-dimpresa\/blog\/ragionare-sul-nord-e-mettere-al-centro-lindustria-cosa-dicono-umori-e-speranze-del-partito-del-pil\/\" \/>\n<meta property=\"og:site_name\" content=\"Fondazione Pirelli\" \/>\n<meta property=\"article:published_time\" content=\"2025-03-18T15:08:40+00:00\" \/>\n<meta property=\"og:image\" content=\"https:\/\/wpsite-assets.fondazionepirelli.org\/wp-content\/uploads\/2025\/03\/18110453\/GettyImages-1290647047_low.jpg\" \/>\n\t<meta property=\"og:image:width\" content=\"1381\" \/>\n\t<meta property=\"og:image:height\" content=\"960\" \/>\n\t<meta property=\"og:image:type\" content=\"image\/jpeg\" \/>\n<meta name=\"author\" content=\"fondadmin\" \/>\n<meta name=\"twitter:card\" content=\"summary_large_image\" \/>\n<meta name=\"twitter:label1\" content=\"Scritto da\" \/>\n\t<meta name=\"twitter:data1\" content=\"fondadmin\" \/>\n\t<meta name=\"twitter:label2\" content=\"Tempo di lettura stimato\" \/>\n\t<meta name=\"twitter:data2\" content=\"6 minuti\" \/>\n<script type=\"application\/ld+json\" class=\"yoast-schema-graph\">{\"@context\":\"https:\/\/schema.org\",\"@graph\":[{\"@type\":\"WebPage\",\"@id\":\"https:\/\/www.fondazionepirelli.org\/it\/cultura-dimpresa\/blog\/ragionare-sul-nord-e-mettere-al-centro-lindustria-cosa-dicono-umori-e-speranze-del-partito-del-pil\/\",\"url\":\"https:\/\/www.fondazionepirelli.org\/it\/cultura-dimpresa\/blog\/ragionare-sul-nord-e-mettere-al-centro-lindustria-cosa-dicono-umori-e-speranze-del-partito-del-pil\/\",\"name\":\"Ragionare sul Nord e mettere al centro l\u2019industria: cosa dicono umori e speranze del \u201cpartito del Pil\u201d - Fondazione Pirelli\",\"isPartOf\":{\"@id\":\"https:\/\/www.fondazionepirelli.org\/it\/#website\"},\"primaryImageOfPage\":{\"@id\":\"https:\/\/www.fondazionepirelli.org\/it\/cultura-dimpresa\/blog\/ragionare-sul-nord-e-mettere-al-centro-lindustria-cosa-dicono-umori-e-speranze-del-partito-del-pil\/#primaryimage\"},\"image\":{\"@id\":\"https:\/\/www.fondazionepirelli.org\/it\/cultura-dimpresa\/blog\/ragionare-sul-nord-e-mettere-al-centro-lindustria-cosa-dicono-umori-e-speranze-del-partito-del-pil\/#primaryimage\"},\"thumbnailUrl\":\"https:\/\/wpsite-assets.fondazionepirelli.org\/wp-content\/uploads\/2025\/03\/18110453\/GettyImages-1290647047_low.jpg\",\"datePublished\":\"2025-03-18T15:08:40+00:00\",\"author\":{\"@id\":\"https:\/\/www.fondazionepirelli.org\/it\/#\/schema\/person\/f47d097000832c4a6e54538c791fdf25\"},\"breadcrumb\":{\"@id\":\"https:\/\/www.fondazionepirelli.org\/it\/cultura-dimpresa\/blog\/ragionare-sul-nord-e-mettere-al-centro-lindustria-cosa-dicono-umori-e-speranze-del-partito-del-pil\/#breadcrumb\"},\"inLanguage\":\"it-IT\",\"potentialAction\":[{\"@type\":\"ReadAction\",\"target\":[\"https:\/\/www.fondazionepirelli.org\/it\/cultura-dimpresa\/blog\/ragionare-sul-nord-e-mettere-al-centro-lindustria-cosa-dicono-umori-e-speranze-del-partito-del-pil\/\"]}]},{\"@type\":\"ImageObject\",\"inLanguage\":\"it-IT\",\"@id\":\"https:\/\/www.fondazionepirelli.org\/it\/cultura-dimpresa\/blog\/ragionare-sul-nord-e-mettere-al-centro-lindustria-cosa-dicono-umori-e-speranze-del-partito-del-pil\/#primaryimage\",\"url\":\"https:\/\/wpsite-assets.fondazionepirelli.org\/wp-content\/uploads\/2025\/03\/18110453\/GettyImages-1290647047_low.jpg\",\"contentUrl\":\"https:\/\/wpsite-assets.fondazionepirelli.org\/wp-content\/uploads\/2025\/03\/18110453\/GettyImages-1290647047_low.jpg\",\"width\":1381,\"height\":960,\"caption\":\"soldering iron tips of automated manufacturing soldering and assembly pcb board\"},{\"@type\":\"BreadcrumbList\",\"@id\":\"https:\/\/www.fondazionepirelli.org\/it\/cultura-dimpresa\/blog\/ragionare-sul-nord-e-mettere-al-centro-lindustria-cosa-dicono-umori-e-speranze-del-partito-del-pil\/#breadcrumb\",\"itemListElement\":[{\"@type\":\"ListItem\",\"position\":1,\"name\":\"Home\",\"item\":\"https:\/\/www.fondazionepirelli.org\/it\/\"},{\"@type\":\"ListItem\",\"position\":2,\"name\":\"Ragionare sul Nord e mettere al centro l\u2019industria: cosa dicono umori e speranze del \u201cpartito del Pil\u201d\"}]},{\"@type\":\"WebSite\",\"@id\":\"https:\/\/www.fondazionepirelli.org\/it\/#website\",\"url\":\"https:\/\/www.fondazionepirelli.org\/it\/\",\"name\":\"Fondazione Pirelli\",\"description\":\"\",\"potentialAction\":[{\"@type\":\"SearchAction\",\"target\":{\"@type\":\"EntryPoint\",\"urlTemplate\":\"https:\/\/www.fondazionepirelli.org\/it\/?s={search_term_string}\"},\"query-input\":{\"@type\":\"PropertyValueSpecification\",\"valueRequired\":true,\"valueName\":\"search_term_string\"}}],\"inLanguage\":\"it-IT\"},{\"@type\":\"Person\",\"@id\":\"https:\/\/www.fondazionepirelli.org\/it\/#\/schema\/person\/f47d097000832c4a6e54538c791fdf25\",\"name\":\"fondadmin\",\"image\":{\"@type\":\"ImageObject\",\"inLanguage\":\"it-IT\",\"@id\":\"https:\/\/www.fondazionepirelli.org\/it\/#\/schema\/person\/image\/\",\"url\":\"https:\/\/secure.gravatar.com\/avatar\/e69498a9175ca244966e51e53c88712c024fcebe41f9a05f75657f1bb25e489b?s=96&d=mm&r=g\",\"contentUrl\":\"https:\/\/secure.gravatar.com\/avatar\/e69498a9175ca244966e51e53c88712c024fcebe41f9a05f75657f1bb25e489b?s=96&d=mm&r=g\",\"caption\":\"fondadmin\"},\"url\":\"https:\/\/www.fondazionepirelli.org\/it\/author\/fondadmin\/\"}]}<\/script>\n<!-- \/ Yoast SEO plugin. -->","yoast_head_json":{"title":"Ragionare sul Nord e mettere al centro l\u2019industria: cosa dicono umori e speranze del \u201cpartito del Pil\u201d - Fondazione Pirelli","robots":{"index":"index","follow":"follow","max-snippet":"max-snippet:-1","max-image-preview":"max-image-preview:large","max-video-preview":"max-video-preview:-1"},"canonical":"https:\/\/www.fondazionepirelli.org\/it\/cultura-dimpresa\/blog\/ragionare-sul-nord-e-mettere-al-centro-lindustria-cosa-dicono-umori-e-speranze-del-partito-del-pil\/","og_locale":"it_IT","og_type":"article","og_title":"Ragionare sul Nord e mettere al centro l\u2019industria: cosa dicono umori e speranze del \u201cpartito del Pil\u201d - Fondazione Pirelli","og_description":"\u201cNord Nord\u201d, scrive Marco Belpoliti, in un libro appena pubblicato da Einaudi, per raccontare un mondo che non \u00e8, essenzialmente, una localizzazione geografica (\u201c\u2026 si sottrae a ogni nostro tentativo di raggiungerlo\u2026 il Nord che adesso mi indica la bussola \u00e8 relativo, non \u00e8 assoluto\u201d) ma ha, soprattutto, una dimensione culturale, economica e sociale. In [&hellip;]","og_url":"https:\/\/www.fondazionepirelli.org\/it\/cultura-dimpresa\/blog\/ragionare-sul-nord-e-mettere-al-centro-lindustria-cosa-dicono-umori-e-speranze-del-partito-del-pil\/","og_site_name":"Fondazione Pirelli","article_published_time":"2025-03-18T15:08:40+00:00","og_image":[{"width":1381,"height":960,"url":"https:\/\/wpsite-assets.fondazionepirelli.org\/wp-content\/uploads\/2025\/03\/18110453\/GettyImages-1290647047_low.jpg","type":"image\/jpeg"}],"author":"fondadmin","twitter_card":"summary_large_image","twitter_misc":{"Scritto da":"fondadmin","Tempo di lettura stimato":"6 minuti"},"schema":{"@context":"https:\/\/schema.org","@graph":[{"@type":"WebPage","@id":"https:\/\/www.fondazionepirelli.org\/it\/cultura-dimpresa\/blog\/ragionare-sul-nord-e-mettere-al-centro-lindustria-cosa-dicono-umori-e-speranze-del-partito-del-pil\/","url":"https:\/\/www.fondazionepirelli.org\/it\/cultura-dimpresa\/blog\/ragionare-sul-nord-e-mettere-al-centro-lindustria-cosa-dicono-umori-e-speranze-del-partito-del-pil\/","name":"Ragionare sul Nord e mettere al centro l\u2019industria: cosa dicono umori e speranze del \u201cpartito del Pil\u201d - Fondazione Pirelli","isPartOf":{"@id":"https:\/\/www.fondazionepirelli.org\/it\/#website"},"primaryImageOfPage":{"@id":"https:\/\/www.fondazionepirelli.org\/it\/cultura-dimpresa\/blog\/ragionare-sul-nord-e-mettere-al-centro-lindustria-cosa-dicono-umori-e-speranze-del-partito-del-pil\/#primaryimage"},"image":{"@id":"https:\/\/www.fondazionepirelli.org\/it\/cultura-dimpresa\/blog\/ragionare-sul-nord-e-mettere-al-centro-lindustria-cosa-dicono-umori-e-speranze-del-partito-del-pil\/#primaryimage"},"thumbnailUrl":"https:\/\/wpsite-assets.fondazionepirelli.org\/wp-content\/uploads\/2025\/03\/18110453\/GettyImages-1290647047_low.jpg","datePublished":"2025-03-18T15:08:40+00:00","author":{"@id":"https:\/\/www.fondazionepirelli.org\/it\/#\/schema\/person\/f47d097000832c4a6e54538c791fdf25"},"breadcrumb":{"@id":"https:\/\/www.fondazionepirelli.org\/it\/cultura-dimpresa\/blog\/ragionare-sul-nord-e-mettere-al-centro-lindustria-cosa-dicono-umori-e-speranze-del-partito-del-pil\/#breadcrumb"},"inLanguage":"it-IT","potentialAction":[{"@type":"ReadAction","target":["https:\/\/www.fondazionepirelli.org\/it\/cultura-dimpresa\/blog\/ragionare-sul-nord-e-mettere-al-centro-lindustria-cosa-dicono-umori-e-speranze-del-partito-del-pil\/"]}]},{"@type":"ImageObject","inLanguage":"it-IT","@id":"https:\/\/www.fondazionepirelli.org\/it\/cultura-dimpresa\/blog\/ragionare-sul-nord-e-mettere-al-centro-lindustria-cosa-dicono-umori-e-speranze-del-partito-del-pil\/#primaryimage","url":"https:\/\/wpsite-assets.fondazionepirelli.org\/wp-content\/uploads\/2025\/03\/18110453\/GettyImages-1290647047_low.jpg","contentUrl":"https:\/\/wpsite-assets.fondazionepirelli.org\/wp-content\/uploads\/2025\/03\/18110453\/GettyImages-1290647047_low.jpg","width":1381,"height":960,"caption":"soldering iron tips of automated manufacturing soldering and assembly pcb board"},{"@type":"BreadcrumbList","@id":"https:\/\/www.fondazionepirelli.org\/it\/cultura-dimpresa\/blog\/ragionare-sul-nord-e-mettere-al-centro-lindustria-cosa-dicono-umori-e-speranze-del-partito-del-pil\/#breadcrumb","itemListElement":[{"@type":"ListItem","position":1,"name":"Home","item":"https:\/\/www.fondazionepirelli.org\/it\/"},{"@type":"ListItem","position":2,"name":"Ragionare sul Nord e mettere al centro l\u2019industria: cosa dicono umori e speranze del \u201cpartito del Pil\u201d"}]},{"@type":"WebSite","@id":"https:\/\/www.fondazionepirelli.org\/it\/#website","url":"https:\/\/www.fondazionepirelli.org\/it\/","name":"Fondazione Pirelli","description":"","potentialAction":[{"@type":"SearchAction","target":{"@type":"EntryPoint","urlTemplate":"https:\/\/www.fondazionepirelli.org\/it\/?s={search_term_string}"},"query-input":{"@type":"PropertyValueSpecification","valueRequired":true,"valueName":"search_term_string"}}],"inLanguage":"it-IT"},{"@type":"Person","@id":"https:\/\/www.fondazionepirelli.org\/it\/#\/schema\/person\/f47d097000832c4a6e54538c791fdf25","name":"fondadmin","image":{"@type":"ImageObject","inLanguage":"it-IT","@id":"https:\/\/www.fondazionepirelli.org\/it\/#\/schema\/person\/image\/","url":"https:\/\/secure.gravatar.com\/avatar\/e69498a9175ca244966e51e53c88712c024fcebe41f9a05f75657f1bb25e489b?s=96&d=mm&r=g","contentUrl":"https:\/\/secure.gravatar.com\/avatar\/e69498a9175ca244966e51e53c88712c024fcebe41f9a05f75657f1bb25e489b?s=96&d=mm&r=g","caption":"fondadmin"},"url":"https:\/\/www.fondazionepirelli.org\/it\/author\/fondadmin\/"}]}},"_links":{"self":[{"href":"https:\/\/www.fondazionepirelli.org\/it\/wp-json\/wp\/v2\/posts\/103466\/"}],"collection":[{"href":"https:\/\/www.fondazionepirelli.org\/it\/wp-json\/wp\/v2\/posts\/"}],"about":[{"href":"https:\/\/www.fondazionepirelli.org\/it\/wp-json\/wp\/v2\/types\/post\/"}],"author":[{"embeddable":true,"href":"https:\/\/www.fondazionepirelli.org\/it\/wp-json\/wp\/v2\/users\/1\/"}],"replies":[{"embeddable":true,"href":"https:\/\/www.fondazionepirelli.org\/it\/wp-json\/wp\/v2\/comments\/?post=103466"}],"version-history":[{"count":2,"href":"https:\/\/www.fondazionepirelli.org\/it\/wp-json\/wp\/v2\/posts\/103466\/revisions\/"}],"predecessor-version":[{"id":103472,"href":"https:\/\/www.fondazionepirelli.org\/it\/wp-json\/wp\/v2\/posts\/103466\/revisions\/103472\/"}],"wp:featuredmedia":[{"embeddable":true,"href":"https:\/\/www.fondazionepirelli.org\/it\/wp-json\/wp\/v2\/media\/103470\/"}],"wp:attachment":[{"href":"https:\/\/www.fondazionepirelli.org\/it\/wp-json\/wp\/v2\/media\/?parent=103466"}],"wp:term":[{"taxonomy":"category","embeddable":true,"href":"https:\/\/www.fondazionepirelli.org\/it\/wp-json\/wp\/v2\/categories\/?post=103466"},{"taxonomy":"post_tag","embeddable":true,"href":"https:\/\/www.fondazionepirelli.org\/it\/wp-json\/wp\/v2\/tags\/?post=103466"}],"curies":[{"name":"wp","href":"https:\/\/api.w.org\/{rel}","templated":true}]}}