{"id":103473,"date":"2025-03-18T16:08:22","date_gmt":"2025-03-18T15:08:22","guid":{"rendered":"https:\/\/www.fondazionepirelli.org\/?p=103473"},"modified":"2025-03-18T16:10:52","modified_gmt":"2025-03-18T15:10:52","slug":"innovazione-e-identita-di-genere-tra-storia-e-cultura-dimpresa","status":"publish","type":"post","link":"https:\/\/www.fondazionepirelli.org\/it\/cultura-dimpresa\/innovazione-e-identita-di-genere-tra-storia-e-cultura-dimpresa\/","title":{"rendered":"Innovazione e identit\u00e0 di genere tra storia e cultura d\u2019impresa"},"content":{"rendered":"<p><em>Una originale ricerca di Banca d\u2019Italia indaga su eredit\u00e0 secolari che contano ancora oggi<\/em><\/p><p>La storia insegna, anche nella gestione e nella cultura d\u2019impresa. Cos\u00ec come nell\u2019innovazione. Non si tratta di retaggi polverosi del passato, ma di eredit\u00e0 importanti che \u2013 magari anche a distanza di secoli \u2013 lasciano ancora il segno.<\/p>\n<p>\u00c8 il messaggio al quale si arriva leggendo l\u2019interessante ricerca di \u201cInventrici: l&#8217;eredit\u00e0 delle corporazioni medievali\u201d di Sabrina Di Addario, Michela Giorcelli e Agata Maida ospitata dalla collana di Banca d\u2019Italia\u00a0 \u201cTemi di discussione\u201d.<\/p>\n<p>La ricerca prende le mosse da una constatazione: la quota di donne inventrici \u00e8 sensibilmente inferiore a quella degli uomini. Partendo da questa realt\u00e0, le autrici dell\u2019indagine cercando di verificare se la bassa propensione femminile a brevettare in Italia dipenda dalla concezione storica del ruolo delle donne nella societ\u00e0, misurata con la loro incidenza tra i fondatori delle corporazioni nel Medioevo. La storia, dunque, come strumento per comprendere il presente. Anche nell\u2019innovazione.<\/p>\n<p>L&#8217;analisi utilizza quindi i dati sulle corporazioni dell&#8217;Archivio centrale dello Stato e i dati amministrativi sui datori di lavoro e i dipendenti e dati dell&#8217;Ufficio europeo dei brevetti.<\/p>\n<p>I risultati mostrano che le province italiane che avevano una maggiore quota di donne tra i fondatori delle corporazioni medievali sono quelle in cui oggi \u00e8 presente una pi\u00f9 elevata quota di donne inventrici e una pi\u00f9 intensa attivit\u00e0 brevettuale femminile. E non basta, perch\u00e9 le stime mostrano anche che in quelle stesse province si ha oggi una pi\u00f9 elevata percentuale di donne laureate, soprattutto da facolt\u00e0 STEM, e una pi\u00f9 alta partecipazione delle donne al mercato del lavoro.<\/p>\n<p>L\u2019analisi condotta da Sabrina Di Addario, Michela Giorcelli e Agata Maida aiuta a comprendere un aspetto particolare della vita delle imprese e dei territori, un aspetto di grande importanza oggi ma che affonda le radici nel passato.<\/p><p><a href=\"https:\/\/wpsite-assets.fondazionepirelli.org\/wp-content\/uploads\/2025\/03\/18160333\/en_tema_1480.pdf\"><strong>Inventrici: l&#8217;eredit\u00e0 delle corporazioni medievali<\/strong><\/a><\/p>\n<p>Sabrina Di Addario, Michela Giorcelli, Agata Maida<\/p>\n<p>Banca d\u2019Italia, Temi di discussione n. 1480, marzo 2025<\/p>\n","protected":false},"excerpt":{"rendered":"<p>Una originale ricerca di Banca d\u2019Italia indaga su eredit\u00e0 secolari che contano ancora oggiLa storia insegna, anche nella gestione e nella cultura d\u2019impresa. Cos\u00ec come nell\u2019innovazione. Non si tratta di retaggi polverosi del passato, ma di eredit\u00e0 importanti che \u2013 magari anche a distanza di secoli \u2013 lasciano ancora il segno. \u00c8 il messaggio al [&hellip;]<\/p>\n","protected":false},"author":1,"featured_media":0,"comment_status":"open","ping_status":"open","sticky":false,"template":"","format":"standard","meta":{"footnotes":""},"categories":[54,52],"tags":[],"class_list":["post-103473","post","type-post","status-publish","format-standard","hentry","category-approfondimenti","category-cultura-dimpresa"],"acf":[],"yoast_head":"<!-- This site is optimized with the Yoast SEO plugin v25.0 - https:\/\/yoast.com\/wordpress\/plugins\/seo\/ -->\n<title>Innovazione e identit\u00e0 di genere tra storia e cultura d\u2019impresa - Fondazione Pirelli<\/title>\n<meta name=\"robots\" content=\"index, follow, max-snippet:-1, max-image-preview:large, max-video-preview:-1\" \/>\n<link rel=\"canonical\" href=\"https:\/\/www.fondazionepirelli.org\/it\/cultura-dimpresa\/innovazione-e-identita-di-genere-tra-storia-e-cultura-dimpresa\/\" \/>\n<meta property=\"og:locale\" content=\"it_IT\" \/>\n<meta property=\"og:type\" content=\"article\" \/>\n<meta property=\"og:title\" content=\"Innovazione e identit\u00e0 di genere tra storia e cultura d\u2019impresa - Fondazione Pirelli\" \/>\n<meta property=\"og:description\" content=\"Una originale ricerca di Banca d\u2019Italia indaga su eredit\u00e0 secolari che contano ancora oggiLa storia insegna, anche nella gestione e nella cultura d\u2019impresa. Cos\u00ec come nell\u2019innovazione. Non si tratta di retaggi polverosi del passato, ma di eredit\u00e0 importanti che \u2013 magari anche a distanza di secoli \u2013 lasciano ancora il segno. \u00c8 il messaggio al [&hellip;]\" \/>\n<meta property=\"og:url\" content=\"https:\/\/127.0.0.1\/it\/cultura-dimpresa\/innovazione-e-identita-di-genere-tra-storia-e-cultura-dimpresa\/\" \/>\n<meta property=\"og:site_name\" content=\"Fondazione Pirelli\" \/>\n<meta property=\"article:published_time\" content=\"2025-03-18T15:08:22+00:00\" \/>\n<meta property=\"article:modified_time\" content=\"2025-03-18T15:10:52+00:00\" \/>\n<meta name=\"author\" content=\"fondadmin\" \/>\n<meta name=\"twitter:card\" content=\"summary_large_image\" \/>\n<meta name=\"twitter:label1\" content=\"Scritto da\" \/>\n\t<meta name=\"twitter:data1\" content=\"fondadmin\" \/>\n\t<meta name=\"twitter:label2\" content=\"Tempo di lettura stimato\" \/>\n\t<meta name=\"twitter:data2\" content=\"2 minuti\" \/>\n<script type=\"application\/ld+json\" class=\"yoast-schema-graph\">{\"@context\":\"https:\/\/schema.org\",\"@graph\":[{\"@type\":\"WebPage\",\"@id\":\"https:\/\/127.0.0.1\/it\/cultura-dimpresa\/innovazione-e-identita-di-genere-tra-storia-e-cultura-dimpresa\/\",\"url\":\"https:\/\/127.0.0.1\/it\/cultura-dimpresa\/innovazione-e-identita-di-genere-tra-storia-e-cultura-dimpresa\/\",\"name\":\"Innovazione e identit\u00e0 di genere tra storia e cultura d\u2019impresa - Fondazione Pirelli\",\"isPartOf\":{\"@id\":\"https:\/\/www.fondazionepirelli.org\/it\/#website\"},\"datePublished\":\"2025-03-18T15:08:22+00:00\",\"dateModified\":\"2025-03-18T15:10:52+00:00\",\"author\":{\"@id\":\"https:\/\/www.fondazionepirelli.org\/it\/#\/schema\/person\/f47d097000832c4a6e54538c791fdf25\"},\"breadcrumb\":{\"@id\":\"https:\/\/127.0.0.1\/it\/cultura-dimpresa\/innovazione-e-identita-di-genere-tra-storia-e-cultura-dimpresa\/#breadcrumb\"},\"inLanguage\":\"it-IT\",\"potentialAction\":[{\"@type\":\"ReadAction\",\"target\":[\"https:\/\/127.0.0.1\/it\/cultura-dimpresa\/innovazione-e-identita-di-genere-tra-storia-e-cultura-dimpresa\/\"]}]},{\"@type\":\"BreadcrumbList\",\"@id\":\"https:\/\/127.0.0.1\/it\/cultura-dimpresa\/innovazione-e-identita-di-genere-tra-storia-e-cultura-dimpresa\/#breadcrumb\",\"itemListElement\":[{\"@type\":\"ListItem\",\"position\":1,\"name\":\"Home\",\"item\":\"https:\/\/www.fondazionepirelli.org\/it\/\"},{\"@type\":\"ListItem\",\"position\":2,\"name\":\"Innovazione e identit\u00e0 di genere tra storia e cultura d\u2019impresa\"}]},{\"@type\":\"WebSite\",\"@id\":\"https:\/\/www.fondazionepirelli.org\/it\/#website\",\"url\":\"https:\/\/www.fondazionepirelli.org\/it\/\",\"name\":\"Fondazione Pirelli\",\"description\":\"\",\"potentialAction\":[{\"@type\":\"SearchAction\",\"target\":{\"@type\":\"EntryPoint\",\"urlTemplate\":\"https:\/\/www.fondazionepirelli.org\/it\/?s={search_term_string}\"},\"query-input\":{\"@type\":\"PropertyValueSpecification\",\"valueRequired\":true,\"valueName\":\"search_term_string\"}}],\"inLanguage\":\"it-IT\"},{\"@type\":\"Person\",\"@id\":\"https:\/\/www.fondazionepirelli.org\/it\/#\/schema\/person\/f47d097000832c4a6e54538c791fdf25\",\"name\":\"fondadmin\",\"image\":{\"@type\":\"ImageObject\",\"inLanguage\":\"it-IT\",\"@id\":\"https:\/\/www.fondazionepirelli.org\/it\/#\/schema\/person\/image\/\",\"url\":\"https:\/\/secure.gravatar.com\/avatar\/e69498a9175ca244966e51e53c88712c024fcebe41f9a05f75657f1bb25e489b?s=96&d=mm&r=g\",\"contentUrl\":\"https:\/\/secure.gravatar.com\/avatar\/e69498a9175ca244966e51e53c88712c024fcebe41f9a05f75657f1bb25e489b?s=96&d=mm&r=g\",\"caption\":\"fondadmin\"},\"url\":\"https:\/\/www.fondazionepirelli.org\/it\/author\/fondadmin\/\"}]}<\/script>\n<!-- \/ Yoast SEO plugin. -->","yoast_head_json":{"title":"Innovazione e identit\u00e0 di genere tra storia e cultura d\u2019impresa - Fondazione Pirelli","robots":{"index":"index","follow":"follow","max-snippet":"max-snippet:-1","max-image-preview":"max-image-preview:large","max-video-preview":"max-video-preview:-1"},"canonical":"https:\/\/www.fondazionepirelli.org\/it\/cultura-dimpresa\/innovazione-e-identita-di-genere-tra-storia-e-cultura-dimpresa\/","og_locale":"it_IT","og_type":"article","og_title":"Innovazione e identit\u00e0 di genere tra storia e cultura d\u2019impresa - Fondazione Pirelli","og_description":"Una originale ricerca di Banca d\u2019Italia indaga su eredit\u00e0 secolari che contano ancora oggiLa storia insegna, anche nella gestione e nella cultura d\u2019impresa. Cos\u00ec come nell\u2019innovazione. Non si tratta di retaggi polverosi del passato, ma di eredit\u00e0 importanti che \u2013 magari anche a distanza di secoli \u2013 lasciano ancora il segno. \u00c8 il messaggio al [&hellip;]","og_url":"https:\/\/127.0.0.1\/it\/cultura-dimpresa\/innovazione-e-identita-di-genere-tra-storia-e-cultura-dimpresa\/","og_site_name":"Fondazione Pirelli","article_published_time":"2025-03-18T15:08:22+00:00","article_modified_time":"2025-03-18T15:10:52+00:00","author":"fondadmin","twitter_card":"summary_large_image","twitter_misc":{"Scritto da":"fondadmin","Tempo di lettura stimato":"2 minuti"},"schema":{"@context":"https:\/\/schema.org","@graph":[{"@type":"WebPage","@id":"https:\/\/127.0.0.1\/it\/cultura-dimpresa\/innovazione-e-identita-di-genere-tra-storia-e-cultura-dimpresa\/","url":"https:\/\/127.0.0.1\/it\/cultura-dimpresa\/innovazione-e-identita-di-genere-tra-storia-e-cultura-dimpresa\/","name":"Innovazione e identit\u00e0 di genere tra storia e cultura d\u2019impresa - Fondazione Pirelli","isPartOf":{"@id":"https:\/\/www.fondazionepirelli.org\/it\/#website"},"datePublished":"2025-03-18T15:08:22+00:00","dateModified":"2025-03-18T15:10:52+00:00","author":{"@id":"https:\/\/www.fondazionepirelli.org\/it\/#\/schema\/person\/f47d097000832c4a6e54538c791fdf25"},"breadcrumb":{"@id":"https:\/\/127.0.0.1\/it\/cultura-dimpresa\/innovazione-e-identita-di-genere-tra-storia-e-cultura-dimpresa\/#breadcrumb"},"inLanguage":"it-IT","potentialAction":[{"@type":"ReadAction","target":["https:\/\/127.0.0.1\/it\/cultura-dimpresa\/innovazione-e-identita-di-genere-tra-storia-e-cultura-dimpresa\/"]}]},{"@type":"BreadcrumbList","@id":"https:\/\/127.0.0.1\/it\/cultura-dimpresa\/innovazione-e-identita-di-genere-tra-storia-e-cultura-dimpresa\/#breadcrumb","itemListElement":[{"@type":"ListItem","position":1,"name":"Home","item":"https:\/\/www.fondazionepirelli.org\/it\/"},{"@type":"ListItem","position":2,"name":"Innovazione e identit\u00e0 di genere tra storia e cultura d\u2019impresa"}]},{"@type":"WebSite","@id":"https:\/\/www.fondazionepirelli.org\/it\/#website","url":"https:\/\/www.fondazionepirelli.org\/it\/","name":"Fondazione Pirelli","description":"","potentialAction":[{"@type":"SearchAction","target":{"@type":"EntryPoint","urlTemplate":"https:\/\/www.fondazionepirelli.org\/it\/?s={search_term_string}"},"query-input":{"@type":"PropertyValueSpecification","valueRequired":true,"valueName":"search_term_string"}}],"inLanguage":"it-IT"},{"@type":"Person","@id":"https:\/\/www.fondazionepirelli.org\/it\/#\/schema\/person\/f47d097000832c4a6e54538c791fdf25","name":"fondadmin","image":{"@type":"ImageObject","inLanguage":"it-IT","@id":"https:\/\/www.fondazionepirelli.org\/it\/#\/schema\/person\/image\/","url":"https:\/\/secure.gravatar.com\/avatar\/e69498a9175ca244966e51e53c88712c024fcebe41f9a05f75657f1bb25e489b?s=96&d=mm&r=g","contentUrl":"https:\/\/secure.gravatar.com\/avatar\/e69498a9175ca244966e51e53c88712c024fcebe41f9a05f75657f1bb25e489b?s=96&d=mm&r=g","caption":"fondadmin"},"url":"https:\/\/www.fondazionepirelli.org\/it\/author\/fondadmin\/"}]}},"_links":{"self":[{"href":"https:\/\/www.fondazionepirelli.org\/it\/wp-json\/wp\/v2\/posts\/103473\/"}],"collection":[{"href":"https:\/\/www.fondazionepirelli.org\/it\/wp-json\/wp\/v2\/posts\/"}],"about":[{"href":"https:\/\/www.fondazionepirelli.org\/it\/wp-json\/wp\/v2\/types\/post\/"}],"author":[{"embeddable":true,"href":"https:\/\/www.fondazionepirelli.org\/it\/wp-json\/wp\/v2\/users\/1\/"}],"replies":[{"embeddable":true,"href":"https:\/\/www.fondazionepirelli.org\/it\/wp-json\/wp\/v2\/comments\/?post=103473"}],"version-history":[{"count":1,"href":"https:\/\/www.fondazionepirelli.org\/it\/wp-json\/wp\/v2\/posts\/103473\/revisions\/"}],"predecessor-version":[{"id":103476,"href":"https:\/\/www.fondazionepirelli.org\/it\/wp-json\/wp\/v2\/posts\/103473\/revisions\/103476\/"}],"wp:attachment":[{"href":"https:\/\/www.fondazionepirelli.org\/it\/wp-json\/wp\/v2\/media\/?parent=103473"}],"wp:term":[{"taxonomy":"category","embeddable":true,"href":"https:\/\/www.fondazionepirelli.org\/it\/wp-json\/wp\/v2\/categories\/?post=103473"},{"taxonomy":"post_tag","embeddable":true,"href":"https:\/\/www.fondazionepirelli.org\/it\/wp-json\/wp\/v2\/tags\/?post=103473"}],"curies":[{"name":"wp","href":"https:\/\/api.w.org\/{rel}","templated":true}]}}