{"id":103565,"date":"2025-03-26T14:31:25","date_gmt":"2025-03-26T13:31:25","guid":{"rendered":"https:\/\/www.fondazionepirelli.org\/?p=103565"},"modified":"2025-03-26T14:31:25","modified_gmt":"2025-03-26T13:31:25","slug":"da-calamandrei-a-mattarella-le-regole-e-i-valori-per-difendere-e-rilanciare-liberta-e-democrazia","status":"publish","type":"post","link":"https:\/\/www.fondazionepirelli.org\/it\/cultura-dimpresa\/blog\/da-calamandrei-a-mattarella-le-regole-e-i-valori-per-difendere-e-rilanciare-liberta-e-democrazia\/","title":{"rendered":"Da Calamandrei a Mattarella, le regole e i valori per difendere e rilanciare libert\u00e0 e democrazia"},"content":{"rendered":"<p>\u201cLa democrazia non \u00e8 una conquista definitiva, va continuamente realizzata, vissuta, consolidata e interpretata\u201d. Ma anche: \u201cLa libert\u00e0 \u00e8 come l\u2019aria: ci si accorge di quanto vale quando comincia a mancare\u201d.<\/p>\n<p>In tempi cos\u00ec difficili e controversi, contro le cattive inclinazioni alla banalit\u00e0 e alla volgarit\u00e0 e le crescenti manifestazioni di fastidio verso la democrazia, vale la pena rileggere alcune delle pagine migliori della nostra letteratura politica. Come quelle dell\u2019intervento del <strong>Presidente della Repubblica<\/strong> <strong>Sergio Mattarella<\/strong>, rivolto nell\u2019aprile 2015 ai giovani vincitori del concorso <strong>\u201cDalla Resistenza alla Cittadinanza attiva\u201d<\/strong>. E come il discorso di <strong>Piero Calamandrei<\/strong> sulla Costituzione, del 1955, con un passaggio essenziale: \u201c\u00c8 cos\u00ec bello, \u00e8 cos\u00ec comodo: la libert\u00e0 c&#8217;\u00e8. Si vive in regime di libert\u00e0, c&#8217;\u00e8 altre cose da fare che interessarsi alla politica. E lo so anch&#8217;io. Il mondo \u00e8 cos\u00ec bello, ci sono tante cose belle da vedere, da godere, oltre che occuparsi di politica. La politica non \u00e8 una piacevole cosa\u201d.<\/p>\n<p>Per\u00f2, continua Calamandrei, \u201cla libert\u00e0 \u00e8 come l&#8217;aria: ci si accorge di quanto vale quando comincia a mancare, quando si sente quel senso di asfissia che gli uomini della mia generazione hanno sentito per vent&#8217;anni, e che io auguro a voi, giovani, di non sentire mai\u201d.<\/p>\n<p>La conclusione \u00e8 esemplare, a futura memoria: \u201cVi auguro di non trovarvi mai a sentire questo senso di angoscia, in quanto vi auguro di riuscire a creare voi le condizioni perch\u00e9 questo senso di angoscia non lo dobbiate provare mai, ricordandovi ogni giorno che sulla libert\u00e0 bisogna vigilare, dando il proprio contributo alla vita politica\u201d.<\/p>\n<p>Dalla fine della Seconda Guerra mondiale, conclusa con la sconfitta del nazismo e del fascismo, abbiamo vissuto in Europa <strong>ottant\u2019anni di pace<\/strong>, segnati dall\u2019espansione di quella mirabile sintesi tra <strong>democrazia liberale<\/strong>, <strong>economia di mercato<\/strong> e <strong>welfare State<\/strong>, cio\u00e8 tra <strong>libert\u00e0, intraprendenza, benessere e coesione sociale<\/strong> (tutte condizioni che, con troppa superficialit\u00e0, abbiamo dato per acquisite una volta per tutte). L\u2019implosione dell\u2019impero sovietico, per i suoi profondi limiti politici, economici e sociali, dopo il crollo del Muro di Berlino nel 1989, ha confortato l\u2019idea &#8211; sarebbe meglio dire l\u2019illusione &#8211; di un radicale successo dell\u2019Occidente, delle sue culture e dei suoi valori, sino ad alimentare l\u2019arrogante e fallace idea della \u201cesportazione\u00a0 della democrazia\u201d.<\/p>\n<p>Ma la Storia, a dispetto delle previsioni di un pur brillante politologo come <strong>Francis Fukuyama<\/strong>, non era affatto \u201cfinita\u201d con la \u201cvittoria\u201d occidentale. Tutt\u2019altro. E oggi ci troviamo a fare i conti con le sconvolgenti fratture dei tradizionali equilibri geo-politici e con le\u00a0 rivendicazioni di primato di valori e interessi di grandi protagonisti internazionali (la Cina, la Russia, l\u2019Iran, la Turchia, il variegato mondo arabo, in attesa del nuovo protagonismo che si far\u00e0 sentire dall\u2019Africa), mentre i cambiamenti politici e culturali in corso a Washington ci costringono a riconsiderare <strong>il ruolo degli Usa<\/strong>, vissuti abitualmente come cardine della democrazia occidentale.<\/p>\n<p>La nuova stagione sembra, insomma, connotata dallo <strong>spazio crescente delle autocrazie<\/strong>. E la democrazia liberale annaspa. Vive la sensazione d\u2019essere sotto scacco dall\u2019esterno (la guerra in Ucraina ne offre un\u2019esemplare testimonianza). E avverte scricchiolii anche al proprio interno. Aumenta, infatti, la disaffezione verso la partecipazione alla vita politica e al voto, momento fondamentale nella costruzione della \u201cvolont\u00e0 popolare\u201d (uno dei timori nutriti da Calamandrei, appunto). Cresce l\u2019indifferenza o peggio ancora l\u2019insofferenza verso alcuni pilastri della democrazia: la divisione dei poteri tra organi dello Stato, l\u2019autonomia della magistratura, la libert\u00e0 di stampa, il valore del pensiero critico, la sacralit\u00e0 del pluralismo di pensiero.<\/p>\n<p>\u00c8 il tempo del <strong>populismo<\/strong>, del sovranismo egoista, dell\u2019intolleranza verso le diversit\u00e0, del fastidio per la ricerca scientifica e le complessit\u00e0 del lavoro intellettuale. La diffusione dei social media, con il gioco povero dei \u201clike\u201d che immiseriscono pensieri e parole, amplifica la crisi.<\/p>\n<p>Ecco perch\u00e9 \u00e8 necessario, proprio per difendere e rilanciare \u201cil respiro della libert\u00e0\u201d, tornare a ragionare criticamente, a creare nuovi spazi dialettici delle relazioni internazionali, comunque necessarie. E a parlare di politica, a studiare la storia, il diritto e l\u2019economia, a riflettere sui nostri valori e sui fondamenti della democrazia. Che vanno oltre il semplice voto elettorale. E non contemplano affatto lo schiacciamento della vita sociale e politica nella parodia d\u2019una mano di poker \u201call in\u201d, chi vince la tornata elettorale \u00e8 padrone assoluto di tutto lo scenario democratico.<\/p>\n<p><strong>Leggere e discutere<\/strong>, dunque. Fermare l\u2019attenzione sulle parole dei <strong>\u201cpadri della Costituzione\u201d<\/strong>, figlia di una sintesi delle migliori correnti del pensiero politico italiano, quello cattolico, quello liberale e quello di socialisti e comunisti legati ai valori della democrazia parlamentare (gli Atti dell\u2019Assemblea Costituente ne forniscono luminose testimonianze). Riprendere in mano gli autori europei del pensiero liberale e democratico (compresi i tre firmatari del \u201cManifesto di Ventotene\u201d Altiero Spinelli, Ernesto Rossi ed Eugenio Colorni). Ragionare sulle relazioni tra libert\u00e0 e responsabilit\u00e0, storia e futuro, ricordando la lezione di Aldo Moro sulla \u201cnuova stagione dei doveri\u201d necessaria al rinnovamento della democrazia italiana (fu ucciso per mano delle Brigate Rosse e su mandato anche di poteri finora non individuati con chiarezza giudiziaria, proprio per impedire quel rinnovamento).<\/p>\n<p>Serve, per farlo, fermare l\u2019attenzione su un libro essenziale, <strong>\u201cVi auguro la democrazia\u201d<\/strong>, una raccolta di discorsi del Presidente della Repubblica Sergio Mattarella appena pubblicato da De Agostini (con una prefazione di Corrado Augias) e rivolta alle giovani generazioni, da cui abbiamo tratto la citazione iniziale di questo blog. Scrive, appunto, Mattarella: \u201cLa democrazia non \u00e8 una conquista definitiva, va continuamente realizzata, vissuta, consolidata e interpretata, perch\u00e9 i tempi mutano, mutano le forme della comunicazione. La democrazia va ogni volta, in ogni tempo, inverata, perch\u00e9 sia autentica nei suoi valori, nelle modalit\u00e0 che cambiano di stagione in stagione. Vive perch\u00e9 viene applicata e attuata. Realizzata sempre, nei tempi che mutano e nelle condizioni che cambiano, rispettando i suoi valori\u201d.<\/p>\n<p>Democrazia in movimento. Da vivere e fare vivere. Cultura da approfondire. Memoria da difendere (fondamentale impegno, in tempi in cui, incuranti dei fatti, ci sono poteri e potenti che teorizzano le \u201cverit\u00e0 alternative\u201d e sui social spacciano \u201cfattoidi\u201d per fatti). Futuro responsabilmente da costruire. E conoscenza su cui fondare scelte e comportamenti.<\/p>\n<p>Anche le conoscenze giuridiche e istituzionali. Come mostrano le pagine di <strong>\u201cI presidenti della Repubblica e le crisi di governo &#8211; Cinquant\u2019anni di storia italiana 1971- 2021\u201d<\/strong>, una raccolta di saggi curata da <strong>Stefano Sepe e Oriana Giacalone<\/strong>, pubblicata da Editoriale Scientifica nella collana dell\u2019Istituto di Studi Politici \u201cS. Pio V\u201d. Riflessioni acute e sapienti. Con un rinvio fondamentale alla lezione di <strong>Costantino Mortati<\/strong> (uno dei \u201cpadri Costituenti\u201d, maestro di Diritto Costituzionale per generazioni di giuristi, dagli anni Cinquanta in poi) sul \u201cpotere moderatore\u201d del Presidente della Repubblica nella composizione dei governi post elezioni e nella soluzione delle crisi di governo: il compito dell\u2019inquilino del Quirinale \u00e8 \u201caccertare la corrispondenza degli orientamenti popolari con quelli degli organi rappresentativi e di questi ultimi tra loro, onde mantenere una costante armonia\u201d. Democrazia come pluralit\u00e0, appunto. Equilibrio tra poteri. Pesi e contrappesi. Tutto il contrario dell\u2019 \u201cuomo solo al comando\u201d. La nostra democrazia da continuare a fare vivere e crescere.<\/p><p><em>(foto Getty Images)<\/em><\/p>\n","protected":false},"excerpt":{"rendered":"<p>\u201cLa democrazia non \u00e8 una conquista definitiva, va continuamente realizzata, vissuta, consolidata e interpretata\u201d. Ma anche: \u201cLa libert\u00e0 \u00e8 come l\u2019aria: ci si accorge di quanto vale quando comincia a mancare\u201d. In tempi cos\u00ec difficili e controversi, contro le cattive inclinazioni alla banalit\u00e0 e alla volgarit\u00e0 e le crescenti manifestazioni di fastidio verso la democrazia, [&hellip;]<\/p>\n","protected":false},"author":1,"featured_media":103566,"comment_status":"open","ping_status":"open","sticky":false,"template":"","format":"standard","meta":{"footnotes":""},"categories":[53,52],"tags":[],"class_list":["post-103565","post","type-post","status-publish","format-standard","has-post-thumbnail","hentry","category-blog","category-cultura-dimpresa"],"acf":[],"yoast_head":"<!-- This site is optimized with the Yoast SEO plugin v25.0 - https:\/\/yoast.com\/wordpress\/plugins\/seo\/ -->\n<title>Da Calamandrei a Mattarella, le regole e i valori per difendere e rilanciare libert\u00e0 e democrazia - Fondazione Pirelli<\/title>\n<meta name=\"robots\" content=\"index, follow, max-snippet:-1, max-image-preview:large, max-video-preview:-1\" \/>\n<link rel=\"canonical\" href=\"https:\/\/www.fondazionepirelli.org\/it\/cultura-dimpresa\/blog\/da-calamandrei-a-mattarella-le-regole-e-i-valori-per-difendere-e-rilanciare-liberta-e-democrazia\/\" \/>\n<meta property=\"og:locale\" content=\"it_IT\" \/>\n<meta property=\"og:type\" content=\"article\" \/>\n<meta property=\"og:title\" content=\"Da Calamandrei a Mattarella, le regole e i valori per difendere e rilanciare libert\u00e0 e democrazia - Fondazione Pirelli\" \/>\n<meta property=\"og:description\" content=\"\u201cLa democrazia non \u00e8 una conquista definitiva, va continuamente realizzata, vissuta, consolidata e interpretata\u201d. Ma anche: \u201cLa libert\u00e0 \u00e8 come l\u2019aria: ci si accorge di quanto vale quando comincia a mancare\u201d. In tempi cos\u00ec difficili e controversi, contro le cattive inclinazioni alla banalit\u00e0 e alla volgarit\u00e0 e le crescenti manifestazioni di fastidio verso la democrazia, [&hellip;]\" \/>\n<meta property=\"og:url\" content=\"https:\/\/www.fondazionepirelli.org\/it\/cultura-dimpresa\/blog\/da-calamandrei-a-mattarella-le-regole-e-i-valori-per-difendere-e-rilanciare-liberta-e-democrazia\/\" \/>\n<meta property=\"og:site_name\" content=\"Fondazione Pirelli\" \/>\n<meta property=\"article:published_time\" content=\"2025-03-26T13:31:25+00:00\" \/>\n<meta property=\"og:image\" content=\"https:\/\/wpsite-assets.fondazionepirelli.org\/wp-content\/uploads\/2025\/03\/26113150\/GettyImages-995017064-scaled.jpg\" \/>\n\t<meta property=\"og:image:width\" content=\"2560\" \/>\n\t<meta property=\"og:image:height\" content=\"1707\" \/>\n\t<meta property=\"og:image:type\" content=\"image\/jpeg\" \/>\n<meta name=\"author\" content=\"fondadmin\" \/>\n<meta name=\"twitter:card\" content=\"summary_large_image\" \/>\n<meta name=\"twitter:label1\" content=\"Scritto da\" \/>\n\t<meta name=\"twitter:data1\" content=\"fondadmin\" \/>\n\t<meta name=\"twitter:label2\" content=\"Tempo di lettura stimato\" \/>\n\t<meta name=\"twitter:data2\" content=\"6 minuti\" \/>\n<script type=\"application\/ld+json\" class=\"yoast-schema-graph\">{\"@context\":\"https:\/\/schema.org\",\"@graph\":[{\"@type\":\"WebPage\",\"@id\":\"https:\/\/www.fondazionepirelli.org\/it\/cultura-dimpresa\/blog\/da-calamandrei-a-mattarella-le-regole-e-i-valori-per-difendere-e-rilanciare-liberta-e-democrazia\/\",\"url\":\"https:\/\/www.fondazionepirelli.org\/it\/cultura-dimpresa\/blog\/da-calamandrei-a-mattarella-le-regole-e-i-valori-per-difendere-e-rilanciare-liberta-e-democrazia\/\",\"name\":\"Da Calamandrei a Mattarella, le regole e i valori per difendere e rilanciare libert\u00e0 e democrazia - Fondazione Pirelli\",\"isPartOf\":{\"@id\":\"https:\/\/www.fondazionepirelli.org\/it\/#website\"},\"primaryImageOfPage\":{\"@id\":\"https:\/\/www.fondazionepirelli.org\/it\/cultura-dimpresa\/blog\/da-calamandrei-a-mattarella-le-regole-e-i-valori-per-difendere-e-rilanciare-liberta-e-democrazia\/#primaryimage\"},\"image\":{\"@id\":\"https:\/\/www.fondazionepirelli.org\/it\/cultura-dimpresa\/blog\/da-calamandrei-a-mattarella-le-regole-e-i-valori-per-difendere-e-rilanciare-liberta-e-democrazia\/#primaryimage\"},\"thumbnailUrl\":\"https:\/\/wpsite-assets.fondazionepirelli.org\/wp-content\/uploads\/2025\/03\/26113150\/GettyImages-995017064-scaled.jpg\",\"datePublished\":\"2025-03-26T13:31:25+00:00\",\"author\":{\"@id\":\"https:\/\/www.fondazionepirelli.org\/it\/#\/schema\/person\/f47d097000832c4a6e54538c791fdf25\"},\"breadcrumb\":{\"@id\":\"https:\/\/www.fondazionepirelli.org\/it\/cultura-dimpresa\/blog\/da-calamandrei-a-mattarella-le-regole-e-i-valori-per-difendere-e-rilanciare-liberta-e-democrazia\/#breadcrumb\"},\"inLanguage\":\"it-IT\",\"potentialAction\":[{\"@type\":\"ReadAction\",\"target\":[\"https:\/\/www.fondazionepirelli.org\/it\/cultura-dimpresa\/blog\/da-calamandrei-a-mattarella-le-regole-e-i-valori-per-difendere-e-rilanciare-liberta-e-democrazia\/\"]}]},{\"@type\":\"ImageObject\",\"inLanguage\":\"it-IT\",\"@id\":\"https:\/\/www.fondazionepirelli.org\/it\/cultura-dimpresa\/blog\/da-calamandrei-a-mattarella-le-regole-e-i-valori-per-difendere-e-rilanciare-liberta-e-democrazia\/#primaryimage\",\"url\":\"https:\/\/wpsite-assets.fondazionepirelli.org\/wp-content\/uploads\/2025\/03\/26113150\/GettyImages-995017064-scaled.jpg\",\"contentUrl\":\"https:\/\/wpsite-assets.fondazionepirelli.org\/wp-content\/uploads\/2025\/03\/26113150\/GettyImages-995017064-scaled.jpg\",\"width\":2560,\"height\":1707,\"caption\":\"Flag of Italy in Rome\"},{\"@type\":\"BreadcrumbList\",\"@id\":\"https:\/\/www.fondazionepirelli.org\/it\/cultura-dimpresa\/blog\/da-calamandrei-a-mattarella-le-regole-e-i-valori-per-difendere-e-rilanciare-liberta-e-democrazia\/#breadcrumb\",\"itemListElement\":[{\"@type\":\"ListItem\",\"position\":1,\"name\":\"Home\",\"item\":\"https:\/\/www.fondazionepirelli.org\/it\/\"},{\"@type\":\"ListItem\",\"position\":2,\"name\":\"Da Calamandrei a Mattarella, le regole e i valori per difendere e rilanciare libert\u00e0 e democrazia\"}]},{\"@type\":\"WebSite\",\"@id\":\"https:\/\/www.fondazionepirelli.org\/it\/#website\",\"url\":\"https:\/\/www.fondazionepirelli.org\/it\/\",\"name\":\"Fondazione Pirelli\",\"description\":\"\",\"potentialAction\":[{\"@type\":\"SearchAction\",\"target\":{\"@type\":\"EntryPoint\",\"urlTemplate\":\"https:\/\/www.fondazionepirelli.org\/it\/?s={search_term_string}\"},\"query-input\":{\"@type\":\"PropertyValueSpecification\",\"valueRequired\":true,\"valueName\":\"search_term_string\"}}],\"inLanguage\":\"it-IT\"},{\"@type\":\"Person\",\"@id\":\"https:\/\/www.fondazionepirelli.org\/it\/#\/schema\/person\/f47d097000832c4a6e54538c791fdf25\",\"name\":\"fondadmin\",\"image\":{\"@type\":\"ImageObject\",\"inLanguage\":\"it-IT\",\"@id\":\"https:\/\/www.fondazionepirelli.org\/it\/#\/schema\/person\/image\/\",\"url\":\"https:\/\/secure.gravatar.com\/avatar\/e69498a9175ca244966e51e53c88712c024fcebe41f9a05f75657f1bb25e489b?s=96&d=mm&r=g\",\"contentUrl\":\"https:\/\/secure.gravatar.com\/avatar\/e69498a9175ca244966e51e53c88712c024fcebe41f9a05f75657f1bb25e489b?s=96&d=mm&r=g\",\"caption\":\"fondadmin\"},\"url\":\"https:\/\/www.fondazionepirelli.org\/it\/author\/fondadmin\/\"}]}<\/script>\n<!-- \/ Yoast SEO plugin. -->","yoast_head_json":{"title":"Da Calamandrei a Mattarella, le regole e i valori per difendere e rilanciare libert\u00e0 e democrazia - Fondazione Pirelli","robots":{"index":"index","follow":"follow","max-snippet":"max-snippet:-1","max-image-preview":"max-image-preview:large","max-video-preview":"max-video-preview:-1"},"canonical":"https:\/\/www.fondazionepirelli.org\/it\/cultura-dimpresa\/blog\/da-calamandrei-a-mattarella-le-regole-e-i-valori-per-difendere-e-rilanciare-liberta-e-democrazia\/","og_locale":"it_IT","og_type":"article","og_title":"Da Calamandrei a Mattarella, le regole e i valori per difendere e rilanciare libert\u00e0 e democrazia - Fondazione Pirelli","og_description":"\u201cLa democrazia non \u00e8 una conquista definitiva, va continuamente realizzata, vissuta, consolidata e interpretata\u201d. Ma anche: \u201cLa libert\u00e0 \u00e8 come l\u2019aria: ci si accorge di quanto vale quando comincia a mancare\u201d. In tempi cos\u00ec difficili e controversi, contro le cattive inclinazioni alla banalit\u00e0 e alla volgarit\u00e0 e le crescenti manifestazioni di fastidio verso la democrazia, [&hellip;]","og_url":"https:\/\/www.fondazionepirelli.org\/it\/cultura-dimpresa\/blog\/da-calamandrei-a-mattarella-le-regole-e-i-valori-per-difendere-e-rilanciare-liberta-e-democrazia\/","og_site_name":"Fondazione Pirelli","article_published_time":"2025-03-26T13:31:25+00:00","og_image":[{"width":2560,"height":1707,"url":"https:\/\/wpsite-assets.fondazionepirelli.org\/wp-content\/uploads\/2025\/03\/26113150\/GettyImages-995017064-scaled.jpg","type":"image\/jpeg"}],"author":"fondadmin","twitter_card":"summary_large_image","twitter_misc":{"Scritto da":"fondadmin","Tempo di lettura stimato":"6 minuti"},"schema":{"@context":"https:\/\/schema.org","@graph":[{"@type":"WebPage","@id":"https:\/\/www.fondazionepirelli.org\/it\/cultura-dimpresa\/blog\/da-calamandrei-a-mattarella-le-regole-e-i-valori-per-difendere-e-rilanciare-liberta-e-democrazia\/","url":"https:\/\/www.fondazionepirelli.org\/it\/cultura-dimpresa\/blog\/da-calamandrei-a-mattarella-le-regole-e-i-valori-per-difendere-e-rilanciare-liberta-e-democrazia\/","name":"Da Calamandrei a Mattarella, le regole e i valori per difendere e rilanciare libert\u00e0 e democrazia - Fondazione Pirelli","isPartOf":{"@id":"https:\/\/www.fondazionepirelli.org\/it\/#website"},"primaryImageOfPage":{"@id":"https:\/\/www.fondazionepirelli.org\/it\/cultura-dimpresa\/blog\/da-calamandrei-a-mattarella-le-regole-e-i-valori-per-difendere-e-rilanciare-liberta-e-democrazia\/#primaryimage"},"image":{"@id":"https:\/\/www.fondazionepirelli.org\/it\/cultura-dimpresa\/blog\/da-calamandrei-a-mattarella-le-regole-e-i-valori-per-difendere-e-rilanciare-liberta-e-democrazia\/#primaryimage"},"thumbnailUrl":"https:\/\/wpsite-assets.fondazionepirelli.org\/wp-content\/uploads\/2025\/03\/26113150\/GettyImages-995017064-scaled.jpg","datePublished":"2025-03-26T13:31:25+00:00","author":{"@id":"https:\/\/www.fondazionepirelli.org\/it\/#\/schema\/person\/f47d097000832c4a6e54538c791fdf25"},"breadcrumb":{"@id":"https:\/\/www.fondazionepirelli.org\/it\/cultura-dimpresa\/blog\/da-calamandrei-a-mattarella-le-regole-e-i-valori-per-difendere-e-rilanciare-liberta-e-democrazia\/#breadcrumb"},"inLanguage":"it-IT","potentialAction":[{"@type":"ReadAction","target":["https:\/\/www.fondazionepirelli.org\/it\/cultura-dimpresa\/blog\/da-calamandrei-a-mattarella-le-regole-e-i-valori-per-difendere-e-rilanciare-liberta-e-democrazia\/"]}]},{"@type":"ImageObject","inLanguage":"it-IT","@id":"https:\/\/www.fondazionepirelli.org\/it\/cultura-dimpresa\/blog\/da-calamandrei-a-mattarella-le-regole-e-i-valori-per-difendere-e-rilanciare-liberta-e-democrazia\/#primaryimage","url":"https:\/\/wpsite-assets.fondazionepirelli.org\/wp-content\/uploads\/2025\/03\/26113150\/GettyImages-995017064-scaled.jpg","contentUrl":"https:\/\/wpsite-assets.fondazionepirelli.org\/wp-content\/uploads\/2025\/03\/26113150\/GettyImages-995017064-scaled.jpg","width":2560,"height":1707,"caption":"Flag of Italy in Rome"},{"@type":"BreadcrumbList","@id":"https:\/\/www.fondazionepirelli.org\/it\/cultura-dimpresa\/blog\/da-calamandrei-a-mattarella-le-regole-e-i-valori-per-difendere-e-rilanciare-liberta-e-democrazia\/#breadcrumb","itemListElement":[{"@type":"ListItem","position":1,"name":"Home","item":"https:\/\/www.fondazionepirelli.org\/it\/"},{"@type":"ListItem","position":2,"name":"Da Calamandrei a Mattarella, le regole e i valori per difendere e rilanciare libert\u00e0 e democrazia"}]},{"@type":"WebSite","@id":"https:\/\/www.fondazionepirelli.org\/it\/#website","url":"https:\/\/www.fondazionepirelli.org\/it\/","name":"Fondazione Pirelli","description":"","potentialAction":[{"@type":"SearchAction","target":{"@type":"EntryPoint","urlTemplate":"https:\/\/www.fondazionepirelli.org\/it\/?s={search_term_string}"},"query-input":{"@type":"PropertyValueSpecification","valueRequired":true,"valueName":"search_term_string"}}],"inLanguage":"it-IT"},{"@type":"Person","@id":"https:\/\/www.fondazionepirelli.org\/it\/#\/schema\/person\/f47d097000832c4a6e54538c791fdf25","name":"fondadmin","image":{"@type":"ImageObject","inLanguage":"it-IT","@id":"https:\/\/www.fondazionepirelli.org\/it\/#\/schema\/person\/image\/","url":"https:\/\/secure.gravatar.com\/avatar\/e69498a9175ca244966e51e53c88712c024fcebe41f9a05f75657f1bb25e489b?s=96&d=mm&r=g","contentUrl":"https:\/\/secure.gravatar.com\/avatar\/e69498a9175ca244966e51e53c88712c024fcebe41f9a05f75657f1bb25e489b?s=96&d=mm&r=g","caption":"fondadmin"},"url":"https:\/\/www.fondazionepirelli.org\/it\/author\/fondadmin\/"}]}},"_links":{"self":[{"href":"https:\/\/www.fondazionepirelli.org\/it\/wp-json\/wp\/v2\/posts\/103565\/"}],"collection":[{"href":"https:\/\/www.fondazionepirelli.org\/it\/wp-json\/wp\/v2\/posts\/"}],"about":[{"href":"https:\/\/www.fondazionepirelli.org\/it\/wp-json\/wp\/v2\/types\/post\/"}],"author":[{"embeddable":true,"href":"https:\/\/www.fondazionepirelli.org\/it\/wp-json\/wp\/v2\/users\/1\/"}],"replies":[{"embeddable":true,"href":"https:\/\/www.fondazionepirelli.org\/it\/wp-json\/wp\/v2\/comments\/?post=103565"}],"version-history":[{"count":2,"href":"https:\/\/www.fondazionepirelli.org\/it\/wp-json\/wp\/v2\/posts\/103565\/revisions\/"}],"predecessor-version":[{"id":103569,"href":"https:\/\/www.fondazionepirelli.org\/it\/wp-json\/wp\/v2\/posts\/103565\/revisions\/103569\/"}],"wp:featuredmedia":[{"embeddable":true,"href":"https:\/\/www.fondazionepirelli.org\/it\/wp-json\/wp\/v2\/media\/103566\/"}],"wp:attachment":[{"href":"https:\/\/www.fondazionepirelli.org\/it\/wp-json\/wp\/v2\/media\/?parent=103565"}],"wp:term":[{"taxonomy":"category","embeddable":true,"href":"https:\/\/www.fondazionepirelli.org\/it\/wp-json\/wp\/v2\/categories\/?post=103565"},{"taxonomy":"post_tag","embeddable":true,"href":"https:\/\/www.fondazionepirelli.org\/it\/wp-json\/wp\/v2\/tags\/?post=103565"}],"curies":[{"name":"wp","href":"https:\/\/api.w.org\/{rel}","templated":true}]}}