{"id":103764,"date":"2025-04-15T08:45:48","date_gmt":"2025-04-15T07:45:48","guid":{"rendered":"https:\/\/www.fondazionepirelli.org\/?p=103764"},"modified":"2025-04-15T08:45:48","modified_gmt":"2025-04-15T07:45:48","slug":"le-ombre-di-milano-oltre-le-week-e-la-storia-di-assolombarda-tra-dinamismo-e-valori-sociali","status":"publish","type":"post","link":"https:\/\/www.fondazionepirelli.org\/it\/cultura-dimpresa\/blog\/le-ombre-di-milano-oltre-le-week-e-la-storia-di-assolombarda-tra-dinamismo-e-valori-sociali\/","title":{"rendered":"Le ombre di Milano oltre le \u201cweek\u201d. E la storia di Assolombarda tra dinamismo e valori sociali"},"content":{"rendered":"<p>Lo splendore di Milano si fa ancora pi\u00f9 intenso in occasione di alcune ricorrenze, tra <strong>moda<\/strong>, <strong>arredamento<\/strong>, <strong>cultura<\/strong> e <strong>glamour internazionale<\/strong>. Le <em>Fashion Week<\/em>, per esempio, fra febbraio e marzo e poi tra settembre e ottobre. E soprattutto la <em>Design Week, <\/em>a met\u00e0 aprile, con il Salone del Mobile pi\u00f9 importante al mondo e i tanti eventi del Fuori Salone, durante i quali si confrontano tendenze, sperimentazioni e progetti su come provare ad abitare un po\u2019 meglio i luoghi del vivere e del lavorare, nelle nostre citt\u00e0.<\/p>\n<p>Atmosfera mondana di festa, tra l\u2019allegria del ritrovarsi e la sorpresa dei nuovi incontri. Conversazioni ben accomodate e dunque accomodanti. Frenesia d\u2019affari. Soldi e idee. Il tutto con quell\u2019aria cos\u00ec tanto milanese e <em>global chic <\/em>che sa tenere insieme tradizione, innovazione, orgoglio industriale del miglior Made in Italy e saperi del mondo. Milano, appunto.<\/p>\n<p>Non sono per\u00f2 mancate, quest\u2019anno, le ombre.<\/p>\n<p>Tra gli operatori del settore, infatti, sono state evidenti le preoccupazioni per le conseguenze del terremoto che la clamorosa <strong>politica dei dazi<\/strong> varata dalla Casa Bianca ha provocato negli scambi commerciali mondiali (l\u2019arredamento ha dimensioni internazionali e Milano, coerentemente, ha sempre nutrito la buona cultura dei mercati aperti e competitivi). Ma, successi turistici e commerciali degli eventi a parte, si \u00e8 fatto leva sui diversi aspetti della <em>Design Week <\/em>per approfondire, all\u2019interno dell\u2019opinione pubblica, le <strong>riflessioni critiche sull\u2019attuale condizione di Milano<\/strong> e sugli effetti di lungo periodo che alcuni fenomeni, legati al costo della vita e della casa, hanno sull\u2019anima della citt\u00e0, sulle sue capacit\u00e0 di inclusione e dunque sul suo futuro.<\/p>\n<p>Le cronache recenti, infatti, rivelano contrastanti aspetti economici e sociali, sempre pi\u00f9 <strong>profondi squilibri<\/strong>.<\/p>\n<p>Eccola, dunque, <strong>Milano<\/strong> salita all\u2019undicesimo posto delle citt\u00e0 pi\u00f9 ricche al mondo, per numero di miliardari e milionari, dopo New York e San Francisco, Tokyo e Singapore, Londra, Parigi e Hong Kong, con <strong>115mila grandi ricchi<\/strong>: un numero cresciuto del 24% negli ultimi dieci anni. Una metropoli sempre pi\u00f9 attrattiva, insomma, e resa ancora pi\u00f9 affascinante per i milionari in fuga da Londra dopo la modifica delle leggi fiscali britanniche, adesso meno favorevoli. E gi\u00e0 comunque arrivata da tempo all\u2019attenzione degli ambienti pi\u00f9 esigenti della moda e del commercio globale: Monte Napoleone ha valori immobiliari pi\u00f9 alti di quelli della Fifth Avenue a New York.<\/p>\n<p>I prezzi altissimi degli <strong>edifici di lusso<\/strong> hanno contagiato gran parte del tessuto immobiliare metropolitano. Con effetti perversi. \u201cPoliziotti in fuga da Milano. Troppo alti i costi delle case\u201d, ha denunciato il questore Bruno Megale (la Repubblica, 11 aprile). L\u2019Atm non trova autisti per i tram e sta ristrutturando un ex deposito per farne alloggi a prezzi calmierati per i dipendenti. I giovani universitari (sono oltre 200mila, in citt\u00e0) vanno a vivere in \u201cstudentati\u201d in periferia, a Mind (l\u2019ex area dell\u2019Expo) o nei paesi dell\u2019area metropolitana, a Sesto San Giovanni e a Cologno Monzese. E anche le giovani coppie di ceto medio abbandonano l\u2019area urbana verso i paesi dell\u2019hinterland. Milano, insomma, accoglie chi ha molti soldi da spendere e espelle o allontana chi ha redditi non clamorosi. \u201cMilano citt\u00e0 di milionari che lascia le briciole agli altri\u201d, commenta critico Giangiacomo Schiavi, uno dei giornalisti pi\u00f9 attenti all\u2019anima profonda della citt\u00e0, \u201cricca, s\u00ec, ma anche felice?\u201d (Corriere della Sera, 12 aprile).<\/p>\n<p>Lo splendore del business. E le <strong>tensioni sociali<\/strong>. Lo charme dei club esclusivi. E i disagi dei quartieri un tempo popolari e adesso in via di trasformazione. Milano dei contrasti. Delle fatiche. E delle <strong>vecchie e nuove povert\u00e0<\/strong> (la Caritas ambrosiana ne \u00e8 termometro sensibile).<\/p>\n<p>Sono temi tutt\u2019altro che nuovi (ne abbiamo parlato spesso, in questo blog). Il dato positivo \u00e8 che finalmente se ne discute, con toni critici ma anche autocritici.<\/p>\n<p>\u201cMilano sta assorbendo alcune <strong>problematiche internazionali delle metropoli<\/strong>, dal caro affitti alla sicurezza. E il primo problema che avverto \u00e8 la <strong>crescente disparit\u00e0<\/strong> tra chi pu\u00f2 permettersi un certo tenore di vita e chi no. E troppi lavori malpagati rendono insostenibili gli affitti\u201d, ha detto pochi giorni fa il <strong>sindaco Beppe Sala<\/strong> in una conversazione con la direttrice del Quotidiano Nazionale\/ Il Giorno Agnese Pini (QN, 11 aprile). E sui quotidiani e nei circoli culturali (il Centro Studi Grande Milano, per fare solo un nome) oramai da alcuni anni si analizzano i fenomeni dei rapporti tra competitivit\u00e0 e attrattivit\u00e0 economica della metropoli e crisi della tradizione all\u2019inclusione e alla solidariet\u00e0 sociale. Con stimoli verso le pubbliche amministrazioni perch\u00e9 governino meglio le trasformazioni urbane e rispondano alle esigenze popolari di sviluppo e qualit\u00e0 della vita. Qualcosa si muove.<\/p>\n<p>Per reggere la sfida del futuro,<strong> Milano deve insomma ripensarsi<\/strong>. Fare tesoro delle virt\u00f9 del dinamismo economico e dare risposte ai problemi della qualit\u00e0 della vita e della sostenibilit\u00e0 ambientale e sociale. Continuare a essere la metropoli che ospita il 36,4% delle multinazionali presenti in Italia e genera il 13,4% del Pil italiano. Ma anche il luogo in cui valgono <strong>i valori del lavoro ben fatto<\/strong>, <strong>dell\u2019etica degli affari<\/strong>, <strong>dell\u2019accoglienza<\/strong> e in cui, anche in futuro, <strong>\u201cmilanesi si diventa\u201d<\/strong>, per <strong>qualit\u00e0 personali e seriet\u00e0 professionale e sociale<\/strong>.<\/p>\n<p>Temi e valori forti. Che ricorrono pure nel mondo industriale. E di cui si avverte con chiarezza l\u2019eco nelle pagine di <strong>\u201cInsieme &#8211; Assolombarda, la nostra storia\u201d<\/strong>, il volume curato dalla <strong>Fondazione Assolombarda<\/strong>, appena edito da Marsilio e presentato ieri, al <strong>Piccolo Teatro di Milano<\/strong> (un luogo simbolico delle buone relazioni tra impresa e cultura: era stato fondato nel 1947 da Giorgio Strehler e Paolo Grassi anche con il contributo di grandi imprenditori milanesi: Pirelli, Falck, Borletti, De Angeli Frua, Marinotti, oltre che Edison e Sonia Viscosa, etc.).<\/p>\n<p>Una storia di intraprendenza e di responsabilit\u00e0 sociale, di innovazione, produttivit\u00e0 e capacit\u00e0 di farsi carico di valori e interessi generali, non solo di quelli delle imprese iscritte. Come documentano, oltre agli interventi degli ex presidenti dell\u2019associazione (Bonomi, Rocca, Meomartini, Bracco, Perini, Benedini) e del presidente attuale Alessandro Spada, le analisi e i giudizi di personalit\u00e0 esterne, Piero Bassetti e Mario Monti, il cardinale Gianfranco Ravasi e la rettrice dell\u2019Universit\u00e0 Bicocca Giovanna Iannantuoni e ancora Amalia Ercoli Finzi, Carlo Ratti, Carlo Sangalli, Ferruccio de Bortoli e Salvatore Carrubba.<\/p>\n<p>Milano molteplice. Dinamica. Convinta di \u201cdover volare per fare volare l\u2019Italia\u201d (l\u2019esemplare indicazione strategica della presidenza Assolombarda di Gianfelice Rocca).<\/p>\n<p>Il libro, appunto, consente di capire meglio quali siano gli aspetti pi\u00f9 evidenti e le radici profonde delle evoluzioni economiche e sociali e che indicazioni trarre da fenomeni che chiamano in causa, oltre che la politica e la pubblica amministrazione, anche la societ\u00e0 civile, le forze economiche e la cultura.<\/p>\n<p>\u201cLe citt\u00e0, come i sogni, sono costruite di desideri e di paure, anche se il filo del loro discorso \u00e8 segreto, le prospettive ingannevoli, e ogni cosa ne nasconde un\u2019altra\u201d, scriveva <strong>Italo Calvino<\/strong> nel 1972, ne <strong>\u201cLe citt\u00e0 invisibili\u201d<\/strong>. E aggiungeva: \u201cDi una citt\u00e0 non godi le sette o le settantasette meraviglie, ma la risposta che d\u00e0 a una tua domanda\u201d.<\/p>\n<p>Che domande facciamo, dunque, oggi a Milano? D\u2019essere comunque fedele, pur nel cuore di radicali trasformazioni, alla capacit\u00e0 di <strong>tenere insieme intraprendenza personale e valori sociali<\/strong>, <strong>produttivit\u00e0 e inclusione<\/strong>, c<strong>ompetitivit\u00e0 economica e solidariet\u00e0<\/strong>. La ricchezza e la misura, l\u2019eleganza, il rigore. Il successo. E la buona cultura aperta e creativa. Una miscela speciale di capitalismo e riformismo, mercato e interessi generali. Uno speciale <strong>\u201ccapitale sociale\u201d<\/strong>. Per fare da paradigma di respiro nazionale ed europeo su come si possa declinare in modo efficace la sintesi tra democrazia, mercato e welfare. E di come convivano, in pur faticosa sinergia, mano pubblica e imprese private, produzione e cultura critica, creazione di valore economico e spazio crescente per i valori civili e sociali.<\/p>\n<p>La storia di Assolombarda mostra alcune costanti caratteristiche di fondo. Una concezione aperta delle relazioni economiche e industriali, con la consapevolezza d\u2019essere all\u2019interno dei circuiti della competizione internazionale. Un\u2019attitudine al cambiamento che porta la citt\u00e0 a essere estremamente pronta a recepire le spinte innovative, sia imprenditoriali che tecnologiche, culturali, organizzative. E una solida idea del mercato come spazio competitivo ben organizzato e dunque efficacemente regolato.<\/p>\n<p>C\u2019\u00e8, insomma, un <strong>solido orgoglio industriale<\/strong>. E un dinamismo fatto anche di scambi e relazioni, oltre che di specializzazione produttiva nei settori della meccanica, dell\u2019elettrotecnica, della gomma, dell\u2019acciaio, dell\u2019energia e della chimica, che si affiancano a quelli tradizionali del tessile e dell\u2019agroalimentare. Un particolare paradigma di sviluppo, nella <strong>\u201cMilano grande\u201d<\/strong> e metropolitana, con <strong>l\u2019industria articolata in parecchi settori<\/strong> e senza una presenza dominante (diversamente da Torino, <em>company town <\/em>dell\u2019auto, a forte impronta Fiat). E l\u2019industria stessa, cardine della crescita, nel tessuto economico metropolitano, si confronta con altre culture d\u2019impresa, la finanza e il commercio, i servizi e l\u2019editoria giornalistica e libraria. E con <strong>le universit\u00e0<\/strong>. Una polifonia, appunto. Un intreccio di interessi e valori, poteri e idee attente alla scoperta di ci\u00f2 che cambia.<\/p>\n<p>La cultura milanese \u00e8 dunque <strong>\u201cpolitecnica\u201d<\/strong>, sintesi originale di saperi umanistici e conoscenze scientifiche. Il senso della bellezza si accompagna all\u2019intelligenza delle nuove tecnologie. La consapevolezza del ruolo della storia si confronta con una spiccata tendenza a fare i conti con le avanguardie. E in economia l\u2019\u201cumanesimo industriale\u201d fa da punto di riferimento per la pi\u00f9 solida competitivit\u00e0 del made in Italy sui mercati globali. Una forza che resta, anche in tempi di crisi e imponenti cambiamenti.<\/p><p>L\u2019installazione <em>Library Of Light<\/em> in occasione del Salone del Mobile di Milano, aprile 2025 (foto Getty Images)<\/p>\n","protected":false},"excerpt":{"rendered":"<p>Lo splendore di Milano si fa ancora pi\u00f9 intenso in occasione di alcune ricorrenze, tra moda, arredamento, cultura e glamour internazionale. Le Fashion Week, per esempio, fra febbraio e marzo e poi tra settembre e ottobre. E soprattutto la Design Week, a met\u00e0 aprile, con il Salone del Mobile pi\u00f9 importante al mondo e i [&hellip;]<\/p>\n","protected":false},"author":1,"featured_media":103777,"comment_status":"open","ping_status":"open","sticky":false,"template":"","format":"standard","meta":{"footnotes":""},"categories":[53,52],"tags":[],"class_list":["post-103764","post","type-post","status-publish","format-standard","has-post-thumbnail","hentry","category-blog","category-cultura-dimpresa"],"acf":[],"yoast_head":"<!-- This site is optimized with the Yoast SEO plugin v25.0 - https:\/\/yoast.com\/wordpress\/plugins\/seo\/ -->\n<title>Le ombre di Milano oltre le \u201cweek\u201d. E la storia di Assolombarda tra dinamismo e valori sociali - Fondazione Pirelli<\/title>\n<meta name=\"robots\" content=\"index, follow, max-snippet:-1, max-image-preview:large, max-video-preview:-1\" \/>\n<link rel=\"canonical\" href=\"https:\/\/www.fondazionepirelli.org\/it\/cultura-dimpresa\/blog\/le-ombre-di-milano-oltre-le-week-e-la-storia-di-assolombarda-tra-dinamismo-e-valori-sociali\/\" \/>\n<meta property=\"og:locale\" content=\"it_IT\" \/>\n<meta property=\"og:type\" content=\"article\" \/>\n<meta property=\"og:title\" content=\"Le ombre di Milano oltre le \u201cweek\u201d. E la storia di Assolombarda tra dinamismo e valori sociali - Fondazione Pirelli\" \/>\n<meta property=\"og:description\" content=\"Lo splendore di Milano si fa ancora pi\u00f9 intenso in occasione di alcune ricorrenze, tra moda, arredamento, cultura e glamour internazionale. Le Fashion Week, per esempio, fra febbraio e marzo e poi tra settembre e ottobre. E soprattutto la Design Week, a met\u00e0 aprile, con il Salone del Mobile pi\u00f9 importante al mondo e i [&hellip;]\" \/>\n<meta property=\"og:url\" content=\"https:\/\/www.fondazionepirelli.org\/it\/cultura-dimpresa\/blog\/le-ombre-di-milano-oltre-le-week-e-la-storia-di-assolombarda-tra-dinamismo-e-valori-sociali\/\" \/>\n<meta property=\"og:site_name\" content=\"Fondazione Pirelli\" \/>\n<meta property=\"article:published_time\" content=\"2025-04-15T07:45:48+00:00\" \/>\n<meta property=\"og:image\" content=\"https:\/\/wpsite-assets.fondazionepirelli.org\/wp-content\/uploads\/2025\/04\/14150608\/GettyImages-2209017903-1-scaled.jpg\" \/>\n\t<meta property=\"og:image:width\" content=\"2560\" \/>\n\t<meta property=\"og:image:height\" content=\"1707\" \/>\n\t<meta property=\"og:image:type\" content=\"image\/jpeg\" \/>\n<meta name=\"author\" content=\"fondadmin\" \/>\n<meta name=\"twitter:card\" content=\"summary_large_image\" \/>\n<meta name=\"twitter:label1\" content=\"Scritto da\" \/>\n\t<meta name=\"twitter:data1\" content=\"fondadmin\" \/>\n\t<meta name=\"twitter:label2\" content=\"Tempo di lettura stimato\" \/>\n\t<meta name=\"twitter:data2\" content=\"8 minuti\" \/>\n<script type=\"application\/ld+json\" class=\"yoast-schema-graph\">{\"@context\":\"https:\/\/schema.org\",\"@graph\":[{\"@type\":\"WebPage\",\"@id\":\"https:\/\/www.fondazionepirelli.org\/it\/cultura-dimpresa\/blog\/le-ombre-di-milano-oltre-le-week-e-la-storia-di-assolombarda-tra-dinamismo-e-valori-sociali\/\",\"url\":\"https:\/\/www.fondazionepirelli.org\/it\/cultura-dimpresa\/blog\/le-ombre-di-milano-oltre-le-week-e-la-storia-di-assolombarda-tra-dinamismo-e-valori-sociali\/\",\"name\":\"Le ombre di Milano oltre le \u201cweek\u201d. E la storia di Assolombarda tra dinamismo e valori sociali - Fondazione Pirelli\",\"isPartOf\":{\"@id\":\"https:\/\/www.fondazionepirelli.org\/it\/#website\"},\"primaryImageOfPage\":{\"@id\":\"https:\/\/www.fondazionepirelli.org\/it\/cultura-dimpresa\/blog\/le-ombre-di-milano-oltre-le-week-e-la-storia-di-assolombarda-tra-dinamismo-e-valori-sociali\/#primaryimage\"},\"image\":{\"@id\":\"https:\/\/www.fondazionepirelli.org\/it\/cultura-dimpresa\/blog\/le-ombre-di-milano-oltre-le-week-e-la-storia-di-assolombarda-tra-dinamismo-e-valori-sociali\/#primaryimage\"},\"thumbnailUrl\":\"https:\/\/wpsite-assets.fondazionepirelli.org\/wp-content\/uploads\/2025\/04\/14150608\/GettyImages-2209017903-1-scaled.jpg\",\"datePublished\":\"2025-04-15T07:45:48+00:00\",\"author\":{\"@id\":\"https:\/\/www.fondazionepirelli.org\/it\/#\/schema\/person\/f47d097000832c4a6e54538c791fdf25\"},\"breadcrumb\":{\"@id\":\"https:\/\/www.fondazionepirelli.org\/it\/cultura-dimpresa\/blog\/le-ombre-di-milano-oltre-le-week-e-la-storia-di-assolombarda-tra-dinamismo-e-valori-sociali\/#breadcrumb\"},\"inLanguage\":\"it-IT\",\"potentialAction\":[{\"@type\":\"ReadAction\",\"target\":[\"https:\/\/www.fondazionepirelli.org\/it\/cultura-dimpresa\/blog\/le-ombre-di-milano-oltre-le-week-e-la-storia-di-assolombarda-tra-dinamismo-e-valori-sociali\/\"]}]},{\"@type\":\"ImageObject\",\"inLanguage\":\"it-IT\",\"@id\":\"https:\/\/www.fondazionepirelli.org\/it\/cultura-dimpresa\/blog\/le-ombre-di-milano-oltre-le-week-e-la-storia-di-assolombarda-tra-dinamismo-e-valori-sociali\/#primaryimage\",\"url\":\"https:\/\/wpsite-assets.fondazionepirelli.org\/wp-content\/uploads\/2025\/04\/14150608\/GettyImages-2209017903-1-scaled.jpg\",\"contentUrl\":\"https:\/\/wpsite-assets.fondazionepirelli.org\/wp-content\/uploads\/2025\/04\/14150608\/GettyImages-2209017903-1-scaled.jpg\",\"width\":2560,\"height\":1707,\"caption\":\"MILAN, ITALY - APRIL 06: A general view of the Library Of Light - Salone del Mobile.Milano 2025 opening event during the Milan Design Week 2025 at Pinacoteca di Brera on April 06, 2025 in Milan, Italy. (Photo by Jacopo M. Raule\/Getty Images for SalonedelMobile.Milano)\"},{\"@type\":\"BreadcrumbList\",\"@id\":\"https:\/\/www.fondazionepirelli.org\/it\/cultura-dimpresa\/blog\/le-ombre-di-milano-oltre-le-week-e-la-storia-di-assolombarda-tra-dinamismo-e-valori-sociali\/#breadcrumb\",\"itemListElement\":[{\"@type\":\"ListItem\",\"position\":1,\"name\":\"Home\",\"item\":\"https:\/\/www.fondazionepirelli.org\/it\/\"},{\"@type\":\"ListItem\",\"position\":2,\"name\":\"Le ombre di Milano oltre le \u201cweek\u201d. E la storia di Assolombarda tra dinamismo e valori sociali\"}]},{\"@type\":\"WebSite\",\"@id\":\"https:\/\/www.fondazionepirelli.org\/it\/#website\",\"url\":\"https:\/\/www.fondazionepirelli.org\/it\/\",\"name\":\"Fondazione Pirelli\",\"description\":\"\",\"potentialAction\":[{\"@type\":\"SearchAction\",\"target\":{\"@type\":\"EntryPoint\",\"urlTemplate\":\"https:\/\/www.fondazionepirelli.org\/it\/?s={search_term_string}\"},\"query-input\":{\"@type\":\"PropertyValueSpecification\",\"valueRequired\":true,\"valueName\":\"search_term_string\"}}],\"inLanguage\":\"it-IT\"},{\"@type\":\"Person\",\"@id\":\"https:\/\/www.fondazionepirelli.org\/it\/#\/schema\/person\/f47d097000832c4a6e54538c791fdf25\",\"name\":\"fondadmin\",\"image\":{\"@type\":\"ImageObject\",\"inLanguage\":\"it-IT\",\"@id\":\"https:\/\/www.fondazionepirelli.org\/it\/#\/schema\/person\/image\/\",\"url\":\"https:\/\/secure.gravatar.com\/avatar\/e69498a9175ca244966e51e53c88712c024fcebe41f9a05f75657f1bb25e489b?s=96&d=mm&r=g\",\"contentUrl\":\"https:\/\/secure.gravatar.com\/avatar\/e69498a9175ca244966e51e53c88712c024fcebe41f9a05f75657f1bb25e489b?s=96&d=mm&r=g\",\"caption\":\"fondadmin\"},\"url\":\"https:\/\/www.fondazionepirelli.org\/it\/author\/fondadmin\/\"}]}<\/script>\n<!-- \/ Yoast SEO plugin. -->","yoast_head_json":{"title":"Le ombre di Milano oltre le \u201cweek\u201d. E la storia di Assolombarda tra dinamismo e valori sociali - Fondazione Pirelli","robots":{"index":"index","follow":"follow","max-snippet":"max-snippet:-1","max-image-preview":"max-image-preview:large","max-video-preview":"max-video-preview:-1"},"canonical":"https:\/\/www.fondazionepirelli.org\/it\/cultura-dimpresa\/blog\/le-ombre-di-milano-oltre-le-week-e-la-storia-di-assolombarda-tra-dinamismo-e-valori-sociali\/","og_locale":"it_IT","og_type":"article","og_title":"Le ombre di Milano oltre le \u201cweek\u201d. E la storia di Assolombarda tra dinamismo e valori sociali - Fondazione Pirelli","og_description":"Lo splendore di Milano si fa ancora pi\u00f9 intenso in occasione di alcune ricorrenze, tra moda, arredamento, cultura e glamour internazionale. Le Fashion Week, per esempio, fra febbraio e marzo e poi tra settembre e ottobre. E soprattutto la Design Week, a met\u00e0 aprile, con il Salone del Mobile pi\u00f9 importante al mondo e i [&hellip;]","og_url":"https:\/\/www.fondazionepirelli.org\/it\/cultura-dimpresa\/blog\/le-ombre-di-milano-oltre-le-week-e-la-storia-di-assolombarda-tra-dinamismo-e-valori-sociali\/","og_site_name":"Fondazione Pirelli","article_published_time":"2025-04-15T07:45:48+00:00","og_image":[{"width":2560,"height":1707,"url":"https:\/\/wpsite-assets.fondazionepirelli.org\/wp-content\/uploads\/2025\/04\/14150608\/GettyImages-2209017903-1-scaled.jpg","type":"image\/jpeg"}],"author":"fondadmin","twitter_card":"summary_large_image","twitter_misc":{"Scritto da":"fondadmin","Tempo di lettura stimato":"8 minuti"},"schema":{"@context":"https:\/\/schema.org","@graph":[{"@type":"WebPage","@id":"https:\/\/www.fondazionepirelli.org\/it\/cultura-dimpresa\/blog\/le-ombre-di-milano-oltre-le-week-e-la-storia-di-assolombarda-tra-dinamismo-e-valori-sociali\/","url":"https:\/\/www.fondazionepirelli.org\/it\/cultura-dimpresa\/blog\/le-ombre-di-milano-oltre-le-week-e-la-storia-di-assolombarda-tra-dinamismo-e-valori-sociali\/","name":"Le ombre di Milano oltre le \u201cweek\u201d. E la storia di Assolombarda tra dinamismo e valori sociali - Fondazione Pirelli","isPartOf":{"@id":"https:\/\/www.fondazionepirelli.org\/it\/#website"},"primaryImageOfPage":{"@id":"https:\/\/www.fondazionepirelli.org\/it\/cultura-dimpresa\/blog\/le-ombre-di-milano-oltre-le-week-e-la-storia-di-assolombarda-tra-dinamismo-e-valori-sociali\/#primaryimage"},"image":{"@id":"https:\/\/www.fondazionepirelli.org\/it\/cultura-dimpresa\/blog\/le-ombre-di-milano-oltre-le-week-e-la-storia-di-assolombarda-tra-dinamismo-e-valori-sociali\/#primaryimage"},"thumbnailUrl":"https:\/\/wpsite-assets.fondazionepirelli.org\/wp-content\/uploads\/2025\/04\/14150608\/GettyImages-2209017903-1-scaled.jpg","datePublished":"2025-04-15T07:45:48+00:00","author":{"@id":"https:\/\/www.fondazionepirelli.org\/it\/#\/schema\/person\/f47d097000832c4a6e54538c791fdf25"},"breadcrumb":{"@id":"https:\/\/www.fondazionepirelli.org\/it\/cultura-dimpresa\/blog\/le-ombre-di-milano-oltre-le-week-e-la-storia-di-assolombarda-tra-dinamismo-e-valori-sociali\/#breadcrumb"},"inLanguage":"it-IT","potentialAction":[{"@type":"ReadAction","target":["https:\/\/www.fondazionepirelli.org\/it\/cultura-dimpresa\/blog\/le-ombre-di-milano-oltre-le-week-e-la-storia-di-assolombarda-tra-dinamismo-e-valori-sociali\/"]}]},{"@type":"ImageObject","inLanguage":"it-IT","@id":"https:\/\/www.fondazionepirelli.org\/it\/cultura-dimpresa\/blog\/le-ombre-di-milano-oltre-le-week-e-la-storia-di-assolombarda-tra-dinamismo-e-valori-sociali\/#primaryimage","url":"https:\/\/wpsite-assets.fondazionepirelli.org\/wp-content\/uploads\/2025\/04\/14150608\/GettyImages-2209017903-1-scaled.jpg","contentUrl":"https:\/\/wpsite-assets.fondazionepirelli.org\/wp-content\/uploads\/2025\/04\/14150608\/GettyImages-2209017903-1-scaled.jpg","width":2560,"height":1707,"caption":"MILAN, ITALY - APRIL 06: A general view of the Library Of Light - Salone del Mobile.Milano 2025 opening event during the Milan Design Week 2025 at Pinacoteca di Brera on April 06, 2025 in Milan, Italy. (Photo by Jacopo M. Raule\/Getty Images for SalonedelMobile.Milano)"},{"@type":"BreadcrumbList","@id":"https:\/\/www.fondazionepirelli.org\/it\/cultura-dimpresa\/blog\/le-ombre-di-milano-oltre-le-week-e-la-storia-di-assolombarda-tra-dinamismo-e-valori-sociali\/#breadcrumb","itemListElement":[{"@type":"ListItem","position":1,"name":"Home","item":"https:\/\/www.fondazionepirelli.org\/it\/"},{"@type":"ListItem","position":2,"name":"Le ombre di Milano oltre le \u201cweek\u201d. E la storia di Assolombarda tra dinamismo e valori sociali"}]},{"@type":"WebSite","@id":"https:\/\/www.fondazionepirelli.org\/it\/#website","url":"https:\/\/www.fondazionepirelli.org\/it\/","name":"Fondazione Pirelli","description":"","potentialAction":[{"@type":"SearchAction","target":{"@type":"EntryPoint","urlTemplate":"https:\/\/www.fondazionepirelli.org\/it\/?s={search_term_string}"},"query-input":{"@type":"PropertyValueSpecification","valueRequired":true,"valueName":"search_term_string"}}],"inLanguage":"it-IT"},{"@type":"Person","@id":"https:\/\/www.fondazionepirelli.org\/it\/#\/schema\/person\/f47d097000832c4a6e54538c791fdf25","name":"fondadmin","image":{"@type":"ImageObject","inLanguage":"it-IT","@id":"https:\/\/www.fondazionepirelli.org\/it\/#\/schema\/person\/image\/","url":"https:\/\/secure.gravatar.com\/avatar\/e69498a9175ca244966e51e53c88712c024fcebe41f9a05f75657f1bb25e489b?s=96&d=mm&r=g","contentUrl":"https:\/\/secure.gravatar.com\/avatar\/e69498a9175ca244966e51e53c88712c024fcebe41f9a05f75657f1bb25e489b?s=96&d=mm&r=g","caption":"fondadmin"},"url":"https:\/\/www.fondazionepirelli.org\/it\/author\/fondadmin\/"}]}},"_links":{"self":[{"href":"https:\/\/www.fondazionepirelli.org\/it\/wp-json\/wp\/v2\/posts\/103764\/"}],"collection":[{"href":"https:\/\/www.fondazionepirelli.org\/it\/wp-json\/wp\/v2\/posts\/"}],"about":[{"href":"https:\/\/www.fondazionepirelli.org\/it\/wp-json\/wp\/v2\/types\/post\/"}],"author":[{"embeddable":true,"href":"https:\/\/www.fondazionepirelli.org\/it\/wp-json\/wp\/v2\/users\/1\/"}],"replies":[{"embeddable":true,"href":"https:\/\/www.fondazionepirelli.org\/it\/wp-json\/wp\/v2\/comments\/?post=103764"}],"version-history":[{"count":2,"href":"https:\/\/www.fondazionepirelli.org\/it\/wp-json\/wp\/v2\/posts\/103764\/revisions\/"}],"predecessor-version":[{"id":103774,"href":"https:\/\/www.fondazionepirelli.org\/it\/wp-json\/wp\/v2\/posts\/103764\/revisions\/103774\/"}],"wp:featuredmedia":[{"embeddable":true,"href":"https:\/\/www.fondazionepirelli.org\/it\/wp-json\/wp\/v2\/media\/103777\/"}],"wp:attachment":[{"href":"https:\/\/www.fondazionepirelli.org\/it\/wp-json\/wp\/v2\/media\/?parent=103764"}],"wp:term":[{"taxonomy":"category","embeddable":true,"href":"https:\/\/www.fondazionepirelli.org\/it\/wp-json\/wp\/v2\/categories\/?post=103764"},{"taxonomy":"post_tag","embeddable":true,"href":"https:\/\/www.fondazionepirelli.org\/it\/wp-json\/wp\/v2\/tags\/?post=103764"}],"curies":[{"name":"wp","href":"https:\/\/api.w.org\/{rel}","templated":true}]}}