{"id":103874,"date":"2025-04-22T09:38:32","date_gmt":"2025-04-22T08:38:32","guid":{"rendered":"https:\/\/www.fondazionepirelli.org\/?p=103874"},"modified":"2025-04-22T09:38:32","modified_gmt":"2025-04-22T08:38:32","slug":"sicilia-california-deuropa-oltre-il-sogno-servono-investimenti-buon-governo-e-cultura","status":"publish","type":"post","link":"https:\/\/www.fondazionepirelli.org\/it\/cultura-dimpresa\/sicilia-california-deuropa-oltre-il-sogno-servono-investimenti-buon-governo-e-cultura\/","title":{"rendered":"Sicilia California d\u2019Europa? Oltre il sogno, servono investimenti, buon governo e cultura"},"content":{"rendered":"<p><strong>Sicilia<\/strong> come \u201cCalifornia d\u2019Europa\u201d. E <strong>Palermo<\/strong> come polo d\u2019eccellenza internazionale per le <strong>biotecnologie e la ricerca biomedica<\/strong>, in grado di \u201dattrarre ricercatori, giovani e maturi, da tutto il resto del mondo\u201d. Non \u00e8 un sogno sicilianista n\u00e9 una boutade di propaganda su originali strategie di sviluppo del Sud, affascinanti da raccontare e storicamente, per\u00f2, improduttive di risultati. Piuttosto, un progetto concreto, in corso di realizzazione. C\u2019\u00e8 infatti una Fondazione Rimed, che se ne occupa. E un piano di lavoro, finanziariamente sostenuto, che prevede che entro due anni a Carini, un paese a ovest di Palermo, vicino all\u2019aeroporto di Punta Raisi intitolato a Giovanni Falcone e Paolo Borsellino, sorga un <strong>Centro internazionale per la ricerca sulle biotecnologie<\/strong>. Palermo <em>high tech<\/em>, Sicilia terra di scienze e di lavoro di qualit\u00e0.<\/p>\n<p>Se ne scrive sulle autorevoli pagine de \u201cIl Sole24Ore\u201d (20 aprile), in una conversazione, firmata da <strong>Paolo Bricco<\/strong>, con Giulio Superti-Furga, direttore, da vent\u2019anni, del CeMM di Vienna, il Centro di ricerca di medicina molecolare dell\u2019Accademia delle Scienze e adesso coordinatore delle attivit\u00e0 della Fondazione siciliana: \u201cOggi nel polo viennese ci sono trecento ricercatori e sei imprese biotech. Perch\u00e9 non possiamo fare lo stesso in Sicilia? E\u2019 una terra complessa ma meravigliosa, con una gran <strong>voglia di rinascita e di riscatto<\/strong>, in grado di ospitare una struttura scientifica di standard internazionale e di attrarre scienziati e ricercatori da tutto il mondo\u201d.<\/p>\n<p>La <strong>Fondazione Rimed<\/strong> ha cinque soci fondatori, la presidenza del Consiglio dei ministri, il Cnr, la Regione Sicilia, l\u2019universit\u00e0 americana di Pittsburgh e il Pittsburgh Medical Center, le due strutture sanitarie che da oltre 25 anni hanno costituito, proprio a Palermo, l\u2019Ismett, un efficiente centro trapianti di rilievo mondiale. E accanto al Centro di di ricerca biomedica, sorger\u00e0 un Ismett2. 250 milioni d\u2019investimento iniziale per il Centro, altri 348 per l\u2019ospedale. Sostiene Superti-Furga: \u201cSaremo un polo biomedico unico in Europa, con un\u2019idea culturale precisa: la medicina di precisione, basata sui meccanismi patologici molecolari e la salute come effetto combinato dei geni e dell\u2019ambiente, la prevenzione quale viatico privilegiato all\u2019efficacia delle medicine, un\u2019impostazione quasi filosofica e antropologica della ricerca biomedica\u201d.<\/p>\n<p>Lavori in corso. Speranze da coltivare e da non deludere.<\/p>\n<p>L\u2019intuizione \u00e8 corretta. E pu\u00f2 fare da paradigma per riflessioni e iniziative pi\u00f9 ampie, sulla crescita civile, economica e sociale della Sicilia e del Mezzogiorno. Superando limiti e condizioni di crisi.<\/p>\n<p>La salute, in Sicilia, infatti, non rappresenta una delle pagine pi\u00f9 luminose ed esemplari dell\u2019esperienza regionale. \u201cIl miglior medico, qui, \u00e8 l\u2019aereo\u201d \u00e8 il luogo comune diffuso, confermato anche dal fatto che la Regione spende, ogni anno, circa 140 milioni (met\u00e0 dei quali per interventi \u201cad alta complessit\u00e0\u201d) per rimborsare alle amministrazioni sanitarie regionali pi\u00f9 virtuose ed efficienti (l\u2019Emilia, la Lombardia e il Veneto, innanzitutto) le cure prestate a cittadini siciliani. E se \u00e8 vero che anche in Sicilia ci sono strutture sanitarie pubbliche e private di grande qualit\u00e0, \u00e8 altrettanto vero che la spesa pubblica \u00e8 tra le pi\u00f9 alte d\u2019Italia, ma il livello delle cure tutt\u2019altro che all\u2019altezza sia della spesa che degli standard nazionali.<\/p>\n<p>Eppure, proprio elevate prestazioni sui temi della salute e, pi\u00f9 in generale, della qualit\u00e0 della vita sono fattori essenziali di attrattivit\u00e0, sia per le famiglie che per i giovani \u201ctalenti\u201d in cerca di migliori condizioni di lavoro e di vita. E per provare a ridurre l\u2019allarmante \u201c<strong>fuga dei cervelli<\/strong>\u201d (quei 191mila giovani dai 18 ai 34 anni, che nel \u201824 sono andati via dall\u2019Italia, il 20,5% in pi\u00f9 dell\u2019anno precedente) che impoverisce il paese e ne compromette il futuro.<\/p>\n<p>Nel contesto di una<strong> nuova centralit\u00e0 del Mediterraneo<\/strong>, per motivi legati ai profondi rivolgimenti geopolitici in corso, il nostro Mezzogiorno, infatti, pu\u00f2 ritrovare un significativo ruolo, come <strong>hub di ricerca scientifica<\/strong>, formazione, industria e servizi high tech, in raccordo con le universit\u00e0 (ne fanno fede gli investimenti\u00a0 di Apple e Microsoft a Napoli, di Pirelli in Puglia e di Bip, Business Integration Partners, a Palermo). Per non parlare delle opportunit\u00e0 rivolte a un turismo di lunga stanzialit\u00e0 della <em>silver generation<\/em>, gli anziani europei, innanzitutto.<\/p>\n<p>Ecco l\u2019obiettivo: una Sicilia e un Sud in grado di offrire <strong>nuove opportunit\u00e0 di lavoro<\/strong> e di studio ai giovani che tornino o anche arrivino da tutto l\u2019ampio bacino dell\u2019Europa e del Mediterraneo, ma anche da altri paesi che apprezzano il Made in Italy e le sue dimensioni economiche e culturali, oltre che un originale e piacevole stile di vita.<\/p>\n<p>L\u2019ambiente gioca a nostro favore. La cultura mediterranea e meridionale, aperta, dialettica, inclusiva, rafforza l\u2019attrattivit\u00e0 di cui stiamo parlando. Senza naturalmente dimenticare che la Sicilia ha una storia e un\u2019attualit\u00e0 di cultura di alto livello nelle arti figurative, in letteratura, nel cinema, nel teatro e nella fotografia, ma anche una solida cultura scientifica (il circolo matematico di Palermo e le scuole di biologia molecolare e marina, di fisica e di medicina ne offrono testimonianze storiche esemplari).<\/p>\n<p>Una <strong>Sicilia accogliente e dinamica<\/strong>, insomma. In cerca di relazioni con altre aree economiche e culturali di respiro europeo (ne \u00e8 conferma il Forum Milano-Palermo, promosso dai due sindaci Beppe Sala e Roberto Lagalla nei mesi scorsi e pronto ad approfondire le collaborazioni tra imprese, universit\u00e0, organizzazioni culturali).<\/p>\n<p>Cosa serve, dunque, per rafforzare l\u2019attrattivit\u00e0 siciliana? Salute e qualit\u00e0 della vita, come abbiamo detto. Un\u2019attenzione puntuale ed efficace per la tutela e la valorizzazione dell\u2019ambiente e del paesaggio. Una serie di strutture culturali di livello (teatri, musica, musei, biblioteche) e di offerte per il tempo libero (a cominciare dagli impianti per fare sport). Un sistema formativo di qualit\u00e0 e di respiro internazionale, dalle primarie all\u2019universit\u00e0, per i figli delle famiglie che sceglieranno di venire a lavorare in Sicilia. E infrastrutture efficienti per la mobilit\u00e0, a cominciare da un sistema aeroportuale ricco di servizi e collegamenti con il resto dell\u2019Europa e del mondo, potenziando di molto le offerte degli scali di Palermo e Catania, pensando non solo al turismo, ma alle attivit\u00e0 professionali, imprenditoriali, di lavoro.<\/p>\n<p>Serve, in altri termini, una <strong>lungimirante idea di sviluppo sostenibile<\/strong>. E una svolta di buon governo. La Sicilia, nonostante una storia di ombre e di intrecci tra cattiva amministrazione e criminalit\u00e0 organizzata, se ne \u00e8 dimostrata capace. Il governo delle \u201ccarte in regola\u201d di Piersanti Mattarella, presidente della Regione, alla fine degli anni Settanta. Il governo attento ad attrarre investimenti nazionali e internazionali guidato da Rino Nicolosi, nella seconda met\u00e0 degli anni Ottanta. E altre esperienze sia in Regione che in alcune citt\u00e0 e comuni.<\/p>\n<p>Esperienze da studiare. E considerare come buoni esempi, aggiornandoli ai contesti contemporanei. Perch\u00e9 ha ragione Superti-Furga quando parla di \u201cvoglia di riscatto, di rinascita\u201d. E hanno ragione anche tutti coloro che, in ambienti culturali ed economici, non si arrendono all\u2019idea della \u201cirredimibilit\u00e0\u201d della Sicilia temuta da Giuseppe Tomasi di Lampedusa e alla \u201cterribile insularit\u00e0 dell\u2019anima\u201d rilevata con preoccupazione da Leonardo Sciascia\u00a0 (due esempi positivi recenti tra tanti: \u201cMarea\u201d a Catania, un\u2019iniziativa promossa da Antonio Perdichizzi, imprenditore, per stimolare collegamenti e scambi tra siciliani andati via e siciliani rimasti; e \u201cSud Innovation\u201d di Roberto Ruggeri a Messina, per proporre relazioni sulle nuove tecnologie utili allo sviluppo del territorio).<\/p>\n<p>C\u2019\u00e8, insomma, una speranza ricorrente, una volont\u00e0 di non rassegnarsi a uno stereotipo della Sicilia e di un Mezzogiorno ridotti alla marginalit\u00e0.<\/p>\n<p>\u201cL\u2019alba della Sicilia\u201d era il titolo di una raccolta di saggi di un gruppo di economisti, giuristi e politologi pubblicata nel 1996, quasi trent\u2019anni fa, da Sellerio (e curata da chi scrive). Un\u2019ipotesi di buon augurio, pur prendendo atto che \u201cnel dialetto siciliano la forma del futuro non c\u2019\u00e8, come se esistesse un\u2019incapacit\u00e0 storica o una paura a dare espressione al tempo che verr\u00e0, a nominare l\u2019evoluzione, a riconoscere dignit\u00e0 di linguaggio al domani\u201d.<\/p>\n<p>Oggi, nonostante tutto, anche grazie agli investimenti in scienza, cultura e buona economia, si pu\u00f2 pur pensare che il viaggio al termine della notte consenta di far intravvedere presto un nuovo chiarore.<\/p><p><em>(Foto Getty Images)<\/em><\/p>","protected":false},"excerpt":{"rendered":"<p>Sicilia come \u201cCalifornia d\u2019Europa\u201d. E Palermo come polo d\u2019eccellenza internazionale per le biotecnologie e la ricerca biomedica, in grado di \u201dattrarre ricercatori, giovani e maturi, da tutto il resto del mondo\u201d. Non \u00e8 un sogno sicilianista n\u00e9 una boutade di propaganda su originali strategie di sviluppo del Sud, affascinanti da raccontare e storicamente, per\u00f2, improduttive [&hellip;]<\/p>\n","protected":false},"author":1,"featured_media":103887,"comment_status":"open","ping_status":"open","sticky":false,"template":"","format":"standard","meta":{"footnotes":""},"categories":[53,52],"tags":[],"class_list":["post-103874","post","type-post","status-publish","format-standard","has-post-thumbnail","hentry","category-blog","category-cultura-dimpresa"],"acf":[],"yoast_head":"<!-- This site is optimized with the Yoast SEO plugin v25.0 - https:\/\/yoast.com\/wordpress\/plugins\/seo\/ -->\n<title>Sicilia California d\u2019Europa? Oltre il sogno, servono investimenti, buon governo e cultura - Fondazione Pirelli<\/title>\n<meta name=\"robots\" content=\"index, follow, max-snippet:-1, max-image-preview:large, max-video-preview:-1\" \/>\n<link rel=\"canonical\" href=\"https:\/\/www.fondazionepirelli.org\/it\/cultura-dimpresa\/sicilia-california-deuropa-oltre-il-sogno-servono-investimenti-buon-governo-e-cultura\/\" \/>\n<meta property=\"og:locale\" content=\"it_IT\" \/>\n<meta property=\"og:type\" content=\"article\" \/>\n<meta property=\"og:title\" content=\"Sicilia California d\u2019Europa? Oltre il sogno, servono investimenti, buon governo e cultura - Fondazione Pirelli\" \/>\n<meta property=\"og:description\" content=\"Sicilia come \u201cCalifornia d\u2019Europa\u201d. E Palermo come polo d\u2019eccellenza internazionale per le biotecnologie e la ricerca biomedica, in grado di \u201dattrarre ricercatori, giovani e maturi, da tutto il resto del mondo\u201d. Non \u00e8 un sogno sicilianista n\u00e9 una boutade di propaganda su originali strategie di sviluppo del Sud, affascinanti da raccontare e storicamente, per\u00f2, improduttive [&hellip;]\" \/>\n<meta property=\"og:url\" content=\"https:\/\/www.fondazionepirelli.org\/it\/cultura-dimpresa\/sicilia-california-deuropa-oltre-il-sogno-servono-investimenti-buon-governo-e-cultura\/\" \/>\n<meta property=\"og:site_name\" content=\"Fondazione Pirelli\" \/>\n<meta property=\"article:published_time\" content=\"2025-04-22T08:38:32+00:00\" \/>\n<meta property=\"og:image\" content=\"https:\/\/wpsite-assets.fondazionepirelli.org\/wp-content\/uploads\/2025\/04\/22093819\/GettyImages-168634446.jpg\" \/>\n\t<meta property=\"og:image:width\" content=\"2121\" \/>\n\t<meta property=\"og:image:height\" content=\"1414\" \/>\n\t<meta property=\"og:image:type\" content=\"image\/jpeg\" \/>\n<meta name=\"author\" content=\"fondadmin\" \/>\n<meta name=\"twitter:card\" content=\"summary_large_image\" \/>\n<meta name=\"twitter:label1\" content=\"Scritto da\" \/>\n\t<meta name=\"twitter:data1\" content=\"fondadmin\" \/>\n\t<meta name=\"twitter:label2\" content=\"Tempo di lettura stimato\" \/>\n\t<meta name=\"twitter:data2\" content=\"7 minuti\" \/>\n<script type=\"application\/ld+json\" class=\"yoast-schema-graph\">{\"@context\":\"https:\/\/schema.org\",\"@graph\":[{\"@type\":\"WebPage\",\"@id\":\"https:\/\/www.fondazionepirelli.org\/it\/cultura-dimpresa\/sicilia-california-deuropa-oltre-il-sogno-servono-investimenti-buon-governo-e-cultura\/\",\"url\":\"https:\/\/www.fondazionepirelli.org\/it\/cultura-dimpresa\/sicilia-california-deuropa-oltre-il-sogno-servono-investimenti-buon-governo-e-cultura\/\",\"name\":\"Sicilia California d\u2019Europa? Oltre il sogno, servono investimenti, buon governo e cultura - Fondazione Pirelli\",\"isPartOf\":{\"@id\":\"https:\/\/www.fondazionepirelli.org\/it\/#website\"},\"primaryImageOfPage\":{\"@id\":\"https:\/\/www.fondazionepirelli.org\/it\/cultura-dimpresa\/sicilia-california-deuropa-oltre-il-sogno-servono-investimenti-buon-governo-e-cultura\/#primaryimage\"},\"image\":{\"@id\":\"https:\/\/www.fondazionepirelli.org\/it\/cultura-dimpresa\/sicilia-california-deuropa-oltre-il-sogno-servono-investimenti-buon-governo-e-cultura\/#primaryimage\"},\"thumbnailUrl\":\"https:\/\/wpsite-assets.fondazionepirelli.org\/wp-content\/uploads\/2025\/04\/22093819\/GettyImages-168634446.jpg\",\"datePublished\":\"2025-04-22T08:38:32+00:00\",\"author\":{\"@id\":\"https:\/\/www.fondazionepirelli.org\/it\/#\/schema\/person\/f47d097000832c4a6e54538c791fdf25\"},\"breadcrumb\":{\"@id\":\"https:\/\/www.fondazionepirelli.org\/it\/cultura-dimpresa\/sicilia-california-deuropa-oltre-il-sogno-servono-investimenti-buon-governo-e-cultura\/#breadcrumb\"},\"inLanguage\":\"it-IT\",\"potentialAction\":[{\"@type\":\"ReadAction\",\"target\":[\"https:\/\/www.fondazionepirelli.org\/it\/cultura-dimpresa\/sicilia-california-deuropa-oltre-il-sogno-servono-investimenti-buon-governo-e-cultura\/\"]}]},{\"@type\":\"ImageObject\",\"inLanguage\":\"it-IT\",\"@id\":\"https:\/\/www.fondazionepirelli.org\/it\/cultura-dimpresa\/sicilia-california-deuropa-oltre-il-sogno-servono-investimenti-buon-governo-e-cultura\/#primaryimage\",\"url\":\"https:\/\/wpsite-assets.fondazionepirelli.org\/wp-content\/uploads\/2025\/04\/22093819\/GettyImages-168634446.jpg\",\"contentUrl\":\"https:\/\/wpsite-assets.fondazionepirelli.org\/wp-content\/uploads\/2025\/04\/22093819\/GettyImages-168634446.jpg\",\"width\":2121,\"height\":1414,\"caption\":\"Image of a chemist working at a hospital lab while wearing protective gear. Around the researcher we have a microtiter plate and a petri dishes while she is holding a volumetric flask and a dropper. Image created with very shallow depth of field. Focus point is on her fingers and volumetric flask.\"},{\"@type\":\"BreadcrumbList\",\"@id\":\"https:\/\/www.fondazionepirelli.org\/it\/cultura-dimpresa\/sicilia-california-deuropa-oltre-il-sogno-servono-investimenti-buon-governo-e-cultura\/#breadcrumb\",\"itemListElement\":[{\"@type\":\"ListItem\",\"position\":1,\"name\":\"Home\",\"item\":\"https:\/\/www.fondazionepirelli.org\/it\/\"},{\"@type\":\"ListItem\",\"position\":2,\"name\":\"Sicilia California d\u2019Europa? Oltre il sogno, servono investimenti, buon governo e cultura\"}]},{\"@type\":\"WebSite\",\"@id\":\"https:\/\/www.fondazionepirelli.org\/it\/#website\",\"url\":\"https:\/\/www.fondazionepirelli.org\/it\/\",\"name\":\"Fondazione Pirelli\",\"description\":\"\",\"potentialAction\":[{\"@type\":\"SearchAction\",\"target\":{\"@type\":\"EntryPoint\",\"urlTemplate\":\"https:\/\/www.fondazionepirelli.org\/it\/?s={search_term_string}\"},\"query-input\":{\"@type\":\"PropertyValueSpecification\",\"valueRequired\":true,\"valueName\":\"search_term_string\"}}],\"inLanguage\":\"it-IT\"},{\"@type\":\"Person\",\"@id\":\"https:\/\/www.fondazionepirelli.org\/it\/#\/schema\/person\/f47d097000832c4a6e54538c791fdf25\",\"name\":\"fondadmin\",\"image\":{\"@type\":\"ImageObject\",\"inLanguage\":\"it-IT\",\"@id\":\"https:\/\/www.fondazionepirelli.org\/it\/#\/schema\/person\/image\/\",\"url\":\"https:\/\/secure.gravatar.com\/avatar\/e69498a9175ca244966e51e53c88712c024fcebe41f9a05f75657f1bb25e489b?s=96&d=mm&r=g\",\"contentUrl\":\"https:\/\/secure.gravatar.com\/avatar\/e69498a9175ca244966e51e53c88712c024fcebe41f9a05f75657f1bb25e489b?s=96&d=mm&r=g\",\"caption\":\"fondadmin\"},\"url\":\"https:\/\/www.fondazionepirelli.org\/it\/author\/fondadmin\/\"}]}<\/script>\n<!-- \/ Yoast SEO plugin. -->","yoast_head_json":{"title":"Sicilia California d\u2019Europa? Oltre il sogno, servono investimenti, buon governo e cultura - Fondazione Pirelli","robots":{"index":"index","follow":"follow","max-snippet":"max-snippet:-1","max-image-preview":"max-image-preview:large","max-video-preview":"max-video-preview:-1"},"canonical":"https:\/\/www.fondazionepirelli.org\/it\/cultura-dimpresa\/sicilia-california-deuropa-oltre-il-sogno-servono-investimenti-buon-governo-e-cultura\/","og_locale":"it_IT","og_type":"article","og_title":"Sicilia California d\u2019Europa? Oltre il sogno, servono investimenti, buon governo e cultura - Fondazione Pirelli","og_description":"Sicilia come \u201cCalifornia d\u2019Europa\u201d. E Palermo come polo d\u2019eccellenza internazionale per le biotecnologie e la ricerca biomedica, in grado di \u201dattrarre ricercatori, giovani e maturi, da tutto il resto del mondo\u201d. Non \u00e8 un sogno sicilianista n\u00e9 una boutade di propaganda su originali strategie di sviluppo del Sud, affascinanti da raccontare e storicamente, per\u00f2, improduttive [&hellip;]","og_url":"https:\/\/www.fondazionepirelli.org\/it\/cultura-dimpresa\/sicilia-california-deuropa-oltre-il-sogno-servono-investimenti-buon-governo-e-cultura\/","og_site_name":"Fondazione Pirelli","article_published_time":"2025-04-22T08:38:32+00:00","og_image":[{"width":2121,"height":1414,"url":"https:\/\/wpsite-assets.fondazionepirelli.org\/wp-content\/uploads\/2025\/04\/22093819\/GettyImages-168634446.jpg","type":"image\/jpeg"}],"author":"fondadmin","twitter_card":"summary_large_image","twitter_misc":{"Scritto da":"fondadmin","Tempo di lettura stimato":"7 minuti"},"schema":{"@context":"https:\/\/schema.org","@graph":[{"@type":"WebPage","@id":"https:\/\/www.fondazionepirelli.org\/it\/cultura-dimpresa\/sicilia-california-deuropa-oltre-il-sogno-servono-investimenti-buon-governo-e-cultura\/","url":"https:\/\/www.fondazionepirelli.org\/it\/cultura-dimpresa\/sicilia-california-deuropa-oltre-il-sogno-servono-investimenti-buon-governo-e-cultura\/","name":"Sicilia California d\u2019Europa? Oltre il sogno, servono investimenti, buon governo e cultura - Fondazione Pirelli","isPartOf":{"@id":"https:\/\/www.fondazionepirelli.org\/it\/#website"},"primaryImageOfPage":{"@id":"https:\/\/www.fondazionepirelli.org\/it\/cultura-dimpresa\/sicilia-california-deuropa-oltre-il-sogno-servono-investimenti-buon-governo-e-cultura\/#primaryimage"},"image":{"@id":"https:\/\/www.fondazionepirelli.org\/it\/cultura-dimpresa\/sicilia-california-deuropa-oltre-il-sogno-servono-investimenti-buon-governo-e-cultura\/#primaryimage"},"thumbnailUrl":"https:\/\/wpsite-assets.fondazionepirelli.org\/wp-content\/uploads\/2025\/04\/22093819\/GettyImages-168634446.jpg","datePublished":"2025-04-22T08:38:32+00:00","author":{"@id":"https:\/\/www.fondazionepirelli.org\/it\/#\/schema\/person\/f47d097000832c4a6e54538c791fdf25"},"breadcrumb":{"@id":"https:\/\/www.fondazionepirelli.org\/it\/cultura-dimpresa\/sicilia-california-deuropa-oltre-il-sogno-servono-investimenti-buon-governo-e-cultura\/#breadcrumb"},"inLanguage":"it-IT","potentialAction":[{"@type":"ReadAction","target":["https:\/\/www.fondazionepirelli.org\/it\/cultura-dimpresa\/sicilia-california-deuropa-oltre-il-sogno-servono-investimenti-buon-governo-e-cultura\/"]}]},{"@type":"ImageObject","inLanguage":"it-IT","@id":"https:\/\/www.fondazionepirelli.org\/it\/cultura-dimpresa\/sicilia-california-deuropa-oltre-il-sogno-servono-investimenti-buon-governo-e-cultura\/#primaryimage","url":"https:\/\/wpsite-assets.fondazionepirelli.org\/wp-content\/uploads\/2025\/04\/22093819\/GettyImages-168634446.jpg","contentUrl":"https:\/\/wpsite-assets.fondazionepirelli.org\/wp-content\/uploads\/2025\/04\/22093819\/GettyImages-168634446.jpg","width":2121,"height":1414,"caption":"Image of a chemist working at a hospital lab while wearing protective gear. Around the researcher we have a microtiter plate and a petri dishes while she is holding a volumetric flask and a dropper. Image created with very shallow depth of field. Focus point is on her fingers and volumetric flask."},{"@type":"BreadcrumbList","@id":"https:\/\/www.fondazionepirelli.org\/it\/cultura-dimpresa\/sicilia-california-deuropa-oltre-il-sogno-servono-investimenti-buon-governo-e-cultura\/#breadcrumb","itemListElement":[{"@type":"ListItem","position":1,"name":"Home","item":"https:\/\/www.fondazionepirelli.org\/it\/"},{"@type":"ListItem","position":2,"name":"Sicilia California d\u2019Europa? Oltre il sogno, servono investimenti, buon governo e cultura"}]},{"@type":"WebSite","@id":"https:\/\/www.fondazionepirelli.org\/it\/#website","url":"https:\/\/www.fondazionepirelli.org\/it\/","name":"Fondazione Pirelli","description":"","potentialAction":[{"@type":"SearchAction","target":{"@type":"EntryPoint","urlTemplate":"https:\/\/www.fondazionepirelli.org\/it\/?s={search_term_string}"},"query-input":{"@type":"PropertyValueSpecification","valueRequired":true,"valueName":"search_term_string"}}],"inLanguage":"it-IT"},{"@type":"Person","@id":"https:\/\/www.fondazionepirelli.org\/it\/#\/schema\/person\/f47d097000832c4a6e54538c791fdf25","name":"fondadmin","image":{"@type":"ImageObject","inLanguage":"it-IT","@id":"https:\/\/www.fondazionepirelli.org\/it\/#\/schema\/person\/image\/","url":"https:\/\/secure.gravatar.com\/avatar\/e69498a9175ca244966e51e53c88712c024fcebe41f9a05f75657f1bb25e489b?s=96&d=mm&r=g","contentUrl":"https:\/\/secure.gravatar.com\/avatar\/e69498a9175ca244966e51e53c88712c024fcebe41f9a05f75657f1bb25e489b?s=96&d=mm&r=g","caption":"fondadmin"},"url":"https:\/\/www.fondazionepirelli.org\/it\/author\/fondadmin\/"}]}},"_links":{"self":[{"href":"https:\/\/www.fondazionepirelli.org\/it\/wp-json\/wp\/v2\/posts\/103874\/"}],"collection":[{"href":"https:\/\/www.fondazionepirelli.org\/it\/wp-json\/wp\/v2\/posts\/"}],"about":[{"href":"https:\/\/www.fondazionepirelli.org\/it\/wp-json\/wp\/v2\/types\/post\/"}],"author":[{"embeddable":true,"href":"https:\/\/www.fondazionepirelli.org\/it\/wp-json\/wp\/v2\/users\/1\/"}],"replies":[{"embeddable":true,"href":"https:\/\/www.fondazionepirelli.org\/it\/wp-json\/wp\/v2\/comments\/?post=103874"}],"version-history":[{"count":4,"href":"https:\/\/www.fondazionepirelli.org\/it\/wp-json\/wp\/v2\/posts\/103874\/revisions\/"}],"predecessor-version":[{"id":103889,"href":"https:\/\/www.fondazionepirelli.org\/it\/wp-json\/wp\/v2\/posts\/103874\/revisions\/103889\/"}],"wp:featuredmedia":[{"embeddable":true,"href":"https:\/\/www.fondazionepirelli.org\/it\/wp-json\/wp\/v2\/media\/103887\/"}],"wp:attachment":[{"href":"https:\/\/www.fondazionepirelli.org\/it\/wp-json\/wp\/v2\/media\/?parent=103874"}],"wp:term":[{"taxonomy":"category","embeddable":true,"href":"https:\/\/www.fondazionepirelli.org\/it\/wp-json\/wp\/v2\/categories\/?post=103874"},{"taxonomy":"post_tag","embeddable":true,"href":"https:\/\/www.fondazionepirelli.org\/it\/wp-json\/wp\/v2\/tags\/?post=103874"}],"curies":[{"name":"wp","href":"https:\/\/api.w.org\/{rel}","templated":true}]}}