{"id":103924,"date":"2025-04-28T12:30:31","date_gmt":"2025-04-28T11:30:31","guid":{"rendered":"https:\/\/www.fondazionepirelli.org\/?p=103924"},"modified":"2025-06-23T09:50:07","modified_gmt":"2025-06-23T08:50:07","slug":"nella-citta-scena","status":"publish","type":"post","link":"https:\/\/www.fondazionepirelli.org\/it\/iniziative\/storie-dal-mondo-pirelli\/nella-citta-scena\/","title":{"rendered":"Nella citt\u00e0-scena"},"content":{"rendered":"<p><em>Quarta tappa del nostro approfondimento <strong>\u201c<\/strong><strong>Pirelli, la citt\u00e0, la visione\u201d<\/strong>: immagini e testimonianze di un\u2019azienda partecipe sin dalle origini alle grandi esposizioni internazionali<\/em><\/p><p>I visitatori che entrano nell\u2019Archivio Storico di Fondazione Pirelli vengono accolti da un\u2019immagine fotografica di grande impatto visivo e di notevole rilevanza \u2013 per la storia dell\u2019azienda e anche per l\u2019evoluzione della fotografia. Posizionata proprio all\u2019ingresso del percorso di visita, <strong>\u201cL\u2019uscita delle maestranze Pirelli dallo stabilimento di via Ponte Seveso\u201d<\/strong> \u00e8 stata scattata nel 1905 da <strong>Luca Comerio<\/strong>, grande fotografo e pioniere del cinema; ritrae le migliaia di lavoratori dello stabilimento milanese di via Ponte Seveso (ora via Fabio Filzi) e nella fattispecie, \u00e8 un ingrandimento della misura di cm 245 x 150, realizzato per l\u2019<strong>Esposizione Universale<\/strong> che il <strong>28 aprile 1906<\/strong> inaugurava a <strong>Milano<\/strong>,\u00a0in omaggio al traforo del Sempione. In questa grande manifestazione che attirava espositori da tutto il mondo, Pirelli allestiva i suoi stand nella\u00a0<strong>sala dell\u2019Automobilismo<\/strong>\u00a0e nel\u00a0<strong>padiglione dell\u2019Aeronautica<\/strong>, tra esibizioni di voli aerostatici e dirigibili che navigavano il cielo della citt\u00e0 e altre attrazioni, celebrando il grande tema ispiratore della manifestazione <strong>\u201cLa scienza, la citt\u00e0 e la vita\u201d<\/strong> attraverso i propri prodotti e tecnologie, ma anche con un orgoglioso ritratto collettivo delle proprie lavoratrici e lavoratori.<\/p><p>La storia di Pirelli e della sua partecipazione alle esposizioni internazionali inizia gi\u00e0 nel\u00a0<strong>1889 <\/strong>con\u00a0l<strong>\u2019Esposizione Universale di\u00a0Parigi<\/strong> ed \u00e8 attraversata dall\u2019entusiasmo per le nuove frontiere tecnologiche e le magnifiche opportunit\u00e0 di creare sempre nuove relazioni, preziose per ampliare gli orizzonti commerciali e culturali. A quella manifestazione che celebrava i 100 anni dalla Rivoluzione Francese \u00e8 presente <strong>Giovanni Battista Pirelli<\/strong>, fondatore dell\u2019azienda nel 1872, che invita con una <a href=\"https:\/\/www.fondazionepirelli.org\/archivio-storico\/documenti\/detail\/IT-PIRELLI-MISC0001-0000010918\/34-lettera-giovanni-battista-pirelli-giuseppe-borghero-34-1.html?jsonVal=%7b%22jsonVal%22:%7b%22query%22:%22borghero%22,%22startDate%22:%22%22,%22endDate%22:%22%22,%22fieldDate%22:%22dataNormal%22,%22_perPage%22:20%7d%7d&amp;attachmentMisc=SI\">lettera<\/a>\u00a0Giuseppe Borghero, direttore dello stabilimento Pirelli di La Spezia dove si producono cavi telegrafici sottomarini, a visitare la parte dedicata all\u2019elettricit\u00e0.<\/p><p>Ma la prima effettiva partecipazione di Pirelli a una Esposizione Universale con l\u2019allestimento di uno stand risale al <strong>1900<\/strong>, sempre a\u00a0<a href=\"https:\/\/www.fondazionepirelli.org\/archivio-storico\/documenti\/detail\/IT-PIRELLI-MISC0001-0000009906\/34-1900-esposizione-parigi-34.html?jsonVal=%7b%22jsonVal%22:%7b%22query%22:%22esposizione%22,%22startDate%22:%22%22,%22endDate%22:%22%22,%22fieldDate%22:%22dataNormal%22,%22_perPage%22:20%7d%7d&amp;attachmentMisc=SI\">Parigi<\/a>, con <strong>campioni di cavi di ogni sorta<\/strong> (isolati in guttaperca, in materie tessili, in\u00a0caoutchouc vulcanizzato, per telegrafi, telefoni, luce elettrica, trasporto di energia a distanza) oltre a quelli <strong>sottomarini e sotterranei<\/strong>, tra cui un modello speciale, per il trasporto di energia a 2500 volt, in grado di illuminare 500 lampade disposte su un quadro all\u2019interno dello stand, dimostrando la capacit\u00e0 di Pirelli di trasportare l\u2019energia elettrica ad altissime tensioni.<\/p><p>Dimostrare la propria potenza tecnologica e il proprio protagonismo in quella fase della storia dell\u2019umanit\u00e0 in cui il progresso era una gioiosa competizione di capacit\u00e0, risorse, competenze, ma anche slancio creativo, che andava in scena nelle esposizioni universali nelle citt\u00e0 del mondo, che diventavano citt\u00e0-mondo, palcoscenico dei migliori traguardi e dunque momenti di ispirazione per tutta la comunit\u00e0. Questo \u00e8 l\u2019aspetto che ci interessa esplorare in questo articolo, che si inserisce nel racconto dedicato al legame intenso e continuo fra Pirelli e la citt\u00e0, con lo sguardo rivolto in avanti.<\/p><p>Nel\u00a0<strong>1904<\/strong>\u00a0\u00e8 la volta dell\u2019<a href=\"https:\/\/www.fondazionepirelli.org\/archivio-storico\/documenti\/detail\/IT-PIRELLI-MISC0001-0000010692\/34-1904-mostra-universale-s-louis-34.html?jsonVal=%7b%22jsonVal%22:%7b%22query%22:%22esposizione%22,%22startDate%22:%22%22,%22endDate%22:%22%22,%22fieldDate%22:%22dataNormal%22,%22_perPage%22:20%7d%7d&amp;attachmentMisc=SI,SI\">Esposizione internazionale della Lousiana<\/a>, la \u201cLouisiana Purchaise\u201d, con la supervisione diretta di Piero Pirelli, recatosi negli Stati Uniti anche per osservare l\u2019industria americana e stipulare nuovi accordi commerciali e di fornitura. La presenta come un\u2019occasione da non perdere, con espositori da tutta Europa, America latina, Canada, Cina e Giappone e la possibilit\u00e0, dunque, di entrare in contatto con i rappresentanti di questi paesi oltre che degli Stati Uniti.<\/p><p>Nel <strong>1958<\/strong> l\u2019esposizione universale entra nelle pagine della <strong>Rivista Pirelli<\/strong>. Nel numero 4 si legge l\u2019articolo <a href=\"https:\/\/www.fondazionepirelli.org\/archivio-storico\/bookreader\/pubblicazioni-e-riviste\/RivistaPirelli\/1958_4.html#page\/56\/mode\/2up\">\u201cTaccuino dell\u2019Expo\u201d<\/a> a firma Franco Fellini, pseudonimo di Giovanni Pirelli, dove si descrive lo spirito cosmopolita dell\u2019<strong>Esposizione Universale di Bruxelles<\/strong>, con la folla protagonista\u00a0 <strong>\u201cuna folla internazionale ed eterogenea il cui comune denominatore sembra essere l\u2019ansia di vedere tutto, di tutto sperimentare\u201d<\/strong> e quella dimensione di euforia per le atmosfere fantascientifiche create dall\u2019Atomium, simbolo dell\u2019Expo, e per i grandiosi padiglioni rappresentativi di tutti i mondi allora possibili.<\/p><p><strong>\u00c8 il 1961<\/strong>. A Torino va in scena l\u2019<strong>Esposizione Internazionale del Lavoro<\/strong> per celebrare il centenario dell\u2019Unit\u00e0 d\u2019Italia. Pirelli allestisce un padiglione sul tema della <strong>ricerca scientifica<\/strong> e all\u2019ingresso espone il grande mosaico realizzato dai maestri dell\u2019Accademia delle Belle Arti di Ravenna, su cartone preparatorio di Renato Guttuso, oggi conservato nella sala consultazione in Fondazione Pirelli. Raffigura uomini e donne in camice bianco, intenti a studiare il mondo con strumenti e microscopi. Una partecipazione che sta dalla parte della <strong>cultura politecnica<\/strong> in cui l\u2019azienda si \u00e8 gi\u00e0 radicalmente identificata.<\/p><p>Facendo un lungo salto temporale che include fiere e saloni di richiamo internazionale dove Pirelli \u00e8 presente con i suoi prodotti, tecnologia e valori d\u2019impresa (fra tutti, la prima edizione del Salone del Mobile a Milano nel 1961) riatterriamo a Milano, dove il<strong>\u00a01\u00b0 maggio 2015 \u2013 <\/strong>(ri)apre le porte l\u2019Expo, il tema questa volta \u00e8 \u201cNutrire il Pianeta. Energia per la vita\u201d. Per Marco Tronchetti Provera, Vice Presidente Esecutivo di Pirelli, Expo Milano 2015 \u00e8 stata \u201cuna grande opportunit\u00e0 per Milano e per l\u2019intero Paese. Per questo Pirelli ha scelto di sostenere una serie di iniziative a questo collegate, tra cui l\u2019<strong>Albero della Vita<\/strong>, una grande opera contemporanea destinata a diventare un\u2019icona della creativit\u00e0 e della\u00a0qualit\u00e0 industriale di Milano\u00a0e del sistema Italia, un simbolo forte della manifestazione in tutto il mondo\u201d.<\/p><p>Pirelli aveva iniziato molto presto a presentare i propri prodotti in fiere nazionali e di settore (come le esposizioni generali italiane del\u00a0<a href=\"https:\/\/www.fondazionepirelli.org\/archivio-storico\/documenti\/detail\/IT-PIRELLI-MISC0001-0000010239\/34-gomme-elastiche-e-guttaperche-34.html?jsonVal=%7b%22jsonVal%22:%7b%22query%22:%22esposizione%22,%22startDate%22:%22%22,%22endDate%22:%22%22,%22fieldDate%22:%22dataNormal%22,%22_perPage%22:20%7d%7d&amp;attachmentMisc=SI\">1881<\/a>\u00a0e del\u00a0<a href=\"https:\/\/www.fondazionepirelli.org\/archivio-storico\/documenti\/detail\/IT-PIRELLI-MISC0001-0000010283\/34-pirelli-c-milano-unico-stabilimento-italia-lavorazione-della-gomma-elastica-e-della-guttaperca-34.html?jsonVal=%7b%22jsonVal%22:%7b%22query%22:%22torino%22,%22startDate%22:%22%22,%22endDate%22:%22%22,%22fieldDate%22:%22dataNormal%22,%22_perPage%22:20%7d%7d&amp;attachmentMisc=SI\">1884<\/a>, o\u00a0<a href=\"https:\/\/www.fondazionepirelli.org\/archivio-storico\/documenti\/detail\/IT-PIRELLI-MISC0001-0000010316\/34-l-esposizione-internazionale-del-1887-34.html?jsonVal=%7b%22jsonVal%22:%7b%22query%22:%22esposizione%22,%22startDate%22:%22%22,%22endDate%22:%22%22,%22fieldDate%22:%22dataNormal%22,%22_perPage%22:20%7d%7d&amp;attachmentMisc=SI\">quella internazionale di panificazione e macinazione di Milano<\/a>\u00a0nel 1897, con un padiglione dedicato all\u2019elettricit\u00e0).<\/p><p>Ma \u00e8 nelle grandi esposizioni internazionali che si coglie il nesso fra un\u2019azienda come Pirelli con lo sguardo rivolto in avanti e la citt\u00e0 capace di mettere in scena la visione. \u201cL\u2019Esposizione Universale di Bruxelles \u00e8 un\u2019immagine di ci\u00f2 che \u00e8, ci\u00f2 che vuole sembrare, ci\u00f2 che vuole diventare il mondo in cui viviamo\u201d. Lo dice bene ancora una volta l\u2019articolo \u201cTaccuino dall\u2019Expo\u201d, introducendo il concetto del \u201cdiventare\u201d, ovvero del futuro e del saperlo vedere. La visione, appunto.<\/p>","protected":false},"excerpt":{"rendered":"<p>Quarta tappa del nostro approfondimento \u201cPirelli, la citt\u00e0, la visione\u201d: immagini e testimonianze di un\u2019azienda partecipe sin dalle origini alle grandi esposizioni internazionaliI visitatori che entrano nell\u2019Archivio Storico di Fondazione Pirelli vengono accolti da un\u2019immagine fotografica di grande impatto visivo e di notevole rilevanza \u2013 per la storia dell\u2019azienda e anche per l\u2019evoluzione della fotografia. [&hellip;]<\/p>\n","protected":false},"author":1,"featured_media":103953,"comment_status":"open","ping_status":"open","sticky":false,"template":"","format":"standard","meta":{"footnotes":""},"categories":[60,62],"tags":[109,675,229,118],"class_list":["post-103924","post","type-post","status-publish","format-standard","has-post-thumbnail","hentry","category-iniziative","category-storie-dal-mondo-pirelli","tag-comunicare-limpresa","tag-pirelli-la-citta-la-visione","tag-racconti-dimpresa","tag-storia-aziendale"],"acf":[],"yoast_head":"<!-- This site is optimized with the Yoast SEO plugin v25.0 - https:\/\/yoast.com\/wordpress\/plugins\/seo\/ -->\n<title>Nella citt\u00e0-scena - Fondazione Pirelli<\/title>\n<meta name=\"robots\" content=\"index, follow, max-snippet:-1, max-image-preview:large, max-video-preview:-1\" \/>\n<link rel=\"canonical\" href=\"https:\/\/www.fondazionepirelli.org\/it\/iniziative\/storie-dal-mondo-pirelli\/nella-citta-scena\/\" \/>\n<meta property=\"og:locale\" content=\"it_IT\" \/>\n<meta property=\"og:type\" content=\"article\" \/>\n<meta property=\"og:title\" content=\"Nella citt\u00e0-scena - Fondazione Pirelli\" \/>\n<meta property=\"og:description\" content=\"Quarta tappa del nostro approfondimento \u201cPirelli, la citt\u00e0, la visione\u201d: immagini e testimonianze di un\u2019azienda partecipe sin dalle origini alle grandi esposizioni internazionaliI visitatori che entrano nell\u2019Archivio Storico di Fondazione Pirelli vengono accolti da un\u2019immagine fotografica di grande impatto visivo e di notevole rilevanza \u2013 per la storia dell\u2019azienda e anche per l\u2019evoluzione della fotografia. [&hellip;]\" \/>\n<meta property=\"og:url\" content=\"https:\/\/www.fondazionepirelli.org\/it\/iniziative\/storie-dal-mondo-pirelli\/nella-citta-scena\/\" \/>\n<meta property=\"og:site_name\" content=\"Fondazione Pirelli\" \/>\n<meta property=\"article:published_time\" content=\"2025-04-28T11:30:31+00:00\" \/>\n<meta property=\"article:modified_time\" content=\"2025-06-23T08:50:07+00:00\" \/>\n<meta property=\"og:image\" content=\"https:\/\/wpsite-assets.fondazionepirelli.org\/wp-content\/uploads\/2025\/04\/28123344\/DSIP_848-5_1910_04-e1745840373564.jpg\" \/>\n\t<meta property=\"og:image:width\" content=\"1604\" \/>\n\t<meta property=\"og:image:height\" content=\"1029\" \/>\n\t<meta property=\"og:image:type\" content=\"image\/jpeg\" \/>\n<meta name=\"author\" content=\"fondadmin\" \/>\n<meta name=\"twitter:card\" content=\"summary_large_image\" \/>\n<meta name=\"twitter:label1\" content=\"Scritto da\" \/>\n\t<meta name=\"twitter:data1\" content=\"fondadmin\" \/>\n\t<meta name=\"twitter:label2\" content=\"Tempo di lettura stimato\" \/>\n\t<meta name=\"twitter:data2\" content=\"6 minuti\" \/>\n<script type=\"application\/ld+json\" class=\"yoast-schema-graph\">{\"@context\":\"https:\/\/schema.org\",\"@graph\":[{\"@type\":\"WebPage\",\"@id\":\"https:\/\/www.fondazionepirelli.org\/it\/iniziative\/storie-dal-mondo-pirelli\/nella-citta-scena\/\",\"url\":\"https:\/\/www.fondazionepirelli.org\/it\/iniziative\/storie-dal-mondo-pirelli\/nella-citta-scena\/\",\"name\":\"Nella citt\u00e0-scena - Fondazione Pirelli\",\"isPartOf\":{\"@id\":\"https:\/\/www.fondazionepirelli.org\/it\/#website\"},\"primaryImageOfPage\":{\"@id\":\"https:\/\/www.fondazionepirelli.org\/it\/iniziative\/storie-dal-mondo-pirelli\/nella-citta-scena\/#primaryimage\"},\"image\":{\"@id\":\"https:\/\/www.fondazionepirelli.org\/it\/iniziative\/storie-dal-mondo-pirelli\/nella-citta-scena\/#primaryimage\"},\"thumbnailUrl\":\"https:\/\/wpsite-assets.fondazionepirelli.org\/wp-content\/uploads\/2025\/04\/28123344\/DSIP_848-5_1910_04-e1745840373564.jpg\",\"datePublished\":\"2025-04-28T11:30:31+00:00\",\"dateModified\":\"2025-06-23T08:50:07+00:00\",\"author\":{\"@id\":\"https:\/\/www.fondazionepirelli.org\/it\/#\/schema\/person\/f47d097000832c4a6e54538c791fdf25\"},\"breadcrumb\":{\"@id\":\"https:\/\/www.fondazionepirelli.org\/it\/iniziative\/storie-dal-mondo-pirelli\/nella-citta-scena\/#breadcrumb\"},\"inLanguage\":\"it-IT\",\"potentialAction\":[{\"@type\":\"ReadAction\",\"target\":[\"https:\/\/www.fondazionepirelli.org\/it\/iniziative\/storie-dal-mondo-pirelli\/nella-citta-scena\/\"]}]},{\"@type\":\"ImageObject\",\"inLanguage\":\"it-IT\",\"@id\":\"https:\/\/www.fondazionepirelli.org\/it\/iniziative\/storie-dal-mondo-pirelli\/nella-citta-scena\/#primaryimage\",\"url\":\"https:\/\/wpsite-assets.fondazionepirelli.org\/wp-content\/uploads\/2025\/04\/28123344\/DSIP_848-5_1910_04-e1745840373564.jpg\",\"contentUrl\":\"https:\/\/wpsite-assets.fondazionepirelli.org\/wp-content\/uploads\/2025\/04\/28123344\/DSIP_848-5_1910_04-e1745840373564.jpg\",\"width\":1604,\"height\":1029},{\"@type\":\"BreadcrumbList\",\"@id\":\"https:\/\/www.fondazionepirelli.org\/it\/iniziative\/storie-dal-mondo-pirelli\/nella-citta-scena\/#breadcrumb\",\"itemListElement\":[{\"@type\":\"ListItem\",\"position\":1,\"name\":\"Home\",\"item\":\"https:\/\/www.fondazionepirelli.org\/it\/\"},{\"@type\":\"ListItem\",\"position\":2,\"name\":\"Nella citt\u00e0-scena\"}]},{\"@type\":\"WebSite\",\"@id\":\"https:\/\/www.fondazionepirelli.org\/it\/#website\",\"url\":\"https:\/\/www.fondazionepirelli.org\/it\/\",\"name\":\"Fondazione Pirelli\",\"description\":\"\",\"potentialAction\":[{\"@type\":\"SearchAction\",\"target\":{\"@type\":\"EntryPoint\",\"urlTemplate\":\"https:\/\/www.fondazionepirelli.org\/it\/?s={search_term_string}\"},\"query-input\":{\"@type\":\"PropertyValueSpecification\",\"valueRequired\":true,\"valueName\":\"search_term_string\"}}],\"inLanguage\":\"it-IT\"},{\"@type\":\"Person\",\"@id\":\"https:\/\/www.fondazionepirelli.org\/it\/#\/schema\/person\/f47d097000832c4a6e54538c791fdf25\",\"name\":\"fondadmin\",\"image\":{\"@type\":\"ImageObject\",\"inLanguage\":\"it-IT\",\"@id\":\"https:\/\/www.fondazionepirelli.org\/it\/#\/schema\/person\/image\/\",\"url\":\"https:\/\/secure.gravatar.com\/avatar\/e69498a9175ca244966e51e53c88712c024fcebe41f9a05f75657f1bb25e489b?s=96&d=mm&r=g\",\"contentUrl\":\"https:\/\/secure.gravatar.com\/avatar\/e69498a9175ca244966e51e53c88712c024fcebe41f9a05f75657f1bb25e489b?s=96&d=mm&r=g\",\"caption\":\"fondadmin\"},\"url\":\"https:\/\/www.fondazionepirelli.org\/it\/author\/fondadmin\/\"}]}<\/script>\n<!-- \/ Yoast SEO plugin. -->","yoast_head_json":{"title":"Nella citt\u00e0-scena - Fondazione Pirelli","robots":{"index":"index","follow":"follow","max-snippet":"max-snippet:-1","max-image-preview":"max-image-preview:large","max-video-preview":"max-video-preview:-1"},"canonical":"https:\/\/www.fondazionepirelli.org\/it\/iniziative\/storie-dal-mondo-pirelli\/nella-citta-scena\/","og_locale":"it_IT","og_type":"article","og_title":"Nella citt\u00e0-scena - Fondazione Pirelli","og_description":"Quarta tappa del nostro approfondimento \u201cPirelli, la citt\u00e0, la visione\u201d: immagini e testimonianze di un\u2019azienda partecipe sin dalle origini alle grandi esposizioni internazionaliI visitatori che entrano nell\u2019Archivio Storico di Fondazione Pirelli vengono accolti da un\u2019immagine fotografica di grande impatto visivo e di notevole rilevanza \u2013 per la storia dell\u2019azienda e anche per l\u2019evoluzione della fotografia. [&hellip;]","og_url":"https:\/\/www.fondazionepirelli.org\/it\/iniziative\/storie-dal-mondo-pirelli\/nella-citta-scena\/","og_site_name":"Fondazione Pirelli","article_published_time":"2025-04-28T11:30:31+00:00","article_modified_time":"2025-06-23T08:50:07+00:00","og_image":[{"width":1604,"height":1029,"url":"https:\/\/wpsite-assets.fondazionepirelli.org\/wp-content\/uploads\/2025\/04\/28123344\/DSIP_848-5_1910_04-e1745840373564.jpg","type":"image\/jpeg"}],"author":"fondadmin","twitter_card":"summary_large_image","twitter_misc":{"Scritto da":"fondadmin","Tempo di lettura stimato":"6 minuti"},"schema":{"@context":"https:\/\/schema.org","@graph":[{"@type":"WebPage","@id":"https:\/\/www.fondazionepirelli.org\/it\/iniziative\/storie-dal-mondo-pirelli\/nella-citta-scena\/","url":"https:\/\/www.fondazionepirelli.org\/it\/iniziative\/storie-dal-mondo-pirelli\/nella-citta-scena\/","name":"Nella citt\u00e0-scena - Fondazione Pirelli","isPartOf":{"@id":"https:\/\/www.fondazionepirelli.org\/it\/#website"},"primaryImageOfPage":{"@id":"https:\/\/www.fondazionepirelli.org\/it\/iniziative\/storie-dal-mondo-pirelli\/nella-citta-scena\/#primaryimage"},"image":{"@id":"https:\/\/www.fondazionepirelli.org\/it\/iniziative\/storie-dal-mondo-pirelli\/nella-citta-scena\/#primaryimage"},"thumbnailUrl":"https:\/\/wpsite-assets.fondazionepirelli.org\/wp-content\/uploads\/2025\/04\/28123344\/DSIP_848-5_1910_04-e1745840373564.jpg","datePublished":"2025-04-28T11:30:31+00:00","dateModified":"2025-06-23T08:50:07+00:00","author":{"@id":"https:\/\/www.fondazionepirelli.org\/it\/#\/schema\/person\/f47d097000832c4a6e54538c791fdf25"},"breadcrumb":{"@id":"https:\/\/www.fondazionepirelli.org\/it\/iniziative\/storie-dal-mondo-pirelli\/nella-citta-scena\/#breadcrumb"},"inLanguage":"it-IT","potentialAction":[{"@type":"ReadAction","target":["https:\/\/www.fondazionepirelli.org\/it\/iniziative\/storie-dal-mondo-pirelli\/nella-citta-scena\/"]}]},{"@type":"ImageObject","inLanguage":"it-IT","@id":"https:\/\/www.fondazionepirelli.org\/it\/iniziative\/storie-dal-mondo-pirelli\/nella-citta-scena\/#primaryimage","url":"https:\/\/wpsite-assets.fondazionepirelli.org\/wp-content\/uploads\/2025\/04\/28123344\/DSIP_848-5_1910_04-e1745840373564.jpg","contentUrl":"https:\/\/wpsite-assets.fondazionepirelli.org\/wp-content\/uploads\/2025\/04\/28123344\/DSIP_848-5_1910_04-e1745840373564.jpg","width":1604,"height":1029},{"@type":"BreadcrumbList","@id":"https:\/\/www.fondazionepirelli.org\/it\/iniziative\/storie-dal-mondo-pirelli\/nella-citta-scena\/#breadcrumb","itemListElement":[{"@type":"ListItem","position":1,"name":"Home","item":"https:\/\/www.fondazionepirelli.org\/it\/"},{"@type":"ListItem","position":2,"name":"Nella citt\u00e0-scena"}]},{"@type":"WebSite","@id":"https:\/\/www.fondazionepirelli.org\/it\/#website","url":"https:\/\/www.fondazionepirelli.org\/it\/","name":"Fondazione Pirelli","description":"","potentialAction":[{"@type":"SearchAction","target":{"@type":"EntryPoint","urlTemplate":"https:\/\/www.fondazionepirelli.org\/it\/?s={search_term_string}"},"query-input":{"@type":"PropertyValueSpecification","valueRequired":true,"valueName":"search_term_string"}}],"inLanguage":"it-IT"},{"@type":"Person","@id":"https:\/\/www.fondazionepirelli.org\/it\/#\/schema\/person\/f47d097000832c4a6e54538c791fdf25","name":"fondadmin","image":{"@type":"ImageObject","inLanguage":"it-IT","@id":"https:\/\/www.fondazionepirelli.org\/it\/#\/schema\/person\/image\/","url":"https:\/\/secure.gravatar.com\/avatar\/e69498a9175ca244966e51e53c88712c024fcebe41f9a05f75657f1bb25e489b?s=96&d=mm&r=g","contentUrl":"https:\/\/secure.gravatar.com\/avatar\/e69498a9175ca244966e51e53c88712c024fcebe41f9a05f75657f1bb25e489b?s=96&d=mm&r=g","caption":"fondadmin"},"url":"https:\/\/www.fondazionepirelli.org\/it\/author\/fondadmin\/"}]}},"_links":{"self":[{"href":"https:\/\/www.fondazionepirelli.org\/it\/wp-json\/wp\/v2\/posts\/103924\/"}],"collection":[{"href":"https:\/\/www.fondazionepirelli.org\/it\/wp-json\/wp\/v2\/posts\/"}],"about":[{"href":"https:\/\/www.fondazionepirelli.org\/it\/wp-json\/wp\/v2\/types\/post\/"}],"author":[{"embeddable":true,"href":"https:\/\/www.fondazionepirelli.org\/it\/wp-json\/wp\/v2\/users\/1\/"}],"replies":[{"embeddable":true,"href":"https:\/\/www.fondazionepirelli.org\/it\/wp-json\/wp\/v2\/comments\/?post=103924"}],"version-history":[{"count":16,"href":"https:\/\/www.fondazionepirelli.org\/it\/wp-json\/wp\/v2\/posts\/103924\/revisions\/"}],"predecessor-version":[{"id":103968,"href":"https:\/\/www.fondazionepirelli.org\/it\/wp-json\/wp\/v2\/posts\/103924\/revisions\/103968\/"}],"wp:featuredmedia":[{"embeddable":true,"href":"https:\/\/www.fondazionepirelli.org\/it\/wp-json\/wp\/v2\/media\/103953\/"}],"wp:attachment":[{"href":"https:\/\/www.fondazionepirelli.org\/it\/wp-json\/wp\/v2\/media\/?parent=103924"}],"wp:term":[{"taxonomy":"category","embeddable":true,"href":"https:\/\/www.fondazionepirelli.org\/it\/wp-json\/wp\/v2\/categories\/?post=103924"},{"taxonomy":"post_tag","embeddable":true,"href":"https:\/\/www.fondazionepirelli.org\/it\/wp-json\/wp\/v2\/tags\/?post=103924"}],"curies":[{"name":"wp","href":"https:\/\/api.w.org\/{rel}","templated":true}]}}