{"id":104037,"date":"2025-05-06T13:59:34","date_gmt":"2025-05-06T12:59:34","guid":{"rendered":"https:\/\/www.fondazionepirelli.org\/?p=104037"},"modified":"2025-05-06T13:59:34","modified_gmt":"2025-05-06T12:59:34","slug":"ricostruire-fiducia-e-investire-su-cultura-e-futuro-le-parole-di-mattarella-per-i-cinquantanni-del-fai","status":"publish","type":"post","link":"https:\/\/www.fondazionepirelli.org\/it\/cultura-dimpresa\/blog\/ricostruire-fiducia-e-investire-su-cultura-e-futuro-le-parole-di-mattarella-per-i-cinquantanni-del-fai\/","title":{"rendered":"Ricostruire fiducia e investire su cultura e futuro, le parole di Mattarella per i cinquant\u2019anni del Fai"},"content":{"rendered":"<p>Ricostruire fiducia. E ridare speranza, soprattutto alle ragazze e ai ragazzi, molti, troppi dei quali abbandonano l\u2019Italia in cerca di migliori condizioni di lavoro e di vita. In tempi di crisi, quali quelli che stiamo vivendo, \u00e8 necessario avere la chiara consapevolezza delle tensioni, delle fratture e dei\u00a0 rischi di degrado delle condizioni politiche, economiche e sociali. Ma anche provare a intravvedere, e cercare di costruire, <strong>progetti di ripresa<\/strong>, di riscatto. Al di l\u00e0 del buon senso che racconta come il punto pi\u00f9 oscuro delle notte sia proprio alla vigilia dell\u2019alba, a mettere un limite alla disperazione contribuiscono le pagine pi\u00f9 lucide della nostra letteratura. Come quella che conclude <strong>\u201cLe citt\u00e0 invisibili\u201d<\/strong> di <strong>Italo Calvino<\/strong>: \u201cL\u2019inferno dei viventi non \u00e8 qualcosa che sar\u00e0; se ce n\u2019\u00e9 uno, \u00e8 quello che \u00e8 gi\u00e0 qui, l\u2019inferno che abitiamo tutti i giorni, che formiamo stando insieme. Due modi ci sono per non soffrirne. Il primo riesce facile a molti: accettare l\u2019inferno e diventarne parte fino al punto di non vederlo pi\u00f9. Il secondo \u00e8 rischioso ed esige attenzione e approfondimento continui: cercare e sapere riconoscere chi e cosa, in mezzo all\u2019inferno, non \u00e8 inferno, e farlo durare, e dargli spazio\u201d.<\/p>\n<p>La lezione di Calvino \u00e8 parte integrante di un modo responsabile di concepire il lavoro intellettuale e dunque anche l\u2019impegno politico. E vale la pena tenerla a mente di fronte ai tanti segnali di crisi che affollano il nostro tempo inquieto. Cercandone tracce nel tessuto stesso del discorso pubblico con cui viviamo, raccontiamo, progettiamo una pi\u00f9 soddisfacente condizione nel nostro essere <em>cives<\/em>, <strong>cittadini responsabili di una comunit\u00e0<\/strong>.<\/p>\n<p>Un buon esempio sta nelle parole del presidente della Repubblica <strong>Sergio Mattarella<\/strong>, pronunciate nei giorni scorsi durante la cerimonia, al Quirinale, per i <strong>cinquant\u2019anni del Fai<\/strong>, il Fondo che, meritoriamente, tutela e valorizza i beni ambientali italiani e dunque anche il paesaggio, i monumenti, le testimonianze storiche di una straordinaria civilt\u00e0. In linea, appunto, con la recente versione dell\u2019<strong>articolo 9 della Costituzione<\/strong> che, nella modifica del febbraio 2022, ha introdotto, accanto allo \u201csviluppo della cultura\u201d, alla \u201cricerca scientifica e tecnica\u201d e alla tutela del \u201cpaesaggio e del patrimonio storico e artistico della Nazione\u201d pure \u201c<strong>la tutela dell\u2019ambiente, la biodiversit\u00e0, gli ecosistemi, anche nell\u2019interesse delle future generazioni<\/strong>\u201d.<\/p>\n<p>Sostiene il presidente Mattarella che la cultura ha la responsabilit\u00e0 della \u201ccostruzione di identit\u00e0 condivise e comuni, nel rispetto delle identit\u00e0 di ciascuno\u201d e definisce una civilt\u00e0 \u201cche genera capitale sociale, incontro, pace, sviluppo\u201d. Quest\u2019Italia \u00e8, appunto, \u201cun suggestivo mosaico\u201d frutto di \u201ctante storie e vicende\u201d e \u201cpazientemente composto a beneficio delle nuove generazioni\u201d. Tocca a loro, infatti, \u201ctrovare alimento nella storia da cui hanno origine\u201d e da essa \u201calzare l\u2019orizzonte nel nostro sguardo\u201d. In altri termini, \u201cil destino dell\u2019uomo e il destino dell\u2019ambiente non sono mai stati cos\u00ec strettamente connessi\u201d.<\/p>\n<p>Ambiente, cultura, storia e sviluppo sostenibile sono cardini essenziali di una pi\u00f9 equilibrata crescita economica e sociale (ne abbiamo parlato anche nei blog delle ultime due settimane). E se in tempi di radicali sconvolgimenti degli equilibri geopolitici e di profondo turbamento dei mercati a causa delle gravi guerre commerciali in corso, vanno ridefinite ragioni e metodi delle competizioni e delle ricostruzioni delle catene del valore, proprio l\u2019Italia, nel contesto dell\u2019Europa, non pu\u00f2 non fare leva sulle caratteristiche culturali, economiche e civili che ne connotano storia e futuro.<\/p>\n<p>Ecco perch\u00e9 il presidente Mattarella ricorda che \u201cnon si tratta di imbalsamare luoghi, ma di mettere a disposizione della comunit\u00e0 risorse che si rischia di disperdere se non pi\u00f9 valorizzate\u201d.<\/p>\n<p>Sono luoghi, infatti, densi di <strong>bellezza<\/strong> e di <strong>cultura<\/strong>. E i 72 beni affidati al Fai (56, quelli aperti al pubblico e protetti e valorizzati grazie all\u2019impegno di 300mila iscritti e 16mila volontari) sono un campione di quella straordinaria ricchezza italiana che vale non solo come stimolo per un <strong>turismo colto<\/strong>, lento, consapevole e responsabile, ma soprattutto come <strong>patrimonio culturale<\/strong> e come <strong>capitale sociale<\/strong> da usare bene come <strong>leva di sviluppo sostenibile<\/strong>.<\/p>\n<p>A ragione, il presidente Mattarella, nell\u2019incontro con i delegati del Fai (guidati dal presidente Marco Magnifico e dall\u2019ex presidente Andrea Carandini) ha ricordato le parole di <strong>Benedetto Croce<\/strong>, promotore nel 1922 della prima legge sul paesaggio e convinto che \u201clo spirito di una comunit\u00e0 fosse legato ai territori e al paesaggio, degradando i quali si rischiava di indebolire e sradicare le proprie ragioni storiche e culturali\u201d. Un rischio, purtroppo, ancora attuale, anche in violazione delle serie norme di tutela.<\/p>\n<p><strong>Valori culturali e morali<\/strong>. E valori di rilievo economico. La cultura italiana, in cui affonda le sue radici vitali il miglior Made in Italy, \u00e8 infatti un ricco tessuto intrecciato di senso della bellezza e conoscenze scientifiche e tecnologiche, sapienza letteraria, artistica e filosofica e spirito matematico, creativit\u00e0 originale e capacit\u00e0 manifatturiera di fare \u201ccose belle che piacciono al mondo\u201d.<\/p>\n<p>Le imprese migliori del Made in Italy ne sono consapevoli. Hanno fatto dei valori ESG parte essenziale del loro modo di produrre, lavorare, stare sul mercato, crescere ed essere competitive. E sanno che la propria storia \u00e8 un fattore distintivo, in una competizione in cui pesano negativamente concorrenze improprie ed emulazioni. E che, appunto, il legame con i territori \u00e8 un fattore identitario di qualit\u00e0 e sostenibilit\u00e0, per trasmettere conoscenze e costruirne di nuove. Le esperienze raccontate negli oltre 160 musei e archivi storici d\u2019impresa iscritti a <strong>Museimpresa<\/strong> (l\u2019associazione nata oltre vent\u2019anni fa da <strong>Assolombarda<\/strong> e <strong>Confindustria<\/strong>) ne sono chiare testimonianze. E la collaborazione che da tempo va avanti tra il Fai, il mondo delle imprese sostenitrici (<strong>Pirelli<\/strong> \u00e8 una di queste) e la stessa Museimpresa dicono di un impegno comune che ha forti valenze economiche e culturali.<\/p>\n<p>Come andare avanti? Se questo \u00e8 il nostro patrimonio di sviluppo sostenibile, sono necessari <strong>forti investimenti pubblici sulla cultura<\/strong>, <strong>sulla ricerca scientifica<\/strong>, <strong>sulla scuola<\/strong> e <strong>sulla formazione di lungo periodo<\/strong>, cercando di raggiungere velocemente standard europei. Utili, anche, forti incentivi fiscali per le imprese private che investono in quelle direzioni (un\u2019estensione dell\u2019Art Bonus sarebbe quanto mai opportuna, dando finalmente ascolto a chi, come Museimpresa, lo chiede da tempo).<\/p>\n<p>Il nostro futuro, infatti, ha un cuore antico (parafrasando l\u2019efficace titolo di un libro di Carlo Levi). Ed \u00e8 indispensabile affrontare le sfide di una contemporaneit\u00e0 che si presenta carica di complessit\u00e0 e aspetti controversi, ma anche di straordinarie opportunit\u00e0. Di complessit\u00e0, d\u2019altronde, proprio l\u2019esperienza culturale e sociale italiana \u00e8 sempre stata straordinariamente densa. E quel <strong>\u201cmosaico di storie diverse\u201d<\/strong> ricordato dal presidente Mattarella proprio oggi \u00e8 un elemento su cui fare leva. Per ricostruire fiducia e dare ai giovani stimoli per investire, lavorare, fare ricerca, rafforzare la propria creativit\u00e0 e intraprendenza.<\/p>\n<p>Tracce di storia, percorsi di futuro.<\/p><p><em>(foto Getty Images)<\/em><\/p>","protected":false},"excerpt":{"rendered":"<p>Ricostruire fiducia. E ridare speranza, soprattutto alle ragazze e ai ragazzi, molti, troppi dei quali abbandonano l\u2019Italia in cerca di migliori condizioni di lavoro e di vita. In tempi di crisi, quali quelli che stiamo vivendo, \u00e8 necessario avere la chiara consapevolezza delle tensioni, delle fratture e dei\u00a0 rischi di degrado delle condizioni politiche, economiche [&hellip;]<\/p>\n","protected":false},"author":1,"featured_media":104053,"comment_status":"open","ping_status":"open","sticky":false,"template":"","format":"standard","meta":{"footnotes":""},"categories":[53,52],"tags":[],"class_list":["post-104037","post","type-post","status-publish","format-standard","has-post-thumbnail","hentry","category-blog","category-cultura-dimpresa"],"acf":[],"yoast_head":"<!-- This site is optimized with the Yoast SEO plugin v25.0 - https:\/\/yoast.com\/wordpress\/plugins\/seo\/ -->\n<title>Ricostruire fiducia e investire su cultura e futuro, le parole di Mattarella per i cinquant\u2019anni del Fai - Fondazione Pirelli<\/title>\n<meta name=\"robots\" content=\"index, follow, max-snippet:-1, max-image-preview:large, max-video-preview:-1\" \/>\n<link rel=\"canonical\" href=\"https:\/\/www.fondazionepirelli.org\/it\/cultura-dimpresa\/blog\/ricostruire-fiducia-e-investire-su-cultura-e-futuro-le-parole-di-mattarella-per-i-cinquantanni-del-fai\/\" \/>\n<meta property=\"og:locale\" content=\"it_IT\" \/>\n<meta property=\"og:type\" content=\"article\" \/>\n<meta property=\"og:title\" content=\"Ricostruire fiducia e investire su cultura e futuro, le parole di Mattarella per i cinquant\u2019anni del Fai - Fondazione Pirelli\" \/>\n<meta property=\"og:description\" content=\"Ricostruire fiducia. E ridare speranza, soprattutto alle ragazze e ai ragazzi, molti, troppi dei quali abbandonano l\u2019Italia in cerca di migliori condizioni di lavoro e di vita. In tempi di crisi, quali quelli che stiamo vivendo, \u00e8 necessario avere la chiara consapevolezza delle tensioni, delle fratture e dei\u00a0 rischi di degrado delle condizioni politiche, economiche [&hellip;]\" \/>\n<meta property=\"og:url\" content=\"https:\/\/www.fondazionepirelli.org\/it\/cultura-dimpresa\/blog\/ricostruire-fiducia-e-investire-su-cultura-e-futuro-le-parole-di-mattarella-per-i-cinquantanni-del-fai\/\" \/>\n<meta property=\"og:site_name\" content=\"Fondazione Pirelli\" \/>\n<meta property=\"article:published_time\" content=\"2025-05-06T12:59:34+00:00\" \/>\n<meta property=\"og:image\" content=\"https:\/\/wpsite-assets.fondazionepirelli.org\/wp-content\/uploads\/2025\/05\/06135840\/GettyImages-1399070459-1024x683.jpg\" \/>\n\t<meta property=\"og:image:width\" content=\"1024\" \/>\n\t<meta property=\"og:image:height\" content=\"683\" \/>\n\t<meta property=\"og:image:type\" content=\"image\/jpeg\" \/>\n<meta name=\"author\" content=\"fondadmin\" \/>\n<meta name=\"twitter:card\" content=\"summary_large_image\" \/>\n<meta name=\"twitter:label1\" content=\"Scritto da\" \/>\n\t<meta name=\"twitter:data1\" content=\"fondadmin\" \/>\n\t<meta name=\"twitter:label2\" content=\"Tempo di lettura stimato\" \/>\n\t<meta name=\"twitter:data2\" content=\"6 minuti\" \/>\n<script type=\"application\/ld+json\" class=\"yoast-schema-graph\">{\"@context\":\"https:\/\/schema.org\",\"@graph\":[{\"@type\":\"WebPage\",\"@id\":\"https:\/\/www.fondazionepirelli.org\/it\/cultura-dimpresa\/blog\/ricostruire-fiducia-e-investire-su-cultura-e-futuro-le-parole-di-mattarella-per-i-cinquantanni-del-fai\/\",\"url\":\"https:\/\/www.fondazionepirelli.org\/it\/cultura-dimpresa\/blog\/ricostruire-fiducia-e-investire-su-cultura-e-futuro-le-parole-di-mattarella-per-i-cinquantanni-del-fai\/\",\"name\":\"Ricostruire fiducia e investire su cultura e futuro, le parole di Mattarella per i cinquant\u2019anni del Fai - Fondazione Pirelli\",\"isPartOf\":{\"@id\":\"https:\/\/www.fondazionepirelli.org\/it\/#website\"},\"primaryImageOfPage\":{\"@id\":\"https:\/\/www.fondazionepirelli.org\/it\/cultura-dimpresa\/blog\/ricostruire-fiducia-e-investire-su-cultura-e-futuro-le-parole-di-mattarella-per-i-cinquantanni-del-fai\/#primaryimage\"},\"image\":{\"@id\":\"https:\/\/www.fondazionepirelli.org\/it\/cultura-dimpresa\/blog\/ricostruire-fiducia-e-investire-su-cultura-e-futuro-le-parole-di-mattarella-per-i-cinquantanni-del-fai\/#primaryimage\"},\"thumbnailUrl\":\"https:\/\/wpsite-assets.fondazionepirelli.org\/wp-content\/uploads\/2025\/05\/06135840\/GettyImages-1399070459.jpg\",\"datePublished\":\"2025-05-06T12:59:34+00:00\",\"author\":{\"@id\":\"https:\/\/www.fondazionepirelli.org\/it\/#\/schema\/person\/f47d097000832c4a6e54538c791fdf25\"},\"breadcrumb\":{\"@id\":\"https:\/\/www.fondazionepirelli.org\/it\/cultura-dimpresa\/blog\/ricostruire-fiducia-e-investire-su-cultura-e-futuro-le-parole-di-mattarella-per-i-cinquantanni-del-fai\/#breadcrumb\"},\"inLanguage\":\"it-IT\",\"potentialAction\":[{\"@type\":\"ReadAction\",\"target\":[\"https:\/\/www.fondazionepirelli.org\/it\/cultura-dimpresa\/blog\/ricostruire-fiducia-e-investire-su-cultura-e-futuro-le-parole-di-mattarella-per-i-cinquantanni-del-fai\/\"]}]},{\"@type\":\"ImageObject\",\"inLanguage\":\"it-IT\",\"@id\":\"https:\/\/www.fondazionepirelli.org\/it\/cultura-dimpresa\/blog\/ricostruire-fiducia-e-investire-su-cultura-e-futuro-le-parole-di-mattarella-per-i-cinquantanni-del-fai\/#primaryimage\",\"url\":\"https:\/\/wpsite-assets.fondazionepirelli.org\/wp-content\/uploads\/2025\/05\/06135840\/GettyImages-1399070459.jpg\",\"contentUrl\":\"https:\/\/wpsite-assets.fondazionepirelli.org\/wp-content\/uploads\/2025\/05\/06135840\/GettyImages-1399070459.jpg\",\"width\":2120,\"height\":1414,\"caption\":\"Mother and three teenage kids are hiking in Sicily, Italy. They have walked up the hill near the town of Cefalu. They are looking at the beautiful view of the city. Canon R5\"},{\"@type\":\"BreadcrumbList\",\"@id\":\"https:\/\/www.fondazionepirelli.org\/it\/cultura-dimpresa\/blog\/ricostruire-fiducia-e-investire-su-cultura-e-futuro-le-parole-di-mattarella-per-i-cinquantanni-del-fai\/#breadcrumb\",\"itemListElement\":[{\"@type\":\"ListItem\",\"position\":1,\"name\":\"Home\",\"item\":\"https:\/\/www.fondazionepirelli.org\/it\/\"},{\"@type\":\"ListItem\",\"position\":2,\"name\":\"Ricostruire fiducia e investire su cultura e futuro, le parole di Mattarella per i cinquant\u2019anni del Fai\"}]},{\"@type\":\"WebSite\",\"@id\":\"https:\/\/www.fondazionepirelli.org\/it\/#website\",\"url\":\"https:\/\/www.fondazionepirelli.org\/it\/\",\"name\":\"Fondazione Pirelli\",\"description\":\"\",\"potentialAction\":[{\"@type\":\"SearchAction\",\"target\":{\"@type\":\"EntryPoint\",\"urlTemplate\":\"https:\/\/www.fondazionepirelli.org\/it\/?s={search_term_string}\"},\"query-input\":{\"@type\":\"PropertyValueSpecification\",\"valueRequired\":true,\"valueName\":\"search_term_string\"}}],\"inLanguage\":\"it-IT\"},{\"@type\":\"Person\",\"@id\":\"https:\/\/www.fondazionepirelli.org\/it\/#\/schema\/person\/f47d097000832c4a6e54538c791fdf25\",\"name\":\"fondadmin\",\"image\":{\"@type\":\"ImageObject\",\"inLanguage\":\"it-IT\",\"@id\":\"https:\/\/www.fondazionepirelli.org\/it\/#\/schema\/person\/image\/\",\"url\":\"https:\/\/secure.gravatar.com\/avatar\/e69498a9175ca244966e51e53c88712c024fcebe41f9a05f75657f1bb25e489b?s=96&d=mm&r=g\",\"contentUrl\":\"https:\/\/secure.gravatar.com\/avatar\/e69498a9175ca244966e51e53c88712c024fcebe41f9a05f75657f1bb25e489b?s=96&d=mm&r=g\",\"caption\":\"fondadmin\"},\"url\":\"https:\/\/www.fondazionepirelli.org\/it\/author\/fondadmin\/\"}]}<\/script>\n<!-- \/ Yoast SEO plugin. -->","yoast_head_json":{"title":"Ricostruire fiducia e investire su cultura e futuro, le parole di Mattarella per i cinquant\u2019anni del Fai - Fondazione Pirelli","robots":{"index":"index","follow":"follow","max-snippet":"max-snippet:-1","max-image-preview":"max-image-preview:large","max-video-preview":"max-video-preview:-1"},"canonical":"https:\/\/www.fondazionepirelli.org\/it\/cultura-dimpresa\/blog\/ricostruire-fiducia-e-investire-su-cultura-e-futuro-le-parole-di-mattarella-per-i-cinquantanni-del-fai\/","og_locale":"it_IT","og_type":"article","og_title":"Ricostruire fiducia e investire su cultura e futuro, le parole di Mattarella per i cinquant\u2019anni del Fai - Fondazione Pirelli","og_description":"Ricostruire fiducia. E ridare speranza, soprattutto alle ragazze e ai ragazzi, molti, troppi dei quali abbandonano l\u2019Italia in cerca di migliori condizioni di lavoro e di vita. In tempi di crisi, quali quelli che stiamo vivendo, \u00e8 necessario avere la chiara consapevolezza delle tensioni, delle fratture e dei\u00a0 rischi di degrado delle condizioni politiche, economiche [&hellip;]","og_url":"https:\/\/www.fondazionepirelli.org\/it\/cultura-dimpresa\/blog\/ricostruire-fiducia-e-investire-su-cultura-e-futuro-le-parole-di-mattarella-per-i-cinquantanni-del-fai\/","og_site_name":"Fondazione Pirelli","article_published_time":"2025-05-06T12:59:34+00:00","og_image":[{"width":1024,"height":683,"url":"https:\/\/wpsite-assets.fondazionepirelli.org\/wp-content\/uploads\/2025\/05\/06135840\/GettyImages-1399070459-1024x683.jpg","type":"image\/jpeg"}],"author":"fondadmin","twitter_card":"summary_large_image","twitter_misc":{"Scritto da":"fondadmin","Tempo di lettura stimato":"6 minuti"},"schema":{"@context":"https:\/\/schema.org","@graph":[{"@type":"WebPage","@id":"https:\/\/www.fondazionepirelli.org\/it\/cultura-dimpresa\/blog\/ricostruire-fiducia-e-investire-su-cultura-e-futuro-le-parole-di-mattarella-per-i-cinquantanni-del-fai\/","url":"https:\/\/www.fondazionepirelli.org\/it\/cultura-dimpresa\/blog\/ricostruire-fiducia-e-investire-su-cultura-e-futuro-le-parole-di-mattarella-per-i-cinquantanni-del-fai\/","name":"Ricostruire fiducia e investire su cultura e futuro, le parole di Mattarella per i cinquant\u2019anni del Fai - Fondazione Pirelli","isPartOf":{"@id":"https:\/\/www.fondazionepirelli.org\/it\/#website"},"primaryImageOfPage":{"@id":"https:\/\/www.fondazionepirelli.org\/it\/cultura-dimpresa\/blog\/ricostruire-fiducia-e-investire-su-cultura-e-futuro-le-parole-di-mattarella-per-i-cinquantanni-del-fai\/#primaryimage"},"image":{"@id":"https:\/\/www.fondazionepirelli.org\/it\/cultura-dimpresa\/blog\/ricostruire-fiducia-e-investire-su-cultura-e-futuro-le-parole-di-mattarella-per-i-cinquantanni-del-fai\/#primaryimage"},"thumbnailUrl":"https:\/\/wpsite-assets.fondazionepirelli.org\/wp-content\/uploads\/2025\/05\/06135840\/GettyImages-1399070459.jpg","datePublished":"2025-05-06T12:59:34+00:00","author":{"@id":"https:\/\/www.fondazionepirelli.org\/it\/#\/schema\/person\/f47d097000832c4a6e54538c791fdf25"},"breadcrumb":{"@id":"https:\/\/www.fondazionepirelli.org\/it\/cultura-dimpresa\/blog\/ricostruire-fiducia-e-investire-su-cultura-e-futuro-le-parole-di-mattarella-per-i-cinquantanni-del-fai\/#breadcrumb"},"inLanguage":"it-IT","potentialAction":[{"@type":"ReadAction","target":["https:\/\/www.fondazionepirelli.org\/it\/cultura-dimpresa\/blog\/ricostruire-fiducia-e-investire-su-cultura-e-futuro-le-parole-di-mattarella-per-i-cinquantanni-del-fai\/"]}]},{"@type":"ImageObject","inLanguage":"it-IT","@id":"https:\/\/www.fondazionepirelli.org\/it\/cultura-dimpresa\/blog\/ricostruire-fiducia-e-investire-su-cultura-e-futuro-le-parole-di-mattarella-per-i-cinquantanni-del-fai\/#primaryimage","url":"https:\/\/wpsite-assets.fondazionepirelli.org\/wp-content\/uploads\/2025\/05\/06135840\/GettyImages-1399070459.jpg","contentUrl":"https:\/\/wpsite-assets.fondazionepirelli.org\/wp-content\/uploads\/2025\/05\/06135840\/GettyImages-1399070459.jpg","width":2120,"height":1414,"caption":"Mother and three teenage kids are hiking in Sicily, Italy. They have walked up the hill near the town of Cefalu. They are looking at the beautiful view of the city. Canon R5"},{"@type":"BreadcrumbList","@id":"https:\/\/www.fondazionepirelli.org\/it\/cultura-dimpresa\/blog\/ricostruire-fiducia-e-investire-su-cultura-e-futuro-le-parole-di-mattarella-per-i-cinquantanni-del-fai\/#breadcrumb","itemListElement":[{"@type":"ListItem","position":1,"name":"Home","item":"https:\/\/www.fondazionepirelli.org\/it\/"},{"@type":"ListItem","position":2,"name":"Ricostruire fiducia e investire su cultura e futuro, le parole di Mattarella per i cinquant\u2019anni del Fai"}]},{"@type":"WebSite","@id":"https:\/\/www.fondazionepirelli.org\/it\/#website","url":"https:\/\/www.fondazionepirelli.org\/it\/","name":"Fondazione Pirelli","description":"","potentialAction":[{"@type":"SearchAction","target":{"@type":"EntryPoint","urlTemplate":"https:\/\/www.fondazionepirelli.org\/it\/?s={search_term_string}"},"query-input":{"@type":"PropertyValueSpecification","valueRequired":true,"valueName":"search_term_string"}}],"inLanguage":"it-IT"},{"@type":"Person","@id":"https:\/\/www.fondazionepirelli.org\/it\/#\/schema\/person\/f47d097000832c4a6e54538c791fdf25","name":"fondadmin","image":{"@type":"ImageObject","inLanguage":"it-IT","@id":"https:\/\/www.fondazionepirelli.org\/it\/#\/schema\/person\/image\/","url":"https:\/\/secure.gravatar.com\/avatar\/e69498a9175ca244966e51e53c88712c024fcebe41f9a05f75657f1bb25e489b?s=96&d=mm&r=g","contentUrl":"https:\/\/secure.gravatar.com\/avatar\/e69498a9175ca244966e51e53c88712c024fcebe41f9a05f75657f1bb25e489b?s=96&d=mm&r=g","caption":"fondadmin"},"url":"https:\/\/www.fondazionepirelli.org\/it\/author\/fondadmin\/"}]}},"_links":{"self":[{"href":"https:\/\/www.fondazionepirelli.org\/it\/wp-json\/wp\/v2\/posts\/104037\/"}],"collection":[{"href":"https:\/\/www.fondazionepirelli.org\/it\/wp-json\/wp\/v2\/posts\/"}],"about":[{"href":"https:\/\/www.fondazionepirelli.org\/it\/wp-json\/wp\/v2\/types\/post\/"}],"author":[{"embeddable":true,"href":"https:\/\/www.fondazionepirelli.org\/it\/wp-json\/wp\/v2\/users\/1\/"}],"replies":[{"embeddable":true,"href":"https:\/\/www.fondazionepirelli.org\/it\/wp-json\/wp\/v2\/comments\/?post=104037"}],"version-history":[{"count":3,"href":"https:\/\/www.fondazionepirelli.org\/it\/wp-json\/wp\/v2\/posts\/104037\/revisions\/"}],"predecessor-version":[{"id":104055,"href":"https:\/\/www.fondazionepirelli.org\/it\/wp-json\/wp\/v2\/posts\/104037\/revisions\/104055\/"}],"wp:featuredmedia":[{"embeddable":true,"href":"https:\/\/www.fondazionepirelli.org\/it\/wp-json\/wp\/v2\/media\/104053\/"}],"wp:attachment":[{"href":"https:\/\/www.fondazionepirelli.org\/it\/wp-json\/wp\/v2\/media\/?parent=104037"}],"wp:term":[{"taxonomy":"category","embeddable":true,"href":"https:\/\/www.fondazionepirelli.org\/it\/wp-json\/wp\/v2\/categories\/?post=104037"},{"taxonomy":"post_tag","embeddable":true,"href":"https:\/\/www.fondazionepirelli.org\/it\/wp-json\/wp\/v2\/tags\/?post=104037"}],"curies":[{"name":"wp","href":"https:\/\/api.w.org\/{rel}","templated":true}]}}