{"id":104074,"date":"2025-05-13T09:51:30","date_gmt":"2025-05-13T08:51:30","guid":{"rendered":"https:\/\/www.fondazionepirelli.org\/?p=104074"},"modified":"2025-05-13T09:51:30","modified_gmt":"2025-05-13T08:51:30","slug":"pubblicare-e-leggere-buoni-libri-per-una-ecologia-della-parola-che-rafforzi-i-valori-civili-e-le-ipotesi-di-miglior-futuro-per-i-giovani","status":"publish","type":"post","link":"https:\/\/www.fondazionepirelli.org\/it\/cultura-dimpresa\/blog\/pubblicare-e-leggere-buoni-libri-per-una-ecologia-della-parola-che-rafforzi-i-valori-civili-e-le-ipotesi-di-miglior-futuro-per-i-giovani\/","title":{"rendered":"Pubblicare e leggere buoni libri, per una \u201cecologia della parola\u201d che rafforzi i valori civili e le ipotesi di miglior futuro per i giovani"},"content":{"rendered":"<p>Cancellare le parole dei libri pu\u00f2 anche voler dire sottolinearne l\u2019importanza, l\u2019essenzialit\u00e0? Insistere sulla centralit\u00e0 della parola scritta? Naturalmente s\u00ec, se quella \u201ccancellatura\u201d \u00e8 il gesto esemplare di un artista, una scelta di creativit\u00e0, un paradosso che porta alla verit\u00e0. Se quell\u2019artista si chiama <strong>Emilio Isgr\u00f2<\/strong>. E della cancellatura, appunto, ha fatto un esemplare gesto poetico, un\u2019estetica e dunque pure una vera e propria etica.<\/p>\n<p>Di Isgr\u00f2, uno dei maggiori artisti contemporanei, \u00e8 stata appena inaugurata una grande mostra antologica per fare da battesimo al nuovo <strong>Macc (Museo d\u2019arte contemporanea)<\/strong> di <strong>Scicli<\/strong>, in Sicilia strabilianti architetture barocche e colline aspre di muri a secco (ne parla Stefano Salis sulla Domenica de Il Sole24Ore, 11 maggio). E le opere in rassegna, a sessant\u2019anni dalle prime cancellature del maestro profondamente siciliano e dunque mediterraneo e universale, mettono in evidenza frasi e lettere, alimentano critiche e sogni, realt\u00e0 e fantasie.<\/p>\n<p>Fare cultura, insomma, racconta Isgr\u00f2, significa saper scrivere, leggere, criticare, immaginare. Costruire giochi di parole. E condirle di silenzi fondamentali, come fossero sottolineature (alla stregua delle \u201ccancellature\u201d di Isgr\u00f2, appunto).<\/p>\n<p>Viviamo tempi di vaniloquio, sgrammaticature sintattiche e concettuali, pettegolezzi rumorosi e dunque ancor pi\u00f9 volgari, sgangherati \u201cfattoidi\u201d, <em>fake news, <\/em>discorsi pubblici immiseriti nella propaganda. L\u2019epoca di un \u201cpresentismo\u201d, un appiattimento sul contingente che nega lo spessore della storia, della cultura, della stessa sacralit\u00e0 della vita e delle speranze della trascendenza, vanificando il peso del <em>verbum<\/em>, la densit\u00e0 della parola. E anche per colpa di questo contesto, vediamo nuove generazioni che faticano sempre pi\u00f9, anche ad elevati livelli formali di scolarit\u00e0, a comprendere un testo scritto.<\/p>\n<p>Siamo di fronte a una crisi del discorso. Una crisi crescente. Ed \u00e8 dunque essenziale costruire una vera e propria \u201cecologia delle parole\u201d e restituire al parlare i valori essenziali che stanno alla base dell\u2019opinione pubblica \u201cdiscorsiva\u201d (la lezione di Jurgen Habermas) e dunque della democrazia ma anche del buon funzionamento dell\u2019economia di mercato e della costruzione di un capitale sociale positivo (se ne \u00e8 parlato diffusamente, nei giorni scorsi, al <strong>Forum della Comunicazione<\/strong> organizzato in <strong>Assolombarda<\/strong>). I libri ne sono cardine. \u201cPi\u00f9 libri, pi\u00f9 liberi\u201d, \u00e8 l\u2019efficace slogan della Fiera nazionale della piccola e media editoria in programma ogni anno, in dicembre, a Roma, per iniziativa dell\u2019Aie, l\u2019Associazione degli editori.<\/p>\n<p>La memoria torna ad alcune sapide pagine di <strong>Umberto Eco<\/strong>, \u201cNon sperate di liberarvi dei libri\u201d (scritto con Jean-Claude Carri\u00e8re e pubblicato da La nave di Teseo nel 2009) sulla buona abitudine a usare <strong>il libro come oggetto quotidiano<\/strong>, \u201ccome un cucchiaio\u201d e sull\u2019attitudine dei libri a non resistere agli incendi (paradigmatico quello della Biblioteca di Alessandria, angosciosi quelli dei roghi nazisti) ma invece a sopravvivere \u201cal blackout globale\u201d.<\/p>\n<p>\u201cSegno di vitalit\u00e0 e di salvezza\u201d, commenta il <strong>cardinale Gianfranco Ravasi<\/strong> (IlSole24Ore, 11 maggio), ripescando anche, nell\u2019 \u201cElogio del libro\u201d del teologo <strong>Romano Guardini<\/strong>, la storia del cappellano militare che, nel cuore d\u2019una battaglia, distribuisce ai soldati le pagine del suo Vangelo come viatico per quell\u2019ora disperata. Pagine di consolazione e di rimemorazione dell\u2019essenza della vita, proprio in punto di morte.<\/p>\n<p>\u201cIl mondo, alla fine, \u00e8 fatto per finire in un bel libro\u201d, amava dire <strong>St\u00e9phane Mallarm\u00e9<\/strong>. E anche se \u00e8 altrettanto vero che la \u201cvita o la si vive o la si scrive\u201d, per citare <strong>Luigi Pirandello<\/strong>, di certo i libri aiutano a capire meglio la vita e a trasmetterne, ai lettori, senso e valori e dunque a dare, a un\u2019esperienza narrata, i caratteri di una sfida al tempo e all\u2019oblio.<\/p>\n<p>Leggere e innamorarsi dei libri, dunque. Tenerli nel tessuto della nostra quotidianit\u00e0.<\/p>\n<p>La stagione appena cominciata aiuta a ragionare meglio di parole, forza della scrittura e piacere della lettura. A <strong>Torino<\/strong>, dal 14 al 18 maggio, c\u2019\u00e8 il <strong>Salone del libro<\/strong>, duemila eventi, incontri, dialoghi, pretesti per buone letture. E poi comincia il <strong>Grand Tour dei premi<\/strong> (lo Strega, il Campiello, il Viareggio, il Bancarella e cos\u00ec via continuando per centinaia di appuntamenti) <strong>e dei Festival<\/strong>, a Mantova e Pordenone, a Taormina e Polignano a mare, a Salerno e Trani e via via toccando citt\u00e0 e paesi lungo tutta l\u2019Italia. Ci si confronta sui libri, si parla con scrittrici e scrittori, si fanno girare idee ed emozioni. \u201cGrazie ai libri possiamo riconoscerci come comunit\u00e0\u201d, commenta <strong>Giuseppe Laterza<\/strong>, editore tra i pi\u00f9 impegnati nell\u2019organizzazione di iniziative a supporto della lettura (La Stampa, 10 maggio).<\/p>\n<p>\u00c8 vero, in Italia si legge poco. E le vendite di libri sono ridiventate poco brillanti, dopo il boom di vendite post Covid. Ma &#8211; segnale consolante &#8211; molti sondaggi dicono che le nuove generazioni si fidano dei libri come fonte di conoscenza e di stimolo mentale. E l\u2019<strong>editoria per bambini e ragazzi<\/strong>, in buona salute, testimonia che c\u2019\u00e8 un miglior destino possibile, grazie alla consuetudine &#8211; diffusa in scuole e famiglie pi\u00f9 sensibili &#8211; a fare vivere il libro di carta non in alternativa agli strumenti digitali di lettura, ma in sintonia.<\/p>\n<p>Anche l\u2019editoria, mondo poco frequentato dalla maggioranza degli italiani e poco amato in parecchi ambienti politici, registra novit\u00e0 interessanti. Come, per esempio, il peso crescente, ai vertici, di donne capaci e competenti, brave anche a fare tesoro critico dell\u2019esperienza e della memoria delle grandi signore del libro, <strong>Elvira Sellerio<\/strong>, <strong>Inge Feltrinelli<\/strong> e <strong>Laura Lepetit<\/strong>. Un peso sottolineato dalla recente nomina della nuova presidente di Longanesi, <strong>Agnese Pini<\/strong> (direttrice di Quotidiano Nazionale\/ Resto del Carlino, La Nazione e Il Giorno), dalla gestione del Salone del Libro di Torino nelle mani di <strong>Annalena Benini<\/strong>, dal rinnovamento di Feltrinelli per opera di <strong>Alessandra Carra<\/strong>, amministratrice delegata, dall\u2019attivismo di <strong>Elisabetta Sgarbi<\/strong> per la crescita de \u201cLa nave di Teseo\u201d e di quello di <strong>Laura Donnini<\/strong> per i successi di HarperCollins e di <strong>Elena Campominosi<\/strong> per Bollati Boringhieri. E, ancora, ecco l\u2019impegno sempre attuale di <strong>Rosellina Archinto<\/strong>, le scelte editoriali sapienti e innovative di <strong>Chicca Dubini<\/strong> per NN Editore, con l\u2019occhio attento agli scrittori americani pi\u00f9 promettenti (dopo la valorizzazione, in Italia, di un grande autore come Kent Haruf), la qualit\u00e0 costante delle pubblicazioni di Iperborea guidata da <strong>Emilia Lodigiani<\/strong>, le iniziative di <strong>Annamaria Malato<\/strong> per Salerno Editrice e di <strong>Patrizia Alma Pacini<\/strong> per la casa editrice di famiglia.<\/p>\n<p>L\u2019elenco delle storie femminili positive potrebbe continuare a lungo: un segno importante di qualit\u00e0 e di modernit\u00e0 del mondo del libro, della buona editoria. D\u2019altronde, sono donne, in maggioranza, le \u201clettrici forti\u201d, pi\u00f9 degli uomini. E donne, un lungo elenco di autrici di solido successo.<\/p>\n<p>Pubblicare e fare leggere libri (magari in quantit\u00e0 minori degli oltre 80mila titoli all\u2019anno, ma di qualit\u00e0 migliore). Stimolare incontri e circoli di lettura. Agevolare fiscalmente chi vuole aprire una libreria. E investire sulle biblioteche, pubbliche e private, mettendo in collegamento biblioteche comunali, biblioteche scolastiche e biblioteche nelle imprese e negli altri posti di lavoro (il Gruppo Cultura di Confindustria e Museimpresa stanno studiano iniziative in questo senso). La lunga esperienza positiva delle biblioteche aziendali Pirelli (sia nell\u2019Head Quarter di Milano in Bicocca che nelle fabbriche di Settimo Torinese e Bollate) pu\u00f2 essere un buon paradigma di riferimento.<\/p>\n<p>In tempi di primato della <strong>\u201ceconomia della conoscenza\u201d<\/strong> e di utilizzo responsabile dell\u2019Intelligenza Artificiale, fare leva sui libri \u00e8 una scelta non solo culturale, ma anche sociale e civile.<\/p>\n<p>Una testimonianza? Tra le tante possibili, ci sono le pagine di <strong>Jorge Luis Borges<\/strong> ne <strong>\u201cL\u2019Aleph\u201d<\/strong>, appena ripubblicato nella Universale Economica di Feltrinelli, una collana ben curata densa di classici, che non dovrebbero proprio mancare in ogni casa di chi ama la cultura e la lettura. Eccole: \u201c \u2018Quando aprii gli occhi, vidi l\u2019Aleph\u2019. \u2018L\u2019Aleph?\u2019, ripetei. \u2018S\u00ec, il luogo dove si trovano, senza confondersi, tutti i luoghi della terra, visti da tutti gli angoli\u2019.\u201d<\/p>\n<p>L\u2019Aleph, la prima lettera dell\u2019alfabeto della lingua sacra. L\u2019inizio simbolico del Libro. E dei libri. Sino ad arrivare, sempre seguendo Borges, alla \u201cBiblioteca di Babele\u201d. Il caos, cio\u00e8, nell\u2019infinito dei fogli che si rincorrono e si ripetono. Ma anche un caos che pu\u00f2 essere ricomposto e compreso. Rieccoci, al senso positivo dei libri.<\/p><p><em>(Getty Images)<\/em><\/p>","protected":false},"excerpt":{"rendered":"<p>Cancellare le parole dei libri pu\u00f2 anche voler dire sottolinearne l\u2019importanza, l\u2019essenzialit\u00e0? Insistere sulla centralit\u00e0 della parola scritta? Naturalmente s\u00ec, se quella \u201ccancellatura\u201d \u00e8 il gesto esemplare di un artista, una scelta di creativit\u00e0, un paradosso che porta alla verit\u00e0. Se quell\u2019artista si chiama Emilio Isgr\u00f2. E della cancellatura, appunto, ha fatto un esemplare gesto [&hellip;]<\/p>\n","protected":false},"author":1,"featured_media":104076,"comment_status":"open","ping_status":"open","sticky":false,"template":"","format":"standard","meta":{"footnotes":""},"categories":[53,52],"tags":[],"class_list":["post-104074","post","type-post","status-publish","format-standard","has-post-thumbnail","hentry","category-blog","category-cultura-dimpresa"],"acf":[],"yoast_head":"<!-- This site is optimized with the Yoast SEO plugin v25.0 - https:\/\/yoast.com\/wordpress\/plugins\/seo\/ -->\n<title>Pubblicare e leggere buoni libri, per una \u201cecologia della parola\u201d che rafforzi i valori civili e le ipotesi di miglior futuro per i giovani - Fondazione Pirelli<\/title>\n<meta name=\"robots\" content=\"index, follow, max-snippet:-1, max-image-preview:large, max-video-preview:-1\" \/>\n<link rel=\"canonical\" href=\"https:\/\/www.fondazionepirelli.org\/it\/cultura-dimpresa\/blog\/pubblicare-e-leggere-buoni-libri-per-una-ecologia-della-parola-che-rafforzi-i-valori-civili-e-le-ipotesi-di-miglior-futuro-per-i-giovani\/\" \/>\n<meta property=\"og:locale\" content=\"it_IT\" \/>\n<meta property=\"og:type\" content=\"article\" \/>\n<meta property=\"og:title\" content=\"Pubblicare e leggere buoni libri, per una \u201cecologia della parola\u201d che rafforzi i valori civili e le ipotesi di miglior futuro per i giovani - Fondazione Pirelli\" \/>\n<meta property=\"og:description\" content=\"Cancellare le parole dei libri pu\u00f2 anche voler dire sottolinearne l\u2019importanza, l\u2019essenzialit\u00e0? Insistere sulla centralit\u00e0 della parola scritta? Naturalmente s\u00ec, se quella \u201ccancellatura\u201d \u00e8 il gesto esemplare di un artista, una scelta di creativit\u00e0, un paradosso che porta alla verit\u00e0. Se quell\u2019artista si chiama Emilio Isgr\u00f2. E della cancellatura, appunto, ha fatto un esemplare gesto [&hellip;]\" \/>\n<meta property=\"og:url\" content=\"https:\/\/127.0.0.1\/it\/cultura-dimpresa\/blog\/pubblicare-e-leggere-buoni-libri-per-una-ecologia-della-parola-che-rafforzi-i-valori-civili-e-le-ipotesi-di-miglior-futuro-per-i-giovani\/\" \/>\n<meta property=\"og:site_name\" content=\"Fondazione Pirelli\" \/>\n<meta property=\"article:published_time\" content=\"2025-05-13T08:51:30+00:00\" \/>\n<meta property=\"og:image\" content=\"https:\/\/wpsite-assets.fondazionepirelli.org\/wp-content\/uploads\/2025\/05\/13093625\/GettyImages-1398128371.jpg\" \/>\n\t<meta property=\"og:image:width\" content=\"1024\" \/>\n\t<meta property=\"og:image:height\" content=\"681\" \/>\n\t<meta property=\"og:image:type\" content=\"image\/jpeg\" \/>\n<meta name=\"author\" content=\"fondadmin\" \/>\n<meta name=\"twitter:card\" content=\"summary_large_image\" \/>\n<meta name=\"twitter:label1\" content=\"Scritto da\" \/>\n\t<meta name=\"twitter:data1\" content=\"fondadmin\" \/>\n\t<meta name=\"twitter:label2\" content=\"Tempo di lettura stimato\" \/>\n\t<meta name=\"twitter:data2\" content=\"7 minuti\" \/>\n<script type=\"application\/ld+json\" class=\"yoast-schema-graph\">{\"@context\":\"https:\/\/schema.org\",\"@graph\":[{\"@type\":\"WebPage\",\"@id\":\"https:\/\/127.0.0.1\/it\/cultura-dimpresa\/blog\/pubblicare-e-leggere-buoni-libri-per-una-ecologia-della-parola-che-rafforzi-i-valori-civili-e-le-ipotesi-di-miglior-futuro-per-i-giovani\/\",\"url\":\"https:\/\/127.0.0.1\/it\/cultura-dimpresa\/blog\/pubblicare-e-leggere-buoni-libri-per-una-ecologia-della-parola-che-rafforzi-i-valori-civili-e-le-ipotesi-di-miglior-futuro-per-i-giovani\/\",\"name\":\"Pubblicare e leggere buoni libri, per una \u201cecologia della parola\u201d che rafforzi i valori civili e le ipotesi di miglior futuro per i giovani - Fondazione Pirelli\",\"isPartOf\":{\"@id\":\"https:\/\/www.fondazionepirelli.org\/it\/#website\"},\"primaryImageOfPage\":{\"@id\":\"https:\/\/127.0.0.1\/it\/cultura-dimpresa\/blog\/pubblicare-e-leggere-buoni-libri-per-una-ecologia-della-parola-che-rafforzi-i-valori-civili-e-le-ipotesi-di-miglior-futuro-per-i-giovani\/#primaryimage\"},\"image\":{\"@id\":\"https:\/\/127.0.0.1\/it\/cultura-dimpresa\/blog\/pubblicare-e-leggere-buoni-libri-per-una-ecologia-della-parola-che-rafforzi-i-valori-civili-e-le-ipotesi-di-miglior-futuro-per-i-giovani\/#primaryimage\"},\"thumbnailUrl\":\"https:\/\/wpsite-assets.fondazionepirelli.org\/wp-content\/uploads\/2025\/05\/13093625\/GettyImages-1398128371.jpg\",\"datePublished\":\"2025-05-13T08:51:30+00:00\",\"author\":{\"@id\":\"https:\/\/www.fondazionepirelli.org\/it\/#\/schema\/person\/f47d097000832c4a6e54538c791fdf25\"},\"breadcrumb\":{\"@id\":\"https:\/\/127.0.0.1\/it\/cultura-dimpresa\/blog\/pubblicare-e-leggere-buoni-libri-per-una-ecologia-della-parola-che-rafforzi-i-valori-civili-e-le-ipotesi-di-miglior-futuro-per-i-giovani\/#breadcrumb\"},\"inLanguage\":\"it-IT\",\"potentialAction\":[{\"@type\":\"ReadAction\",\"target\":[\"https:\/\/127.0.0.1\/it\/cultura-dimpresa\/blog\/pubblicare-e-leggere-buoni-libri-per-una-ecologia-della-parola-che-rafforzi-i-valori-civili-e-le-ipotesi-di-miglior-futuro-per-i-giovani\/\"]}]},{\"@type\":\"ImageObject\",\"inLanguage\":\"it-IT\",\"@id\":\"https:\/\/127.0.0.1\/it\/cultura-dimpresa\/blog\/pubblicare-e-leggere-buoni-libri-per-una-ecologia-della-parola-che-rafforzi-i-valori-civili-e-le-ipotesi-di-miglior-futuro-per-i-giovani\/#primaryimage\",\"url\":\"https:\/\/wpsite-assets.fondazionepirelli.org\/wp-content\/uploads\/2025\/05\/13093625\/GettyImages-1398128371.jpg\",\"contentUrl\":\"https:\/\/wpsite-assets.fondazionepirelli.org\/wp-content\/uploads\/2025\/05\/13093625\/GettyImages-1398128371.jpg\",\"width\":1024,\"height\":681,\"caption\":\"TURIN, ITALY - MAY 19: A person walks past Confino Tower during the Turin International Book Fair on May 19, 2022 in Turin, Italy. The Turin International Book Fair is the largest book fair in Italy and one of the most important in Europe, involving more than 1,400 exhibitors and attracting 150,000 visitors a year. (Photo by Diego Puletto\/Getty Images)\"},{\"@type\":\"BreadcrumbList\",\"@id\":\"https:\/\/127.0.0.1\/it\/cultura-dimpresa\/blog\/pubblicare-e-leggere-buoni-libri-per-una-ecologia-della-parola-che-rafforzi-i-valori-civili-e-le-ipotesi-di-miglior-futuro-per-i-giovani\/#breadcrumb\",\"itemListElement\":[{\"@type\":\"ListItem\",\"position\":1,\"name\":\"Home\",\"item\":\"https:\/\/www.fondazionepirelli.org\/it\/\"},{\"@type\":\"ListItem\",\"position\":2,\"name\":\"Pubblicare e leggere buoni libri, per una \u201cecologia della parola\u201d che rafforzi i valori civili e le ipotesi di miglior futuro per i giovani\"}]},{\"@type\":\"WebSite\",\"@id\":\"https:\/\/www.fondazionepirelli.org\/it\/#website\",\"url\":\"https:\/\/www.fondazionepirelli.org\/it\/\",\"name\":\"Fondazione Pirelli\",\"description\":\"\",\"potentialAction\":[{\"@type\":\"SearchAction\",\"target\":{\"@type\":\"EntryPoint\",\"urlTemplate\":\"https:\/\/www.fondazionepirelli.org\/it\/?s={search_term_string}\"},\"query-input\":{\"@type\":\"PropertyValueSpecification\",\"valueRequired\":true,\"valueName\":\"search_term_string\"}}],\"inLanguage\":\"it-IT\"},{\"@type\":\"Person\",\"@id\":\"https:\/\/www.fondazionepirelli.org\/it\/#\/schema\/person\/f47d097000832c4a6e54538c791fdf25\",\"name\":\"fondadmin\",\"image\":{\"@type\":\"ImageObject\",\"inLanguage\":\"it-IT\",\"@id\":\"https:\/\/www.fondazionepirelli.org\/it\/#\/schema\/person\/image\/\",\"url\":\"https:\/\/secure.gravatar.com\/avatar\/e69498a9175ca244966e51e53c88712c024fcebe41f9a05f75657f1bb25e489b?s=96&d=mm&r=g\",\"contentUrl\":\"https:\/\/secure.gravatar.com\/avatar\/e69498a9175ca244966e51e53c88712c024fcebe41f9a05f75657f1bb25e489b?s=96&d=mm&r=g\",\"caption\":\"fondadmin\"},\"url\":\"https:\/\/www.fondazionepirelli.org\/it\/author\/fondadmin\/\"}]}<\/script>\n<!-- \/ Yoast SEO plugin. -->","yoast_head_json":{"title":"Pubblicare e leggere buoni libri, per una \u201cecologia della parola\u201d che rafforzi i valori civili e le ipotesi di miglior futuro per i giovani - Fondazione Pirelli","robots":{"index":"index","follow":"follow","max-snippet":"max-snippet:-1","max-image-preview":"max-image-preview:large","max-video-preview":"max-video-preview:-1"},"canonical":"https:\/\/www.fondazionepirelli.org\/it\/cultura-dimpresa\/blog\/pubblicare-e-leggere-buoni-libri-per-una-ecologia-della-parola-che-rafforzi-i-valori-civili-e-le-ipotesi-di-miglior-futuro-per-i-giovani\/","og_locale":"it_IT","og_type":"article","og_title":"Pubblicare e leggere buoni libri, per una \u201cecologia della parola\u201d che rafforzi i valori civili e le ipotesi di miglior futuro per i giovani - Fondazione Pirelli","og_description":"Cancellare le parole dei libri pu\u00f2 anche voler dire sottolinearne l\u2019importanza, l\u2019essenzialit\u00e0? Insistere sulla centralit\u00e0 della parola scritta? Naturalmente s\u00ec, se quella \u201ccancellatura\u201d \u00e8 il gesto esemplare di un artista, una scelta di creativit\u00e0, un paradosso che porta alla verit\u00e0. Se quell\u2019artista si chiama Emilio Isgr\u00f2. E della cancellatura, appunto, ha fatto un esemplare gesto [&hellip;]","og_url":"https:\/\/127.0.0.1\/it\/cultura-dimpresa\/blog\/pubblicare-e-leggere-buoni-libri-per-una-ecologia-della-parola-che-rafforzi-i-valori-civili-e-le-ipotesi-di-miglior-futuro-per-i-giovani\/","og_site_name":"Fondazione Pirelli","article_published_time":"2025-05-13T08:51:30+00:00","og_image":[{"width":1024,"height":681,"url":"https:\/\/wpsite-assets.fondazionepirelli.org\/wp-content\/uploads\/2025\/05\/13093625\/GettyImages-1398128371.jpg","type":"image\/jpeg"}],"author":"fondadmin","twitter_card":"summary_large_image","twitter_misc":{"Scritto da":"fondadmin","Tempo di lettura stimato":"7 minuti"},"schema":{"@context":"https:\/\/schema.org","@graph":[{"@type":"WebPage","@id":"https:\/\/127.0.0.1\/it\/cultura-dimpresa\/blog\/pubblicare-e-leggere-buoni-libri-per-una-ecologia-della-parola-che-rafforzi-i-valori-civili-e-le-ipotesi-di-miglior-futuro-per-i-giovani\/","url":"https:\/\/127.0.0.1\/it\/cultura-dimpresa\/blog\/pubblicare-e-leggere-buoni-libri-per-una-ecologia-della-parola-che-rafforzi-i-valori-civili-e-le-ipotesi-di-miglior-futuro-per-i-giovani\/","name":"Pubblicare e leggere buoni libri, per una \u201cecologia della parola\u201d che rafforzi i valori civili e le ipotesi di miglior futuro per i giovani - Fondazione Pirelli","isPartOf":{"@id":"https:\/\/www.fondazionepirelli.org\/it\/#website"},"primaryImageOfPage":{"@id":"https:\/\/127.0.0.1\/it\/cultura-dimpresa\/blog\/pubblicare-e-leggere-buoni-libri-per-una-ecologia-della-parola-che-rafforzi-i-valori-civili-e-le-ipotesi-di-miglior-futuro-per-i-giovani\/#primaryimage"},"image":{"@id":"https:\/\/127.0.0.1\/it\/cultura-dimpresa\/blog\/pubblicare-e-leggere-buoni-libri-per-una-ecologia-della-parola-che-rafforzi-i-valori-civili-e-le-ipotesi-di-miglior-futuro-per-i-giovani\/#primaryimage"},"thumbnailUrl":"https:\/\/wpsite-assets.fondazionepirelli.org\/wp-content\/uploads\/2025\/05\/13093625\/GettyImages-1398128371.jpg","datePublished":"2025-05-13T08:51:30+00:00","author":{"@id":"https:\/\/www.fondazionepirelli.org\/it\/#\/schema\/person\/f47d097000832c4a6e54538c791fdf25"},"breadcrumb":{"@id":"https:\/\/127.0.0.1\/it\/cultura-dimpresa\/blog\/pubblicare-e-leggere-buoni-libri-per-una-ecologia-della-parola-che-rafforzi-i-valori-civili-e-le-ipotesi-di-miglior-futuro-per-i-giovani\/#breadcrumb"},"inLanguage":"it-IT","potentialAction":[{"@type":"ReadAction","target":["https:\/\/127.0.0.1\/it\/cultura-dimpresa\/blog\/pubblicare-e-leggere-buoni-libri-per-una-ecologia-della-parola-che-rafforzi-i-valori-civili-e-le-ipotesi-di-miglior-futuro-per-i-giovani\/"]}]},{"@type":"ImageObject","inLanguage":"it-IT","@id":"https:\/\/127.0.0.1\/it\/cultura-dimpresa\/blog\/pubblicare-e-leggere-buoni-libri-per-una-ecologia-della-parola-che-rafforzi-i-valori-civili-e-le-ipotesi-di-miglior-futuro-per-i-giovani\/#primaryimage","url":"https:\/\/wpsite-assets.fondazionepirelli.org\/wp-content\/uploads\/2025\/05\/13093625\/GettyImages-1398128371.jpg","contentUrl":"https:\/\/wpsite-assets.fondazionepirelli.org\/wp-content\/uploads\/2025\/05\/13093625\/GettyImages-1398128371.jpg","width":1024,"height":681,"caption":"TURIN, ITALY - MAY 19: A person walks past Confino Tower during the Turin International Book Fair on May 19, 2022 in Turin, Italy. The Turin International Book Fair is the largest book fair in Italy and one of the most important in Europe, involving more than 1,400 exhibitors and attracting 150,000 visitors a year. (Photo by Diego Puletto\/Getty Images)"},{"@type":"BreadcrumbList","@id":"https:\/\/127.0.0.1\/it\/cultura-dimpresa\/blog\/pubblicare-e-leggere-buoni-libri-per-una-ecologia-della-parola-che-rafforzi-i-valori-civili-e-le-ipotesi-di-miglior-futuro-per-i-giovani\/#breadcrumb","itemListElement":[{"@type":"ListItem","position":1,"name":"Home","item":"https:\/\/www.fondazionepirelli.org\/it\/"},{"@type":"ListItem","position":2,"name":"Pubblicare e leggere buoni libri, per una \u201cecologia della parola\u201d che rafforzi i valori civili e le ipotesi di miglior futuro per i giovani"}]},{"@type":"WebSite","@id":"https:\/\/www.fondazionepirelli.org\/it\/#website","url":"https:\/\/www.fondazionepirelli.org\/it\/","name":"Fondazione Pirelli","description":"","potentialAction":[{"@type":"SearchAction","target":{"@type":"EntryPoint","urlTemplate":"https:\/\/www.fondazionepirelli.org\/it\/?s={search_term_string}"},"query-input":{"@type":"PropertyValueSpecification","valueRequired":true,"valueName":"search_term_string"}}],"inLanguage":"it-IT"},{"@type":"Person","@id":"https:\/\/www.fondazionepirelli.org\/it\/#\/schema\/person\/f47d097000832c4a6e54538c791fdf25","name":"fondadmin","image":{"@type":"ImageObject","inLanguage":"it-IT","@id":"https:\/\/www.fondazionepirelli.org\/it\/#\/schema\/person\/image\/","url":"https:\/\/secure.gravatar.com\/avatar\/e69498a9175ca244966e51e53c88712c024fcebe41f9a05f75657f1bb25e489b?s=96&d=mm&r=g","contentUrl":"https:\/\/secure.gravatar.com\/avatar\/e69498a9175ca244966e51e53c88712c024fcebe41f9a05f75657f1bb25e489b?s=96&d=mm&r=g","caption":"fondadmin"},"url":"https:\/\/www.fondazionepirelli.org\/it\/author\/fondadmin\/"}]}},"_links":{"self":[{"href":"https:\/\/www.fondazionepirelli.org\/it\/wp-json\/wp\/v2\/posts\/104074\/"}],"collection":[{"href":"https:\/\/www.fondazionepirelli.org\/it\/wp-json\/wp\/v2\/posts\/"}],"about":[{"href":"https:\/\/www.fondazionepirelli.org\/it\/wp-json\/wp\/v2\/types\/post\/"}],"author":[{"embeddable":true,"href":"https:\/\/www.fondazionepirelli.org\/it\/wp-json\/wp\/v2\/users\/1\/"}],"replies":[{"embeddable":true,"href":"https:\/\/www.fondazionepirelli.org\/it\/wp-json\/wp\/v2\/comments\/?post=104074"}],"version-history":[{"count":1,"href":"https:\/\/www.fondazionepirelli.org\/it\/wp-json\/wp\/v2\/posts\/104074\/revisions\/"}],"predecessor-version":[{"id":104081,"href":"https:\/\/www.fondazionepirelli.org\/it\/wp-json\/wp\/v2\/posts\/104074\/revisions\/104081\/"}],"wp:featuredmedia":[{"embeddable":true,"href":"https:\/\/www.fondazionepirelli.org\/it\/wp-json\/wp\/v2\/media\/104076\/"}],"wp:attachment":[{"href":"https:\/\/www.fondazionepirelli.org\/it\/wp-json\/wp\/v2\/media\/?parent=104074"}],"wp:term":[{"taxonomy":"category","embeddable":true,"href":"https:\/\/www.fondazionepirelli.org\/it\/wp-json\/wp\/v2\/categories\/?post=104074"},{"taxonomy":"post_tag","embeddable":true,"href":"https:\/\/www.fondazionepirelli.org\/it\/wp-json\/wp\/v2\/tags\/?post=104074"}],"curies":[{"name":"wp","href":"https:\/\/api.w.org\/{rel}","templated":true}]}}