{"id":104103,"date":"2025-05-20T07:45:44","date_gmt":"2025-05-20T06:45:44","guid":{"rendered":"https:\/\/www.fondazionepirelli.org\/?p=104103"},"modified":"2025-05-20T07:45:44","modified_gmt":"2025-05-20T06:45:44","slug":"storia-esemplare-di-un-uomo-dimpresa","status":"publish","type":"post","link":"https:\/\/www.fondazionepirelli.org\/it\/cultura-dimpresa\/approfondimenti\/storia-esemplare-di-un-uomo-dimpresa\/","title":{"rendered":"Storia esemplare di un uomo d\u2019impresa"},"content":{"rendered":"<p><em>Da poco pubblicata una ricerca che mette in luce l\u2019importanza dei lavoratori intermedi nelle fabbriche e negli uffici<\/em><\/p>\n<p><strong>\u00a0<\/strong><\/p>\n<p>Operai oppure grandi imprenditori. Nella narrazione fatta da quasi tutta la letteratura storica d\u2019impresa, sembra siano queste le due categorie che occupano pi\u00f9 pagine in assoluto. Lo dice bene Andrea Negro \u2013 dottorando in studi storici, geografici e antropologici presso l\u2019Universit\u00e0 di Padova \u2013 in un bel saggio da poco pubblicato che cerca di analizzare la \u201cclasse di mezzo\u201d delle imprese.<\/p>\n<p>\u201c\u2018Il progresso tecnico non \u00e8 mai nato da sogni e favole\u2019. La storia di Mario Croce, dalla Societ\u00e0 per azioni ferriere e acciaierie di Udine (Safau) al mondo\u201d prende le mosse proprio da questa constatazione. Scrive l\u2019autore nelle primissime righe della sua ricerca: \u201cMessi in ombra da un lato dallo studio delle vicende imprenditoriali e dall&#8217;altro dalla storia del lavoro operaio, gli strati intermedi della fabbrica\u201d e cio\u00e8 ad esempio \u201ccapi, tecnici, ingegneri e progettisti, hanno trovato meno spazio nell&#8217;ambito degli studi storici\u201d. Non cos\u00ec, certo, \u00e8 accaduto e accade nella letteratura a tutto tondo che si \u00e8 occupata e si occupa di storie d\u2019azienda, ma \u2013 come si \u00e8 detto \u2013 in quella pi\u00f9 attenta agli aspetti storici il fenomeno \u00e8 rilevante. Ed \u00e8 a questa mancanza che Andrea Negro vuole rimediare.<\/p>\n<p>La ricerca intreccia la teoria con il racconto di una vita reale vissuta in fabbrica, quella di Mario Croce: tecnico della siderurgia, a partire dal 1947 tramite la Safau di Udine prima e la Danieli &amp; C. Croce ha dato un contributo determinante allo sviluppo della colata continua, importante innovazione nel panorama globale dell&#8217;acciaio, dirigendo l&#8217;installazione di quasi 110 impianti nel mondo. Ma \u00e8 stato, appunto, sempre una figura intermedia, importante e determinante ma pur sempre componente \u201ca met\u00e0\u201d negli organigrammi. Ed \u00e8, appunto, sulla storia di Mario Croce assunta a paradigma di una categoria di lavoratori, che Andrea Negro fonda la sua indagine. \u00c8 cos\u00ec che la cultura d\u2019impresa (industriale) che spesso viene attribuita, a seconda degli studi, alla classe imprenditoriale oppure a quella operaia, trova altri paladini che si dimostrano essenziali per la sua crescita e diffusione.<\/p>\n<p>\u00c8\u00a0da leggere e apprezzare lo studio di Negro \u2013 condotto tra l\u2019altro attraverso i documenti dell\u2019archivio privato di Mario Croce \u2013 anche perch\u00e9 dimostra, se ve ne fosse ancora bisogno, quanto la storia delle imprese debba sempre essere ricondotta a quella delle persone che le popolano.<\/p><p><strong>\u201cIl progresso tecnico non \u00e8 mai nato da sogni e favole\u201d. La storia di Mario Croce, dalla Societ\u00e0 per azioni ferriere e acciaierie di Udine (Safau) al mondo\u00a0<\/strong><\/p>\n<p>Andrea Negro<\/p>\n<p>SOCIET\u00c0 E STORIA, 2025\/187<\/p>\n","protected":false},"excerpt":{"rendered":"<p>Da poco pubblicata una ricerca che mette in luce l\u2019importanza dei lavoratori intermedi nelle fabbriche e negli uffici \u00a0 Operai oppure grandi imprenditori. Nella narrazione fatta da quasi tutta la letteratura storica d\u2019impresa, sembra siano queste le due categorie che occupano pi\u00f9 pagine in assoluto. Lo dice bene Andrea Negro \u2013 dottorando in studi storici, [&hellip;]<\/p>\n","protected":false},"author":1,"featured_media":0,"comment_status":"open","ping_status":"open","sticky":false,"template":"","format":"standard","meta":{"footnotes":""},"categories":[54,52],"tags":[],"class_list":["post-104103","post","type-post","status-publish","format-standard","hentry","category-approfondimenti","category-cultura-dimpresa"],"acf":[],"yoast_head":"<!-- This site is optimized with the Yoast SEO plugin v25.0 - https:\/\/yoast.com\/wordpress\/plugins\/seo\/ -->\n<title>Storia esemplare di un uomo d\u2019impresa - Fondazione Pirelli<\/title>\n<meta name=\"robots\" content=\"index, follow, max-snippet:-1, max-image-preview:large, max-video-preview:-1\" \/>\n<link rel=\"canonical\" href=\"https:\/\/www.fondazionepirelli.org\/it\/cultura-dimpresa\/approfondimenti\/storia-esemplare-di-un-uomo-dimpresa\/\" \/>\n<meta property=\"og:locale\" content=\"it_IT\" \/>\n<meta property=\"og:type\" content=\"article\" \/>\n<meta property=\"og:title\" content=\"Storia esemplare di un uomo d\u2019impresa - Fondazione Pirelli\" \/>\n<meta property=\"og:description\" content=\"Da poco pubblicata una ricerca che mette in luce l\u2019importanza dei lavoratori intermedi nelle fabbriche e negli uffici \u00a0 Operai oppure grandi imprenditori. Nella narrazione fatta da quasi tutta la letteratura storica d\u2019impresa, sembra siano queste le due categorie che occupano pi\u00f9 pagine in assoluto. Lo dice bene Andrea Negro \u2013 dottorando in studi storici, [&hellip;]\" \/>\n<meta property=\"og:url\" content=\"https:\/\/www.fondazionepirelli.org\/it\/cultura-dimpresa\/approfondimenti\/storia-esemplare-di-un-uomo-dimpresa\/\" \/>\n<meta property=\"og:site_name\" content=\"Fondazione Pirelli\" \/>\n<meta property=\"article:published_time\" content=\"2025-05-20T06:45:44+00:00\" \/>\n<meta name=\"author\" content=\"fondadmin\" \/>\n<meta name=\"twitter:card\" content=\"summary_large_image\" \/>\n<meta name=\"twitter:label1\" content=\"Scritto da\" \/>\n\t<meta name=\"twitter:data1\" content=\"fondadmin\" \/>\n\t<meta name=\"twitter:label2\" content=\"Tempo di lettura stimato\" \/>\n\t<meta name=\"twitter:data2\" content=\"3 minuti\" \/>\n<script type=\"application\/ld+json\" class=\"yoast-schema-graph\">{\"@context\":\"https:\/\/schema.org\",\"@graph\":[{\"@type\":\"WebPage\",\"@id\":\"https:\/\/www.fondazionepirelli.org\/it\/cultura-dimpresa\/approfondimenti\/storia-esemplare-di-un-uomo-dimpresa\/\",\"url\":\"https:\/\/www.fondazionepirelli.org\/it\/cultura-dimpresa\/approfondimenti\/storia-esemplare-di-un-uomo-dimpresa\/\",\"name\":\"Storia esemplare di un uomo d\u2019impresa - Fondazione Pirelli\",\"isPartOf\":{\"@id\":\"https:\/\/www.fondazionepirelli.org\/it\/#website\"},\"datePublished\":\"2025-05-20T06:45:44+00:00\",\"author\":{\"@id\":\"https:\/\/www.fondazionepirelli.org\/it\/#\/schema\/person\/f47d097000832c4a6e54538c791fdf25\"},\"breadcrumb\":{\"@id\":\"https:\/\/www.fondazionepirelli.org\/it\/cultura-dimpresa\/approfondimenti\/storia-esemplare-di-un-uomo-dimpresa\/#breadcrumb\"},\"inLanguage\":\"it-IT\",\"potentialAction\":[{\"@type\":\"ReadAction\",\"target\":[\"https:\/\/www.fondazionepirelli.org\/it\/cultura-dimpresa\/approfondimenti\/storia-esemplare-di-un-uomo-dimpresa\/\"]}]},{\"@type\":\"BreadcrumbList\",\"@id\":\"https:\/\/www.fondazionepirelli.org\/it\/cultura-dimpresa\/approfondimenti\/storia-esemplare-di-un-uomo-dimpresa\/#breadcrumb\",\"itemListElement\":[{\"@type\":\"ListItem\",\"position\":1,\"name\":\"Home\",\"item\":\"https:\/\/www.fondazionepirelli.org\/it\/\"},{\"@type\":\"ListItem\",\"position\":2,\"name\":\"Storia esemplare di un uomo d\u2019impresa\"}]},{\"@type\":\"WebSite\",\"@id\":\"https:\/\/www.fondazionepirelli.org\/it\/#website\",\"url\":\"https:\/\/www.fondazionepirelli.org\/it\/\",\"name\":\"Fondazione Pirelli\",\"description\":\"\",\"potentialAction\":[{\"@type\":\"SearchAction\",\"target\":{\"@type\":\"EntryPoint\",\"urlTemplate\":\"https:\/\/www.fondazionepirelli.org\/it\/?s={search_term_string}\"},\"query-input\":{\"@type\":\"PropertyValueSpecification\",\"valueRequired\":true,\"valueName\":\"search_term_string\"}}],\"inLanguage\":\"it-IT\"},{\"@type\":\"Person\",\"@id\":\"https:\/\/www.fondazionepirelli.org\/it\/#\/schema\/person\/f47d097000832c4a6e54538c791fdf25\",\"name\":\"fondadmin\",\"image\":{\"@type\":\"ImageObject\",\"inLanguage\":\"it-IT\",\"@id\":\"https:\/\/www.fondazionepirelli.org\/it\/#\/schema\/person\/image\/\",\"url\":\"https:\/\/secure.gravatar.com\/avatar\/e69498a9175ca244966e51e53c88712c024fcebe41f9a05f75657f1bb25e489b?s=96&d=mm&r=g\",\"contentUrl\":\"https:\/\/secure.gravatar.com\/avatar\/e69498a9175ca244966e51e53c88712c024fcebe41f9a05f75657f1bb25e489b?s=96&d=mm&r=g\",\"caption\":\"fondadmin\"},\"url\":\"https:\/\/www.fondazionepirelli.org\/it\/author\/fondadmin\/\"}]}<\/script>\n<!-- \/ Yoast SEO plugin. -->","yoast_head_json":{"title":"Storia esemplare di un uomo d\u2019impresa - Fondazione Pirelli","robots":{"index":"index","follow":"follow","max-snippet":"max-snippet:-1","max-image-preview":"max-image-preview:large","max-video-preview":"max-video-preview:-1"},"canonical":"https:\/\/www.fondazionepirelli.org\/it\/cultura-dimpresa\/approfondimenti\/storia-esemplare-di-un-uomo-dimpresa\/","og_locale":"it_IT","og_type":"article","og_title":"Storia esemplare di un uomo d\u2019impresa - Fondazione Pirelli","og_description":"Da poco pubblicata una ricerca che mette in luce l\u2019importanza dei lavoratori intermedi nelle fabbriche e negli uffici \u00a0 Operai oppure grandi imprenditori. Nella narrazione fatta da quasi tutta la letteratura storica d\u2019impresa, sembra siano queste le due categorie che occupano pi\u00f9 pagine in assoluto. Lo dice bene Andrea Negro \u2013 dottorando in studi storici, [&hellip;]","og_url":"https:\/\/www.fondazionepirelli.org\/it\/cultura-dimpresa\/approfondimenti\/storia-esemplare-di-un-uomo-dimpresa\/","og_site_name":"Fondazione Pirelli","article_published_time":"2025-05-20T06:45:44+00:00","author":"fondadmin","twitter_card":"summary_large_image","twitter_misc":{"Scritto da":"fondadmin","Tempo di lettura stimato":"3 minuti"},"schema":{"@context":"https:\/\/schema.org","@graph":[{"@type":"WebPage","@id":"https:\/\/www.fondazionepirelli.org\/it\/cultura-dimpresa\/approfondimenti\/storia-esemplare-di-un-uomo-dimpresa\/","url":"https:\/\/www.fondazionepirelli.org\/it\/cultura-dimpresa\/approfondimenti\/storia-esemplare-di-un-uomo-dimpresa\/","name":"Storia esemplare di un uomo d\u2019impresa - Fondazione Pirelli","isPartOf":{"@id":"https:\/\/www.fondazionepirelli.org\/it\/#website"},"datePublished":"2025-05-20T06:45:44+00:00","author":{"@id":"https:\/\/www.fondazionepirelli.org\/it\/#\/schema\/person\/f47d097000832c4a6e54538c791fdf25"},"breadcrumb":{"@id":"https:\/\/www.fondazionepirelli.org\/it\/cultura-dimpresa\/approfondimenti\/storia-esemplare-di-un-uomo-dimpresa\/#breadcrumb"},"inLanguage":"it-IT","potentialAction":[{"@type":"ReadAction","target":["https:\/\/www.fondazionepirelli.org\/it\/cultura-dimpresa\/approfondimenti\/storia-esemplare-di-un-uomo-dimpresa\/"]}]},{"@type":"BreadcrumbList","@id":"https:\/\/www.fondazionepirelli.org\/it\/cultura-dimpresa\/approfondimenti\/storia-esemplare-di-un-uomo-dimpresa\/#breadcrumb","itemListElement":[{"@type":"ListItem","position":1,"name":"Home","item":"https:\/\/www.fondazionepirelli.org\/it\/"},{"@type":"ListItem","position":2,"name":"Storia esemplare di un uomo d\u2019impresa"}]},{"@type":"WebSite","@id":"https:\/\/www.fondazionepirelli.org\/it\/#website","url":"https:\/\/www.fondazionepirelli.org\/it\/","name":"Fondazione Pirelli","description":"","potentialAction":[{"@type":"SearchAction","target":{"@type":"EntryPoint","urlTemplate":"https:\/\/www.fondazionepirelli.org\/it\/?s={search_term_string}"},"query-input":{"@type":"PropertyValueSpecification","valueRequired":true,"valueName":"search_term_string"}}],"inLanguage":"it-IT"},{"@type":"Person","@id":"https:\/\/www.fondazionepirelli.org\/it\/#\/schema\/person\/f47d097000832c4a6e54538c791fdf25","name":"fondadmin","image":{"@type":"ImageObject","inLanguage":"it-IT","@id":"https:\/\/www.fondazionepirelli.org\/it\/#\/schema\/person\/image\/","url":"https:\/\/secure.gravatar.com\/avatar\/e69498a9175ca244966e51e53c88712c024fcebe41f9a05f75657f1bb25e489b?s=96&d=mm&r=g","contentUrl":"https:\/\/secure.gravatar.com\/avatar\/e69498a9175ca244966e51e53c88712c024fcebe41f9a05f75657f1bb25e489b?s=96&d=mm&r=g","caption":"fondadmin"},"url":"https:\/\/www.fondazionepirelli.org\/it\/author\/fondadmin\/"}]}},"_links":{"self":[{"href":"https:\/\/www.fondazionepirelli.org\/it\/wp-json\/wp\/v2\/posts\/104103\/"}],"collection":[{"href":"https:\/\/www.fondazionepirelli.org\/it\/wp-json\/wp\/v2\/posts\/"}],"about":[{"href":"https:\/\/www.fondazionepirelli.org\/it\/wp-json\/wp\/v2\/types\/post\/"}],"author":[{"embeddable":true,"href":"https:\/\/www.fondazionepirelli.org\/it\/wp-json\/wp\/v2\/users\/1\/"}],"replies":[{"embeddable":true,"href":"https:\/\/www.fondazionepirelli.org\/it\/wp-json\/wp\/v2\/comments\/?post=104103"}],"version-history":[{"count":1,"href":"https:\/\/www.fondazionepirelli.org\/it\/wp-json\/wp\/v2\/posts\/104103\/revisions\/"}],"predecessor-version":[{"id":104104,"href":"https:\/\/www.fondazionepirelli.org\/it\/wp-json\/wp\/v2\/posts\/104103\/revisions\/104104\/"}],"wp:attachment":[{"href":"https:\/\/www.fondazionepirelli.org\/it\/wp-json\/wp\/v2\/media\/?parent=104103"}],"wp:term":[{"taxonomy":"category","embeddable":true,"href":"https:\/\/www.fondazionepirelli.org\/it\/wp-json\/wp\/v2\/categories\/?post=104103"},{"taxonomy":"post_tag","embeddable":true,"href":"https:\/\/www.fondazionepirelli.org\/it\/wp-json\/wp\/v2\/tags\/?post=104103"}],"curies":[{"name":"wp","href":"https:\/\/api.w.org\/{rel}","templated":true}]}}